{"id":17261,"date":"2016-07-18T17:45:49","date_gmt":"2016-07-18T22:45:49","guid":{"rendered":"http:\/\/www.grieta.org.mx\/?p=17261"},"modified":"2016-07-19T17:50:05","modified_gmt":"2016-07-19T22:50:05","slug":"planton-en-el-angel-de-la-independencia-por-nuevo-aeropuerto","status":"publish","type":"post","link":"https:\/\/www.grieta.org.mx\/index.php\/2016\/07\/18\/planton-en-el-angel-de-la-independencia-por-nuevo-aeropuerto\/","title":{"rendered":"Plant\u00f3n en el \u00c1ngel de la Independencia por Nuevo Aeropuerto"},"content":{"rendered":"<p>Jazmin Jardon<\/p>\n<p>Propietarios de terrenos en Tlateles, Chimalhuac\u00e1n, protestaron con un plant\u00f3n en el \u00c1ngel de la Independencia por su inconformidad debido al despojo de tierras en la zona donde se llevar\u00e1 a cabo la construcci\u00f3n del nuevo aeropuerto y exigieron una respuesta del Gobierno Federal conjunta con una oferta de indemnizaci\u00f3n para los afectados.<\/p>\n<p><img loading=\"lazy\" decoding=\"async\" class=\"alignnone\" src=\"http:\/\/www.elasertivo.com\/wp-content\/uploads\/2016\/07\/plnt%C3%B3n-en-el-Angel-nuevo-aeropuerto.jpg\" width=\"752\" height=\"564\" \/><\/p>\n<p>Marco Antonio Ortiz Salas, Secretario General de la Coalici\u00f3n de Organizaciones Dem\u00f3cratas, Urbanas y Campesinas (CODUC), solicit\u00f3 detener dicha acci\u00f3n el que son afectadas aproximadamente 400 propietarios de la zona.<\/p>\n<p>As\u00ed mismo, Ortiz Salas pidi\u00f3 una mesa de negociaci\u00f3n con el Secretario de Gobernaci\u00f3n Miguel \u00c1ngel Osorio Chong para llegar a una negociaci\u00f3n.<\/p>\n<p>Se\u00f1al\u00f3 que luego de la marcha del pr\u00f3ximo 8 de agosto por parte del Frente Aut\u00e9ntico del Campo donde participar\u00e1n m\u00e1s de 120 mil campesinos se integrar\u00e1n los comit\u00e9s de defensa por la tierra para exigir la derogaci\u00f3n de la Reforma Energ\u00e9tica pues lo \u00fanico que ha propiciado es el despojo de tierras ejidales y comunales para la extracci\u00f3n de hidrocarburos y afectaci\u00f3n del medio ambiente.<\/p>\n<p>\u201cHay muchos lugares por donde hicieron pozos petroleros o l\u00edneas de transmisi\u00f3n de la Comisi\u00f3n Federal de Electricidad y a los due\u00f1os de las tierras no se les ha pagado un solo peso, han construido carreteras, han abierto pozos petroleros y hasta la fecha es un asunto de reclamo\u201d, precis\u00f3 el dirigente de la CODUC.<\/p>\n<p>Entrevistado en el \u00c1ngel de la Independencia, Marco Antonio Ortiz afirm\u00f3 que otro tema grave es el asunto del nuevo aeropuerto pues es la obra insignia del Gobierno de la Rep\u00fablica donde se ha hablado que es la obra con la que pasar\u00e1 el Presidente Enrique Pe\u00f1a Nieto a la \u201ceternidad para que sea recordado\u201d, pero habr\u00eda que decir que ser\u00e1 recordado por encabezar un Gobierno que despoj\u00f3 a los leg\u00edtimos propietarios para construir una obra y es el Estado el principal responsable de respetar la legalidad.<\/p>\n<p><img loading=\"lazy\" decoding=\"async\" class=\"alignnone\" src=\"http:\/\/www.elasertivo.com\/wp-content\/uploads\/2016\/07\/plnt%C3%B3n-en-el-Angel-nuevo-aeropuerto-1-300x225.jpg\" width=\"300\" height=\"225\" \/><\/p>\n<p>Adem\u00e1s, dijo el dirigente que esta obra del nuevo aeropuerto se ha pagado con recursos del Fonden, programa que nada tiene que ver con indemnizaciones a ejidatarios ni peque\u00f1os propietarios son recursos etiquetados por la C\u00e1mara de Diputados para pagar desastres naturales.<\/p>\n<p>Por su parte, Tom\u00e1s Cruz Mart\u00ednez, asesor legal de los afectados, inform\u00f3 que a pesar de que existen t\u00edtulos, escrituras que dan en propiedad alrededor de 400 hect\u00e1reas, son las que reclaman m\u00e1s de 500 pobladores de la zona afectada conocida como Tlateles en Chimalhuac\u00e1n.<\/p>\n<p>Inform\u00f3 que se han promovido amparos ante juzgado federales y se denunci\u00f3 ante la Procuradur\u00eda General de la Rep\u00fablica el despojo de que son objeto los leg\u00edtimos propietarios.<\/p>\n<p>Hizo un reclamo a la Comisi\u00f3n Nacional de Derechos Humanos para que intervenga en este conflicto, pues los posesionarios pueden ser, una vez m\u00e1s, desalojados, por el ej\u00e9rcito como ya sucedi\u00f3 hace un a\u00f1o.<\/p>\n<p>En tanto Juan Loreto Gonz\u00e1lez, representante de la Uni\u00f3n de Tlateles del municipio de Chimalhuac\u00e1n dijo que el conflicto lleva dos a\u00f1os donde se han interpuesto 22 amparos, 22 nulidades para anular el convenio que forzaron a firmar a algunos pobladores.<\/p>\n<p><img loading=\"lazy\" decoding=\"async\" class=\"alignnone\" src=\"http:\/\/www.elasertivo.com\/wp-content\/uploads\/2016\/07\/plnt%C3%B3n-en-el-Angel-nuevo-aeropuerto-2.jpg\" width=\"748\" height=\"561\" \/><\/p>\n<p>Solicitan que la PGR inspeccione los da\u00f1os que ha causado la construcci\u00f3n del nuevo aeropuerto ya que dejaron de cultivar los Romeros y el Tequesquite.<\/p>\n<p>Mencion\u00f3 que son cerca de mil propietarios los afectados y los que est\u00e1n dispuestos a permanecer en plat\u00f3n en el \u00c1ngel de la Independencia hasta que el Secretario de Gobernaci\u00f3n, Miguel \u00c1ngel Osorio Chong atienda e instale la mesa de negociaci\u00f3n para solucionar el conflicto.<\/p>\n<p><a href=\"http:\/\/www.elasertivo.com\/cdmx\/planton-en-el-angel-de-la-independencia-por-nuevo-aeropuerto\/\" target=\"_blank\">http:\/\/www.elasertivo.com\/cdmx\/planton-en-el-angel-de-la-independencia-por-nuevo-aeropuerto\/<\/a><\/p>\n","protected":false},"excerpt":{"rendered":"<p>Jazmin Jardon Propietarios de terrenos en Tlateles, Chimalhuac\u00e1n, protestaron con un plant\u00f3n en el \u00c1ngel de la Independencia por su inconformidad debido al despojo de tierras en la zona donde &hellip; <a href=\"https:\/\/www.grieta.org.mx\/index.php\/2016\/07\/18\/planton-en-el-angel-de-la-independencia-por-nuevo-aeropuerto\/\" class=\"more-link\">Leer m\u00e1s<\/a><\/p>\n","protected":false},"author":2,"featured_media":21928,"comment_status":"closed","ping_status":"closed","sticky":false,"template":"","format":"standard","meta":{"ngg_post_thumbnail":0,"_jetpack_newsletter_access":"","_jetpack_dont_email_post_to_subs":false,"_jetpack_newsletter_tier_id":0,"_jetpack_memberships_contains_paywalled_content":false,"_jetpack_memberships_contains_paid_content":false,"footnotes":""},"categories":[80],"tags":[143,97,92],"class_list":["post-17261","post","type-post","status-publish","format-standard","has-post-thumbnail","hentry","category-cintillo","tag-aeropuerto-de-la-ciudad-de-mexico","tag-comunicaciones-y-transportes","tag-estado-de-mexico","entry"],"jetpack_featured_media_url":"https:\/\/www.grieta.org.mx\/wp-content\/uploads\/2018\/03\/14524434_1106112876131411_958039263622046936_o.jpg","jetpack_sharing_enabled":true,"jetpack_shortlink":"https:\/\/wp.me\/p7ZJR4-4up","jetpack_likes_enabled":false,"jetpack-related-posts":[{"id":1053,"url":"https:\/\/www.grieta.org.mx\/index.php\/2016\/08\/22\/despojo-de-tierra-por-nuevo-aeropuerto-en-el-edomex\/","url_meta":{"origin":17261,"position":0},"title":"Despojo de tierra por nuevo aeropuerto en el Edomex","author":"grieta","date":"22 agosto, 2016","format":false,"excerpt":"22\/08\/16. Exigen destituir al comisariado de Tocuila por desalojo contra FPDTRegeneraci\u00f3n 19\/08\/16. Grupo de choque desmantela plant\u00f3n de ejidatarios del FPDT en TocuilaReporteros en Movimiento 19\/08\/16. Golpeadores agreden a pedradas a reporteros en la zona del conflicto en el ejido de TocuilaReporteros en Movimiento 19\/08\/16. Agreden golpeadores a ejidatarios en\u2026","rel":"","context":"En &quot;Estado de M\u00e9xico&quot;","block_context":{"text":"Estado de M\u00e9xico","link":"https:\/\/www.grieta.org.mx\/index.php\/category\/noticias-nacionales\/estado-de-mexico\/"},"img":{"alt_text":"","src":"https:\/\/i0.wp.com\/www.grieta.org.mx\/wp-content\/uploads\/2018\/03\/14524434_1106112876131411_958039263622046936_o.jpg?resize=350%2C200&ssl=1","width":350,"height":200,"srcset":"https:\/\/i0.wp.com\/www.grieta.org.mx\/wp-content\/uploads\/2018\/03\/14524434_1106112876131411_958039263622046936_o.jpg?resize=350%2C200&ssl=1 1x, https:\/\/i0.wp.com\/www.grieta.org.mx\/wp-content\/uploads\/2018\/03\/14524434_1106112876131411_958039263622046936_o.jpg?resize=525%2C300&ssl=1 1.5x, https:\/\/i0.wp.com\/www.grieta.org.mx\/wp-content\/uploads\/2018\/03\/14524434_1106112876131411_958039263622046936_o.jpg?resize=700%2C400&ssl=1 2x"},"classes":[]},{"id":1034,"url":"https:\/\/www.grieta.org.mx\/index.php\/2015\/03\/25\/cndh-pierdeexpedientes-de-afectados-de-chimalhuacan-por-el-nuevo-aeropuerto\/","url_meta":{"origin":17261,"position":1},"title":"CNDH \u201cpierde\u201dexpedientes de afectados de Chimalhuac\u00e1n por el nuevo aeropuerto","author":"grieta","date":"25 marzo, 2015","format":false,"excerpt":"CHIMALHUAC\u00c1N, Edomex.- En un hecho de negligencia, la Comisi\u00f3n Nacional de los Derechos Humanos (CNDH) \u201cextravi\u00f3\u201d el expediente 8744 que conten\u00eda las quejas de peque\u00f1os propietarios de Chimalhuacan que fueron despojados de 500 hect\u00e1reas las cuales ser\u00e1n usadas para los proyectos hidr\u00e1ulicos alternos al nuevo Aeropuerto Internacional de la Ciudad\u2026","rel":"","context":"En &quot;CINTILLO&quot;","block_context":{"text":"CINTILLO","link":"https:\/\/www.grieta.org.mx\/index.php\/category\/cintillo\/"},"img":{"alt_text":"","src":"https:\/\/i0.wp.com\/www.grieta.org.mx\/wp-content\/uploads\/2018\/03\/14524434_1106112876131411_958039263622046936_o.jpg?resize=350%2C200&ssl=1","width":350,"height":200,"srcset":"https:\/\/i0.wp.com\/www.grieta.org.mx\/wp-content\/uploads\/2018\/03\/14524434_1106112876131411_958039263622046936_o.jpg?resize=350%2C200&ssl=1 1x, https:\/\/i0.wp.com\/www.grieta.org.mx\/wp-content\/uploads\/2018\/03\/14524434_1106112876131411_958039263622046936_o.jpg?resize=525%2C300&ssl=1 1.5x, https:\/\/i0.wp.com\/www.grieta.org.mx\/wp-content\/uploads\/2018\/03\/14524434_1106112876131411_958039263622046936_o.jpg?resize=700%2C400&ssl=1 2x"},"classes":[]},{"id":26043,"url":"https:\/\/www.grieta.org.mx\/index.php\/2018\/08\/23\/el-gobierno-federal-oculto-que-estaba-drenando-el-lago-junto-al-naim-luege-marchan-en-cdmx\/","url_meta":{"origin":17261,"position":2},"title":"El Gobierno federal ocult\u00f3 que estaba drenando el lago junto al NAIM: Luege; marchan en CdMx","author":"grieta","date":"23 agosto, 2018","format":false,"excerpt":"Por Redacci\u00f3n\/Sin Embargo \u201cLas consecuencias ambientales de desaparecer el Lago Nabor Carrillo como cuerpo de agua permanente, h\u00e1bitat de un n\u00famero muy importante de aves tanto locales como migratorias y su condici\u00f3n favorecedora de un microclima ben\u00e9fico en toda la zona oriente, no fueron evaluadas en la Manifestaci\u00f3n de Impacto\u2026","rel":"","context":"En &quot;CINTILLO&quot;","block_context":{"text":"CINTILLO","link":"https:\/\/www.grieta.org.mx\/index.php\/category\/cintillo\/"},"img":{"alt_text":"","src":"https:\/\/i0.wp.com\/www.grieta.org.mx\/wp-content\/uploads\/2018\/09\/lago-de-texcoco-1100-2.jpg?resize=350%2C200&ssl=1","width":350,"height":200,"srcset":"https:\/\/i0.wp.com\/www.grieta.org.mx\/wp-content\/uploads\/2018\/09\/lago-de-texcoco-1100-2.jpg?resize=350%2C200&ssl=1 1x, https:\/\/i0.wp.com\/www.grieta.org.mx\/wp-content\/uploads\/2018\/09\/lago-de-texcoco-1100-2.jpg?resize=525%2C300&ssl=1 1.5x, https:\/\/i0.wp.com\/www.grieta.org.mx\/wp-content\/uploads\/2018\/09\/lago-de-texcoco-1100-2.jpg?resize=700%2C400&ssl=1 2x, https:\/\/i0.wp.com\/www.grieta.org.mx\/wp-content\/uploads\/2018\/09\/lago-de-texcoco-1100-2.jpg?resize=1050%2C600&ssl=1 3x"},"classes":[]},{"id":22288,"url":"https:\/\/www.grieta.org.mx\/index.php\/2016\/02\/04\/nuevo-aeropuerto-ocasionara-graves-danos-ambientales-alertan-ong\/","url_meta":{"origin":17261,"position":3},"title":"Nuevo aeropuerto ocasionar\u00e1 graves da\u00f1os ambientales, alertan ONG","author":"grieta","date":"4 febrero, 2016","format":false,"excerpt":"MATHIEU TOURLIERE CIUDAD DE M\u00c9XICO (apro).- El Nuevo Aeropuerto Internacional de la Ciudad de M\u00e9xico (NAICM) es un proyecto \u201cabsurdo\u201d que conllevar\u00e1 importantes da\u00f1os ambientales y afectar\u00e1 a las comunidades aleda\u00f1as, aunado a la sobreexplotaci\u00f3n hidrol\u00f3gica que sufre la zona oriente del \u00e1rea metropolitana. As\u00ed lo plantearon este jueves las\u2026","rel":"","context":"En &quot;Conflictos por la construcci\u00f3n del Nuevo Aeropuerto Internacional de la Ciudad de M\u00e9xico (NAICM)&quot;","block_context":{"text":"Conflictos por la construcci\u00f3n del Nuevo Aeropuerto Internacional de la Ciudad de M\u00e9xico (NAICM)","link":"https:\/\/www.grieta.org.mx\/index.php\/category\/noticias-nacionales\/estado-de-mexico\/conflictos-por-la-construccion-del-nuevo-aeropuerto-internacional-de-la-ciudad-de-mexico-naicm\/"},"img":{"alt_text":"","src":"https:\/\/i0.wp.com\/www.grieta.org.mx\/wp-content\/uploads\/2018\/03\/terr2.jpg?resize=350%2C200&ssl=1","width":350,"height":200,"srcset":"https:\/\/i0.wp.com\/www.grieta.org.mx\/wp-content\/uploads\/2018\/03\/terr2.jpg?resize=350%2C200&ssl=1 1x, https:\/\/i0.wp.com\/www.grieta.org.mx\/wp-content\/uploads\/2018\/03\/terr2.jpg?resize=525%2C300&ssl=1 1.5x, https:\/\/i0.wp.com\/www.grieta.org.mx\/wp-content\/uploads\/2018\/03\/terr2.jpg?resize=700%2C400&ssl=1 2x, https:\/\/i0.wp.com\/www.grieta.org.mx\/wp-content\/uploads\/2018\/03\/terr2.jpg?resize=1050%2C600&ssl=1 3x"},"classes":[]},{"id":20045,"url":"https:\/\/www.grieta.org.mx\/index.php\/2016\/08\/19\/agreden-golpeadores-a-ejidatarios-en-planton-contra-el-naicm-video\/","url_meta":{"origin":17261,"position":4},"title":"Agreden golpeadores a ejidatarios en plant\u00f3n contra el NAICM (video)","author":"grieta","date":"19 agosto, 2016","format":false,"excerpt":"","rel":"","context":"En &quot;CINTILLO&quot;","block_context":{"text":"CINTILLO","link":"https:\/\/www.grieta.org.mx\/index.php\/category\/cintillo\/"},"img":{"alt_text":"","src":"https:\/\/i0.wp.com\/www.grieta.org.mx\/wp-content\/uploads\/2018\/03\/14524434_1106112876131411_958039263622046936_o.jpg?resize=350%2C200&ssl=1","width":350,"height":200,"srcset":"https:\/\/i0.wp.com\/www.grieta.org.mx\/wp-content\/uploads\/2018\/03\/14524434_1106112876131411_958039263622046936_o.jpg?resize=350%2C200&ssl=1 1x, https:\/\/i0.wp.com\/www.grieta.org.mx\/wp-content\/uploads\/2018\/03\/14524434_1106112876131411_958039263622046936_o.jpg?resize=525%2C300&ssl=1 1.5x, https:\/\/i0.wp.com\/www.grieta.org.mx\/wp-content\/uploads\/2018\/03\/14524434_1106112876131411_958039263622046936_o.jpg?resize=700%2C400&ssl=1 2x"},"classes":[]},{"id":1011,"url":"https:\/\/www.grieta.org.mx\/index.php\/2015\/09\/04\/desalojan-predios-por-autopista-que-llegara-al-nuevo-aeropuerto\/","url_meta":{"origin":17261,"position":5},"title":"Desalojan predios por autopista que llegar\u00e1 al nuevo Aeropuerto","author":"grieta","date":"4 septiembre, 2015","format":false,"excerpt":"Javier Salinas Ces\u00e1reo Tezoyuca, Edomex. Unos 400 elementos de la Polic\u00eda Federal y de la Comisi\u00f3n de Seguridad Ciudadana Estatal (CSCE) llevaron a cabo el desalojo de tres predios de mas de 8 mil metros cuadrados que el pasado 21 agosto fueron expropiados por el gobierno federal para las obras\u2026","rel":"","context":"En &quot;CINTILLO&quot;","block_context":{"text":"CINTILLO","link":"https:\/\/www.grieta.org.mx\/index.php\/category\/cintillo\/"},"img":{"alt_text":"","src":"https:\/\/i0.wp.com\/www.grieta.org.mx\/wp-content\/uploads\/2018\/03\/14524434_1106112876131411_958039263622046936_o.jpg?resize=350%2C200&ssl=1","width":350,"height":200,"srcset":"https:\/\/i0.wp.com\/www.grieta.org.mx\/wp-content\/uploads\/2018\/03\/14524434_1106112876131411_958039263622046936_o.jpg?resize=350%2C200&ssl=1 1x, https:\/\/i0.wp.com\/www.grieta.org.mx\/wp-content\/uploads\/2018\/03\/14524434_1106112876131411_958039263622046936_o.jpg?resize=525%2C300&ssl=1 1.5x, https:\/\/i0.wp.com\/www.grieta.org.mx\/wp-content\/uploads\/2018\/03\/14524434_1106112876131411_958039263622046936_o.jpg?resize=700%2C400&ssl=1 2x"},"classes":[]}],"_links":{"self":[{"href":"https:\/\/www.grieta.org.mx\/index.php\/wp-json\/wp\/v2\/posts\/17261","targetHints":{"allow":["GET"]}}],"collection":[{"href":"https:\/\/www.grieta.org.mx\/index.php\/wp-json\/wp\/v2\/posts"}],"about":[{"href":"https:\/\/www.grieta.org.mx\/index.php\/wp-json\/wp\/v2\/types\/post"}],"author":[{"embeddable":true,"href":"https:\/\/www.grieta.org.mx\/index.php\/wp-json\/wp\/v2\/users\/2"}],"replies":[{"embeddable":true,"href":"https:\/\/www.grieta.org.mx\/index.php\/wp-json\/wp\/v2\/comments?post=17261"}],"version-history":[{"count":1,"href":"https:\/\/www.grieta.org.mx\/index.php\/wp-json\/wp\/v2\/posts\/17261\/revisions"}],"predecessor-version":[{"id":17266,"href":"https:\/\/www.grieta.org.mx\/index.php\/wp-json\/wp\/v2\/posts\/17261\/revisions\/17266"}],"wp:featuredmedia":[{"embeddable":true,"href":"https:\/\/www.grieta.org.mx\/index.php\/wp-json\/wp\/v2\/media\/21928"}],"wp:attachment":[{"href":"https:\/\/www.grieta.org.mx\/index.php\/wp-json\/wp\/v2\/media?parent=17261"}],"wp:term":[{"taxonomy":"category","embeddable":true,"href":"https:\/\/www.grieta.org.mx\/index.php\/wp-json\/wp\/v2\/categories?post=17261"},{"taxonomy":"post_tag","embeddable":true,"href":"https:\/\/www.grieta.org.mx\/index.php\/wp-json\/wp\/v2\/tags?post=17261"}],"curies":[{"name":"wp","href":"https:\/\/api.w.org\/{rel}","templated":true}]}}