{"id":17260,"date":"2016-07-18T17:38:58","date_gmt":"2016-07-18T22:38:58","guid":{"rendered":"http:\/\/www.grieta.org.mx\/?p=17260"},"modified":"2016-07-19T17:55:21","modified_gmt":"2016-07-19T22:55:21","slug":"miguel-valadez-reconoce-preocupacion-por-feminicidios-en-guanajuato","status":"publish","type":"post","link":"https:\/\/www.grieta.org.mx\/index.php\/2016\/07\/18\/miguel-valadez-reconoce-preocupacion-por-feminicidios-en-guanajuato\/","title":{"rendered":"Miguel Valadez reconoce preocupaci\u00f3n por feminicidios en Guanajuato"},"content":{"rendered":"<p> POR: CARMEN PIZANO <\/p>\n<p>Miguel Valadez reconoce preocupaci\u00f3n por feminicidios en Guanajuato<\/p>\n<p>El presidente del Poder Judicial asegur\u00f3 que en todos los casos que se han presentado ante un juez de control se ha vinculado a proceso a los presuntos responsables<\/p>\n<p>18 JULIO, 2016 POR: CARMEN PIZANO DEJAR UN COMENTARIO<\/p>\n<p>Miguel Valadez Reyes. Fotograf\u00eca Alfonso Ochoa.<br \/>\nMiguel Valadez Reyes. Fotograf\u00eca Alfonso Ochoa.<\/p>\n<p>Guanajuato, Gto. El presidente del Supremo Tribunal de Justicia del Estado y del Consejo del Poder Judicial, Miguel Valadez Reyes, reconoci\u00f3 que el n\u00famero de feminicidios que se registran en Guanajuato es \u201cpreocupante\u201d.<\/p>\n<p>Sin embargo, asegur\u00f3 que en todos los casos que llegan ante un juez de control, los presuntos responsables han quedado vinculados a proceso para que enfrenten el delito que se les atribuye.<\/p>\n<p>Miguel Valadez reconoci\u00f3 que las carpetas de investigaci\u00f3n que presenta la Procuradur\u00eda de Justicia del Estado han estado bien estructuradas, por lo que los jueces de control que llevan los asuntos s\u00ed quedan vinculados a proceso.<\/p>\n<p>\u201cSabemos que es preocupante, sabemos que s\u00ed los hay. Los que nos llegan a nosotros nos revelan un n\u00famero de los judicializados, es decir, de los que han sido esclarecidos y que consecuentemente tenemos un inculpado, si se dan los elementos giramos la orden de aprensi\u00f3n, se detienen a los inculpados. De los judicializados, en todos se ha dictado vinculaci\u00f3n a proceso, las carpetas que nos llegan est\u00e1n estructuradas de tal manera que nos dan los elementos para dictar la vinculaci\u00f3n a proceso\u201d.<\/p>\n<p>En Guanajuato la mayor\u00eda de los casos que han sido judicializados por feminicidio se trata de presuntos responsables varones, solamente hay una mujer que est\u00e1 vinculada a proceso por el delito.<\/p>\n<p>Valadez coment\u00f3 que se trata de la joven que fue se\u00f1alada como presunta responsable de la muerte de Gabriela Andrade R\u00edos, cuyo cuerpo fue localizado en las inmediaciones de plaza pozuelos en la capital del estado.<\/p>\n<p>Record\u00f3 que se le otorg\u00f3 a la Procuradur\u00eda de Justicia del Estado tres meses para que terminara de integrar la investigaci\u00f3n en el caso de Gabriela.<\/p>\n<p>El \u00faltimo caso registrado en Guanajuato de feminicidio es el de Alejandra Varela Espinosa, pero hasta el momento se desconoce si ya hay detenido por el caso.<br \/>\n<a href=\"http:\/\/zonafranca.mx\/miguel-valadez-reconoce-preocupacion-por-feminicidios-en-guanajuato\/\" target=\"_blank\">http:\/\/zonafranca.mx\/miguel-valadez-reconoce-preocupacion-por-feminicidios-en-guanajuato\/<\/a><\/p>\n","protected":false},"excerpt":{"rendered":"<p>POR: CARMEN PIZANO Miguel Valadez reconoce preocupaci\u00f3n por feminicidios en Guanajuato El presidente del Poder Judicial asegur\u00f3 que en todos los casos que se han presentado ante un juez de &hellip; <a href=\"https:\/\/www.grieta.org.mx\/index.php\/2016\/07\/18\/miguel-valadez-reconoce-preocupacion-por-feminicidios-en-guanajuato\/\" class=\"more-link\">Leer m\u00e1s<\/a><\/p>\n","protected":false},"author":2,"featured_media":21928,"comment_status":"closed","ping_status":"closed","sticky":false,"template":"","format":"standard","meta":{"ngg_post_thumbnail":0,"_jetpack_newsletter_access":"","_jetpack_dont_email_post_to_subs":false,"_jetpack_newsletter_tier_id":0,"_jetpack_memberships_contains_paywalled_content":false,"_jetpack_memberships_contains_paid_content":false,"footnotes":""},"categories":[80,471],"tags":[327],"class_list":["post-17260","post","type-post","status-publish","format-standard","has-post-thumbnail","hentry","category-cintillo","category-guanajuato","tag-femicidios","entry"],"jetpack_featured_media_url":"https:\/\/www.grieta.org.mx\/wp-content\/uploads\/2018\/03\/14524434_1106112876131411_958039263622046936_o.jpg","jetpack_sharing_enabled":true,"jetpack_shortlink":"https:\/\/wp.me\/p7ZJR4-4uo","jetpack_likes_enabled":false,"jetpack-related-posts":[{"id":42122,"url":"https:\/\/www.grieta.org.mx\/index.php\/2019\/12\/11\/se-niegan-autoridades-a-firmar-convenio-guanajuato\/","url_meta":{"origin":17260,"position":0},"title":"Se niegan autoridades a firmar convenio (Guanajuato)","author":"grieta","date":"11 diciembre, 2019","format":false,"excerpt":"Alumnos de la Universidad de Guanajuato dan plazo hasta las 2:40 horas del jueves para que el rector del campus Le\u00f3n, el director de las prepas y el alcalde se comprometan a cumplir las exigencias de la Asamblea estudiantil Foto: Edgar Camacho | El Sol de Le\u00f3n Luis Hern\u00e1ndez |\u2026","rel":"","context":"En &quot;CINTILLO&quot;","block_context":{"text":"CINTILLO","link":"https:\/\/www.grieta.org.mx\/index.php\/category\/cintillo\/"},"img":{"alt_text":"","src":"https:\/\/i0.wp.com\/www.grieta.org.mx\/wp-content\/uploads\/2019\/12\/EDY_0890_6.jpg?resize=350%2C200&ssl=1","width":350,"height":200,"srcset":"https:\/\/i0.wp.com\/www.grieta.org.mx\/wp-content\/uploads\/2019\/12\/EDY_0890_6.jpg?resize=350%2C200&ssl=1 1x, https:\/\/i0.wp.com\/www.grieta.org.mx\/wp-content\/uploads\/2019\/12\/EDY_0890_6.jpg?resize=525%2C300&ssl=1 1.5x, https:\/\/i0.wp.com\/www.grieta.org.mx\/wp-content\/uploads\/2019\/12\/EDY_0890_6.jpg?resize=700%2C400&ssl=1 2x"},"classes":[]},{"id":29077,"url":"https:\/\/www.grieta.org.mx\/index.php\/2019\/02\/13\/aumentan-asesinatos-de-mujeres-en-guanajuato-pocos-son-considerados-como-feminicidios\/","url_meta":{"origin":17260,"position":1},"title":"Aumentan asesinatos de mujeres en Guanajuato; pocos son considerados como feminicidios","author":"grieta","date":"13 febrero, 2019","format":false,"excerpt":"Carmen Mart\u00ednez\/ Zona Franca, 13 de Febrero de 2019 Le\u00f3n, Gto. Guanajuato es la entidad en la que se cometieron m\u00e1s homicidios dolosos de mujeres en el 2018, reportando un total de 305 casos, seg\u00fan datos del Secretariado Ejecutivo del Sistema Nacional de Seguridad P\u00fablica. Esta cifra contrasta con los\u2026","rel":"","context":"En &quot;CINTILLO&quot;","block_context":{"text":"CINTILLO","link":"https:\/\/www.grieta.org.mx\/index.php\/category\/cintillo\/"},"img":{"alt_text":"","src":"https:\/\/i0.wp.com\/www.grieta.org.mx\/wp-content\/uploads\/2019\/02\/Captura-de-pantalla-2019-02-11-a-las-22.28.13.png?resize=350%2C200&ssl=1","width":350,"height":200,"srcset":"https:\/\/i0.wp.com\/www.grieta.org.mx\/wp-content\/uploads\/2019\/02\/Captura-de-pantalla-2019-02-11-a-las-22.28.13.png?resize=350%2C200&ssl=1 1x, https:\/\/i0.wp.com\/www.grieta.org.mx\/wp-content\/uploads\/2019\/02\/Captura-de-pantalla-2019-02-11-a-las-22.28.13.png?resize=525%2C300&ssl=1 1.5x, https:\/\/i0.wp.com\/www.grieta.org.mx\/wp-content\/uploads\/2019\/02\/Captura-de-pantalla-2019-02-11-a-las-22.28.13.png?resize=700%2C400&ssl=1 2x, https:\/\/i0.wp.com\/www.grieta.org.mx\/wp-content\/uploads\/2019\/02\/Captura-de-pantalla-2019-02-11-a-las-22.28.13.png?resize=1050%2C600&ssl=1 3x"},"classes":[]},{"id":31275,"url":"https:\/\/www.grieta.org.mx\/index.php\/2019\/03\/27\/prevalece-violencia-contra-las-mujeres-en-guanajuato-se-cometen-47-feminicidios-en-2019\/","url_meta":{"origin":17260,"position":2},"title":"Prevalece violencia contra las mujeres en Guanajuato; se cometen 47 feminicidios en 2019","author":"grieta","date":"27 marzo, 2019","format":false,"excerpt":"Jorge Hernandez, Zona Franca, 27 de marzo de 2019 Le\u00f3n, Gto. Este 2019 ha sido el a\u00f1o m\u00e1s violento para las mujeres ya que el estado de Guanajuato, ocupa el segundo lugar con mayor n\u00famero de asesinatos dolosos femeninos. Datos de la informaci\u00f3n sobre violencia contra las mujeres del Centro\u2026","rel":"","context":"En &quot;CINTILLO&quot;","block_context":{"text":"CINTILLO","link":"https:\/\/www.grieta.org.mx\/index.php\/category\/cintillo\/"},"img":{"alt_text":"","src":"https:\/\/i0.wp.com\/www.grieta.org.mx\/wp-content\/uploads\/2019\/03\/hom-dol-2019.jpg?resize=350%2C200&ssl=1","width":350,"height":200,"srcset":"https:\/\/i0.wp.com\/www.grieta.org.mx\/wp-content\/uploads\/2019\/03\/hom-dol-2019.jpg?resize=350%2C200&ssl=1 1x, https:\/\/i0.wp.com\/www.grieta.org.mx\/wp-content\/uploads\/2019\/03\/hom-dol-2019.jpg?resize=525%2C300&ssl=1 1.5x, https:\/\/i0.wp.com\/www.grieta.org.mx\/wp-content\/uploads\/2019\/03\/hom-dol-2019.jpg?resize=700%2C400&ssl=1 2x"},"classes":[]},{"id":5919,"url":"https:\/\/www.grieta.org.mx\/index.php\/2015\/07\/10\/guanajuato-tres-feminicidios-en-48-horas-suman-40-este-ano\/","url_meta":{"origin":17260,"position":3},"title":"Guanajuato: tres feminicidios en 48 horas; suman 40 este a\u00f1o","author":"grieta","date":"10 julio, 2015","format":false,"excerpt":"Carlos Garc\u00eda, Guanajuato En 48 horas se perpetraron tres feminicidios en el estado; dos de las v\u00edctimas fueron asesinadas a golpes y la tercera a balazos. Este a\u00f1o 40 mujeres han sido asesinadas en la entidad, seg\u00fan estad\u00edsticas del Centro Las Libres. El 7 de julio, Norma L\u00f3pez Ju\u00e1rez fue\u2026","rel":"","context":"En &quot;CINTILLO&quot;","block_context":{"text":"CINTILLO","link":"https:\/\/www.grieta.org.mx\/index.php\/category\/cintillo\/"},"img":{"alt_text":"","src":"https:\/\/i0.wp.com\/www.grieta.org.mx\/wp-content\/uploads\/2018\/03\/14524434_1106112876131411_958039263622046936_o.jpg?resize=350%2C200&ssl=1","width":350,"height":200,"srcset":"https:\/\/i0.wp.com\/www.grieta.org.mx\/wp-content\/uploads\/2018\/03\/14524434_1106112876131411_958039263622046936_o.jpg?resize=350%2C200&ssl=1 1x, https:\/\/i0.wp.com\/www.grieta.org.mx\/wp-content\/uploads\/2018\/03\/14524434_1106112876131411_958039263622046936_o.jpg?resize=525%2C300&ssl=1 1.5x, https:\/\/i0.wp.com\/www.grieta.org.mx\/wp-content\/uploads\/2018\/03\/14524434_1106112876131411_958039263622046936_o.jpg?resize=700%2C400&ssl=1 2x"},"classes":[]},{"id":49903,"url":"https:\/\/www.grieta.org.mx\/index.php\/2020\/05\/26\/guanajuato-el-estado-con-mas-feminicidios-en-2020\/","url_meta":{"origin":17260,"position":4},"title":"Guanajuato: el estado con m\u00e1s feminicidios en 2020","author":"grieta","date":"26 mayo, 2020","format":false,"excerpt":"Contrar\u00e9plica, martes 26 de mayo de 2020 A nivel nacional, tras los primeros cuatro meses del a\u00f1o 2020, Guanajuato encabeza la lista del registro de feminicidios, con 172 homicidios dolosos. Sin embargo, las autoridades solo tienen registro de ocho. El \u00faltimo corte de las cifras del Secretariado Ejecutivo del Sistema\u2026","rel":"","context":"En &quot;CINTILLO&quot;","block_context":{"text":"CINTILLO","link":"https:\/\/www.grieta.org.mx\/index.php\/category\/cintillo\/"},"img":{"alt_text":"","src":"https:\/\/i0.wp.com\/www.grieta.org.mx\/wp-content\/uploads\/2020\/05\/11d2f9afab0dea6e9b96be48141b0b2d.jpg?resize=350%2C200&ssl=1","width":350,"height":200,"srcset":"https:\/\/i0.wp.com\/www.grieta.org.mx\/wp-content\/uploads\/2020\/05\/11d2f9afab0dea6e9b96be48141b0b2d.jpg?resize=350%2C200&ssl=1 1x, https:\/\/i0.wp.com\/www.grieta.org.mx\/wp-content\/uploads\/2020\/05\/11d2f9afab0dea6e9b96be48141b0b2d.jpg?resize=525%2C300&ssl=1 1.5x, https:\/\/i0.wp.com\/www.grieta.org.mx\/wp-content\/uploads\/2020\/05\/11d2f9afab0dea6e9b96be48141b0b2d.jpg?resize=700%2C400&ssl=1 2x"},"classes":[]},{"id":41774,"url":"https:\/\/www.grieta.org.mx\/index.php\/2019\/12\/02\/convocan-alumnos-de-la-universidad-de-guanajuato-a-paro\/","url_meta":{"origin":17260,"position":5},"title":"Convocan alumnos de la Universidad de Guanajuato a paro","author":"grieta","date":"2 diciembre, 2019","format":false,"excerpt":"La convocatoria es a partir de las 5:30 de la ma\u00f1ana en las escalinatas de la del edificio central Patricio Serna| El Sol de Irapuato, 02 de diciembre de 2019 GUANAJUATO, Gto. (OEM-Informex) .-A trav\u00e9s de redes sociales, alumnos de la Universidad de Guanajuato convocan a un paro de actividades\u2026","rel":"","context":"En &quot;CINTILLO&quot;","block_context":{"text":"CINTILLO","link":"https:\/\/www.grieta.org.mx\/index.php\/category\/cintillo\/"},"img":{"alt_text":"","src":"https:\/\/i0.wp.com\/www.grieta.org.mx\/wp-content\/uploads\/2019\/12\/WhatsApp-Image-2019-12-02-at-12.07.55-PM.jpeg?resize=350%2C200&ssl=1","width":350,"height":200,"srcset":"https:\/\/i0.wp.com\/www.grieta.org.mx\/wp-content\/uploads\/2019\/12\/WhatsApp-Image-2019-12-02-at-12.07.55-PM.jpeg?resize=350%2C200&ssl=1 1x, https:\/\/i0.wp.com\/www.grieta.org.mx\/wp-content\/uploads\/2019\/12\/WhatsApp-Image-2019-12-02-at-12.07.55-PM.jpeg?resize=525%2C300&ssl=1 1.5x, https:\/\/i0.wp.com\/www.grieta.org.mx\/wp-content\/uploads\/2019\/12\/WhatsApp-Image-2019-12-02-at-12.07.55-PM.jpeg?resize=700%2C400&ssl=1 2x"},"classes":[]}],"_links":{"self":[{"href":"https:\/\/www.grieta.org.mx\/index.php\/wp-json\/wp\/v2\/posts\/17260","targetHints":{"allow":["GET"]}}],"collection":[{"href":"https:\/\/www.grieta.org.mx\/index.php\/wp-json\/wp\/v2\/posts"}],"about":[{"href":"https:\/\/www.grieta.org.mx\/index.php\/wp-json\/wp\/v2\/types\/post"}],"author":[{"embeddable":true,"href":"https:\/\/www.grieta.org.mx\/index.php\/wp-json\/wp\/v2\/users\/2"}],"replies":[{"embeddable":true,"href":"https:\/\/www.grieta.org.mx\/index.php\/wp-json\/wp\/v2\/comments?post=17260"}],"version-history":[{"count":1,"href":"https:\/\/www.grieta.org.mx\/index.php\/wp-json\/wp\/v2\/posts\/17260\/revisions"}],"predecessor-version":[{"id":17270,"href":"https:\/\/www.grieta.org.mx\/index.php\/wp-json\/wp\/v2\/posts\/17260\/revisions\/17270"}],"wp:featuredmedia":[{"embeddable":true,"href":"https:\/\/www.grieta.org.mx\/index.php\/wp-json\/wp\/v2\/media\/21928"}],"wp:attachment":[{"href":"https:\/\/www.grieta.org.mx\/index.php\/wp-json\/wp\/v2\/media?parent=17260"}],"wp:term":[{"taxonomy":"category","embeddable":true,"href":"https:\/\/www.grieta.org.mx\/index.php\/wp-json\/wp\/v2\/categories?post=17260"},{"taxonomy":"post_tag","embeddable":true,"href":"https:\/\/www.grieta.org.mx\/index.php\/wp-json\/wp\/v2\/tags?post=17260"}],"curies":[{"name":"wp","href":"https:\/\/api.w.org\/{rel}","templated":true}]}}