{"id":1726,"date":"2016-02-07T16:48:07","date_gmt":"2016-02-07T16:48:07","guid":{"rendered":"http:\/\/50.22.11.12\/~grietaor\/?p=1726"},"modified":"2016-03-09T18:36:13","modified_gmt":"2016-03-09T18:36:13","slug":"planean-cadenas-productivas-petroleras-en-la-sonda-campeche-donde-la-explosiones-y-los-accidentes-no-cesan","status":"publish","type":"post","link":"https:\/\/www.grieta.org.mx\/index.php\/2016\/02\/07\/planean-cadenas-productivas-petroleras-en-la-sonda-campeche-donde-la-explosiones-y-los-accidentes-no-cesan\/","title":{"rendered":"Planean cadenas productivas petroleras en La Sonda, Campeche, donde la explosiones y los accidentes no cesan"},"content":{"rendered":"<p><strong>07\/02\/16. <\/strong><a href=\"http:\/\/grieta.org.mx\/index.php\/2016\/02\/07\/incendio-en-plataforma-de-pemex-de-abkatun-deja-tres-muertos\/\" >Incendio en plataforma de Pemex de Abkat\u00fan deja tres muertos<\/a><br \/>\n<em>El Financiero<\/em><\/p>\n<p><strong>25\/01\/16. <\/strong><a href=\"http:\/\/grieta.org.mx\/index.php\/2016\/01\/25\/temen-tragedias-en-plataformas-petroleras-de-pemex-por-reduccion-presupuestal\/\" >Temen tragedias en plataformas petroleras de Pemex por reducci\u00f3n presupuestal<\/a><br \/>\n<em>Jorge Castro Comunicaci\u00f3n Digital<\/em><\/p>\n<p><strong>24\/01\/16. <\/strong><a href=\"http:\/\/grieta.org.mx\/index.php\/2016\/01\/24\/nueva-explosion-de-pemex-en-la-sonda-de-campeche\/\" >Nueva explosi\u00f3n de Pemex en la Sonda de Campeche<\/a><br \/>\n<em>P\u00e1gin@bierta<\/em><\/p>\n<p><strong>20\/10\/15. <\/strong><a href=\"http:\/\/grieta.org.mx\/index.php\/2015\/10\/20\/campeche-tendra-cadenas-productivas-para-industria-petrolera\/\" >Campeche tendr\u00e1 cadenas productivas para industria petrolera<\/a><br \/>\n<em>El Financiero<\/em><\/p>\n<p><strong>28\/08\/15. <\/strong><a href=\"http:\/\/grieta.org.mx\/index.php\/2015\/08\/28\/muere-trabajador-en-plataforma-de-pemex-en-campeche-hay-un-herido\/\">Muere trabajador en plataforma de Pemex en Campeche; hay un herido<\/a><br \/>\n<em>La Jornada<\/em><\/p>\n<p><strong>20\/07\/15. <\/strong><a href=\"http:\/\/grieta.org.mx\/index.php\/2015\/07\/20\/empresas-de-yucatan-se-quedan-sin-gas\/\">Empresas de Yucat\u00e1n se quedan sin gas tras explosi\u00f3n en la Sonda, Campeche<\/a><br \/>\n<em>Milenio<\/em><\/p>\n<p><strong>22\/06\/15. <\/strong><a href=\"http:\/\/grieta.org.mx\/index.php\/2015\/06\/22\/pemex-suma-ya-tres-accidentes-en-la-sonda-de-campeche\/\">Pemex suma ya tres accidentes en la Sonda de Campeche<\/a><br \/>\n<em>El Financiero<\/em><\/p>\n<p><strong>22\/06\/15. <\/strong><a href=\"http:\/\/grieta.org.mx\/index.php\/2015\/06\/22\/se-incendia-plataforma-de-pemex-en-campeche-es-el-tercer-incidente-en-3-meses\/\">Se incendia plataforma de Pemex en Campeche; es el tercer incidente en 3 meses<\/a><br \/>\n<em>Proceso<\/em><\/p>\n<p><strong>07\/05\/15. <\/strong><a href=\"http:\/\/grieta.org.mx\/index.php\/2015\/05\/07\/reporta-pemex-un-percance-mas-en-plataforma-de-sonda-de-campeche\/\">Reporta Pemex un percance m\u00e1s en plataforma de Sonda de Campeche<\/a><br \/>\n<em>Proceso<\/em><\/p>\n<p><strong>05\/05\/15. <\/strong><a href=\"http:\/\/grieta.org.mx\/index.php\/2015\/05\/05\/mueren-dos-trabajadores-por-accidente-en-plataforma-pemex\/\">Mueren dos trabajadores por accidente en plataforma: Pemex<\/a><br \/>\n<em>El Financiero<\/em><\/p>\n<p><strong>05\/05\/15. <\/strong><a href=\"http:\/\/grieta.org.mx\/index.php\/2015\/05\/05\/typhoon-investiga-accidente-en-plataforma-de-campeche\/\">Typhoon investiga accidente en plataforma de Campeche<\/a><br \/>\n<em>El Financiero<\/em><\/p>\n<p><strong>05\/05\/15. <\/strong><a href=\"http:\/\/grieta.org.mx\/index.php\/2015\/05\/05\/otro-accidente-en-la-sonda-de-campeche-confirma-pemex-2-muertos-y-mas-de-100-evacuados-por-percance-en-plataforma-troll-solution\/\">Otro accidente en la Sonda de Campeche<\/a><br \/>\n<em>Noticaribe<\/em><\/p>\n<p><strong>01\/04\/15. <\/strong><a href=\"http:\/\/grieta.org.mx\/index.php\/2015\/04\/01\/arde-plataforma-en-la-sonda-de-campeche\/\">Arde plataforma en la Sonda de Campeche<\/a><br \/>\n<em>Noticaribe<\/em><\/p>\n<p><strong>01\/04\/15. <\/strong><a href=\"http:\/\/grieta.org.mx\/index.php\/2015\/04\/01\/explota-plataforma-abkatun-a-en-campeche\/\">Explota plataforma Abkatun-A en Campeche<\/a><br \/>\n<em>Impune Mex<\/em><\/p>\n","protected":false},"excerpt":{"rendered":"<p>07\/02\/16. Incendio en plataforma de Pemex de Abkat\u00fan deja tres muertos El Financiero 25\/01\/16. Temen tragedias en plataformas petroleras de Pemex por reducci\u00f3n presupuestal Jorge Castro Comunicaci\u00f3n Digital 24\/01\/16. Nueva &hellip; <a href=\"https:\/\/www.grieta.org.mx\/index.php\/2016\/02\/07\/planean-cadenas-productivas-petroleras-en-la-sonda-campeche-donde-la-explosiones-y-los-accidentes-no-cesan\/\" class=\"more-link\">Leer m\u00e1s<\/a><\/p>\n","protected":false},"author":2,"featured_media":21928,"comment_status":"closed","ping_status":"open","sticky":false,"template":"","format":"standard","meta":{"ngg_post_thumbnail":0,"_jetpack_newsletter_access":"","_jetpack_dont_email_post_to_subs":false,"_jetpack_newsletter_tier_id":0,"_jetpack_memberships_contains_paywalled_content":false,"_jetpack_memberships_contains_paid_content":false,"footnotes":""},"categories":[11,2],"tags":[],"class_list":["post-1726","post","type-post","status-publish","format-standard","has-post-thumbnail","hentry","category-campeche","category-noticias-nacionales","entry"],"jetpack_featured_media_url":"https:\/\/www.grieta.org.mx\/wp-content\/uploads\/2018\/03\/14524434_1106112876131411_958039263622046936_o.jpg","jetpack_sharing_enabled":true,"jetpack_shortlink":"https:\/\/wp.me\/p7ZJR4-rQ","jetpack_likes_enabled":false,"jetpack-related-posts":[{"id":1559,"url":"https:\/\/www.grieta.org.mx\/index.php\/2015\/10\/20\/campeche-tendra-cadenas-productivas-para-industria-petrolera\/","url_meta":{"origin":1726,"position":0},"title":"Campeche tendr\u00e1 cadenas productivas para industria petrolera","author":"grieta","date":"20 octubre, 2015","format":false,"excerpt":"El Financiero Yoisi Moguel \/Corresponsal 20.10.2015 Empresarios de Campeche se integrar\u00e1n en cadenas productivas con el fin de atender a la industria petrolera que se instalar\u00e1 en el estado, indic\u00f3 el CCE del estado, el cual indic\u00f3 que con \u00e9stas tambi\u00e9n se busca aumentar la competitividad de las empresas locales.\u2026","rel":"","context":"En &quot;campeche&quot;","block_context":{"text":"campeche","link":"https:\/\/www.grieta.org.mx\/index.php\/category\/campeche\/"},"img":{"alt_text":"","src":"https:\/\/i0.wp.com\/www.grieta.org.mx\/wp-content\/uploads\/2018\/03\/14524434_1106112876131411_958039263622046936_o.jpg?resize=350%2C200&ssl=1","width":350,"height":200,"srcset":"https:\/\/i0.wp.com\/www.grieta.org.mx\/wp-content\/uploads\/2018\/03\/14524434_1106112876131411_958039263622046936_o.jpg?resize=350%2C200&ssl=1 1x, https:\/\/i0.wp.com\/www.grieta.org.mx\/wp-content\/uploads\/2018\/03\/14524434_1106112876131411_958039263622046936_o.jpg?resize=525%2C300&ssl=1 1.5x, https:\/\/i0.wp.com\/www.grieta.org.mx\/wp-content\/uploads\/2018\/03\/14524434_1106112876131411_958039263622046936_o.jpg?resize=700%2C400&ssl=1 2x"},"classes":[]},{"id":67387,"url":"https:\/\/www.grieta.org.mx\/index.php\/2023\/08\/02\/fugas-de-gas-y-aceite-resultado-del-desconocimiento-de-los-directivos-de-pemex-untypp-campeche\/","url_meta":{"origin":1726,"position":1},"title":"Fugas de gas y aceite, resultado del desconocimiento de los directivos de Pemex: UNTyPP (Campeche)","author":"grieta","date":"2 agosto, 2023","format":false,"excerpt":"Gabriel Graniel Herrera \/ La Jornada Maya Ciudad del Carmen, Campeche El cierre de operaciones del barco Yuum K\u2019ak\u2019 N\u00e1ab en la Sonda de Campeche, por una fuga de aceite en uno de sus ductos, es el resultado del desconocimiento de los directivos de Petr\u00f3leos Mexicanos (Pemex) sobre las condiciones\u2026","rel":"","context":"En &quot;Campeche&quot;","block_context":{"text":"Campeche","link":"https:\/\/www.grieta.org.mx\/index.php\/category\/noticias-nacionales\/campeche\/"},"img":{"alt_text":"","src":"https:\/\/i0.wp.com\/www.grieta.org.mx\/wp-content\/uploads\/2023\/08\/Pemex-e1691376953499.jpg?resize=350%2C200&ssl=1","width":350,"height":200,"srcset":"https:\/\/i0.wp.com\/www.grieta.org.mx\/wp-content\/uploads\/2023\/08\/Pemex-e1691376953499.jpg?resize=350%2C200&ssl=1 1x, https:\/\/i0.wp.com\/www.grieta.org.mx\/wp-content\/uploads\/2023\/08\/Pemex-e1691376953499.jpg?resize=525%2C300&ssl=1 1.5x, https:\/\/i0.wp.com\/www.grieta.org.mx\/wp-content\/uploads\/2023\/08\/Pemex-e1691376953499.jpg?resize=700%2C400&ssl=1 2x"},"classes":[]},{"id":1728,"url":"https:\/\/www.grieta.org.mx\/index.php\/2015\/06\/22\/pemex-suma-ya-tres-accidentes-en-la-sonda-de-campeche\/","url_meta":{"origin":1726,"position":2},"title":"Pemex suma ya tres accidentes en la Sonda de Campeche","author":"grieta","date":"22 junio, 2015","format":false,"excerpt":"CIUDAD DEL CARMEN.- Con la fuga de gas registrada hoy en la plataforma Akal-H, ubicada en la Sonda de Campeche, Petr\u00f3leos Mexicanos suma ya tres incidentes en sus instalaciones. Abkat\u00fan El primer incidente en el a\u00f1o fue en abril, cuando se registr\u00f3 una mega explosi\u00f3n en la plataforma Abkat\u00fan-Alfa, que\u2026","rel":"","context":"En &quot;campeche&quot;","block_context":{"text":"campeche","link":"https:\/\/www.grieta.org.mx\/index.php\/category\/campeche\/"},"img":{"alt_text":"","src":"https:\/\/i0.wp.com\/www.grieta.org.mx\/wp-content\/uploads\/2018\/03\/14524434_1106112876131411_958039263622046936_o.jpg?resize=350%2C200&ssl=1","width":350,"height":200,"srcset":"https:\/\/i0.wp.com\/www.grieta.org.mx\/wp-content\/uploads\/2018\/03\/14524434_1106112876131411_958039263622046936_o.jpg?resize=350%2C200&ssl=1 1x, https:\/\/i0.wp.com\/www.grieta.org.mx\/wp-content\/uploads\/2018\/03\/14524434_1106112876131411_958039263622046936_o.jpg?resize=525%2C300&ssl=1 1.5x, https:\/\/i0.wp.com\/www.grieta.org.mx\/wp-content\/uploads\/2018\/03\/14524434_1106112876131411_958039263622046936_o.jpg?resize=700%2C400&ssl=1 2x"},"classes":[]},{"id":68798,"url":"https:\/\/www.grieta.org.mx\/index.php\/2024\/04\/07\/un-trabajador-muerto-y-13-heridos-en-un-incendio-en-una-plataforma-de-pemex-campeche\/","url_meta":{"origin":1726,"position":3},"title":"Un trabajador muerto y 13 heridos en un incendio en una plataforma de Pemex (Campeche)","author":"grieta","date":"7 abril, 2024","format":false,"excerpt":"Pablo Ferri \/ El Pa\u00eds Un incendio en una plataforma de Pemex en Campeche, en el sur de M\u00e9xico, ha dejado un muerto y 13 heridos, seg\u00fan ha confirmado la empresa paraestatal, en un comunicado divulgado este domingo. Pemex no ha dado detalles del origen y los motivos del siniestro.\u2026","rel":"","context":"En &quot;Campeche&quot;","block_context":{"text":"Campeche","link":"https:\/\/www.grieta.org.mx\/index.php\/category\/noticias-nacionales\/campeche\/"},"img":{"alt_text":"","src":"https:\/\/i0.wp.com\/www.grieta.org.mx\/wp-content\/uploads\/2024\/04\/Incendio-e1712951433295.jpg?resize=350%2C200&ssl=1","width":350,"height":200,"srcset":"https:\/\/i0.wp.com\/www.grieta.org.mx\/wp-content\/uploads\/2024\/04\/Incendio-e1712951433295.jpg?resize=350%2C200&ssl=1 1x, https:\/\/i0.wp.com\/www.grieta.org.mx\/wp-content\/uploads\/2024\/04\/Incendio-e1712951433295.jpg?resize=525%2C300&ssl=1 1.5x, https:\/\/i0.wp.com\/www.grieta.org.mx\/wp-content\/uploads\/2024\/04\/Incendio-e1712951433295.jpg?resize=700%2C400&ssl=1 2x"},"classes":[]},{"id":67430,"url":"https:\/\/www.grieta.org.mx\/index.php\/2023\/08\/02\/pescadores-exigen-a-pemex-resarcir-danos-por-derrames-en-sonda-de-campeche\/","url_meta":{"origin":1726,"position":4},"title":"Pescadores exigen a Pemex resarcir da\u00f1os por derrames en Sonda de Campeche","author":"grieta","date":"2 agosto, 2023","format":false,"excerpt":"Gabriel Graniel Herrera \/ Foto: Fernando Eloy \/ La Jornada Maya Piden realizar una reuni\u00f3n urgente para tratar las afectaciones ecol\u00f3gicas 02\/08\/2023 | San Francisco de Campeche Pescadores ribere\u00f1os del municipio del Carmen exigir\u00e1n a Petr\u00f3leos Mexicanos (Pemex) que pague una indemnizaci\u00f3n o que aumente los apoyos que aporta para\u2026","rel":"","context":"En &quot;Campeche&quot;","block_context":{"text":"Campeche","link":"https:\/\/www.grieta.org.mx\/index.php\/category\/noticias-nacionales\/campeche\/"},"img":{"alt_text":"","src":"https:\/\/i0.wp.com\/www.grieta.org.mx\/wp-content\/uploads\/2023\/08\/Derrame-e1691645712711.jpg?resize=350%2C200&ssl=1","width":350,"height":200,"srcset":"https:\/\/i0.wp.com\/www.grieta.org.mx\/wp-content\/uploads\/2023\/08\/Derrame-e1691645712711.jpg?resize=350%2C200&ssl=1 1x, https:\/\/i0.wp.com\/www.grieta.org.mx\/wp-content\/uploads\/2023\/08\/Derrame-e1691645712711.jpg?resize=525%2C300&ssl=1 1.5x, https:\/\/i0.wp.com\/www.grieta.org.mx\/wp-content\/uploads\/2023\/08\/Derrame-e1691645712711.jpg?resize=700%2C400&ssl=1 2x"},"classes":[]},{"id":1754,"url":"https:\/\/www.grieta.org.mx\/index.php\/2016\/01\/24\/nueva-explosion-de-pemex-en-la-sonda-de-campeche\/","url_meta":{"origin":1726,"position":5},"title":"Nueva explosi\u00f3n de Pemex en la Sonda de Campeche","author":"grieta","date":"24 enero, 2016","format":false,"excerpt":"Ahora fue en el cuarto de m\u00e1quinas de la plataforma Zaap-E, en el principal complejo de producci\u00f3n de petr\u00f3leo, el Ku-Maloob-Zaap, y Pemex da a conocer que no hubo lesionados, ni muertos. Por Daniel S\u00e1nchez CIUDAD DEL CARMEN, Cam. 23 de enero del 2016.- Un nuevo accidente se registr\u00f3 en\u2026","rel":"","context":"En &quot;campeche&quot;","block_context":{"text":"campeche","link":"https:\/\/www.grieta.org.mx\/index.php\/category\/campeche\/"},"img":{"alt_text":"","src":"https:\/\/i0.wp.com\/www.grieta.org.mx\/wp-content\/uploads\/2018\/03\/14524434_1106112876131411_958039263622046936_o.jpg?resize=350%2C200&ssl=1","width":350,"height":200,"srcset":"https:\/\/i0.wp.com\/www.grieta.org.mx\/wp-content\/uploads\/2018\/03\/14524434_1106112876131411_958039263622046936_o.jpg?resize=350%2C200&ssl=1 1x, https:\/\/i0.wp.com\/www.grieta.org.mx\/wp-content\/uploads\/2018\/03\/14524434_1106112876131411_958039263622046936_o.jpg?resize=525%2C300&ssl=1 1.5x, https:\/\/i0.wp.com\/www.grieta.org.mx\/wp-content\/uploads\/2018\/03\/14524434_1106112876131411_958039263622046936_o.jpg?resize=700%2C400&ssl=1 2x"},"classes":[]}],"_links":{"self":[{"href":"https:\/\/www.grieta.org.mx\/index.php\/wp-json\/wp\/v2\/posts\/1726","targetHints":{"allow":["GET"]}}],"collection":[{"href":"https:\/\/www.grieta.org.mx\/index.php\/wp-json\/wp\/v2\/posts"}],"about":[{"href":"https:\/\/www.grieta.org.mx\/index.php\/wp-json\/wp\/v2\/types\/post"}],"author":[{"embeddable":true,"href":"https:\/\/www.grieta.org.mx\/index.php\/wp-json\/wp\/v2\/users\/2"}],"replies":[{"embeddable":true,"href":"https:\/\/www.grieta.org.mx\/index.php\/wp-json\/wp\/v2\/comments?post=1726"}],"version-history":[{"count":1,"href":"https:\/\/www.grieta.org.mx\/index.php\/wp-json\/wp\/v2\/posts\/1726\/revisions"}],"predecessor-version":[{"id":1763,"href":"https:\/\/www.grieta.org.mx\/index.php\/wp-json\/wp\/v2\/posts\/1726\/revisions\/1763"}],"wp:featuredmedia":[{"embeddable":true,"href":"https:\/\/www.grieta.org.mx\/index.php\/wp-json\/wp\/v2\/media\/21928"}],"wp:attachment":[{"href":"https:\/\/www.grieta.org.mx\/index.php\/wp-json\/wp\/v2\/media?parent=1726"}],"wp:term":[{"taxonomy":"category","embeddable":true,"href":"https:\/\/www.grieta.org.mx\/index.php\/wp-json\/wp\/v2\/categories?post=1726"},{"taxonomy":"post_tag","embeddable":true,"href":"https:\/\/www.grieta.org.mx\/index.php\/wp-json\/wp\/v2\/tags?post=1726"}],"curies":[{"name":"wp","href":"https:\/\/api.w.org\/{rel}","templated":true}]}}