{"id":17255,"date":"2016-07-18T23:46:40","date_gmt":"2016-07-19T04:46:40","guid":{"rendered":"http:\/\/www.grieta.org.mx\/?p=17255"},"modified":"2018-06-07T19:00:03","modified_gmt":"2018-06-08T00:00:03","slug":"eolicas-se-burlan-de-ediles-del-istmo-con-apoyo-del-congreso-de-oaxaca","status":"publish","type":"post","link":"https:\/\/www.grieta.org.mx\/index.php\/2016\/07\/18\/eolicas-se-burlan-de-ediles-del-istmo-con-apoyo-del-congreso-de-oaxaca\/","title":{"rendered":"E\u00f3licas se burlan de ediles del Istmo, con apoyo del Congreso de Oaxaca"},"content":{"rendered":"<p>P\u00e1gina 3.<\/p>\n<p>Diana Manzo.<\/p>\n<p>JUCHIT\u00c1N, Oax., (#p\u00e1gina3.mx).- Los alcaldes de la regi\u00f3n del Istmo de Tehuantepec Rub\u00e9n Antonio Altamirano (Asunci\u00f3n Ixtaltepec) y Claudio Toledo (El Espinal) exigieron al gobierno de Oaxaca y federal una auditor\u00eda para las  empresas e\u00f3licas que operan en esta zona oaxaque\u00f1a, y lamentaron que las empresas no cumplan con el pago de impuestos por operaci\u00f3n y obras de impacto social.<\/p>\n<p>Informaron que el pasado mes de febrero sostuvieron una reuni\u00f3n con Diputadas y diputados  de la LXII legislatura local, la Secretar\u00eda de Gobernaci\u00f3n de Oaxaca y Adri\u00e1n Escofett director de la Asociaci\u00f3n Mexicana de Empresas E\u00f3licas (AMDE), en torno a crear un pago uniforme que se incluir\u00eda en la Ley de ingreso 2016 para el cobro de impuestos por operaci\u00f3n a cada empresa e\u00f3lica.<\/p>\n<p>\u201cNos enga\u00f1aron, porque nada se cumpli\u00f3, se publicaron las leyes de los cinco municipios donde existen parques e\u00f3licos (Uni\u00f3n Hidalgo, Santo Domingo Ingenio, El Espinal, Juchit\u00e1n y Asunci\u00f3n Ixtaltepec) con un moche en el cobro de las e\u00f3licas, nos toman de tontos aunado a que no hay ninguna obra de impacto social en las localidades\u201d, indicaron.<\/p>\n<p>En esta zona del Istmo de Tehuantepec existen 21 parques e\u00f3licos que son operadas por las empresas e\u00f3licas Iberdrola, Enel Energy, Acciona, Desarrollos E\u00f3licos Mexicanos (Demex), Pe\u00f1oles, Gas Fenosa Natural, E\u00f3lica de Francia (EDF) y Gamesa.<\/p>\n<p>Claudio Toledo, mun\u00edcipe de El Espinal, puntualiz\u00f3 que a las empresas e\u00f3licas \u201cles ha valido\u201d todos los acuerdos que han tenido con las autoridades y la Amde, calific\u00e1ndolos como una burla lo que est\u00e1n haciendo.<\/p>\n<p>Dijo que ninguna ha cumplido con su responsabilidad social de realizar una verdadera obra de impacto social.<\/p>\n<p>\u201cNos enga\u00f1an con bicicletas, bolsas de dulces, computadoras, celulares, pero nada serio, no tenemos empleo, nuestra gente tiene que emigrar, las empresas e\u00f3licas han sido un enga\u00f1o\u201d.<br \/>\nPor su parte, el presidente municipal de Asunci\u00f3n Ixtaltepec, Rub\u00e9n Antonio Altamirano dijo que en su comunidad las empresas simplemente no han pagado un solo centavo en impuestos por operaci\u00f3n aunado a que tampoco han realizado ninguna obra grande que impacte socialmente.<\/p>\n<p>\u201cEstas personas (representantes de las empresas e\u00f3licas) nos agarraron de locos, o m\u00e1s bien se hicieron locos, nos reunimos en varias ocasiones y nunca nos cumplieron, fue todo un enga\u00f1o, a nosotros como alcaldes nos quedan solo cinco meses, ojal\u00e1 que los que vengan gestionen para mejorar la calidad de vida de nuestros paisanos\u201d, expres\u00f3.<\/p>\n<p>Por su parte, el alcalde de Uni\u00f3n Hidalgo Jos\u00e9 L\u00f3pez de la Cruz explic\u00f3 que tambi\u00e9n en su ley de ingreso 2016 se dio el recorte del cobro a las empresas e\u00f3licas, las cuales ser\u00edan de mil pesos por megawatts producido.<\/p>\n<p>\u201cEn el caso de Uni\u00f3n Hidalgo, la empresa despu\u00e9s de muchos a\u00f1os dijo que pavimentar\u00eda un tramo carretero de la avenida 21 de marzo, sin embargo hasta la fecha solo vemos una retroexcavadora en el lugar y por los vecinos sabemos que no hay firma de contrato a\u00fan con la empresa constructora.<\/p>\n<p>\u201cOjal\u00e1 la empresa Desarrollos E\u00f3licos Mexicanos (Demex) nos cumpla, es una obra de 3.5 millones de pesos, pero si aclaro que de los impuestos de operaci\u00f3n que lleva desde el 2005 no ha pagado nada\u201d, concluy\u00f3.<\/p>\n<p><a href=\"http:\/\/pagina3.mx\/2016\/07\/eolicas-se-burlan-de-ediles-del-istmo-con-apoyo-del-congreso-de-oaxaca\/\" target=\"_blank\">http:\/\/pagina3.mx\/2016\/07\/eolicas-se-burlan-de-ediles-del-istmo-con-apoyo-del-congreso-de-oaxaca\/<\/a><\/p>\n","protected":false},"excerpt":{"rendered":"<p>P\u00e1gina 3. Diana Manzo. JUCHIT\u00c1N, Oax., (#p\u00e1gina3.mx).- Los alcaldes de la regi\u00f3n del Istmo de Tehuantepec Rub\u00e9n Antonio Altamirano (Asunci\u00f3n Ixtaltepec) y Claudio Toledo (El Espinal) exigieron al gobierno de &hellip; <a href=\"https:\/\/www.grieta.org.mx\/index.php\/2016\/07\/18\/eolicas-se-burlan-de-ediles-del-istmo-con-apoyo-del-congreso-de-oaxaca\/\" class=\"more-link\">Leer m\u00e1s<\/a><\/p>\n","protected":false},"author":2,"featured_media":21928,"comment_status":"closed","ping_status":"closed","sticky":false,"template":"","format":"standard","meta":{"ngg_post_thumbnail":0,"_jetpack_newsletter_access":"","_jetpack_dont_email_post_to_subs":false,"_jetpack_newsletter_tier_id":0,"_jetpack_memberships_contains_paywalled_content":false,"_jetpack_memberships_contains_paid_content":false,"footnotes":""},"categories":[80,1306,2,25],"tags":[184,214,314,93],"class_list":["post-17255","post","type-post","status-publish","format-standard","has-post-thumbnail","hentry","category-cintillo","category-conflictos-por-parques-eolicos-en-oaxaca","category-noticias-nacionales","category-oaxaca","tag-despojo","tag-eolicas","tag-impuestos","tag-oaxaca","entry"],"jetpack_featured_media_url":"https:\/\/www.grieta.org.mx\/wp-content\/uploads\/2018\/03\/14524434_1106112876131411_958039263622046936_o.jpg","jetpack_sharing_enabled":true,"jetpack_shortlink":"https:\/\/wp.me\/p7ZJR4-4uj","jetpack_likes_enabled":false,"jetpack-related-posts":[{"id":1843,"url":"https:\/\/www.grieta.org.mx\/index.php\/2016\/01\/04\/eolicas-no-pagan-impuestos-a-municipios-y-diputados-oaxaquenos-no-hacen-nada\/","url_meta":{"origin":17255,"position":0},"title":"E\u00f3licas no pagan impuestos a municipios, y diputados oaxaque\u00f1os no hacen nada.","author":"grieta","date":"4 enero, 2016","format":false,"excerpt":"Istmopress. Diana Manzo, Ixtaltepec.\u2013 Presidentes municipales del Istmo de Tehuantepec donde est\u00e1n instalados los parques e\u00f3licos (El Espinal, Ixtaltepec, Juchit\u00e1n, Santo Domingo Ingenio y Uni\u00f3n Hidalgo) informaron que las empresas e\u00f3licas instaladas en sus municipios ninguna paga impuestos municipales y tampoco estatales solo federales, ante lo cual se\u00f1alaron es un\u2026","rel":"","context":"En &quot;CINTILLO&quot;","block_context":{"text":"CINTILLO","link":"https:\/\/www.grieta.org.mx\/index.php\/category\/cintillo\/"},"img":{"alt_text":"","src":"https:\/\/i0.wp.com\/www.grieta.org.mx\/wp-content\/uploads\/2018\/03\/14524434_1106112876131411_958039263622046936_o.jpg?resize=350%2C200&ssl=1","width":350,"height":200,"srcset":"https:\/\/i0.wp.com\/www.grieta.org.mx\/wp-content\/uploads\/2018\/03\/14524434_1106112876131411_958039263622046936_o.jpg?resize=350%2C200&ssl=1 1x, https:\/\/i0.wp.com\/www.grieta.org.mx\/wp-content\/uploads\/2018\/03\/14524434_1106112876131411_958039263622046936_o.jpg?resize=525%2C300&ssl=1 1.5x, https:\/\/i0.wp.com\/www.grieta.org.mx\/wp-content\/uploads\/2018\/03\/14524434_1106112876131411_958039263622046936_o.jpg?resize=700%2C400&ssl=1 2x"},"classes":[]},{"id":1893,"url":"https:\/\/www.grieta.org.mx\/index.php\/2015\/02\/02\/el-pueblo-huave-conmemora-tres-anos-defendiendo-su-territorio-de-las-empresas-eolicas\/","url_meta":{"origin":17255,"position":1},"title":"El pueblo huave conmemora tres a\u00f1os defendiendo su territorio de las empresas e\u00f3licas","author":"grieta","date":"2 febrero, 2015","format":false,"excerpt":"Oaxaca 3.0, Redacci\u00f3n, Oaxaca.- Habitantes de San Mateo, Juchit\u00e1n, \u00c1lvaro Obreg\u00f3n, Uni\u00f3n Hidalgo, y San Francisco del Mar, pobladores ind\u00edgenas que han encabezado desde hace tiempo una lucha contra las empresas e\u00f3licas en el Istmo de Tehuantepec, acudieron a San Dionisio del Mar para acompa\u00f1ar al pueblo huave en la\u2026","rel":"","context":"En &quot;CINTILLO&quot;","block_context":{"text":"CINTILLO","link":"https:\/\/www.grieta.org.mx\/index.php\/category\/cintillo\/"},"img":{"alt_text":"","src":"https:\/\/i0.wp.com\/www.grieta.org.mx\/wp-content\/uploads\/2018\/03\/14524434_1106112876131411_958039263622046936_o.jpg?resize=350%2C200&ssl=1","width":350,"height":200,"srcset":"https:\/\/i0.wp.com\/www.grieta.org.mx\/wp-content\/uploads\/2018\/03\/14524434_1106112876131411_958039263622046936_o.jpg?resize=350%2C200&ssl=1 1x, https:\/\/i0.wp.com\/www.grieta.org.mx\/wp-content\/uploads\/2018\/03\/14524434_1106112876131411_958039263622046936_o.jpg?resize=525%2C300&ssl=1 1.5x, https:\/\/i0.wp.com\/www.grieta.org.mx\/wp-content\/uploads\/2018\/03\/14524434_1106112876131411_958039263622046936_o.jpg?resize=700%2C400&ssl=1 2x"},"classes":[]},{"id":32766,"url":"https:\/\/www.grieta.org.mx\/index.php\/2019\/04\/26\/campesinos-sin-respuesta-de-eolicas-oaxaca\/","url_meta":{"origin":17255,"position":2},"title":"Campesinos, sin respuesta de e\u00f3licas (Oaxaca)","author":"grieta","date":"26 abril, 2019","format":false,"excerpt":"Noticias. Armando Orozco, Campesinos contin\u00faan bloqueando el acceso de las empresas y no permiten el ingreso de ninguna persona. Juchit\u00e1n, Oaxaca.- El presidente de la Uni\u00f3n de Propietarios de Energ\u00edas Renovables del Istmo (UPERI), Porfirio Montero Fuentes, lament\u00f3 que a casi un mes de haber iniciado una movilizaci\u00f3n, los propietarios\u2026","rel":"","context":"En &quot;CINTILLO&quot;","block_context":{"text":"CINTILLO","link":"https:\/\/www.grieta.org.mx\/index.php\/category\/cintillo\/"},"img":{"alt_text":"","src":"https:\/\/i0.wp.com\/www.grieta.org.mx\/wp-content\/uploads\/2019\/04\/image_26_321.jpg?resize=350%2C200&ssl=1","width":350,"height":200,"srcset":"https:\/\/i0.wp.com\/www.grieta.org.mx\/wp-content\/uploads\/2019\/04\/image_26_321.jpg?resize=350%2C200&ssl=1 1x, https:\/\/i0.wp.com\/www.grieta.org.mx\/wp-content\/uploads\/2019\/04\/image_26_321.jpg?resize=525%2C300&ssl=1 1.5x, https:\/\/i0.wp.com\/www.grieta.org.mx\/wp-content\/uploads\/2019\/04\/image_26_321.jpg?resize=700%2C400&ssl=1 2x, https:\/\/i0.wp.com\/www.grieta.org.mx\/wp-content\/uploads\/2019\/04\/image_26_321.jpg?resize=1050%2C600&ssl=1 3x"},"classes":[]},{"id":26570,"url":"https:\/\/www.grieta.org.mx\/index.php\/2018\/09\/17\/comunidades-del-istmo-se-suman-al-juicio-popular-contra-el-estado-y-empresas-mineras-por-depredadoras-oaxaca\/","url_meta":{"origin":17255,"position":3},"title":"Comunidades del Istmo se suman al juicio popular contra el Estado y empresas mineras por depredadoras (Oaxaca)","author":"grieta","date":"17 septiembre, 2018","format":false,"excerpt":"P\u00e1gina 3. Pedro Mat\u00edas, Oaxaca.- Comunidades, ejidos, organizaciones y colectivos en lucha contra concesiones mineras en el Istmo de Tehuantepec se sumaron al proceso de Juicio Popular comunitario contra el Estado y las empresas mineras en Oaxaca programado para el 11 y 12 de octubre del 2018. Durante el encuentro\u2026","rel":"","context":"En &quot;CINTILLO&quot;","block_context":{"text":"CINTILLO","link":"https:\/\/www.grieta.org.mx\/index.php\/category\/cintillo\/"},"img":{"alt_text":"","src":"https:\/\/i0.wp.com\/www.grieta.org.mx\/wp-content\/uploads\/2018\/09\/Juicio-Popular-comunitario.jpg?resize=350%2C200&ssl=1","width":350,"height":200,"srcset":"https:\/\/i0.wp.com\/www.grieta.org.mx\/wp-content\/uploads\/2018\/09\/Juicio-Popular-comunitario.jpg?resize=350%2C200&ssl=1 1x, https:\/\/i0.wp.com\/www.grieta.org.mx\/wp-content\/uploads\/2018\/09\/Juicio-Popular-comunitario.jpg?resize=525%2C300&ssl=1 1.5x, https:\/\/i0.wp.com\/www.grieta.org.mx\/wp-content\/uploads\/2018\/09\/Juicio-Popular-comunitario.jpg?resize=700%2C400&ssl=1 2x"},"classes":[]},{"id":1877,"url":"https:\/\/www.grieta.org.mx\/index.php\/2015\/07\/13\/rechazan-mas-eolicas-en-el-istmo\/","url_meta":{"origin":17255,"position":4},"title":"Rechazan m\u00e1s e\u00f3licas en el Istmo","author":"grieta","date":"13 julio, 2015","format":false,"excerpt":"Diana Manzo, Oaxaca San Francisco del Mar, Oax.\u00a0Unos 600 pobladores irrumpieron en la asamblea comunal que por segunda vez intentaba sesionar para determinar si se permitir\u00eda la instalaci\u00f3n de un parque e\u00f3lico en 10 mil hect\u00e1reas de tierras ejidales. La mesa directiva levant\u00f3 la sesi\u00f3n. Los inconformes, miembros de organizaciones\u2026","rel":"","context":"En &quot;CINTILLO&quot;","block_context":{"text":"CINTILLO","link":"https:\/\/www.grieta.org.mx\/index.php\/category\/cintillo\/"},"img":{"alt_text":"","src":"https:\/\/i0.wp.com\/www.grieta.org.mx\/wp-content\/uploads\/2018\/03\/14524434_1106112876131411_958039263622046936_o.jpg?resize=350%2C200&ssl=1","width":350,"height":200,"srcset":"https:\/\/i0.wp.com\/www.grieta.org.mx\/wp-content\/uploads\/2018\/03\/14524434_1106112876131411_958039263622046936_o.jpg?resize=350%2C200&ssl=1 1x, https:\/\/i0.wp.com\/www.grieta.org.mx\/wp-content\/uploads\/2018\/03\/14524434_1106112876131411_958039263622046936_o.jpg?resize=525%2C300&ssl=1 1.5x, https:\/\/i0.wp.com\/www.grieta.org.mx\/wp-content\/uploads\/2018\/03\/14524434_1106112876131411_958039263622046936_o.jpg?resize=700%2C400&ssl=1 2x"},"classes":[]},{"id":31571,"url":"https:\/\/www.grieta.org.mx\/index.php\/2019\/04\/01\/y-la-conquista-sigue-detienen-a-10-zapotecas-por-orden-de-empresas-eolicas-iberdrola-y-grupo-mexico-oaxaca\/","url_meta":{"origin":17255,"position":5},"title":"Y la Conquista sigue: detienen a 10 zapotecas por orden de empresas e\u00f3licas Iberdrola y Grupo M\u00e9xico (Oaxaca)","author":"grieta","date":"1 abril, 2019","format":false,"excerpt":"P\u00e1gina 3. Por Diana Manzo y Pedro Mat\u00edas, Mientras AMLO pide que la Corona de Espa\u00f1a pida perd\u00f3n a M\u00e9xico por la conquista aqu\u00ed siguen pisoteando a ind\u00edgenas. OAXACA, Oax. (#pagina3.mx).- Mientras el presidente Andr\u00e9s Manuel L\u00f3pez Obrador pide a la corona espa\u00f1ola perd\u00f3n por los agravios cometidos en la\u2026","rel":"","context":"En &quot;CINTILLO&quot;","block_context":{"text":"CINTILLO","link":"https:\/\/www.grieta.org.mx\/index.php\/category\/cintillo\/"},"img":{"alt_text":"","src":"https:\/\/i0.wp.com\/www.grieta.org.mx\/wp-content\/uploads\/2019\/04\/Iberdrola.jpg?resize=350%2C200&ssl=1","width":350,"height":200,"srcset":"https:\/\/i0.wp.com\/www.grieta.org.mx\/wp-content\/uploads\/2019\/04\/Iberdrola.jpg?resize=350%2C200&ssl=1 1x, https:\/\/i0.wp.com\/www.grieta.org.mx\/wp-content\/uploads\/2019\/04\/Iberdrola.jpg?resize=525%2C300&ssl=1 1.5x, https:\/\/i0.wp.com\/www.grieta.org.mx\/wp-content\/uploads\/2019\/04\/Iberdrola.jpg?resize=700%2C400&ssl=1 2x"},"classes":[]}],"_links":{"self":[{"href":"https:\/\/www.grieta.org.mx\/index.php\/wp-json\/wp\/v2\/posts\/17255","targetHints":{"allow":["GET"]}}],"collection":[{"href":"https:\/\/www.grieta.org.mx\/index.php\/wp-json\/wp\/v2\/posts"}],"about":[{"href":"https:\/\/www.grieta.org.mx\/index.php\/wp-json\/wp\/v2\/types\/post"}],"author":[{"embeddable":true,"href":"https:\/\/www.grieta.org.mx\/index.php\/wp-json\/wp\/v2\/users\/2"}],"replies":[{"embeddable":true,"href":"https:\/\/www.grieta.org.mx\/index.php\/wp-json\/wp\/v2\/comments?post=17255"}],"version-history":[{"count":1,"href":"https:\/\/www.grieta.org.mx\/index.php\/wp-json\/wp\/v2\/posts\/17255\/revisions"}],"predecessor-version":[{"id":23494,"href":"https:\/\/www.grieta.org.mx\/index.php\/wp-json\/wp\/v2\/posts\/17255\/revisions\/23494"}],"wp:featuredmedia":[{"embeddable":true,"href":"https:\/\/www.grieta.org.mx\/index.php\/wp-json\/wp\/v2\/media\/21928"}],"wp:attachment":[{"href":"https:\/\/www.grieta.org.mx\/index.php\/wp-json\/wp\/v2\/media?parent=17255"}],"wp:term":[{"taxonomy":"category","embeddable":true,"href":"https:\/\/www.grieta.org.mx\/index.php\/wp-json\/wp\/v2\/categories?post=17255"},{"taxonomy":"post_tag","embeddable":true,"href":"https:\/\/www.grieta.org.mx\/index.php\/wp-json\/wp\/v2\/tags?post=17255"}],"curies":[{"name":"wp","href":"https:\/\/api.w.org\/{rel}","templated":true}]}}