{"id":17197,"date":"2016-07-18T16:40:19","date_gmt":"2016-07-18T21:40:19","guid":{"rendered":"http:\/\/www.grieta.org.mx\/?p=17197"},"modified":"2016-07-18T16:44:05","modified_gmt":"2016-07-18T21:44:05","slug":"marchan-en-rechazo-a-la-mineria-en-ixtepec","status":"publish","type":"post","link":"https:\/\/www.grieta.org.mx\/index.php\/2016\/07\/18\/marchan-en-rechazo-a-la-mineria-en-ixtepec\/","title":{"rendered":"Marchan en rechazo a la miner\u00eda en Ixtepec"},"content":{"rendered":"<p>Diana Manzo, Oaxaca.<\/p>\n<p>Ciudad Ixtepec.- Con voz fuerte y llena de rabia, Faustina Guzm\u00e1n exclam\u00f3 su rechazo a la actividad minera en Ciudad Ixtepec, ella y otras 500 personas m\u00e1s marcharon por las principales calles para dejar claro que no aceptar\u00e1n la instalaci\u00f3n de ninguna minera.<\/p>\n<p>La edad, rasgo y condici\u00f3n social no impidieron gritar, portar una pancarta y caminar m\u00e1s de cien minutos en los que expresaron que no permitir\u00e1n que sus recursos naturales, medio ambiente y sociedad se contaminen por la explotaci\u00f3n de una mina a cielo abierto.<\/p>\n<p>Esta marcha fue convocada por el Comit\u00e9 de Defensa de la Vida y Territorio Ixtepecano, que desde hace algunos meses han compartido informaci\u00f3n al pueblo jerome\u00f1o sobre la miner\u00eda y sus implicaciones en el medio ambiente.<\/p>\n<p>En esta localidad, El consorcio Plata Real, filial de la canadiense Linear Gold Corporation, obtuvo en 2008 una concesi\u00f3n para extraer minerales del lote denominado Niza.<\/p>\n<p>Mediante esta concesi\u00f3n, con el n\u00famero T-232089, en 8 mil 150 hect\u00e1reas, la empresa pretende extraer oro y plata a cielo abierto.<\/p>\n<p>En torno a este proyecto tambi\u00e9n existe una asignaci\u00f3n minera, la cual est\u00e1 asociada a una licitaci\u00f3n que pretende llevar a cabo el Servicio Geol\u00f3gico Minero que cubre un \u00e1rea de 3850 hect\u00e1reas y fue publicada en el Diario Oficial de la Federaci\u00f3n el 18 de septiembre de 2007.<\/p>\n<p>En esta manifestaci\u00f3n tambi\u00e9n participaron ganaderos y agricultores, quienes a bordo de dos tractores manifestaron que sus tierras no ser\u00e1n para proyectos de muerte, como el minero.<\/p>\n<p>Al igual, asistieron integrantes del Colectivo en Defensa de la Tierra y el territorio de Laollaga, quienes tambi\u00e9n luchan contra dos proyectos que se pretenden instalar en su comunidad, uno minero y otro hidroel\u00e9ctrico.<\/p>\n<p>Al t\u00e9rmino de la marcha, se realiz\u00f3 un mitin informativo en el que tambi\u00e9n participaron pobladores de los 35 barrios de Ciudad Ixtepec, quienes insistieron por medio de consignas como \u00a1Ixtepec sin minas!, Si amas la vida, \u00a1Di no a la mina!, entre otras m\u00e1s.<\/p>\n<p>Rub\u00e9n Valencia, integrante del Comit\u00e9 Ixtepecano en defensa de la tierra y el territorio inform\u00f3 que no solo se lucha con un amparo de m\u00e1s de 4 mil firmas para tirar la concesi\u00f3n de Plata Real, sino que ahora tambi\u00e9n existe un recurso de asignaci\u00f3n, el cual tambi\u00e9n est\u00e1 analiz\u00e1ndose para que no se avale.<\/p>\n<p>\u201cDos permisos, el del cabildo municipal y la asamblea comunal avalar\u00e1n o rechazar\u00e1 el proyecto minero de Lote Niza, por eso estamos concientizando de barrio en barrio para que la gente, la sociedad, los hombres y mujeres de Ixtepec sean los que defiendan su tierra y territorio\u201d, concluy\u00f3.<\/p>\n<p><a href=\"http:\/\/imparcialoaxaca.mx\/istmo\/bHd\/marchan-en-rechazo-a-la-miner%C3%ADa-en-ixtepec\" target=\"_blank\">http:\/\/imparcialoaxaca.mx\/istmo\/bHd\/marchan-en-rechazo-a-la-miner%C3%ADa-en-ixtepec<\/a><\/p>\n","protected":false},"excerpt":{"rendered":"<p>Diana Manzo, Oaxaca. Ciudad Ixtepec.- Con voz fuerte y llena de rabia, Faustina Guzm\u00e1n exclam\u00f3 su rechazo a la actividad minera en Ciudad Ixtepec, ella y otras 500 personas m\u00e1s &hellip; <a href=\"https:\/\/www.grieta.org.mx\/index.php\/2016\/07\/18\/marchan-en-rechazo-a-la-mineria-en-ixtepec\/\" class=\"more-link\">Leer m\u00e1s<\/a><\/p>\n","protected":false},"author":2,"featured_media":21928,"comment_status":"closed","ping_status":"closed","sticky":false,"template":"","format":"standard","meta":{"ngg_post_thumbnail":0,"_jetpack_newsletter_access":"","_jetpack_dont_email_post_to_subs":false,"_jetpack_newsletter_tier_id":0,"_jetpack_memberships_contains_paywalled_content":false,"_jetpack_memberships_contains_paid_content":false,"footnotes":""},"categories":[80],"tags":[91,628,109,93],"class_list":["post-17197","post","type-post","status-publish","format-standard","has-post-thumbnail","hentry","category-cintillo","tag-contaminacion-ambiental","tag-defensa-del-territorio","tag-mineria","tag-oaxaca","entry"],"jetpack_featured_media_url":"https:\/\/www.grieta.org.mx\/wp-content\/uploads\/2018\/03\/14524434_1106112876131411_958039263622046936_o.jpg","jetpack_sharing_enabled":true,"jetpack_shortlink":"https:\/\/wp.me\/p7ZJR4-4tn","jetpack_likes_enabled":false,"jetpack-related-posts":[{"id":17757,"url":"https:\/\/www.grieta.org.mx\/index.php\/2016\/07\/24\/comuneros-exigiran-a-congreso-de-oaxaca-que-no-avale-proyectos-mineros\/","url_meta":{"origin":17197,"position":0},"title":"Comuneros exigir\u00e1n a Congreso de Oaxaca que no avale proyectos mineros","author":"grieta","date":"24 julio, 2016","format":false,"excerpt":"Diana Manzo, Oaxaca. IXTEPEC, Oax., (#p\u00e1gina3.mx).- Comuneros de Ciudad Ixtepec exigir\u00e1n a las y los legisladores del Congreso de Oaxaca no avalar proyectos mineros para esta localidad porque aseguraron que son proyectos de muerte que afectar\u00e1n al medio ambiente, recursos naturales y la vida misma de la comunidad zapoteca. Mediante\u2026","rel":"","context":"En &quot;CINTILLO&quot;","block_context":{"text":"CINTILLO","link":"https:\/\/www.grieta.org.mx\/index.php\/category\/cintillo\/"},"img":{"alt_text":"","src":"https:\/\/i0.wp.com\/www.grieta.org.mx\/wp-content\/uploads\/2018\/03\/14524434_1106112876131411_958039263622046936_o.jpg?resize=350%2C200&ssl=1","width":350,"height":200,"srcset":"https:\/\/i0.wp.com\/www.grieta.org.mx\/wp-content\/uploads\/2018\/03\/14524434_1106112876131411_958039263622046936_o.jpg?resize=350%2C200&ssl=1 1x, https:\/\/i0.wp.com\/www.grieta.org.mx\/wp-content\/uploads\/2018\/03\/14524434_1106112876131411_958039263622046936_o.jpg?resize=525%2C300&ssl=1 1.5x, https:\/\/i0.wp.com\/www.grieta.org.mx\/wp-content\/uploads\/2018\/03\/14524434_1106112876131411_958039263622046936_o.jpg?resize=700%2C400&ssl=1 2x"},"classes":[]},{"id":2086,"url":"https:\/\/www.grieta.org.mx\/index.php\/2016\/07\/24\/conflictos-mineros-en-oaxaca\/","url_meta":{"origin":17197,"position":1},"title":"Conflictos ambientales y sociales por miner\u00eda en Oaxaca","author":"grieta","date":"24 julio, 2016","format":false,"excerpt":"24\/07\/16. Comuneros exigir\u00e1n a Congreso de Oaxaca que no avale proyectos mineros P\u00e1gina 3 23\/07\/16. Concesiones mineras acaparan 47 mil hect\u00e1reas en el istmo Istmo Press 18\/07\/16. Marchan en rechazo a la miner\u00eda en Ixtepec El Imparcial 06\/05\/16. Manifestantes exigen, en San Jos\u00e9 del Progreso, Oaxaca, la salida de empresa\u2026","rel":"","context":"En &quot;Miner\u00eda&quot;","block_context":{"text":"Miner\u00eda","link":"https:\/\/www.grieta.org.mx\/index.php\/category\/megaproyectos\/mineria\/"},"img":{"alt_text":"","src":"https:\/\/i0.wp.com\/www.grieta.org.mx\/wp-content\/uploads\/2018\/03\/14524434_1106112876131411_958039263622046936_o.jpg?resize=350%2C200&ssl=1","width":350,"height":200,"srcset":"https:\/\/i0.wp.com\/www.grieta.org.mx\/wp-content\/uploads\/2018\/03\/14524434_1106112876131411_958039263622046936_o.jpg?resize=350%2C200&ssl=1 1x, https:\/\/i0.wp.com\/www.grieta.org.mx\/wp-content\/uploads\/2018\/03\/14524434_1106112876131411_958039263622046936_o.jpg?resize=525%2C300&ssl=1 1.5x, https:\/\/i0.wp.com\/www.grieta.org.mx\/wp-content\/uploads\/2018\/03\/14524434_1106112876131411_958039263622046936_o.jpg?resize=700%2C400&ssl=1 2x"},"classes":[]},{"id":10425,"url":"https:\/\/www.grieta.org.mx\/index.php\/2016\/04\/10\/pueblos-y-organizaciones-rechazan-minera-en-ixtepec\/","url_meta":{"origin":17197,"position":2},"title":"Pueblos y organizaciones rechazan minera en Ixtepec","author":"grieta","date":"10 abril, 2016","format":false,"excerpt":"Diana Manzo, Oaxaca CIUDAD IXTEPEC, OAX., (#p\u00e1gina3.mx).- Pueblos y organizaciones civiles, comunales, pescadores, ganaderas, de mujeres, j\u00f3venes, pueblos del Istmo de Tehuantepec, el estado de Oaxaca y a nivel nacional compartieron su experiencia en torno a la miner\u00eda en el foro informativo que organiz\u00f3 el Comit\u00e9 Ixtepecano en Defensa de\u2026","rel":"","context":"En &quot;CINTILLO&quot;","block_context":{"text":"CINTILLO","link":"https:\/\/www.grieta.org.mx\/index.php\/category\/cintillo\/"},"img":{"alt_text":"","src":"https:\/\/i0.wp.com\/www.grieta.org.mx\/wp-content\/uploads\/2018\/03\/14524434_1106112876131411_958039263622046936_o.jpg?resize=350%2C200&ssl=1","width":350,"height":200,"srcset":"https:\/\/i0.wp.com\/www.grieta.org.mx\/wp-content\/uploads\/2018\/03\/14524434_1106112876131411_958039263622046936_o.jpg?resize=350%2C200&ssl=1 1x, https:\/\/i0.wp.com\/www.grieta.org.mx\/wp-content\/uploads\/2018\/03\/14524434_1106112876131411_958039263622046936_o.jpg?resize=525%2C300&ssl=1 1.5x, https:\/\/i0.wp.com\/www.grieta.org.mx\/wp-content\/uploads\/2018\/03\/14524434_1106112876131411_958039263622046936_o.jpg?resize=700%2C400&ssl=1 2x"},"classes":[]},{"id":10418,"url":"https:\/\/www.grieta.org.mx\/index.php\/2016\/04\/14\/mujeres-de-ixtepec-rechazan-explotacion-minera\/","url_meta":{"origin":17197,"position":3},"title":"Mujeres de Ixtepec rechazan explotaci\u00f3n minera","author":"grieta","date":"14 abril, 2016","format":false,"excerpt":"Diana Manzo, Oaxaca IXTEPEC,OAX.- Mujeres que integran el Comit\u00e9 Ixtepecano en Defensa de la vida y el territorio manifestaron mediante una misiva su rechazo al proyecto minero en Ciudad Ixtepec, el cual abarca una concesi\u00f3n de 8,150 hect\u00e1reas, denominada \u201clote NIZA\u201d. Esta concesi\u00f3n minera con n\u00famero de t\u00edtulo 232089 fue\u2026","rel":"","context":"En &quot;CINTILLO&quot;","block_context":{"text":"CINTILLO","link":"https:\/\/www.grieta.org.mx\/index.php\/category\/cintillo\/"},"img":{"alt_text":"","src":"https:\/\/i0.wp.com\/www.grieta.org.mx\/wp-content\/uploads\/2018\/03\/14524434_1106112876131411_958039263622046936_o.jpg?resize=350%2C200&ssl=1","width":350,"height":200,"srcset":"https:\/\/i0.wp.com\/www.grieta.org.mx\/wp-content\/uploads\/2018\/03\/14524434_1106112876131411_958039263622046936_o.jpg?resize=350%2C200&ssl=1 1x, https:\/\/i0.wp.com\/www.grieta.org.mx\/wp-content\/uploads\/2018\/03\/14524434_1106112876131411_958039263622046936_o.jpg?resize=525%2C300&ssl=1 1.5x, https:\/\/i0.wp.com\/www.grieta.org.mx\/wp-content\/uploads\/2018\/03\/14524434_1106112876131411_958039263622046936_o.jpg?resize=700%2C400&ssl=1 2x"},"classes":[]},{"id":10628,"url":"https:\/\/www.grieta.org.mx\/index.php\/2016\/04\/19\/inician-en-ixtepec-campana-en-defensa-del-rio-de-los-perros\/","url_meta":{"origin":17197,"position":4},"title":"Inician en Ixtepec campa\u00f1a en defensa del R\u00edo de los Perros","author":"grieta","date":"19 abril, 2016","format":false,"excerpt":"Diana Manzo, Oaxaca. 19 de abril de 2016. Ixtepec, Oax. Integrantes del Comit\u00e9 Ixtepecano en Defensa de la Tierra y el Territorio iniciaron este lunes una campa\u00f1a en la comunidad Santiago Laollaga, a fin de articular acciones con los pueblos, organizaciones y vecinos de diversos municipios para defender la cuenca\u2026","rel":"","context":"En &quot;CINTILLO&quot;","block_context":{"text":"CINTILLO","link":"https:\/\/www.grieta.org.mx\/index.php\/category\/cintillo\/"},"img":{"alt_text":"","src":"https:\/\/i0.wp.com\/www.grieta.org.mx\/wp-content\/uploads\/2018\/03\/14524434_1106112876131411_958039263622046936_o.jpg?resize=350%2C200&ssl=1","width":350,"height":200,"srcset":"https:\/\/i0.wp.com\/www.grieta.org.mx\/wp-content\/uploads\/2018\/03\/14524434_1106112876131411_958039263622046936_o.jpg?resize=350%2C200&ssl=1 1x, https:\/\/i0.wp.com\/www.grieta.org.mx\/wp-content\/uploads\/2018\/03\/14524434_1106112876131411_958039263622046936_o.jpg?resize=525%2C300&ssl=1 1.5x, https:\/\/i0.wp.com\/www.grieta.org.mx\/wp-content\/uploads\/2018\/03\/14524434_1106112876131411_958039263622046936_o.jpg?resize=700%2C400&ssl=1 2x"},"classes":[]},{"id":17516,"url":"https:\/\/www.grieta.org.mx\/index.php\/2016\/07\/23\/concesiones-mineras-acaparan-47-mil-hectareas-en-el-istmo\/","url_meta":{"origin":17197,"position":5},"title":"Concesiones mineras acaparan 47 mil hect\u00e1reas en el istmo","author":"grieta","date":"23 julio, 2016","format":false,"excerpt":"Redacci\u00f3n Istmo Press #Ixtepec 23 julio (#istmopress).- En el marco del D\u00eda Mundial Contra la Megaminer\u00eda, celebrado cada 22 de julio, colectivos del Istmo de Tehuantepec participaron en el foro \u201cEstrategias de lucha para la defensa de la Madre Tierra y el territorio\u201d en la capital de Oaxaca, como parte\u2026","rel":"","context":"En &quot;CINTILLO&quot;","block_context":{"text":"CINTILLO","link":"https:\/\/www.grieta.org.mx\/index.php\/category\/cintillo\/"},"img":{"alt_text":"","src":"https:\/\/i0.wp.com\/www.grieta.org.mx\/wp-content\/uploads\/2018\/03\/14524434_1106112876131411_958039263622046936_o.jpg?resize=350%2C200&ssl=1","width":350,"height":200,"srcset":"https:\/\/i0.wp.com\/www.grieta.org.mx\/wp-content\/uploads\/2018\/03\/14524434_1106112876131411_958039263622046936_o.jpg?resize=350%2C200&ssl=1 1x, https:\/\/i0.wp.com\/www.grieta.org.mx\/wp-content\/uploads\/2018\/03\/14524434_1106112876131411_958039263622046936_o.jpg?resize=525%2C300&ssl=1 1.5x, https:\/\/i0.wp.com\/www.grieta.org.mx\/wp-content\/uploads\/2018\/03\/14524434_1106112876131411_958039263622046936_o.jpg?resize=700%2C400&ssl=1 2x"},"classes":[]}],"_links":{"self":[{"href":"https:\/\/www.grieta.org.mx\/index.php\/wp-json\/wp\/v2\/posts\/17197","targetHints":{"allow":["GET"]}}],"collection":[{"href":"https:\/\/www.grieta.org.mx\/index.php\/wp-json\/wp\/v2\/posts"}],"about":[{"href":"https:\/\/www.grieta.org.mx\/index.php\/wp-json\/wp\/v2\/types\/post"}],"author":[{"embeddable":true,"href":"https:\/\/www.grieta.org.mx\/index.php\/wp-json\/wp\/v2\/users\/2"}],"replies":[{"embeddable":true,"href":"https:\/\/www.grieta.org.mx\/index.php\/wp-json\/wp\/v2\/comments?post=17197"}],"version-history":[{"count":1,"href":"https:\/\/www.grieta.org.mx\/index.php\/wp-json\/wp\/v2\/posts\/17197\/revisions"}],"predecessor-version":[{"id":17198,"href":"https:\/\/www.grieta.org.mx\/index.php\/wp-json\/wp\/v2\/posts\/17197\/revisions\/17198"}],"wp:featuredmedia":[{"embeddable":true,"href":"https:\/\/www.grieta.org.mx\/index.php\/wp-json\/wp\/v2\/media\/21928"}],"wp:attachment":[{"href":"https:\/\/www.grieta.org.mx\/index.php\/wp-json\/wp\/v2\/media?parent=17197"}],"wp:term":[{"taxonomy":"category","embeddable":true,"href":"https:\/\/www.grieta.org.mx\/index.php\/wp-json\/wp\/v2\/categories?post=17197"},{"taxonomy":"post_tag","embeddable":true,"href":"https:\/\/www.grieta.org.mx\/index.php\/wp-json\/wp\/v2\/tags?post=17197"}],"curies":[{"name":"wp","href":"https:\/\/api.w.org\/{rel}","templated":true}]}}