{"id":1718,"date":"2016-01-26T16:37:27","date_gmt":"2016-01-26T16:37:27","guid":{"rendered":"http:\/\/50.22.11.12\/~grietaor\/?p=1718"},"modified":"2018-06-13T01:02:21","modified_gmt":"2018-06-13T06:02:21","slug":"periodista-critico-asesinado-en-oaxaca","status":"publish","type":"post","link":"https:\/\/www.grieta.org.mx\/index.php\/2016\/01\/26\/periodista-critico-asesinado-en-oaxaca\/","title":{"rendered":"Periodista cr\u00edtico asesinado en Oaxaca"},"content":{"rendered":"<p>P\u00e1gina 3.<\/p>\n<p>Agencias, Ciudad de M\u00e9xico.\u2013El Comit\u00e9 para la Protecci\u00f3n de los Periodistas (CPJ, por sus siglas en ingl\u00e9s) insta a las autoridades mexicanas investigar el asesinato de Marcos Hern\u00e1ndez Bautista, incluyendo la posibilidad de que el asesinato estuviera vinculado con su labor informativa, encontrar a todos los responsables y enjuiciarlos.<\/p>\n<p>Hern\u00e1ndez, reportero del diario Noticias, Voz e Imagen de Oaxaca, muri\u00f3 el jueves como consecuencia de un disparo en la cabeza con una pistola de 9mm, mientras se dispon\u00eda a abordar a su auto afuera de un bar en la municipalidad de San Andr\u00e9s Huaxpaltepec, en el estado de Oaxaca, seg\u00fan su peri\u00f3dico y otros informes de prensa.<\/p>\n<p>\u201cLas autoridades mexicanas deben investigar a fondo el asesinato de Marcos Hern\u00e1ndez Bautista, determinar el motivo y enjuiciar a los responsables,\u201d se\u00f1al\u00f3 Carlos Laur\u00eda, coordinador senior del programa de las Am\u00e9ricas desde Nueva York. \u201cEl gobierno de M\u00e9xico debe poner fin al ciclo de violencia e impunidad que ha convertido M\u00e9xico en uno de los pa\u00edses m\u00e1s peligrosos en el mundo para la prensa.\u201d<\/p>\n<p>Ismael Sanmart\u00edn Hern\u00e1ndez, director editorial de Noticias, Voz e Imagen de Oaxaca, indic\u00f3 al CPJ que Hern\u00e1ndez \u201cabord\u00f3 el tema de los cacicazgos locales\u201d -en referencia a caciques locales que ejercen control en zonas de la regi\u00f3n- e inform\u00f3 sobre su supuesta influencia en la pol\u00edtica local. \u201cMuchas veces ten\u00eda miedo,\u201d agreg\u00f3 Sanmart\u00edn. El director afirm\u00f3 que Hern\u00e1ndez hab\u00eda cubierto temas sensibles y sent\u00eda temor, pero no ofreci\u00f3 m\u00e1s detalles. Varios intentos por obtener m\u00e1s informaci\u00f3n por parte de Sanmart\u00edn resultaron infructuosos.<\/p>\n<p>Hern\u00e1ndez, de 38 a\u00f1os, tambi\u00e9n fue un corresponsal de la radio La Ke Buena en la municipalidad de Pinotepa Nacional y una radio comunitaria en Santiago Jamiltepec, seg\u00fan noticias locales y un colega del diario, quien habl\u00f3 con CPJ. El colega, quien pidi\u00f3 permanecer en el anonimato por temor de represalias, se\u00f1al\u00f3 que Hern\u00e1ndez cubr\u00eda temas sociales, incluyendo la pobreza, la educaci\u00f3n y la pol\u00edtica. A\u00f1adi\u00f3 que Hern\u00e1ndez hab\u00eda informado recientemente sobre protestas de residentes locales contra la construcci\u00f3n de una represa. El colega agreg\u00f3 que no sab\u00eda sobre amenazas contra Hern\u00e1ndez, pero que el periodista ten\u00eda miedo por sus informes sobre temas sensibles.<\/p>\n<p>El procurador general del estado de Oaxaca H\u00e9ctor Joaqu\u00edn Carrillo indic\u00f3 a la agencia AFP que los investigadores no hab\u00edan a\u00fan identificado un motivo.<\/p>\n<p>Sanmart\u00edn indic\u00f3 que Hern\u00e1ndez era militante de un partido pol\u00edtico izquierdista de la oposici\u00f3n, llamado MORENA, y tambi\u00e9n era un regidor de cultura en Santiago Jamiltepec. El colega que habl\u00f3 con el CPJ desde el anonimato inform\u00f3 que Hern\u00e1ndez participaba en la pol\u00edtica pero no era un militante muy prominente.<\/p>\n<p>Una columna publicada en Noticias, Voz e Imagen de Oaxaca describi\u00f3 a Hern\u00e1ndez como un periodista valiente, quien cubr\u00eda una regi\u00f3n dominada por la violencia pol\u00edtica y, cada vez m\u00e1s, por los carteles de la droga. \u201cUna y otra vez, incansable, Marcos Hern\u00e1ndez Bautista, en las p\u00e1ginas de NOTICIAS revelaba el verdadero rostro de la Costa; de las aspiraciones de su gente, de sus luchas y conflictos no s\u00f3lo con la delincuencia organizada sino con otros poderes de facto y funcionarios p\u00fablicos corruptos y bajo sospechas de estar ligados con actividades del narcotr\u00e1fico,\u201d Amado Sanmart\u00edn Hern\u00e1ndez escribi\u00f3 en el diario el fin de semana pasado.<\/p>\n<p>Dos periodistas han ca\u00eddo en cumplimiento de su labor informativa en Oaxaca en los \u00faltimos 12 meses, seg\u00fan investigaci\u00f3n por el CPJ. Filadelfo S\u00e1nchez Sarmiento fue asesinado a balazos en julio pasado, afuera de la estaci\u00f3n de radio donde conduc\u00eda un programa de noticias, en la municipalidad de Miahuatl\u00e1n de Porfirio D\u00edaz. S\u00e1nchez hab\u00eda recibido amenazas de muerte antes del ataque, seg\u00fan informes. En Mayo 2015, el cuerpo del periodista de radio Armando Salda\u00f1a Morales fue descubierto, con cuatro tiros en la cabeza, en el mismo estado.<\/p>\n<p>La violencia vinculada al narcotr\u00e1fico ha convertido a M\u00e9xico en uno de los pa\u00edses m\u00e1s peligrosos para la prensa en el mundo, seg\u00fan la investigaci\u00f3n del CPJ. M\u00e1s de 35 periodistas han sido asesinados por su trabajo desde que el CPJ comenz\u00f3 a documentar estos casos en 1992. El pa\u00eds figura octavo en el \u00cdndice de Impunidad del CPJ de 2015, que destaca los pa\u00edses donde los periodistas son asesinados y los responsables quedan libres.<\/p>\n<p>&nbsp;<\/p>\n<p><a href=\"http:\/\/pagina3.mx\/2016\/01\/periodista-critico-asesinado-en-oaxaca\/\" target=\"_blank\">pagina3.mx\/2016\/01\/periodista-critico-asesinado-en-oaxaca\/<\/a><\/p>\n","protected":false},"excerpt":{"rendered":"<p>P\u00e1gina 3. Agencias, Ciudad de M\u00e9xico.\u2013El Comit\u00e9 para la Protecci\u00f3n de los Periodistas (CPJ, por sus siglas en ingl\u00e9s) insta a las autoridades mexicanas investigar el asesinato de Marcos Hern\u00e1ndez &hellip; <a href=\"https:\/\/www.grieta.org.mx\/index.php\/2016\/01\/26\/periodista-critico-asesinado-en-oaxaca\/\" class=\"more-link\">Leer m\u00e1s<\/a><\/p>\n","protected":false},"author":2,"featured_media":21928,"comment_status":"closed","ping_status":"open","sticky":false,"template":"","format":"standard","meta":{"ngg_post_thumbnail":0,"_jetpack_newsletter_access":"","_jetpack_dont_email_post_to_subs":false,"_jetpack_newsletter_tier_id":0,"_jetpack_memberships_contains_paywalled_content":false,"_jetpack_memberships_contains_paid_content":false,"footnotes":""},"categories":[80,2,25,1339],"tags":[210,93,120],"class_list":["post-1718","post","type-post","status-publish","format-standard","has-post-thumbnail","hentry","category-cintillo","category-noticias-nacionales","category-oaxaca","category-violencia-contra-periodistas-en-oaxaca","tag-intimidacion","tag-oaxaca","tag-violencia-contra-periodistas","entry"],"jetpack_featured_media_url":"https:\/\/www.grieta.org.mx\/wp-content\/uploads\/2018\/03\/14524434_1106112876131411_958039263622046936_o.jpg","jetpack_sharing_enabled":true,"jetpack_shortlink":"https:\/\/wp.me\/p7ZJR4-rI","jetpack_likes_enabled":false,"jetpack-related-posts":[{"id":70321,"url":"https:\/\/www.grieta.org.mx\/index.php\/2024\/10\/17\/agreden-y-queman-vehiculo-de-arturo-hernandez-periodista-oaxaqueno-me-siento-totalmente-en-riesgo-oaxaca\/","url_meta":{"origin":1718,"position":0},"title":"Agreden y queman veh\u00edculo de Arturo Hern\u00e1ndez, periodista oaxaque\u00f1o: \u201c Me siento totalmente en riesgo\u201d (Oaxaca)","author":"grieta","date":"17 octubre, 2024","format":false,"excerpt":"Imagen: Cortes\u00eda del periodista Diana Manzo \/\u00a0 Itsmo Press #Oaxaca 17 Oct (#Istmopress) \u2013 La madrugada de este jueves, el veh\u00edculo del periodista oaxaque\u00f1o, Arturo Hern\u00e1ndez, director del medio informativo \u201cImpacto Publicitario\u201d fue incendiado por personas desconocidas afectando tambi\u00e9n las ventanas de su vivienda. Preocupado por la violencia y las\u2026","rel":"","context":"En &quot;CINTILLO&quot;","block_context":{"text":"CINTILLO","link":"https:\/\/www.grieta.org.mx\/index.php\/category\/cintillo\/"},"img":{"alt_text":"","src":"https:\/\/i0.wp.com\/www.grieta.org.mx\/wp-content\/uploads\/2024\/10\/1729310189725-800x445-1.jpg?resize=350%2C200&ssl=1","width":350,"height":200,"srcset":"https:\/\/i0.wp.com\/www.grieta.org.mx\/wp-content\/uploads\/2024\/10\/1729310189725-800x445-1.jpg?resize=350%2C200&ssl=1 1x, https:\/\/i0.wp.com\/www.grieta.org.mx\/wp-content\/uploads\/2024\/10\/1729310189725-800x445-1.jpg?resize=525%2C300&ssl=1 1.5x, https:\/\/i0.wp.com\/www.grieta.org.mx\/wp-content\/uploads\/2024\/10\/1729310189725-800x445-1.jpg?resize=700%2C400&ssl=1 2x"},"classes":[]},{"id":17691,"url":"https:\/\/www.grieta.org.mx\/index.php\/2016\/07\/25\/condena-la-cidh-asesinato-del-periodista-pedro-tamayo\/","url_meta":{"origin":1718,"position":1},"title":"Condena la CIDH asesinato del periodista Pedro Tamayo","author":"grieta","date":"25 julio, 2016","format":false,"excerpt":"CIUDAD DE M\u00c9XICO (apro).- La Relator\u00eda Especial para la Libertad de Expresi\u00f3n conden\u00f3 el asesinato del periodista Pedro Tamayo Rosas, ocurrido el pasado mi\u00e9rcoles 20 en la localidad de Tierra Blanca, Veracruz, e inst\u00f3 a las autoridades mexicanas a actuar de manera \u201cpronta y oportuna\u201d para investigar el crimen y\u2026","rel":"","context":"En &quot;CINTILLO&quot;","block_context":{"text":"CINTILLO","link":"https:\/\/www.grieta.org.mx\/index.php\/category\/cintillo\/"},"img":{"alt_text":"","src":"https:\/\/i0.wp.com\/www.grieta.org.mx\/wp-content\/uploads\/2018\/03\/14524434_1106112876131411_958039263622046936_o.jpg?resize=350%2C200&ssl=1","width":350,"height":200,"srcset":"https:\/\/i0.wp.com\/www.grieta.org.mx\/wp-content\/uploads\/2018\/03\/14524434_1106112876131411_958039263622046936_o.jpg?resize=350%2C200&ssl=1 1x, https:\/\/i0.wp.com\/www.grieta.org.mx\/wp-content\/uploads\/2018\/03\/14524434_1106112876131411_958039263622046936_o.jpg?resize=525%2C300&ssl=1 1.5x, https:\/\/i0.wp.com\/www.grieta.org.mx\/wp-content\/uploads\/2018\/03\/14524434_1106112876131411_958039263622046936_o.jpg?resize=700%2C400&ssl=1 2x"},"classes":[]},{"id":1715,"url":"https:\/\/www.grieta.org.mx\/index.php\/2016\/02\/11\/exigen-en-oaxaca-cesen-asesinatos-de-comunicadores\/","url_meta":{"origin":1718,"position":2},"title":"Exigen en Oaxaca cesen asesinatos de comunicadores","author":"grieta","date":"11 febrero, 2016","format":false,"excerpt":"Noticias Net. Yuri Sosa, Oaxaca de Ju\u00e1rez.- Periodistas de Oaxaca y corresponsales de medios nacionales protestaron frente al antiguo Templo de Santo Domingo de Guzm\u00e1n en el centro de esta ciudad la noche de este jueves, para exigir a las autoridades federal y estatal el esclarecimiento de los diversos cr\u00edmenes\u2026","rel":"","context":"En &quot;CINTILLO&quot;","block_context":{"text":"CINTILLO","link":"https:\/\/www.grieta.org.mx\/index.php\/category\/cintillo\/"},"img":{"alt_text":"","src":"https:\/\/i0.wp.com\/www.grieta.org.mx\/wp-content\/uploads\/2018\/03\/14524434_1106112876131411_958039263622046936_o.jpg?resize=350%2C200&ssl=1","width":350,"height":200,"srcset":"https:\/\/i0.wp.com\/www.grieta.org.mx\/wp-content\/uploads\/2018\/03\/14524434_1106112876131411_958039263622046936_o.jpg?resize=350%2C200&ssl=1 1x, https:\/\/i0.wp.com\/www.grieta.org.mx\/wp-content\/uploads\/2018\/03\/14524434_1106112876131411_958039263622046936_o.jpg?resize=525%2C300&ssl=1 1.5x, https:\/\/i0.wp.com\/www.grieta.org.mx\/wp-content\/uploads\/2018\/03\/14524434_1106112876131411_958039263622046936_o.jpg?resize=700%2C400&ssl=1 2x"},"classes":[]},{"id":1745,"url":"https:\/\/www.grieta.org.mx\/index.php\/2015\/04\/20\/asesinan-al-director-de-una-radio-comunitaria-en-oaxaca\/","url_meta":{"origin":1718,"position":3},"title":"Asesinan al director de una radio comunitaria en Oaxaca","author":"grieta","date":"20 abril, 2015","format":false,"excerpt":"Reporteros sin Fronteras, Oaxaca Reporteros sin Fronteras (RSF) denuncia el asesinado de Abel Manuel Bautista Raymundo, director y fundador de Radio Spacio 96.1, de FM, perpetrado el 14 de abril, en Juxtlahuaca. M\u00e9xico es el pa\u00eds m\u00e1s mort\u00edfero del continente americano para los actores de la informaci\u00f3n. Seg\u00fan informaci\u00f3n recabada\u2026","rel":"","context":"En &quot;CINTILLO&quot;","block_context":{"text":"CINTILLO","link":"https:\/\/www.grieta.org.mx\/index.php\/category\/cintillo\/"},"img":{"alt_text":"","src":"https:\/\/i0.wp.com\/www.grieta.org.mx\/wp-content\/uploads\/2018\/03\/14524434_1106112876131411_958039263622046936_o.jpg?resize=350%2C200&ssl=1","width":350,"height":200,"srcset":"https:\/\/i0.wp.com\/www.grieta.org.mx\/wp-content\/uploads\/2018\/03\/14524434_1106112876131411_958039263622046936_o.jpg?resize=350%2C200&ssl=1 1x, https:\/\/i0.wp.com\/www.grieta.org.mx\/wp-content\/uploads\/2018\/03\/14524434_1106112876131411_958039263622046936_o.jpg?resize=525%2C300&ssl=1 1.5x, https:\/\/i0.wp.com\/www.grieta.org.mx\/wp-content\/uploads\/2018\/03\/14524434_1106112876131411_958039263622046936_o.jpg?resize=700%2C400&ssl=1 2x"},"classes":[]},{"id":67572,"url":"https:\/\/www.grieta.org.mx\/index.php\/2023\/08\/08\/periodista-oaxaquena-denuncia-que-ataques-de-gobernador-de-oaxaca-la-ponen-en-riesgo\/","url_meta":{"origin":1718,"position":4},"title":"Periodista oaxaque\u00f1a denuncia que ataques de gobernador de Oaxaca la ponen en riesgo","author":"grieta","date":"8 agosto, 2023","format":false,"excerpt":"Imagen: P\u00e1gina3 La periodista oaxaque\u00f1a Mar\u00eda Niv\u00f3n Molano denunci\u00f3 que los ataques del Gobernador de Oaxaca la ponen en peligro,\u00a0por lo cual recibir\u00e1 protecci\u00f3n federal. Diana Manzo \/ Pag\u00edna3 Oaxaca, Oax. (p\u00e1gina3.mx).-Mar\u00eda Niv\u00f3n Molano, periodista oaxaque\u00f1a y due\u00f1a del portal de noticias \u201cPrimera l\u00ednea\u201d denunci\u00f3 ante la Defensoria de los\u2026","rel":"","context":"En &quot;CINTILLO&quot;","block_context":{"text":"CINTILLO","link":"https:\/\/www.grieta.org.mx\/index.php\/category\/cintillo\/"},"img":{"alt_text":"","src":"https:\/\/i0.wp.com\/www.grieta.org.mx\/wp-content\/uploads\/2023\/08\/GelosNivon.webp?resize=350%2C200&ssl=1","width":350,"height":200,"srcset":"https:\/\/i0.wp.com\/www.grieta.org.mx\/wp-content\/uploads\/2023\/08\/GelosNivon.webp?resize=350%2C200&ssl=1 1x, https:\/\/i0.wp.com\/www.grieta.org.mx\/wp-content\/uploads\/2023\/08\/GelosNivon.webp?resize=525%2C300&ssl=1 1.5x"},"classes":[]},{"id":27830,"url":"https:\/\/www.grieta.org.mx\/index.php\/2018\/12\/13\/amenazan-a-seis-periodistas-bajenle-de-huevos-porque-no-habra-tercer-llamado-oaxaca\/","url_meta":{"origin":1718,"position":5},"title":"Amenazan a seis periodistas; \u201cb\u00e1jenle de huevos porque no habr\u00e1 tercer llamado\u201d (Oaxaca)","author":"grieta","date":"13 diciembre, 2018","format":false,"excerpt":"P\u00e1gina 3. Pedro Mat\u00edas, Oaxaca, Oax.- \u201cB\u00e1jenle de huevos porque no abra tercer llamado\u201d, fue la amenaza a seis periodistas que presentaron su denuncia penal ante la Fiscal\u00eda General de Oaxaca ante su preocupaci\u00f3n e indignaci\u00f3n por el ambiente de violencia que permea en la entidad, la cual ya ha\u2026","rel":"","context":"En &quot;CINTILLO&quot;","block_context":{"text":"CINTILLO","link":"https:\/\/www.grieta.org.mx\/index.php\/category\/cintillo\/"},"img":{"alt_text":"","src":"https:\/\/i0.wp.com\/www.grieta.org.mx\/wp-content\/uploads\/2018\/12\/periodistas.jpg?resize=350%2C200&ssl=1","width":350,"height":200,"srcset":"https:\/\/i0.wp.com\/www.grieta.org.mx\/wp-content\/uploads\/2018\/12\/periodistas.jpg?resize=350%2C200&ssl=1 1x, https:\/\/i0.wp.com\/www.grieta.org.mx\/wp-content\/uploads\/2018\/12\/periodistas.jpg?resize=525%2C300&ssl=1 1.5x, https:\/\/i0.wp.com\/www.grieta.org.mx\/wp-content\/uploads\/2018\/12\/periodistas.jpg?resize=700%2C400&ssl=1 2x"},"classes":[]}],"_links":{"self":[{"href":"https:\/\/www.grieta.org.mx\/index.php\/wp-json\/wp\/v2\/posts\/1718","targetHints":{"allow":["GET"]}}],"collection":[{"href":"https:\/\/www.grieta.org.mx\/index.php\/wp-json\/wp\/v2\/posts"}],"about":[{"href":"https:\/\/www.grieta.org.mx\/index.php\/wp-json\/wp\/v2\/types\/post"}],"author":[{"embeddable":true,"href":"https:\/\/www.grieta.org.mx\/index.php\/wp-json\/wp\/v2\/users\/2"}],"replies":[{"embeddable":true,"href":"https:\/\/www.grieta.org.mx\/index.php\/wp-json\/wp\/v2\/comments?post=1718"}],"version-history":[{"count":1,"href":"https:\/\/www.grieta.org.mx\/index.php\/wp-json\/wp\/v2\/posts\/1718\/revisions"}],"predecessor-version":[{"id":23658,"href":"https:\/\/www.grieta.org.mx\/index.php\/wp-json\/wp\/v2\/posts\/1718\/revisions\/23658"}],"wp:featuredmedia":[{"embeddable":true,"href":"https:\/\/www.grieta.org.mx\/index.php\/wp-json\/wp\/v2\/media\/21928"}],"wp:attachment":[{"href":"https:\/\/www.grieta.org.mx\/index.php\/wp-json\/wp\/v2\/media?parent=1718"}],"wp:term":[{"taxonomy":"category","embeddable":true,"href":"https:\/\/www.grieta.org.mx\/index.php\/wp-json\/wp\/v2\/categories?post=1718"},{"taxonomy":"post_tag","embeddable":true,"href":"https:\/\/www.grieta.org.mx\/index.php\/wp-json\/wp\/v2\/tags?post=1718"}],"curies":[{"name":"wp","href":"https:\/\/api.w.org\/{rel}","templated":true}]}}