{"id":17080,"date":"2016-07-15T23:57:23","date_gmt":"2016-07-16T04:57:23","guid":{"rendered":"http:\/\/www.grieta.org.mx\/?p=17080"},"modified":"2016-07-16T23:19:48","modified_gmt":"2016-07-17T04:19:48","slug":"buscan-sin-exito-a-sus-desaparecidos-sinaloa","status":"publish","type":"post","link":"https:\/\/www.grieta.org.mx\/index.php\/2016\/07\/15\/buscan-sin-exito-a-sus-desaparecidos-sinaloa\/","title":{"rendered":"Buscan, sin \u00e9xito, a \u201csus desaparecidos\u201d (Sinaloa)"},"content":{"rendered":"<p>Belizario Reyes y Sheila Arias, Sinaloa.<\/p>\n<p>Al enterarse del hallazgo de ocho cuerpos en dos fosas clandestinas en un predio al norte del municipio, decenas de personas acudieron ayer al Servicio M\u00e9dico Forense para saber si se trataba de alguno de sus familiares desaparecidos, en su mayor\u00eda privados ilegalmente de la libertad, \u201ccondenados\u201d a convertirse en una estad\u00edstica perversa y de horror.<br \/>\nEn la funeraria donde opera este departamento de la Procuradur\u00eda General de Justicia del Estado de Sinaloa, en la Colonia Ju\u00e1rez, la gente tiene la esperanza de que se trate de ellos, para darles sepultara seg\u00fan los c\u00e1nones cat\u00f3licos y cristianos.<br \/>\nPero las v\u00edctimas no est\u00e1n en condiciones de ser identificadas, porque solamente con estudios cient\u00edficos, como las pruebas del ADN, es como se puede tener la certeza del parentesco.<br \/>\nUna se\u00f1ora quien no quiso identificarse, busc\u00f3 ayer a su hijo entre los cuerpos localizados el mi\u00e9rcoles, pero \u00e9ste no estaba entre las v\u00edctimas. Su calvario se ha prolongado durante semanas, pero se resiste a abandonar la b\u00fasqueda de su ser querido.<br \/>\nOtros buscaban hermanos, esposos o amigos. Ninguno quiso hablar, tampoco identificarse.<br \/>\nAferrados en el dolor, trataban de identificar alguna prenda que les diera la esperanza de que se trataba de sus familiares.<br \/>\nEl mismo personal de la funeraria en la que opera el Semefo, confirm\u00f3 que no hab\u00eda sido posible identificar a las v\u00edctimas localizadas en dos fosas.<br \/>\nLa Procuradur\u00eda General de Justicia del Estado tiene previsto realizar pruebas de ADN para la identificaci\u00f3n de estos ocho cuerpos y de los tres localizados el 23 de junio en el mismo terreno.<br \/>\nEl hallazgo del mi\u00e9rcoles alert\u00f3 a mujeres que son parte del grupo \u201cSabuesos de Sinaloa\u201d, con sede en Culiac\u00e1n, integradas en \u201cLas Rastreadoras\u201d del norte del estado, las cuales buscan a familiares desaparecidos desde hace a\u00f1os.<br \/>\n\u201cVamos a ir para apoyar a personas que tienen desaparecidos, queremos acompa\u00f1arlos y tambi\u00e9n queremos buscar a los nuestros. Ahora que encontraron a estas ocho personas, estamos desesperadas por salir a Mazatl\u00e1n, por saber si ah\u00ed est\u00e1 uno de los que buscamos\u201d, coment\u00f3 Alma Rosa Rojo, de 57 a\u00f1os, mujer firme y esperanzada.<br \/>\n\u00c9sta ser\u00eda la primera vez que las mujeres \u201csabueso\u201d llegar\u00edan a Mazatl\u00e1n por el hallazgo de los cuerpos.<br \/>\nAlma busca a su hermano desaparecido hace siete a\u00f1os, cuando \u00e9l ten\u00eda 47 a\u00f1os.<br \/>\n\u201cVamos a tener una entrevista con el Procurador, si nos da pase, este s\u00e1bado estamos por Mazatl\u00e1n\u201d, coment\u00f3.<\/p>\n<p>Al respecto, representantes de Las Rastreadoras de Los Mochis, informaron que a ellas les avisaron que cuatro de los ocho cuerpos no corresponden a las caracter\u00edsticas de los que ellas buscan.<\/p>\n<p><a href=\"http:\/\/beta.noroeste.com.mx\/publicaciones\/view\/buscan-sin-xito-a-sus-desaparecidos-1036528\" target=\"_blank\">http:\/\/beta.noroeste.com.mx\/publicaciones\/view\/buscan-sin-xito-a-sus-desaparecidos-1036528<\/a><\/p>\n","protected":false},"excerpt":{"rendered":"<p>Belizario Reyes y Sheila Arias, Sinaloa. Al enterarse del hallazgo de ocho cuerpos en dos fosas clandestinas en un predio al norte del municipio, decenas de personas acudieron ayer al &hellip; <a href=\"https:\/\/www.grieta.org.mx\/index.php\/2016\/07\/15\/buscan-sin-exito-a-sus-desaparecidos-sinaloa\/\" class=\"more-link\">Leer m\u00e1s<\/a><\/p>\n","protected":false},"author":2,"featured_media":21928,"comment_status":"closed","ping_status":"closed","sticky":false,"template":"","format":"standard","meta":{"ngg_post_thumbnail":0,"_jetpack_newsletter_access":"","_jetpack_dont_email_post_to_subs":false,"_jetpack_newsletter_tier_id":0,"_jetpack_memberships_contains_paywalled_content":false,"_jetpack_memberships_contains_paid_content":false,"footnotes":""},"categories":[80,164],"tags":[174,121],"class_list":["post-17080","post","type-post","status-publish","format-standard","has-post-thumbnail","hentry","category-cintillo","category-sinaloa","tag-derechos-humanos","tag-desaparecidos","entry"],"jetpack_featured_media_url":"https:\/\/www.grieta.org.mx\/wp-content\/uploads\/2018\/03\/14524434_1106112876131411_958039263622046936_o.jpg","jetpack_sharing_enabled":true,"jetpack_shortlink":"https:\/\/wp.me\/p7ZJR4-4ru","jetpack_likes_enabled":false,"jetpack-related-posts":[{"id":6886,"url":"https:\/\/www.grieta.org.mx\/index.php\/2016\/09\/14\/desaparecidos-en-sinaloa\/","url_meta":{"origin":17080,"position":0},"title":"Desaparecidos en Sinaloa","author":"grieta","date":"14 septiembre, 2016","format":false,"excerpt":"14\/09\/16. Encuentran Las Rastreadoras seis cuerpos en el norte de Sinaloa Noroeste 01\/09\/16. \u201cRastreadoras\u201d encuentran cuatro cuerpos m\u00e1s; llegan a 62. (Sinaloa) Rio Doce 30\/08\/16. Familiares exigen a Malova resultados en casos de desaparecidos en Sinaloa Proceso 03\/08\/16. \u00bfFue desaparecido en Sinaloa y sospechas en d\u00f3nde est\u00e1? Pide un permiso\u2026","rel":"","context":"En &quot;Desaparecidos&quot;","block_context":{"text":"Desaparecidos","link":"https:\/\/www.grieta.org.mx\/index.php\/category\/temas-nacionales\/desaparecidos\/"},"img":{"alt_text":"","src":"https:\/\/i0.wp.com\/www.grieta.org.mx\/wp-content\/uploads\/2018\/03\/14524434_1106112876131411_958039263622046936_o.jpg?resize=350%2C200&ssl=1","width":350,"height":200,"srcset":"https:\/\/i0.wp.com\/www.grieta.org.mx\/wp-content\/uploads\/2018\/03\/14524434_1106112876131411_958039263622046936_o.jpg?resize=350%2C200&ssl=1 1x, https:\/\/i0.wp.com\/www.grieta.org.mx\/wp-content\/uploads\/2018\/03\/14524434_1106112876131411_958039263622046936_o.jpg?resize=525%2C300&ssl=1 1.5x, https:\/\/i0.wp.com\/www.grieta.org.mx\/wp-content\/uploads\/2018\/03\/14524434_1106112876131411_958039263622046936_o.jpg?resize=700%2C400&ssl=1 2x"},"classes":[]},{"id":38815,"url":"https:\/\/www.grieta.org.mx\/index.php\/2019\/08\/31\/rastreadoras-recuerdan-con-memorial-a-sus-hijos-desaparecidos-sinaloa\/","url_meta":{"origin":17080,"position":1},"title":"Rastreadoras recuerdan con memorial a sus hijos desaparecidos (Sinaloa)","author":"grieta","date":"31 agosto, 2019","format":false,"excerpt":"Foto: El Debate Las madres hacen visibles a sus desaparecidos con sendero de piedras con fotograf\u00edas y mensajes Mirella L\u00f3pez \/ El Debate Los Mochis, Sinaloa.- Las madres no conciben en su vida la p\u00e9rdida de un hijo, otras \u00a0ni siquiera imaginan esa pena, pero para muchas la b\u00fasqueda de\u2026","rel":"","context":"En &quot;CINTILLO&quot;","block_context":{"text":"CINTILLO","link":"https:\/\/www.grieta.org.mx\/index.php\/category\/cintillo\/"},"img":{"alt_text":"","src":"https:\/\/i0.wp.com\/www.grieta.org.mx\/wp-content\/uploads\/2019\/09\/imagen_desaparecidos_x13x.jpg_1525476951.jpg?resize=350%2C200&ssl=1","width":350,"height":200,"srcset":"https:\/\/i0.wp.com\/www.grieta.org.mx\/wp-content\/uploads\/2019\/09\/imagen_desaparecidos_x13x.jpg_1525476951.jpg?resize=350%2C200&ssl=1 1x, https:\/\/i0.wp.com\/www.grieta.org.mx\/wp-content\/uploads\/2019\/09\/imagen_desaparecidos_x13x.jpg_1525476951.jpg?resize=525%2C300&ssl=1 1.5x, https:\/\/i0.wp.com\/www.grieta.org.mx\/wp-content\/uploads\/2019\/09\/imagen_desaparecidos_x13x.jpg_1525476951.jpg?resize=700%2C400&ssl=1 2x"},"classes":[]},{"id":33391,"url":"https:\/\/www.grieta.org.mx\/index.php\/2019\/05\/10\/rastreadoras-marchan-por-sus-hijos-desaparecidos-sinaloa\/","url_meta":{"origin":17080,"position":2},"title":"Rastreadoras marchan por sus hijos desaparecidos (Sinaloa)","author":"grieta","date":"10 mayo, 2019","format":false,"excerpt":"El grupo de mujeres march\u00f3\u00a0hasta la Vicefiscal\u00eda zona norte para expresar que este 10 de mayo no tienen\u00a0nada que festejar Noel Vizcarra \/ El Debate Los Mochis, Sinaloa.- Las Rastreadoras de El Fuerte llevaron a cabo una manifestaci\u00f3n en silencio para dar a conocer que no tienen que festejar este\u2026","rel":"","context":"En &quot;CINTILLO&quot;","block_context":{"text":"CINTILLO","link":"https:\/\/www.grieta.org.mx\/index.php\/category\/cintillo\/"},"img":{"alt_text":"","src":"https:\/\/i0.wp.com\/www.grieta.org.mx\/wp-content\/uploads\/2019\/05\/marcha_rastreadoras_3.jpg_219914347.jpg?resize=350%2C200&ssl=1","width":350,"height":200,"srcset":"https:\/\/i0.wp.com\/www.grieta.org.mx\/wp-content\/uploads\/2019\/05\/marcha_rastreadoras_3.jpg_219914347.jpg?resize=350%2C200&ssl=1 1x, https:\/\/i0.wp.com\/www.grieta.org.mx\/wp-content\/uploads\/2019\/05\/marcha_rastreadoras_3.jpg_219914347.jpg?resize=525%2C300&ssl=1 1.5x, https:\/\/i0.wp.com\/www.grieta.org.mx\/wp-content\/uploads\/2019\/05\/marcha_rastreadoras_3.jpg_219914347.jpg?resize=700%2C400&ssl=1 2x"},"classes":[]},{"id":33807,"url":"https:\/\/www.grieta.org.mx\/index.php\/2019\/05\/22\/rastreadoras-de-sinaloa-preparan-colecta-para-buscar-a-desaparecidos\/","url_meta":{"origin":17080,"position":3},"title":"Rastreadoras de Sinaloa preparan colecta para buscar a desaparecidos","author":"grieta","date":"22 mayo, 2019","format":false,"excerpt":"Las madres que buscan a sus desaparecidos en Sinaloa han criticado que no reciben apoyo del Gobierno del Estado\u00a0para la labor. Fernando Velasco \/ SDP Noticias El colectivo\u00a0Sabuesos Guerreras\u00a0AC realizar\u00e1 una colecta para adquirir recursos que les permitan seguir en la b\u00fasqueda de desaparecidos en la entidad. El llamado \u201cSabuesot\u00f3n\u201d\u2026","rel":"","context":"En &quot;CINTILLO&quot;","block_context":{"text":"CINTILLO","link":"https:\/\/www.grieta.org.mx\/index.php\/category\/cintillo\/"},"img":{"alt_text":"","src":"https:\/\/i0.wp.com\/www.grieta.org.mx\/wp-content\/uploads\/2019\/05\/rastreadoras_encuentran_una_fosa_clandestina_en_estacixn_rosalesx_culiacxn2.jpeg_539665225.jpeg?resize=350%2C200&ssl=1","width":350,"height":200,"srcset":"https:\/\/i0.wp.com\/www.grieta.org.mx\/wp-content\/uploads\/2019\/05\/rastreadoras_encuentran_una_fosa_clandestina_en_estacixn_rosalesx_culiacxn2.jpeg_539665225.jpeg?resize=350%2C200&ssl=1 1x, https:\/\/i0.wp.com\/www.grieta.org.mx\/wp-content\/uploads\/2019\/05\/rastreadoras_encuentran_una_fosa_clandestina_en_estacixn_rosalesx_culiacxn2.jpeg_539665225.jpeg?resize=525%2C300&ssl=1 1.5x, https:\/\/i0.wp.com\/www.grieta.org.mx\/wp-content\/uploads\/2019\/05\/rastreadoras_encuentran_una_fosa_clandestina_en_estacixn_rosalesx_culiacxn2.jpeg_539665225.jpeg?resize=700%2C400&ssl=1 2x"},"classes":[]},{"id":25893,"url":"https:\/\/www.grieta.org.mx\/index.php\/2018\/08\/27\/familiares-de-desaparecidos-no-dejaran-de-exigir-justicia-sinaloa\/","url_meta":{"origin":17080,"position":4},"title":"Familiares de desaparecidos no dejar\u00e1n de exigir justicia (Sinaloa)","author":"grieta","date":"27 agosto, 2018","format":false,"excerpt":"Retrato de los 43 estudiantes desaparecidos de Ayotzinapa en la Plazuela \u00c1lvaro Obreg\u00f3n en Culiac\u00e1n, Sinaloa. | Foto: El Debate Al lugar acudieron cientos de familiares de personas desaparecidas en todo el estado Francisca Mart\u00ednez Culiac\u00e1n, Sinaloa.- Unidos por la angustia y el dolor cada 26 de cada mes, decenas\u2026","rel":"","context":"En &quot;CINTILLO&quot;","block_context":{"text":"CINTILLO","link":"https:\/\/www.grieta.org.mx\/index.php\/category\/cintillo\/"},"img":{"alt_text":"","src":"https:\/\/i0.wp.com\/www.grieta.org.mx\/wp-content\/uploads\/2018\/08\/ayotzi_desaparecidos.jpg_539665225.jpg?resize=350%2C200&ssl=1","width":350,"height":200,"srcset":"https:\/\/i0.wp.com\/www.grieta.org.mx\/wp-content\/uploads\/2018\/08\/ayotzi_desaparecidos.jpg_539665225.jpg?resize=350%2C200&ssl=1 1x, https:\/\/i0.wp.com\/www.grieta.org.mx\/wp-content\/uploads\/2018\/08\/ayotzi_desaparecidos.jpg_539665225.jpg?resize=525%2C300&ssl=1 1.5x"},"classes":[]},{"id":34921,"url":"https:\/\/www.grieta.org.mx\/index.php\/2019\/06\/16\/nada-que-celebrar-en-el-dia-del-padre-sabuesos-guerreras-sinaloa\/","url_meta":{"origin":17080,"position":5},"title":"&#8220;Nada que celebrar&#8221; en el d\u00eda del padre: Sabuesos Guerreras (Sinaloa)","author":"grieta","date":"16 junio, 2019","format":false,"excerpt":"Jes\u00fas Verdugo \/ El Sol de Sinaloa Culiac\u00e1n,Sin.\u00a0El grupo de b\u00fasqueda de desaparecidos;\u00a0Sabuesos Guerreras A.C.\u00a0protest\u00f3 pac\u00edficamente\u00a0en el kiosko de la Plazuela Obreg\u00f3n a un costado de la Catedral colgando lonas con la leyenda \"no m\u00e1s desaparecidos\" y fotos de los hijos y familiares de sus integrantes. Mar\u00eda Isabel Bernal, dirigente\u2026","rel":"","context":"En &quot;CINTILLO&quot;","block_context":{"text":"CINTILLO","link":"https:\/\/www.grieta.org.mx\/index.php\/category\/cintillo\/"},"img":{"alt_text":"","src":"https:\/\/i0.wp.com\/www.grieta.org.mx\/wp-content\/uploads\/2019\/06\/sabuesos-guerreras-manifestacion-catedral-4-1-o89mlge361iz7fxyaf0c1tgbomndh4w4k23jcdfv60.jpeg?resize=350%2C200&ssl=1","width":350,"height":200,"srcset":"https:\/\/i0.wp.com\/www.grieta.org.mx\/wp-content\/uploads\/2019\/06\/sabuesos-guerreras-manifestacion-catedral-4-1-o89mlge361iz7fxyaf0c1tgbomndh4w4k23jcdfv60.jpeg?resize=350%2C200&ssl=1 1x, https:\/\/i0.wp.com\/www.grieta.org.mx\/wp-content\/uploads\/2019\/06\/sabuesos-guerreras-manifestacion-catedral-4-1-o89mlge361iz7fxyaf0c1tgbomndh4w4k23jcdfv60.jpeg?resize=525%2C300&ssl=1 1.5x, https:\/\/i0.wp.com\/www.grieta.org.mx\/wp-content\/uploads\/2019\/06\/sabuesos-guerreras-manifestacion-catedral-4-1-o89mlge361iz7fxyaf0c1tgbomndh4w4k23jcdfv60.jpeg?resize=700%2C400&ssl=1 2x, https:\/\/i0.wp.com\/www.grieta.org.mx\/wp-content\/uploads\/2019\/06\/sabuesos-guerreras-manifestacion-catedral-4-1-o89mlge361iz7fxyaf0c1tgbomndh4w4k23jcdfv60.jpeg?resize=1050%2C600&ssl=1 3x"},"classes":[]}],"_links":{"self":[{"href":"https:\/\/www.grieta.org.mx\/index.php\/wp-json\/wp\/v2\/posts\/17080","targetHints":{"allow":["GET"]}}],"collection":[{"href":"https:\/\/www.grieta.org.mx\/index.php\/wp-json\/wp\/v2\/posts"}],"about":[{"href":"https:\/\/www.grieta.org.mx\/index.php\/wp-json\/wp\/v2\/types\/post"}],"author":[{"embeddable":true,"href":"https:\/\/www.grieta.org.mx\/index.php\/wp-json\/wp\/v2\/users\/2"}],"replies":[{"embeddable":true,"href":"https:\/\/www.grieta.org.mx\/index.php\/wp-json\/wp\/v2\/comments?post=17080"}],"version-history":[{"count":1,"href":"https:\/\/www.grieta.org.mx\/index.php\/wp-json\/wp\/v2\/posts\/17080\/revisions"}],"predecessor-version":[{"id":17081,"href":"https:\/\/www.grieta.org.mx\/index.php\/wp-json\/wp\/v2\/posts\/17080\/revisions\/17081"}],"wp:featuredmedia":[{"embeddable":true,"href":"https:\/\/www.grieta.org.mx\/index.php\/wp-json\/wp\/v2\/media\/21928"}],"wp:attachment":[{"href":"https:\/\/www.grieta.org.mx\/index.php\/wp-json\/wp\/v2\/media?parent=17080"}],"wp:term":[{"taxonomy":"category","embeddable":true,"href":"https:\/\/www.grieta.org.mx\/index.php\/wp-json\/wp\/v2\/categories?post=17080"},{"taxonomy":"post_tag","embeddable":true,"href":"https:\/\/www.grieta.org.mx\/index.php\/wp-json\/wp\/v2\/tags?post=17080"}],"curies":[{"name":"wp","href":"https:\/\/api.w.org\/{rel}","templated":true}]}}