{"id":17061,"date":"2016-07-13T21:03:14","date_gmt":"2016-07-14T02:03:14","guid":{"rendered":"http:\/\/www.grieta.org.mx\/?p=17061"},"modified":"2016-07-16T21:10:00","modified_gmt":"2016-07-17T02:10:00","slug":"enfrentamiento-entre-maestros-y-policias-en-nuevo-leon","status":"publish","type":"post","link":"https:\/\/www.grieta.org.mx\/index.php\/2016\/07\/13\/enfrentamiento-entre-maestros-y-policias-en-nuevo-leon\/","title":{"rendered":"Enfrentamiento entre maestros y polic\u00edas en Nuevo Le\u00f3n"},"content":{"rendered":"<p>Iram Hern\u00e1ndez, Ernesto Ochoa<\/p>\n<p>Docentes se enfrentaron con elementos de Fuerza Civil por intentar romper el cerco de seguridad implementado por el gobierno estatal<\/p>\n<p><img decoding=\"async\" data-attachment-id=\"17062\" data-permalink=\"https:\/\/www.grieta.org.mx\/index.php\/2016\/07\/13\/enfrentamiento-entre-maestros-y-policias-en-nuevo-leon\/638317_enfrentamiento-maestros\/\" data-orig-file=\"https:\/\/www.grieta.org.mx\/wp-content\/uploads\/2016\/07\/638317_enfrentamiento-maestros.jpg\" data-orig-size=\"800,600\" data-comments-opened=\"0\" data-image-meta=\"{&quot;aperture&quot;:&quot;0&quot;,&quot;credit&quot;:&quot;&quot;,&quot;camera&quot;:&quot;&quot;,&quot;caption&quot;:&quot;&quot;,&quot;created_timestamp&quot;:&quot;0&quot;,&quot;copyright&quot;:&quot;&quot;,&quot;focal_length&quot;:&quot;0&quot;,&quot;iso&quot;:&quot;0&quot;,&quot;shutter_speed&quot;:&quot;0&quot;,&quot;title&quot;:&quot;&quot;,&quot;orientation&quot;:&quot;0&quot;}\" data-image-title=\"638317_enfrentamiento-maestros\" data-image-description=\"\" data-image-caption=\"\" data-medium-file=\"https:\/\/www.grieta.org.mx\/wp-content\/uploads\/2016\/07\/638317_enfrentamiento-maestros-300x225.jpg\" data-large-file=\"https:\/\/www.grieta.org.mx\/wp-content\/uploads\/2016\/07\/638317_enfrentamiento-maestros.jpg\" src=\"http:\/\/www.grieta.org.mx\/wp-content\/uploads\/2016\/07\/638317_enfrentamiento-maestros-300x225.jpg\" alt=\"638317_enfrentamiento-maestros\" width=\"100%\" class=\"aligncenter size-medium wp-image-17062\" srcset=\"https:\/\/www.grieta.org.mx\/wp-content\/uploads\/2016\/07\/638317_enfrentamiento-maestros-300x225.jpg 300w, https:\/\/www.grieta.org.mx\/wp-content\/uploads\/2016\/07\/638317_enfrentamiento-maestros-768x576.jpg 768w, https:\/\/www.grieta.org.mx\/wp-content\/uploads\/2016\/07\/638317_enfrentamiento-maestros.jpg 800w\" sizes=\"(max-width: 300px) 100vw, 300px\" \/><\/p>\n<p><img decoding=\"async\" data-attachment-id=\"17063\" data-permalink=\"https:\/\/www.grieta.org.mx\/index.php\/2016\/07\/13\/enfrentamiento-entre-maestros-y-policias-en-nuevo-leon\/638317_enfrentamiento-maestros2\/\" data-orig-file=\"https:\/\/www.grieta.org.mx\/wp-content\/uploads\/2016\/07\/638317_enfrentamiento-maestros2.jpg\" data-orig-size=\"800,465\" data-comments-opened=\"0\" data-image-meta=\"{&quot;aperture&quot;:&quot;0&quot;,&quot;credit&quot;:&quot;&quot;,&quot;camera&quot;:&quot;&quot;,&quot;caption&quot;:&quot;&quot;,&quot;created_timestamp&quot;:&quot;0&quot;,&quot;copyright&quot;:&quot;&quot;,&quot;focal_length&quot;:&quot;0&quot;,&quot;iso&quot;:&quot;0&quot;,&quot;shutter_speed&quot;:&quot;0&quot;,&quot;title&quot;:&quot;&quot;,&quot;orientation&quot;:&quot;0&quot;}\" data-image-title=\"638317_enfrentamiento-maestros2\" data-image-description=\"\" data-image-caption=\"\" data-medium-file=\"https:\/\/www.grieta.org.mx\/wp-content\/uploads\/2016\/07\/638317_enfrentamiento-maestros2-300x174.jpg\" data-large-file=\"https:\/\/www.grieta.org.mx\/wp-content\/uploads\/2016\/07\/638317_enfrentamiento-maestros2.jpg\" src=\"http:\/\/www.grieta.org.mx\/wp-content\/uploads\/2016\/07\/638317_enfrentamiento-maestros2-300x174.jpg\" alt=\"638317_enfrentamiento-maestros2\" width=\"100%\" class=\"aligncenter size-medium wp-image-17063\" srcset=\"https:\/\/www.grieta.org.mx\/wp-content\/uploads\/2016\/07\/638317_enfrentamiento-maestros2-300x174.jpg 300w, https:\/\/www.grieta.org.mx\/wp-content\/uploads\/2016\/07\/638317_enfrentamiento-maestros2-768x446.jpg 768w, https:\/\/www.grieta.org.mx\/wp-content\/uploads\/2016\/07\/638317_enfrentamiento-maestros2.jpg 800w\" sizes=\"(max-width: 300px) 100vw, 300px\" \/><\/p>\n<p>Se enfrentan maestros y elementos de Fuerza Civil. Foto: Iram Hern\u00e1ndez Hasta el momento se est\u00e1n movilizando mas polic\u00edas hacia la zona.<\/p>\n<p>Un grupo de maestros se enfrentaron con elementos de Fuerza Civil, en el cruce de Padre Mier y Escobedo, luego de que intentaran vulnerar la valla de seguridad que conduce al pasaje comercial Morelos.<\/p>\n<p>De esta forma los docentes vuelven a superar a los elementos de Fuerza Civil.<\/p>\n<p>El contingente sali\u00f3 de Palacio por la avenida Zaragoza, se moviliz\u00f3 sobre la misma avenida al sur lanzando consignas contra el gobernador del Estado y contra las autoridades, posteriormente se incorpor\u00f3 a la calle Matamoros al oriente y luego por Escobedo hacia Padre Mier, ah\u00ed el contingente del gremio se abalanz\u00f3 sobre las vallas de seguridad logrando retirar algunas m\u00e1s no han podido penetrar el cerco.<\/p>\n<p>Hasta el momento se est\u00e1n movilizando mas polic\u00edas hacia la zona del choque entre polic\u00edas y docentes.<\/p>\n<p><a href=\"http:\/\/elhorizonte.mx\/monterrey\/mas-noticias\/638317\/se-registra-enfrentamiento-entre-policias-y-maestros\" target=\"_blank\">http:\/\/elhorizonte.mx\/monterrey\/mas-noticias\/638317\/se-registra-enfrentamiento-entre-policias-y-maestros<\/a><\/p>\n","protected":false},"excerpt":{"rendered":"<p>Iram Hern\u00e1ndez, Ernesto Ochoa Docentes se enfrentaron con elementos de Fuerza Civil por intentar romper el cerco de seguridad implementado por el gobierno estatal Se enfrentan maestros y elementos de &hellip; <a href=\"https:\/\/www.grieta.org.mx\/index.php\/2016\/07\/13\/enfrentamiento-entre-maestros-y-policias-en-nuevo-leon\/\" class=\"more-link\">Leer m\u00e1s<\/a><\/p>\n","protected":false},"author":2,"featured_media":21928,"comment_status":"closed","ping_status":"closed","sticky":false,"template":"","format":"standard","meta":{"ngg_post_thumbnail":0,"_jetpack_newsletter_access":"","_jetpack_dont_email_post_to_subs":false,"_jetpack_newsletter_tier_id":0,"_jetpack_memberships_contains_paywalled_content":false,"_jetpack_memberships_contains_paid_content":false,"footnotes":""},"categories":[80,202],"tags":[805,130],"class_list":["post-17061","post","type-post","status-publish","format-standard","has-post-thumbnail","hentry","category-cintillo","category-nuevo-leon","tag-magisterio","tag-represion","entry"],"jetpack_featured_media_url":"https:\/\/www.grieta.org.mx\/wp-content\/uploads\/2018\/03\/14524434_1106112876131411_958039263622046936_o.jpg","jetpack_sharing_enabled":true,"jetpack_shortlink":"https:\/\/wp.me\/p7ZJR4-4rb","jetpack_likes_enabled":false,"jetpack-related-posts":[{"id":16087,"url":"https:\/\/www.grieta.org.mx\/index.php\/2016\/07\/07\/estado-delimita-marcha-maestros-rompen-cercos-nl\/","url_meta":{"origin":17061,"position":0},"title":"Estado delimita marcha; maestros rompen cercos (NL)","author":"grieta","date":"7 julio, 2016","format":false,"excerpt":"Con informaci\u00f3n de Eduardo Mendieta y Orlando Maldonado. Los docentes se enfrentaron con elementos de Fuerza Civil para poder tomar la avenida Constituci\u00f3n y cruzar sobre un puente peatonal hasta Morones Prieto. Tras una concentraci\u00f3n desorganizada entre varios grupos de maestros, la marcha arranc\u00f3 desde la Explanada de los H\u00e9roes,\u2026","rel":"","context":"En &quot;CINTILLO&quot;","block_context":{"text":"CINTILLO","link":"https:\/\/www.grieta.org.mx\/index.php\/category\/cintillo\/"},"img":{"alt_text":"","src":"https:\/\/i0.wp.com\/www.grieta.org.mx\/wp-content\/uploads\/2018\/03\/14524434_1106112876131411_958039263622046936_o.jpg?resize=350%2C200&ssl=1","width":350,"height":200,"srcset":"https:\/\/i0.wp.com\/www.grieta.org.mx\/wp-content\/uploads\/2018\/03\/14524434_1106112876131411_958039263622046936_o.jpg?resize=350%2C200&ssl=1 1x, https:\/\/i0.wp.com\/www.grieta.org.mx\/wp-content\/uploads\/2018\/03\/14524434_1106112876131411_958039263622046936_o.jpg?resize=525%2C300&ssl=1 1.5x, https:\/\/i0.wp.com\/www.grieta.org.mx\/wp-content\/uploads\/2018\/03\/14524434_1106112876131411_958039263622046936_o.jpg?resize=700%2C400&ssl=1 2x"},"classes":[]},{"id":17285,"url":"https:\/\/www.grieta.org.mx\/index.php\/2016\/07\/19\/hacen-maestros-mini-marcha-nl\/","url_meta":{"origin":17061,"position":1},"title":"Hacen maestros mini marcha (NL)","author":"grieta","date":"19 julio, 2016","format":false,"excerpt":"Orlando Maldonado Rodr\u00edguez Alrededor de 30 docentes partieron por la calle Zaragoza al filo de las 19:20. Una treintena de maestros realiz\u00f3 una mini marcha en apoyo al movimiento nacional por la abrogaci\u00f3n de la reforma educativa.Los docentes partieron por la calle Zaragoza al filo de las 19:20.El colectivo Maestros\u2026","rel":"","context":"En &quot;CINTILLO&quot;","block_context":{"text":"CINTILLO","link":"https:\/\/www.grieta.org.mx\/index.php\/category\/cintillo\/"},"img":{"alt_text":"","src":"https:\/\/i0.wp.com\/www.grieta.org.mx\/wp-content\/uploads\/2018\/03\/14524434_1106112876131411_958039263622046936_o.jpg?resize=350%2C200&ssl=1","width":350,"height":200,"srcset":"https:\/\/i0.wp.com\/www.grieta.org.mx\/wp-content\/uploads\/2018\/03\/14524434_1106112876131411_958039263622046936_o.jpg?resize=350%2C200&ssl=1 1x, https:\/\/i0.wp.com\/www.grieta.org.mx\/wp-content\/uploads\/2018\/03\/14524434_1106112876131411_958039263622046936_o.jpg?resize=525%2C300&ssl=1 1.5x, https:\/\/i0.wp.com\/www.grieta.org.mx\/wp-content\/uploads\/2018\/03\/14524434_1106112876131411_958039263622046936_o.jpg?resize=700%2C400&ssl=1 2x"},"classes":[]},{"id":7329,"url":"https:\/\/www.grieta.org.mx\/index.php\/2015\/11\/22\/policias-del-gobierno-de-duarte-golpean-a-maestros-y-periodistas-en-veracruz\/","url_meta":{"origin":17061,"position":2},"title":"Polic\u00edas del gobierno de Duarte golpean a maestros y periodistas en Veracruz","author":"Admin","date":"22 noviembre, 2015","format":false,"excerpt":"XALAPA, Ver. (proceso.com.mx).- Elementos de la Fuerza Civil y polic\u00edas vestidos de civil arremetieron a macanazos, patadas y toques el\u00e9ctricos contra maestros de la CNTE y SNTE que protestaban en los municipios de Xalapa, Veracruz y Boca del R\u00edo en repudio a la evaluaci\u00f3n educativa. En diversas batallas campales, la\u2026","rel":"","context":"En &quot;Movilizaciones contra la Reforma Educativa y la evaluaci\u00f3n magisterial en Veracruz&quot;","block_context":{"text":"Movilizaciones contra la Reforma Educativa y la evaluaci\u00f3n magisterial en Veracruz","link":"https:\/\/www.grieta.org.mx\/index.php\/category\/noticias-nacionales\/veracruz\/movilizaciones-contra-la-reforma-educativa-y-la-evaluacion-magisterial-en-veracruz\/"},"img":{"alt_text":"","src":"https:\/\/i0.wp.com\/www.grieta.org.mx\/wp-content\/uploads\/2018\/03\/14524434_1106112876131411_958039263622046936_o.jpg?resize=350%2C200&ssl=1","width":350,"height":200,"srcset":"https:\/\/i0.wp.com\/www.grieta.org.mx\/wp-content\/uploads\/2018\/03\/14524434_1106112876131411_958039263622046936_o.jpg?resize=350%2C200&ssl=1 1x, https:\/\/i0.wp.com\/www.grieta.org.mx\/wp-content\/uploads\/2018\/03\/14524434_1106112876131411_958039263622046936_o.jpg?resize=525%2C300&ssl=1 1.5x, https:\/\/i0.wp.com\/www.grieta.org.mx\/wp-content\/uploads\/2018\/03\/14524434_1106112876131411_958039263622046936_o.jpg?resize=700%2C400&ssl=1 2x"},"classes":[]},{"id":31977,"url":"https:\/\/www.grieta.org.mx\/index.php\/2019\/03\/27\/atenta-fuerza-civil-contra-fotoperiodista-durante-cobertura-en-penal-del-topo-chico-nuevo-leon\/","url_meta":{"origin":17061,"position":3},"title":"ATENTA FUERZA CIVIL CONTRA FOTOPERIODISTA DURANTE COBERTURA EN PENAL DEL TOPO CHICO (Nuevo Le\u00f3n)","author":"grieta","date":"27 marzo, 2019","format":false,"excerpt":"Jes\u00fas Padilla \/ Reporte \u00cdndigo La Asociaci\u00f3n Periodistas de Nuevo Le\u00f3n A.C. reprueba firmemente la dolosa actitud de elementos de Fuerza Civil, al no ser el primer incidente El fotoperiodista del peri\u00f3dico Milenio Monterrey, Ra\u00fal Palacios, fue obligado por elementos de Fuerza Civil a borrar gr\u00e1ficas durante la cobertura del\u2026","rel":"","context":"En &quot;CINTILLO&quot;","block_context":{"text":"CINTILLO","link":"https:\/\/www.grieta.org.mx\/index.php\/category\/cintillo\/"},"img":{"alt_text":"","src":"https:\/\/i0.wp.com\/www.grieta.org.mx\/wp-content\/uploads\/2019\/04\/ATENTA-FUERZA-CIVIL-CONTRA-FOTOPERIODISTA-DURANTE-COBERTURA-EN-PENAL-DEL-TOPO-CHICO-nl-abr.jpeg?resize=350%2C200&ssl=1","width":350,"height":200,"srcset":"https:\/\/i0.wp.com\/www.grieta.org.mx\/wp-content\/uploads\/2019\/04\/ATENTA-FUERZA-CIVIL-CONTRA-FOTOPERIODISTA-DURANTE-COBERTURA-EN-PENAL-DEL-TOPO-CHICO-nl-abr.jpeg?resize=350%2C200&ssl=1 1x, https:\/\/i0.wp.com\/www.grieta.org.mx\/wp-content\/uploads\/2019\/04\/ATENTA-FUERZA-CIVIL-CONTRA-FOTOPERIODISTA-DURANTE-COBERTURA-EN-PENAL-DEL-TOPO-CHICO-nl-abr.jpeg?resize=525%2C300&ssl=1 1.5x, https:\/\/i0.wp.com\/www.grieta.org.mx\/wp-content\/uploads\/2019\/04\/ATENTA-FUERZA-CIVIL-CONTRA-FOTOPERIODISTA-DURANTE-COBERTURA-EN-PENAL-DEL-TOPO-CHICO-nl-abr.jpeg?resize=700%2C400&ssl=1 2x"},"classes":[]},{"id":16578,"url":"https:\/\/www.grieta.org.mx\/index.php\/2016\/07\/11\/maestros-improvisan-marcha-en-centro-anuncian-proximas\/","url_meta":{"origin":17061,"position":4},"title":"Maestros improvisan marcha en centro; anuncian pr\u00f3ximas","author":"grieta","date":"11 julio, 2016","format":false,"excerpt":"Orlando Maldonado Sin planearlo, un grupo de docentes tom\u00f3 las calles del primer cuadro de la ciudad pues la respuesta del secretario de Gobierno no les pareci\u00f3 satisfactoria. Tras no obtener la respuesta esperada del pliego petitorio entregado el viernes pasado, aproximadamente 150 maestros de las Secciones 50 y 21\u2026","rel":"","context":"En &quot;CINTILLO&quot;","block_context":{"text":"CINTILLO","link":"https:\/\/www.grieta.org.mx\/index.php\/category\/cintillo\/"},"img":{"alt_text":"","src":"https:\/\/i0.wp.com\/www.grieta.org.mx\/wp-content\/uploads\/2018\/03\/14524434_1106112876131411_958039263622046936_o.jpg?resize=350%2C200&ssl=1","width":350,"height":200,"srcset":"https:\/\/i0.wp.com\/www.grieta.org.mx\/wp-content\/uploads\/2018\/03\/14524434_1106112876131411_958039263622046936_o.jpg?resize=350%2C200&ssl=1 1x, https:\/\/i0.wp.com\/www.grieta.org.mx\/wp-content\/uploads\/2018\/03\/14524434_1106112876131411_958039263622046936_o.jpg?resize=525%2C300&ssl=1 1.5x, https:\/\/i0.wp.com\/www.grieta.org.mx\/wp-content\/uploads\/2018\/03\/14524434_1106112876131411_958039263622046936_o.jpg?resize=700%2C400&ssl=1 2x"},"classes":[]},{"id":14805,"url":"https:\/\/www.grieta.org.mx\/index.php\/2016\/06\/22\/protestan-maestros-en-monterrey-por-la-reforma-educativa\/","url_meta":{"origin":17061,"position":5},"title":"Protestan maestros en Monterrey por la Reforma Educativa","author":"grieta","date":"22 junio, 2016","format":false,"excerpt":"Nacional 22 Jun 2016 En medio de empujones, miles de maestros de Nuevo Le\u00f3n tomaron las calles del centro de Monterrey para protestar, \u00e9ste mi\u00e9rcoles, por la Reforma Educativa y los sucesos registrados en Oaxaca, que costaron la vida de varias personas Monterrey, Nuevo Le\u00f3n.- En medio de empujones, miles\u2026","rel":"","context":"En &quot;CINTILLO&quot;","block_context":{"text":"CINTILLO","link":"https:\/\/www.grieta.org.mx\/index.php\/category\/cintillo\/"},"img":{"alt_text":"","src":"https:\/\/i0.wp.com\/www.grieta.org.mx\/wp-content\/uploads\/2018\/03\/14524434_1106112876131411_958039263622046936_o.jpg?resize=350%2C200&ssl=1","width":350,"height":200,"srcset":"https:\/\/i0.wp.com\/www.grieta.org.mx\/wp-content\/uploads\/2018\/03\/14524434_1106112876131411_958039263622046936_o.jpg?resize=350%2C200&ssl=1 1x, https:\/\/i0.wp.com\/www.grieta.org.mx\/wp-content\/uploads\/2018\/03\/14524434_1106112876131411_958039263622046936_o.jpg?resize=525%2C300&ssl=1 1.5x, https:\/\/i0.wp.com\/www.grieta.org.mx\/wp-content\/uploads\/2018\/03\/14524434_1106112876131411_958039263622046936_o.jpg?resize=700%2C400&ssl=1 2x"},"classes":[]}],"_links":{"self":[{"href":"https:\/\/www.grieta.org.mx\/index.php\/wp-json\/wp\/v2\/posts\/17061","targetHints":{"allow":["GET"]}}],"collection":[{"href":"https:\/\/www.grieta.org.mx\/index.php\/wp-json\/wp\/v2\/posts"}],"about":[{"href":"https:\/\/www.grieta.org.mx\/index.php\/wp-json\/wp\/v2\/types\/post"}],"author":[{"embeddable":true,"href":"https:\/\/www.grieta.org.mx\/index.php\/wp-json\/wp\/v2\/users\/2"}],"replies":[{"embeddable":true,"href":"https:\/\/www.grieta.org.mx\/index.php\/wp-json\/wp\/v2\/comments?post=17061"}],"version-history":[{"count":1,"href":"https:\/\/www.grieta.org.mx\/index.php\/wp-json\/wp\/v2\/posts\/17061\/revisions"}],"predecessor-version":[{"id":17064,"href":"https:\/\/www.grieta.org.mx\/index.php\/wp-json\/wp\/v2\/posts\/17061\/revisions\/17064"}],"wp:featuredmedia":[{"embeddable":true,"href":"https:\/\/www.grieta.org.mx\/index.php\/wp-json\/wp\/v2\/media\/21928"}],"wp:attachment":[{"href":"https:\/\/www.grieta.org.mx\/index.php\/wp-json\/wp\/v2\/media?parent=17061"}],"wp:term":[{"taxonomy":"category","embeddable":true,"href":"https:\/\/www.grieta.org.mx\/index.php\/wp-json\/wp\/v2\/categories?post=17061"},{"taxonomy":"post_tag","embeddable":true,"href":"https:\/\/www.grieta.org.mx\/index.php\/wp-json\/wp\/v2\/tags?post=17061"}],"curies":[{"name":"wp","href":"https:\/\/api.w.org\/{rel}","templated":true}]}}