{"id":16897,"date":"2016-07-13T19:07:39","date_gmt":"2016-07-14T00:07:39","guid":{"rendered":"http:\/\/www.grieta.org.mx\/?p=16897"},"modified":"2016-07-15T19:12:20","modified_gmt":"2016-07-16T00:12:20","slug":"sin-autorizaciones-ambientales-sagarpa-promueve-palma-africana","status":"publish","type":"post","link":"https:\/\/www.grieta.org.mx\/index.php\/2016\/07\/13\/sin-autorizaciones-ambientales-sagarpa-promueve-palma-africana\/","title":{"rendered":"Sin autorizaciones ambientales, Sagarpa promueve palma africana (Campeche)"},"content":{"rendered":"<p>Por Daniel S\u00e1nchez<\/p>\n<p>CAMPECHE, Cam. 13 de julio del 2016.- Sin permiso o autorizaci\u00f3n ambiental de por medio, la Secretar\u00eda de Agricultura, Ganader\u00eda, Desarrollo Rural, Pesca y Alimentaci\u00f3n (Sagarpa) emiti\u00f3 una convocatoria para recibir proyectos de \u201cInducci\u00f3n de palma de aceite en el estado de Campeche 2016\u201d y apoyarlos con subsidios millonarios, proveniente de los recursos p\u00fablicos federales.<\/p>\n<p>El delegado de la Sagarpa en Campeche, Cruz Alberto Uc Hern\u00e1ndez, dio a conocer el 19 de mayo, que lanzar\u00eda la convocatoria para el registro de solicitudes de la siembra de la oleaginosa, la cual tuvo y tiene abiertas las ventanillas desde el 14 de julio y se cerrar\u00e1n el 15 de julio pr\u00f3ximo, y est\u00e1 dirigida a personas morales y f\u00edsicas.<\/p>\n<p>La \u201cInducci\u00f3n\u2026\u201d, seg\u00fan informaci\u00f3n de la Direcci\u00f3n General de Fomento a la Agricultura de la Sagarpa, forma parte del componente Agroproducci\u00f3n y el subcomponente Reconversi\u00f3n y Ordenamiento Productivo, y otorga \u201cincentivos\u201d de hasta 10 mil 400 pesos por hect\u00e1rea para establecimiento del cultivo de palma africana.<\/p>\n<p>Tambi\u00e9n contempla subisidios por un monto de hasta siete mil 838 pesos por hect\u00e1rea para producci\u00f3n de planta convencional en vivero y de hasta 10 mil 412 pesos por hect\u00e1rea para producci\u00f3n de planta compacta en vivero.<\/p>\n<p>El 27 de junio, Uc Hern\u00e1ndez recort\u00f3 las expectativas del Programa Estrat\u00e9gico de Palma Africana, presentado por el ileg\u00edtimo y espurio Alejandro Moreno C\u00e1rdenas el pasado siete de marzo y asegur\u00f3 que para este a\u00f1o, s\u00f3lo ser\u00edan 10 mil de las 100 mil hect\u00e1reas que se establecer\u00edan del monocultivo en el sur del Estado.<\/p>\n<p>En reuni\u00f3n con socios de la C\u00e1mara Mexicana de la Industria de la Construcci\u00f3n, el funcionario federal manifest\u00f3 que se encuentran abiertas las ventanillas para el registro de solicitudes y el programa tiene \u201cincentivos\u201d importantes para los productores, como el apoyo del 50 por ciento en la producci\u00f3n de planta y el establecimiento de la plantaci\u00f3n, con un monto m\u00e1ximo de hasta 750 mil pesos por persona f\u00edsica.<\/p>\n<p>\u201cApoyos con el 50 por ciento en el costo de mantenimiento preproductivo en los dos primeros a\u00f1os de establecimiento, construcci\u00f3n de plantas extractoras y refinadoras, con un 50 por ciento del costo real, siempre y cuando considere la participaci\u00f3n de peque\u00f1os productores como accionistas. Se propone que el inversionista privado aporte hasta el 40 por ciento en la producci\u00f3n primaria y en el proyecto agroindustrial, la proporci\u00f3n aceptable es del 60 por ciento para los inversionistas privados\u201d, puntualiz\u00f3.<\/p>\n<p>Las \u201ccuentas alegres\u201d de \u201cAlito\u201d: 27,000 hect\u00e1reas y 18 extractoras<\/p>\n<p>D\u00edas despu\u00e9s, el cuatro de julio, Moreno C\u00e1rdenas volvi\u00f3 a sus \u201ccuentas alegres\u201d e insisti\u00f3 en que \u201cpara convertir a Campeche en el estado palmicultor del pa\u00eds, se impulsa la siembra de 100 mil hect\u00e1reas de palma de aceite, lo que generar\u00e1 una importante derrama econ\u00f3mica con la instalaci\u00f3n de 18 plantas extractoras (tres m\u00e1s que en el planteamiento inicial), el establecimiento de 30 mil hect\u00e1reas de invernadero y la generaci\u00f3n de 18 mil empleos en seis a\u00f1os\u201d.<\/p>\n<p>En la reuni\u00f3n de seguimiento del Programa de Reactivaci\u00f3n Econ\u00f3mica y Desarrollo Productivo de Campeche, \u201cAlito\u201d revel\u00f3 que \u201cya est\u00e1n comprometidas con el sector social las primeras 27 mil hect\u00e1reas, con las que arrancar\u00e1 el ambicioso proyecto productivo\u201d.<\/p>\n<p>No son requisitos autorizaciones o permisos de Semarnat<\/p>\n<p>Sin embargo, como declar\u00f3 ayer la delegada Roc\u00edo Abreu Arti\u00f1ano, la Secretar\u00eda de Medio Ambiente y Recursos Naturales (Semarnat) todav\u00eda no otorga ning\u00fan permiso, ni autorizaci\u00f3n, para la siembra masiva de la palma africana en tierras de propiedad social y privada de los municipios del sur de Campeche.<\/p>\n<p>La funcionaria dio a conocer que s\u00f3lo hay tres solicitudes para cambio de uso de suelo y sembrar palma africana, y asegur\u00f3 que hasta ahora, no ha sido autorizado uno solo.<\/p>\n<p>\u201cEn cambio de uso de suelo, no se ha autorizado nada, tenemos un asunto que est\u00e1 en revisi\u00f3n, tiene pocos d\u00edas que entr\u00f3 y hay dos MIAs (manifestaciones de impacto ambiental), pero no precisamente de cambio de uso de suelo\u201d, precis\u00f3.<\/p>\n<p>Abreu Arti\u00f1ano dej\u00f3 entrever que al ser la palma un proyecto del estado, como autoridades pueden acceder a realizar los tr\u00e1mites en oficinas centrales y la delegaci\u00f3n no intervendr\u00eda, ya que solo se encarga de casos particulares.<\/p>\n<p>En la convocatoria de la Sagarpa para recibir solicitudes de potenciales beneficiarios del proyecto \u201cInducci\u00f3n de palma de aceite en el estado de Campeche 2016\u201d, no se establecen como requisitos la autorizaci\u00f3n de cambio de uso de suelo y el permiso de impacto ambiental, emitidos por la Semarnat.<\/p>\n<p><a href=\"http:\/\/paginabierta.mx\/sitio\/sin-autorizaciones-ambientales-sagarpa-promueve-palma-africana\/\" target=\"_blank\">http:\/\/paginabierta.mx\/sitio\/sin-autorizaciones-ambientales-sagarpa-promueve-palma-africana\/<\/a><\/p>\n","protected":false},"excerpt":{"rendered":"<p>Por Daniel S\u00e1nchez CAMPECHE, Cam. 13 de julio del 2016.- Sin permiso o autorizaci\u00f3n ambiental de por medio, la Secretar\u00eda de Agricultura, Ganader\u00eda, Desarrollo Rural, Pesca y Alimentaci\u00f3n (Sagarpa) emiti\u00f3 &hellip; <a href=\"https:\/\/www.grieta.org.mx\/index.php\/2016\/07\/13\/sin-autorizaciones-ambientales-sagarpa-promueve-palma-africana\/\" class=\"more-link\">Leer m\u00e1s<\/a><\/p>\n","protected":false},"author":2,"featured_media":21928,"comment_status":"closed","ping_status":"closed","sticky":false,"template":"","format":"standard","meta":{"ngg_post_thumbnail":0,"_jetpack_newsletter_access":"","_jetpack_dont_email_post_to_subs":false,"_jetpack_newsletter_tier_id":0,"_jetpack_memberships_contains_paywalled_content":false,"_jetpack_memberships_contains_paid_content":false,"footnotes":""},"categories":[123,80],"tags":[282],"class_list":["post-16897","post","type-post","status-publish","format-standard","has-post-thumbnail","hentry","category-campeche","category-cintillo","tag-palma-africana","entry"],"jetpack_featured_media_url":"https:\/\/www.grieta.org.mx\/wp-content\/uploads\/2018\/03\/14524434_1106112876131411_958039263622046936_o.jpg","jetpack_sharing_enabled":true,"jetpack_shortlink":"https:\/\/wp.me\/p7ZJR4-4ox","jetpack_likes_enabled":false,"jetpack-related-posts":[{"id":2804,"url":"https:\/\/www.grieta.org.mx\/index.php\/2016\/07\/13\/solapan-autoridades-destruccion-ambiental-en-el-sur-por-palma-africana-2\/","url_meta":{"origin":16897,"position":0},"title":"Solapan autoridades destrucci\u00f3n ambiental en el sur, por palma africana","author":"grieta","date":"13 julio, 2016","format":false,"excerpt":"13\/07\/16. Sin autorizaciones ambientales, Sagarpa promueve palma africana (Campeche) P\u00e1gin@bierta 14\/06\/16. Intenta SDR convencer a ambientalistas sobre palma africana (Campeche) P\u00e1gin@bierta 07\/05\/16. Sin autorizaci\u00f3n de Semarnat, otros 3 grandes proyectos de palma P\u00e1gin@bierta 21\/03\/16. Proyecto estrat\u00e9gico de palma de aceite en Campeche ImagenAgropecuaria 16\/03\/16. Aflora conflicto de intereses de secretario\u2026","rel":"","context":"En &quot;Agroindustria&quot;","block_context":{"text":"Agroindustria","link":"https:\/\/www.grieta.org.mx\/index.php\/category\/megaproyectos\/agroindustria\/"},"img":{"alt_text":"","src":"https:\/\/i0.wp.com\/www.grieta.org.mx\/wp-content\/uploads\/2018\/03\/14524434_1106112876131411_958039263622046936_o.jpg?resize=350%2C200&ssl=1","width":350,"height":200,"srcset":"https:\/\/i0.wp.com\/www.grieta.org.mx\/wp-content\/uploads\/2018\/03\/14524434_1106112876131411_958039263622046936_o.jpg?resize=350%2C200&ssl=1 1x, https:\/\/i0.wp.com\/www.grieta.org.mx\/wp-content\/uploads\/2018\/03\/14524434_1106112876131411_958039263622046936_o.jpg?resize=525%2C300&ssl=1 1.5x, https:\/\/i0.wp.com\/www.grieta.org.mx\/wp-content\/uploads\/2018\/03\/14524434_1106112876131411_958039263622046936_o.jpg?resize=700%2C400&ssl=1 2x"},"classes":[]},{"id":15991,"url":"https:\/\/www.grieta.org.mx\/index.php\/2016\/03\/21\/proyecto-estrategico-de-palma-de-aceite-en-campeche\/","url_meta":{"origin":16897,"position":1},"title":"Proyecto estrat\u00e9gico de palma de aceite en Campeche","author":"grieta","date":"21 marzo, 2016","format":false,"excerpt":"La Sagarpa inform\u00f3 que se plantea establecer 100 mil hect\u00e1reas de palma de aceite en un plazo de seis a\u00f1os en Campeche, con una proyecci\u00f3n de 50 mil hect\u00e1reas dedicadas a la producci\u00f3n de este cultivo al 2018. En seguimiento a lo anunciado por el Secretario de Agricultura, Ganader\u00eda, Desarrollo\u2026","rel":"","context":"En &quot;campeche&quot;","block_context":{"text":"campeche","link":"https:\/\/www.grieta.org.mx\/index.php\/category\/campeche\/"},"img":{"alt_text":"","src":"https:\/\/i0.wp.com\/www.grieta.org.mx\/wp-content\/uploads\/2018\/03\/14524434_1106112876131411_958039263622046936_o.jpg?resize=350%2C200&ssl=1","width":350,"height":200,"srcset":"https:\/\/i0.wp.com\/www.grieta.org.mx\/wp-content\/uploads\/2018\/03\/14524434_1106112876131411_958039263622046936_o.jpg?resize=350%2C200&ssl=1 1x, https:\/\/i0.wp.com\/www.grieta.org.mx\/wp-content\/uploads\/2018\/03\/14524434_1106112876131411_958039263622046936_o.jpg?resize=525%2C300&ssl=1 1.5x, https:\/\/i0.wp.com\/www.grieta.org.mx\/wp-content\/uploads\/2018\/03\/14524434_1106112876131411_958039263622046936_o.jpg?resize=700%2C400&ssl=1 2x"},"classes":[]},{"id":19369,"url":"https:\/\/www.grieta.org.mx\/index.php\/2016\/07\/30\/sagarpa-y-la-cdi-alientan-conflictos-campeche\/","url_meta":{"origin":16897,"position":2},"title":"Sagarpa y la CDI alientan conflictos (Campeche)","author":"grieta","date":"30 julio, 2016","format":false,"excerpt":"Habitantes de 27 comunidades mayas del municipio de Hopelch\u00e9n presentar\u00e1n pruebas documentales ante el Juzgado Segundo de Distrito, de las irregularidades que se est\u00e1n cometiendo en el proceso de consulta popular, en donde la Comisi\u00f3n Nacional para el Desarrollo de los Pueblos Ind\u00edgenas (CDI) y la Secretar\u00eda de Agricultura, Ganader\u00eda,\u2026","rel":"","context":"En &quot;16. Pueblo Maya&quot;","block_context":{"text":"16. Pueblo Maya","link":"https:\/\/www.grieta.org.mx\/index.php\/category\/espejos-de-la-resistencia\/16-pueblo-maya\/"},"img":{"alt_text":"","src":"https:\/\/i0.wp.com\/www.grieta.org.mx\/wp-content\/uploads\/2018\/03\/14524434_1106112876131411_958039263622046936_o.jpg?resize=350%2C200&ssl=1","width":350,"height":200,"srcset":"https:\/\/i0.wp.com\/www.grieta.org.mx\/wp-content\/uploads\/2018\/03\/14524434_1106112876131411_958039263622046936_o.jpg?resize=350%2C200&ssl=1 1x, https:\/\/i0.wp.com\/www.grieta.org.mx\/wp-content\/uploads\/2018\/03\/14524434_1106112876131411_958039263622046936_o.jpg?resize=525%2C300&ssl=1 1.5x, https:\/\/i0.wp.com\/www.grieta.org.mx\/wp-content\/uploads\/2018\/03\/14524434_1106112876131411_958039263622046936_o.jpg?resize=700%2C400&ssl=1 2x"},"classes":[]},{"id":15811,"url":"https:\/\/www.grieta.org.mx\/index.php\/2016\/07\/02\/presencia-de-menonitas-divide-la-consulta-indigena-en-hopelchen\/","url_meta":{"origin":16897,"position":3},"title":"Presencia de menonitas divide la consulta ind\u00edgena en Hopelch\u00e9n (Campeche)","author":"grieta","date":"2 julio, 2016","format":false,"excerpt":"Robin Canul Autoridades federales realizaron en Hopelch\u00e9n, Campeche, la primera etapa de consulta al pueblo maya y lo hicieron en dos sedes para evitar enfrentamientos, ante la sorpresiva presencia de menonitas y soyeros que no estaban contemplados en los trabajos del d\u00eda. Desde muy temprano, en dos camiones de transporte\u2026","rel":"","context":"En &quot;16. Pueblo Maya&quot;","block_context":{"text":"16. Pueblo Maya","link":"https:\/\/www.grieta.org.mx\/index.php\/category\/espejos-de-la-resistencia\/16-pueblo-maya\/"},"img":{"alt_text":"","src":"https:\/\/i0.wp.com\/www.grieta.org.mx\/wp-content\/uploads\/2018\/03\/14524434_1106112876131411_958039263622046936_o.jpg?resize=350%2C200&ssl=1","width":350,"height":200,"srcset":"https:\/\/i0.wp.com\/www.grieta.org.mx\/wp-content\/uploads\/2018\/03\/14524434_1106112876131411_958039263622046936_o.jpg?resize=350%2C200&ssl=1 1x, https:\/\/i0.wp.com\/www.grieta.org.mx\/wp-content\/uploads\/2018\/03\/14524434_1106112876131411_958039263622046936_o.jpg?resize=525%2C300&ssl=1 1.5x, https:\/\/i0.wp.com\/www.grieta.org.mx\/wp-content\/uploads\/2018\/03\/14524434_1106112876131411_958039263622046936_o.jpg?resize=700%2C400&ssl=1 2x"},"classes":[]},{"id":11501,"url":"https:\/\/www.grieta.org.mx\/index.php\/2016\/04\/21\/incurririan-en-delito-monsanto-y-sagarpa\/","url_meta":{"origin":16897,"position":4},"title":"Incurrir\u00edan en delito Monsanto y Sagarpa","author":"grieta","date":"21 abril, 2016","format":false,"excerpt":"(Redacci\u00f3n\/POR ESTO!) CAMPECHE, Cam., 21 de abril.- Monsanto y Sagarpa podr\u00edan incurrir en delito federal por violaci\u00f3n de la sentencia de la SCJN, al promover la siembra de soya transg\u00e9nica en el Estado de Campeche, sin que haya finalizado el procedimiento de la consulta ind\u00edgena. Jorge Fern\u00e1ndez Mendiburo, abogado de\u2026","rel":"","context":"En &quot;16. Pueblo Maya&quot;","block_context":{"text":"16. Pueblo Maya","link":"https:\/\/www.grieta.org.mx\/index.php\/category\/espejos-de-la-resistencia\/16-pueblo-maya\/"},"img":{"alt_text":"","src":"https:\/\/i0.wp.com\/www.grieta.org.mx\/wp-content\/uploads\/2018\/03\/14524434_1106112876131411_958039263622046936_o.jpg?resize=350%2C200&ssl=1","width":350,"height":200,"srcset":"https:\/\/i0.wp.com\/www.grieta.org.mx\/wp-content\/uploads\/2018\/03\/14524434_1106112876131411_958039263622046936_o.jpg?resize=350%2C200&ssl=1 1x, https:\/\/i0.wp.com\/www.grieta.org.mx\/wp-content\/uploads\/2018\/03\/14524434_1106112876131411_958039263622046936_o.jpg?resize=525%2C300&ssl=1 1.5x, https:\/\/i0.wp.com\/www.grieta.org.mx\/wp-content\/uploads\/2018\/03\/14524434_1106112876131411_958039263622046936_o.jpg?resize=700%2C400&ssl=1 2x"},"classes":[]},{"id":12008,"url":"https:\/\/www.grieta.org.mx\/index.php\/2016\/02\/09\/sagarpa-se-adelanta-y-perjudicaria-consulta-sobre-transgenicos\/","url_meta":{"origin":16897,"position":5},"title":"Sagarpa se adelanta y perjudicar\u00eda consulta sobre transg\u00e9nicos","author":"grieta","date":"9 febrero, 2016","format":false,"excerpt":"Por Ronny Aguilar CAMPECHE, Cam. 9 de febrero del 2016.- Acciones de la Secretaria de Agricultura, Ganader\u00eda, Desarrollo Rural, Pesca y Alimentaci\u00f3n (Sagarpa) perjudicar\u00edan la consulta ordenada por la Suprema Corte de Justicia de la Naci\u00f3n con referencia a las plantaciones de soya transg\u00e9nica en comunidades mayas. Jorge Fern\u00e1ndez Mendiburu,\u2026","rel":"","context":"En &quot;16. Pueblo Maya&quot;","block_context":{"text":"16. Pueblo Maya","link":"https:\/\/www.grieta.org.mx\/index.php\/category\/espejos-de-la-resistencia\/16-pueblo-maya\/"},"img":{"alt_text":"","src":"https:\/\/i0.wp.com\/www.grieta.org.mx\/wp-content\/uploads\/2018\/03\/14524434_1106112876131411_958039263622046936_o.jpg?resize=350%2C200&ssl=1","width":350,"height":200,"srcset":"https:\/\/i0.wp.com\/www.grieta.org.mx\/wp-content\/uploads\/2018\/03\/14524434_1106112876131411_958039263622046936_o.jpg?resize=350%2C200&ssl=1 1x, https:\/\/i0.wp.com\/www.grieta.org.mx\/wp-content\/uploads\/2018\/03\/14524434_1106112876131411_958039263622046936_o.jpg?resize=525%2C300&ssl=1 1.5x, https:\/\/i0.wp.com\/www.grieta.org.mx\/wp-content\/uploads\/2018\/03\/14524434_1106112876131411_958039263622046936_o.jpg?resize=700%2C400&ssl=1 2x"},"classes":[]}],"_links":{"self":[{"href":"https:\/\/www.grieta.org.mx\/index.php\/wp-json\/wp\/v2\/posts\/16897","targetHints":{"allow":["GET"]}}],"collection":[{"href":"https:\/\/www.grieta.org.mx\/index.php\/wp-json\/wp\/v2\/posts"}],"about":[{"href":"https:\/\/www.grieta.org.mx\/index.php\/wp-json\/wp\/v2\/types\/post"}],"author":[{"embeddable":true,"href":"https:\/\/www.grieta.org.mx\/index.php\/wp-json\/wp\/v2\/users\/2"}],"replies":[{"embeddable":true,"href":"https:\/\/www.grieta.org.mx\/index.php\/wp-json\/wp\/v2\/comments?post=16897"}],"version-history":[{"count":1,"href":"https:\/\/www.grieta.org.mx\/index.php\/wp-json\/wp\/v2\/posts\/16897\/revisions"}],"predecessor-version":[{"id":16901,"href":"https:\/\/www.grieta.org.mx\/index.php\/wp-json\/wp\/v2\/posts\/16897\/revisions\/16901"}],"wp:featuredmedia":[{"embeddable":true,"href":"https:\/\/www.grieta.org.mx\/index.php\/wp-json\/wp\/v2\/media\/21928"}],"wp:attachment":[{"href":"https:\/\/www.grieta.org.mx\/index.php\/wp-json\/wp\/v2\/media?parent=16897"}],"wp:term":[{"taxonomy":"category","embeddable":true,"href":"https:\/\/www.grieta.org.mx\/index.php\/wp-json\/wp\/v2\/categories?post=16897"},{"taxonomy":"post_tag","embeddable":true,"href":"https:\/\/www.grieta.org.mx\/index.php\/wp-json\/wp\/v2\/tags?post=16897"}],"curies":[{"name":"wp","href":"https:\/\/api.w.org\/{rel}","templated":true}]}}