{"id":1685,"date":"2016-02-11T15:11:38","date_gmt":"2016-02-11T15:11:38","guid":{"rendered":"http:\/\/50.22.11.12\/~grietaor\/?p=1685"},"modified":"2018-06-24T23:29:09","modified_gmt":"2018-06-25T04:29:09","slug":"cumple-15-dia-paro-trabajadores-de-la-salud","status":"publish","type":"post","link":"https:\/\/www.grieta.org.mx\/index.php\/2016\/02\/11\/cumple-15-dia-paro-trabajadores-de-la-salud\/","title":{"rendered":"Cumple 15 d\u00eda paro trabajadores de la salud"},"content":{"rendered":"<p>Istmopress.<\/p>\n<p>Diana Manzo, <\/p>\n<p>Juchit\u00e1n, Oaxaca.- Unos mil 500 Trabajadores de 17 Delegaciones de los Servicios de Salud de Oaxaca del Istmo de Tehuantepec cumplieron quince d\u00edas de paro de labores en las unidades de salud, debido a la falta de insumos, medicamento y equipos medicos.<\/p>\n<p>El personal de salud solo brinda servicio de urgencia y hospitalizaci\u00f3n en los seis hospitales del Istmo de Tehuantepec (Juchit\u00e1n, Salina Cruz, Ciudad Ixtepec, Tapanatepec, Tehuantepec y Mar\u00eda Lombardo), aseguran que el apoyo ha llegado a cuenta gotas de parte del gobierno de Oaxaca a trav\u00e9s del encargado del despacho de los SSO, H\u00e9ctor Gonz\u00e1lez Hern\u00e1ndez.<\/p>\n<p>En conferencia de medios, el dirigente de los trabajadores de la subsecci\u00f3n 02 Istmo, Rodolfo Mart\u00ednez neg\u00f3 que los casos del virus del zika en esta regi\u00f3n de Oaxaca vayan en aumento debido al paro de labores que mantienen, asegur\u00f3 que est\u00e1n consientes de la problem\u00e1tica y est\u00e1n apoyando en todas las actividades de prevenci\u00f3n en las localidades de mayor alerta.<\/p>\n<p>Acompa\u00f1ado de integrantes del Sindicato de la Subsecci\u00f3n 02 Istmo afiliados al Sindicato de Trabajadores del Sector Salud (SNTSS) Secci\u00f3n 35 resalt\u00f3 que no es capricho de unos cuantos y tampoco es flojera de otros que las unidades de salud permanezcan cerradas, sino es por la falta de insumos y medicinas.<\/p>\n<p>Dijo que ser\u00eda una pena que alguna embarazada llegar\u00e1 de urgencias a uno de los Hospitales con s\u00edntomas del virus del zika y no se le pudiera realizar el ultrasonido, debido a que se encuentran descompuestos y en mal estado.<\/p>\n<p>\u201cPedimos la comprensi\u00f3n de nuestra ciudadan\u00eda, no se trata de trabajar con \u00e9tica o no, pero nos vemos en la necesidad de cerrar, porque estamos en un colapso en los Hospitales, principalmente el de Juchit\u00e1n y Salina Cruz, los cuales por la escases de medicamentos e insumos es imposible dar atenci\u00f3n a la ciudadan\u00eda de forma integral, por lo que es preferible cerrar para no poner en riesgo la salud de los ciudadanos\u201d, expres\u00f3.<\/p>\n<p>Finalmente a\u00f1adi\u00f3 que existe una gran irresponsabilidad de las autoridades, quienes lo \u00fanico que hacen en las mesas de negociaciones es calendarizar los acuerdos, ha hartado a la base sindical del sector salud, quienes manifestaron que era urgente realizar un paro de labores en la capital del estado de Oaxaca, con la esperanza de obtener respuestas favorables.<\/p>\n<p><a href=\"http:\/\/www.istmopress.com.mx\/istmo\/cumple-15-dia-paro-trabajadores-de-la-salud\/\" target=\"_blank\">www.istmopress.com.mx\/istmo\/cumple-15-dia-paro-trabajadores-de-la-salud\/<\/a><\/p>\n","protected":false},"excerpt":{"rendered":"<p>Istmopress. Diana Manzo, Juchit\u00e1n, Oaxaca.- Unos mil 500 Trabajadores de 17 Delegaciones de los Servicios de Salud de Oaxaca del Istmo de Tehuantepec cumplieron quince d\u00edas de paro de labores &hellip; <a href=\"https:\/\/www.grieta.org.mx\/index.php\/2016\/02\/11\/cumple-15-dia-paro-trabajadores-de-la-salud\/\" class=\"more-link\">Leer m\u00e1s<\/a><\/p>\n","protected":false},"author":2,"featured_media":21928,"comment_status":"closed","ping_status":"open","sticky":false,"template":"","format":"standard","meta":{"ngg_post_thumbnail":0,"_jetpack_newsletter_access":"","_jetpack_dont_email_post_to_subs":false,"_jetpack_newsletter_tier_id":0,"_jetpack_memberships_contains_paywalled_content":false,"_jetpack_memberships_contains_paid_content":false,"footnotes":""},"categories":[80,1355,2,25],"tags":[113,105,93,149],"class_list":["post-1685","post","type-post","status-publish","format-standard","has-post-thumbnail","hentry","category-cintillo","category-conflictos-laborales-en-oaxaca","category-noticias-nacionales","category-oaxaca","tag-conflictos-laborales","tag-derechos-laborales","tag-oaxaca","tag-salud","entry"],"jetpack_featured_media_url":"https:\/\/www.grieta.org.mx\/wp-content\/uploads\/2018\/03\/14524434_1106112876131411_958039263622046936_o.jpg","jetpack_sharing_enabled":true,"jetpack_shortlink":"https:\/\/wp.me\/p7ZJR4-rb","jetpack_likes_enabled":false,"jetpack-related-posts":[{"id":1687,"url":"https:\/\/www.grieta.org.mx\/index.php\/2016\/01\/26\/paran-labores-trabajadores-del-sector-salud-en-el-istmo\/","url_meta":{"origin":1685,"position":0},"title":"Paran labores trabajadores del Sector Salud en el Istmo","author":"grieta","date":"26 enero, 2016","format":false,"excerpt":"P\u00e1gina 3. Diana Manzo, Juchit\u00e1n, Oaxaca.- Unos mil 1550 trabajadores del \u00e1rea administrativa de 17 delegaciones de salud adheridos a los Servicios de Salud de Oaxaca en el Istmo de Tehuantepec pararon labores y exigen al gobierno del estado, federal y al \u00e1rea de seguro popular, cumplimiento de sus demandas\u2026","rel":"","context":"En &quot;CINTILLO&quot;","block_context":{"text":"CINTILLO","link":"https:\/\/www.grieta.org.mx\/index.php\/category\/cintillo\/"},"img":{"alt_text":"","src":"https:\/\/i0.wp.com\/www.grieta.org.mx\/wp-content\/uploads\/2018\/03\/14524434_1106112876131411_958039263622046936_o.jpg?resize=350%2C200&ssl=1","width":350,"height":200,"srcset":"https:\/\/i0.wp.com\/www.grieta.org.mx\/wp-content\/uploads\/2018\/03\/14524434_1106112876131411_958039263622046936_o.jpg?resize=350%2C200&ssl=1 1x, https:\/\/i0.wp.com\/www.grieta.org.mx\/wp-content\/uploads\/2018\/03\/14524434_1106112876131411_958039263622046936_o.jpg?resize=525%2C300&ssl=1 1.5x, https:\/\/i0.wp.com\/www.grieta.org.mx\/wp-content\/uploads\/2018\/03\/14524434_1106112876131411_958039263622046936_o.jpg?resize=700%2C400&ssl=1 2x"},"classes":[]},{"id":14577,"url":"https:\/\/www.grieta.org.mx\/index.php\/2016\/06\/17\/se-suman-trabajadores-del-sector-salud-en-apoyo-a-la-seccion-22-istmo\/","url_meta":{"origin":1685,"position":1},"title":"Se suman trabajadores del sector Salud en apoyo a la secci\u00f3n 22 Istmo","author":"grieta","date":"17 junio, 2016","format":false,"excerpt":"Istmopress. E. Santiago, Tehuantepec, Oaxaca, 17 junio.- Trabajadores del sector Salud, IMSS e ISSSTE, marcharon en esta ciudad para sumarse al bloqueo que mantienen padres de familia y maestros de la secci\u00f3n 22, a la altura del campo rojo, en la carretera Panamericana. Los m\u00e9dicos, enfermeras y administrativos partieron con\u2026","rel":"","context":"En &quot;CINTILLO&quot;","block_context":{"text":"CINTILLO","link":"https:\/\/www.grieta.org.mx\/index.php\/category\/cintillo\/"},"img":{"alt_text":"","src":"https:\/\/i0.wp.com\/www.grieta.org.mx\/wp-content\/uploads\/2018\/03\/14524434_1106112876131411_958039263622046936_o.jpg?resize=350%2C200&ssl=1","width":350,"height":200,"srcset":"https:\/\/i0.wp.com\/www.grieta.org.mx\/wp-content\/uploads\/2018\/03\/14524434_1106112876131411_958039263622046936_o.jpg?resize=350%2C200&ssl=1 1x, https:\/\/i0.wp.com\/www.grieta.org.mx\/wp-content\/uploads\/2018\/03\/14524434_1106112876131411_958039263622046936_o.jpg?resize=525%2C300&ssl=1 1.5x, https:\/\/i0.wp.com\/www.grieta.org.mx\/wp-content\/uploads\/2018\/03\/14524434_1106112876131411_958039263622046936_o.jpg?resize=700%2C400&ssl=1 2x"},"classes":[]},{"id":15387,"url":"https:\/\/www.grieta.org.mx\/index.php\/2016\/06\/23\/marchan-en-el-istmo-contra-la-universalizacion-de-la-salud\/","url_meta":{"origin":1685,"position":2},"title":"Marchan en el istmo contra la Universalizaci\u00f3n de la Salud","author":"grieta","date":"23 junio, 2016","format":false,"excerpt":"E. Santiago, Oaxaca. #SalinaCruz 23 jun (#Istmopress) .- Al grito de \u201cVa a caer, va a caer la reforma va a caer\u201d, as\u00ed marcharon esta trabajadores del sector Salud en este municipio. Esta marcha que parti\u00f3 frente a la cl\u00ednica del Instituto Mexicano del Seguro Social IMSS, tambi\u00e9n fue en\u2026","rel":"","context":"En &quot;CINTILLO&quot;","block_context":{"text":"CINTILLO","link":"https:\/\/www.grieta.org.mx\/index.php\/category\/cintillo\/"},"img":{"alt_text":"","src":"https:\/\/i0.wp.com\/www.grieta.org.mx\/wp-content\/uploads\/2018\/03\/14524434_1106112876131411_958039263622046936_o.jpg?resize=350%2C200&ssl=1","width":350,"height":200,"srcset":"https:\/\/i0.wp.com\/www.grieta.org.mx\/wp-content\/uploads\/2018\/03\/14524434_1106112876131411_958039263622046936_o.jpg?resize=350%2C200&ssl=1 1x, https:\/\/i0.wp.com\/www.grieta.org.mx\/wp-content\/uploads\/2018\/03\/14524434_1106112876131411_958039263622046936_o.jpg?resize=525%2C300&ssl=1 1.5x, https:\/\/i0.wp.com\/www.grieta.org.mx\/wp-content\/uploads\/2018\/03\/14524434_1106112876131411_958039263622046936_o.jpg?resize=700%2C400&ssl=1 2x"},"classes":[]},{"id":15382,"url":"https:\/\/www.grieta.org.mx\/index.php\/2016\/06\/22\/cumplen-una-semana-de-paro-en-hospitales-del-istmo\/","url_meta":{"origin":1685,"position":3},"title":"Cumplen una semana de paro en Hospitales del Istmo","author":"grieta","date":"22 junio, 2016","format":false,"excerpt":"Diana Manzo, Aguascalientes #Juchit\u00e1n 22 jun (#Istmopress) .- Trabajadores de los Servicios de Salud de Oaxaca (SSO) en la regi\u00f3n del Istmo de Tehuantepec cumplieron una semana de paro de labores en Hospitales debido a la falta de insumos, medicamentos e infraestructura. En los hospitales de Juchit\u00e1n, Ixtepec, Salina Cruz\u2026","rel":"","context":"En &quot;CINTILLO&quot;","block_context":{"text":"CINTILLO","link":"https:\/\/www.grieta.org.mx\/index.php\/category\/cintillo\/"},"img":{"alt_text":"","src":"https:\/\/i0.wp.com\/www.grieta.org.mx\/wp-content\/uploads\/2018\/03\/14524434_1106112876131411_958039263622046936_o.jpg?resize=350%2C200&ssl=1","width":350,"height":200,"srcset":"https:\/\/i0.wp.com\/www.grieta.org.mx\/wp-content\/uploads\/2018\/03\/14524434_1106112876131411_958039263622046936_o.jpg?resize=350%2C200&ssl=1 1x, https:\/\/i0.wp.com\/www.grieta.org.mx\/wp-content\/uploads\/2018\/03\/14524434_1106112876131411_958039263622046936_o.jpg?resize=525%2C300&ssl=1 1.5x, https:\/\/i0.wp.com\/www.grieta.org.mx\/wp-content\/uploads\/2018\/03\/14524434_1106112876131411_958039263622046936_o.jpg?resize=700%2C400&ssl=1 2x"},"classes":[]},{"id":14587,"url":"https:\/\/www.grieta.org.mx\/index.php\/2016\/06\/18\/marchan-trabajadores-de-salud-en-apoyo-a-la-s-22-oax\/","url_meta":{"origin":1685,"position":4},"title":"Marchan trabajadores de Salud en apoyo a la S-22 (Oaxaca)","author":"grieta","date":"18 junio, 2016","format":false,"excerpt":"Imparcial. Diana Manzo, Tehuantepec, Oaxaca.\u2013 Unos 500 trabajadores de los Servicios de Salud de Oaxaca (SSO), IMSS e ISSSTE marcharon en Tehuantepec para solidarizarse a las acciones que ha encabezado la Secci\u00f3n 22 de la CNTE ante el rechazo a las reformas estructurales y la demanda de insumos. Con pancartas,\u2026","rel":"","context":"En &quot;CINTILLO&quot;","block_context":{"text":"CINTILLO","link":"https:\/\/www.grieta.org.mx\/index.php\/category\/cintillo\/"},"img":{"alt_text":"","src":"https:\/\/i0.wp.com\/www.grieta.org.mx\/wp-content\/uploads\/2018\/03\/14524434_1106112876131411_958039263622046936_o.jpg?resize=350%2C200&ssl=1","width":350,"height":200,"srcset":"https:\/\/i0.wp.com\/www.grieta.org.mx\/wp-content\/uploads\/2018\/03\/14524434_1106112876131411_958039263622046936_o.jpg?resize=350%2C200&ssl=1 1x, https:\/\/i0.wp.com\/www.grieta.org.mx\/wp-content\/uploads\/2018\/03\/14524434_1106112876131411_958039263622046936_o.jpg?resize=525%2C300&ssl=1 1.5x, https:\/\/i0.wp.com\/www.grieta.org.mx\/wp-content\/uploads\/2018\/03\/14524434_1106112876131411_958039263622046936_o.jpg?resize=700%2C400&ssl=1 2x"},"classes":[]},{"id":14325,"url":"https:\/\/www.grieta.org.mx\/index.php\/2016\/06\/13\/paran-labores-en-hospital-general-de-juchitan\/","url_meta":{"origin":1685,"position":5},"title":"Paran labores en Hospital General de Juchit\u00e1n","author":"grieta","date":"13 junio, 2016","format":false,"excerpt":"P\u00e1gina 3. Diana Manzo, Juchit\u00e1n, Oaxaca.- Sin insumos, medicamentos y demanda de uniformes trabajadores del Sector Salud que laboran en el Hospital General \u201cMacedonio Ben\u00edtez Fuentes\u201d pararon labores y se mantienen en asamblea permanente. Los trabajadores se mantuvieron de brazos ca\u00eddos en el \u00e1rea administrativa y solo se atendi\u00f3 urgencias\u2026","rel":"","context":"En &quot;CINTILLO&quot;","block_context":{"text":"CINTILLO","link":"https:\/\/www.grieta.org.mx\/index.php\/category\/cintillo\/"},"img":{"alt_text":"","src":"https:\/\/i0.wp.com\/www.grieta.org.mx\/wp-content\/uploads\/2018\/03\/14524434_1106112876131411_958039263622046936_o.jpg?resize=350%2C200&ssl=1","width":350,"height":200,"srcset":"https:\/\/i0.wp.com\/www.grieta.org.mx\/wp-content\/uploads\/2018\/03\/14524434_1106112876131411_958039263622046936_o.jpg?resize=350%2C200&ssl=1 1x, https:\/\/i0.wp.com\/www.grieta.org.mx\/wp-content\/uploads\/2018\/03\/14524434_1106112876131411_958039263622046936_o.jpg?resize=525%2C300&ssl=1 1.5x, https:\/\/i0.wp.com\/www.grieta.org.mx\/wp-content\/uploads\/2018\/03\/14524434_1106112876131411_958039263622046936_o.jpg?resize=700%2C400&ssl=1 2x"},"classes":[]}],"_links":{"self":[{"href":"https:\/\/www.grieta.org.mx\/index.php\/wp-json\/wp\/v2\/posts\/1685","targetHints":{"allow":["GET"]}}],"collection":[{"href":"https:\/\/www.grieta.org.mx\/index.php\/wp-json\/wp\/v2\/posts"}],"about":[{"href":"https:\/\/www.grieta.org.mx\/index.php\/wp-json\/wp\/v2\/types\/post"}],"author":[{"embeddable":true,"href":"https:\/\/www.grieta.org.mx\/index.php\/wp-json\/wp\/v2\/users\/2"}],"replies":[{"embeddable":true,"href":"https:\/\/www.grieta.org.mx\/index.php\/wp-json\/wp\/v2\/comments?post=1685"}],"version-history":[{"count":1,"href":"https:\/\/www.grieta.org.mx\/index.php\/wp-json\/wp\/v2\/posts\/1685\/revisions"}],"predecessor-version":[{"id":23974,"href":"https:\/\/www.grieta.org.mx\/index.php\/wp-json\/wp\/v2\/posts\/1685\/revisions\/23974"}],"wp:featuredmedia":[{"embeddable":true,"href":"https:\/\/www.grieta.org.mx\/index.php\/wp-json\/wp\/v2\/media\/21928"}],"wp:attachment":[{"href":"https:\/\/www.grieta.org.mx\/index.php\/wp-json\/wp\/v2\/media?parent=1685"}],"wp:term":[{"taxonomy":"category","embeddable":true,"href":"https:\/\/www.grieta.org.mx\/index.php\/wp-json\/wp\/v2\/categories?post=1685"},{"taxonomy":"post_tag","embeddable":true,"href":"https:\/\/www.grieta.org.mx\/index.php\/wp-json\/wp\/v2\/tags?post=1685"}],"curies":[{"name":"wp","href":"https:\/\/api.w.org\/{rel}","templated":true}]}}