{"id":16763,"date":"2016-07-14T23:51:26","date_gmt":"2016-07-15T04:51:26","guid":{"rendered":"http:\/\/www.grieta.org.mx\/?p=16763"},"modified":"2016-07-15T00:54:25","modified_gmt":"2016-07-15T05:54:25","slug":"brigada-informativa-en-el-pedregal-de-santo-domingo","status":"publish","type":"post","link":"https:\/\/www.grieta.org.mx\/index.php\/2016\/07\/14\/brigada-informativa-en-el-pedregal-de-santo-domingo\/","title":{"rendered":"Brigada informativa en el pedregal de Santo Domingo"},"content":{"rendered":"<p>El pasado martes 12 de julio vecinas y vecinos del pedregal de Santo Domingo, Coyoac\u00e1n realizaron diversas actividades informativas en la colonia para compartir las implicaciones de la Reforma Educativa en la escuelas del barrio.<\/p>\n<p>Nuestro compa Javier Hern\u00e1ndez Alpizar nos envi\u00f3 el siguiente recuento y unas fotograf\u00edas.<\/p>\n<p>La marcha brigadeo recorri\u00f3 calles y escuelas del Pedregal de Santo Domingo y termin\u00f3 informando en el sem\u00e1foro de Eje 10 durante el alto. Gritaron consignas como: &#8220;Esta reforma no pasar\u00e1, el pueblo unido la derogar\u00e1&#8221;, &#8220;Este contingente apoya a la CNTE&#8221;, &#8220;Pueblo no te calles, sal a las calles&#8221;, &#8220;La educaci\u00f2n no se vende, se ama y se defiende&#8221;, &#8220;Un burro con le\u00f1a sabe m\u00e1s que Nu\u00f1o y Pe\u00f1a&#8221;, &#8220;Se hace urgente evaluar al presidente, se hace necesario, evaluar secretario&#8221;, &#8220;Polic\u00eda asesina, Nochixtl\u00e1n no se olvida&#8221;, &#8220;Entiende,polic\u00eca, laeducaci\u00f2n no es mercanc\u00eca&#8221;, entre otras&#8230;<br \/>\nEn las escuelas, se dio informaci\u00f3n sobre la reformaeducativa y se intercambiaron consignas con los que desde dentro resisten.<br \/>\nEn respuesta a las movilizaciones la SEP orden\u00f3 acortar el ciclo escolar y clausurarlo ma\u00f1ana&#8230;<\/p>\n<p><img decoding=\"async\" data-attachment-id=\"16764\" data-permalink=\"https:\/\/www.grieta.org.mx\/index.php\/2016\/07\/14\/brigada-informativa-en-el-pedregal-de-santo-domingo\/img_0166-f6c61\/\" data-orig-file=\"https:\/\/www.grieta.org.mx\/wp-content\/uploads\/2016\/07\/img_0166-f6c61.jpg\" data-orig-size=\"560,420\" data-comments-opened=\"0\" data-image-meta=\"{&quot;aperture&quot;:&quot;0&quot;,&quot;credit&quot;:&quot;&quot;,&quot;camera&quot;:&quot;&quot;,&quot;caption&quot;:&quot;&quot;,&quot;created_timestamp&quot;:&quot;0&quot;,&quot;copyright&quot;:&quot;&quot;,&quot;focal_length&quot;:&quot;0&quot;,&quot;iso&quot;:&quot;0&quot;,&quot;shutter_speed&quot;:&quot;0&quot;,&quot;title&quot;:&quot;&quot;,&quot;orientation&quot;:&quot;0&quot;}\" data-image-title=\"img_0166-f6c61\" data-image-description=\"\" data-image-caption=\"\" data-medium-file=\"https:\/\/www.grieta.org.mx\/wp-content\/uploads\/2016\/07\/img_0166-f6c61-300x225.jpg\" data-large-file=\"https:\/\/www.grieta.org.mx\/wp-content\/uploads\/2016\/07\/img_0166-f6c61.jpg\" src=\"http:\/\/www.grieta.org.mx\/wp-content\/uploads\/2016\/07\/img_0166-f6c61-300x225.jpg\" alt=\"img_0166-f6c61\" width=\"100%\" class=\"aligncenter size-medium wp-image-16764\" srcset=\"https:\/\/www.grieta.org.mx\/wp-content\/uploads\/2016\/07\/img_0166-f6c61-300x225.jpg 300w, https:\/\/www.grieta.org.mx\/wp-content\/uploads\/2016\/07\/img_0166-f6c61.jpg 560w\" sizes=\"(max-width: 300px) 100vw, 300px\" \/><\/p>\n<p><img decoding=\"async\" data-attachment-id=\"16765\" data-permalink=\"https:\/\/www.grieta.org.mx\/index.php\/2016\/07\/14\/brigada-informativa-en-el-pedregal-de-santo-domingo\/img_0165-3-9a98b\/\" data-orig-file=\"https:\/\/www.grieta.org.mx\/wp-content\/uploads\/2016\/07\/img_0165-3-9a98b.jpg\" data-orig-size=\"560,420\" data-comments-opened=\"0\" data-image-meta=\"{&quot;aperture&quot;:&quot;0&quot;,&quot;credit&quot;:&quot;&quot;,&quot;camera&quot;:&quot;&quot;,&quot;caption&quot;:&quot;&quot;,&quot;created_timestamp&quot;:&quot;0&quot;,&quot;copyright&quot;:&quot;&quot;,&quot;focal_length&quot;:&quot;0&quot;,&quot;iso&quot;:&quot;0&quot;,&quot;shutter_speed&quot;:&quot;0&quot;,&quot;title&quot;:&quot;&quot;,&quot;orientation&quot;:&quot;0&quot;}\" data-image-title=\"img_0165-3-9a98b\" data-image-description=\"\" data-image-caption=\"\" data-medium-file=\"https:\/\/www.grieta.org.mx\/wp-content\/uploads\/2016\/07\/img_0165-3-9a98b-300x225.jpg\" data-large-file=\"https:\/\/www.grieta.org.mx\/wp-content\/uploads\/2016\/07\/img_0165-3-9a98b.jpg\" src=\"http:\/\/www.grieta.org.mx\/wp-content\/uploads\/2016\/07\/img_0165-3-9a98b-300x225.jpg\" alt=\"img_0165-3-9a98b\" width=\"100%\" class=\"aligncenter size-medium wp-image-16765\" srcset=\"https:\/\/www.grieta.org.mx\/wp-content\/uploads\/2016\/07\/img_0165-3-9a98b-300x225.jpg 300w, https:\/\/www.grieta.org.mx\/wp-content\/uploads\/2016\/07\/img_0165-3-9a98b.jpg 560w\" sizes=\"(max-width: 300px) 100vw, 300px\" \/><\/p>\n<p><img decoding=\"async\" data-attachment-id=\"16766\" data-permalink=\"https:\/\/www.grieta.org.mx\/index.php\/2016\/07\/14\/brigada-informativa-en-el-pedregal-de-santo-domingo\/img_0164-5661e\/\" data-orig-file=\"https:\/\/www.grieta.org.mx\/wp-content\/uploads\/2016\/07\/img_0164-5661e.jpg\" data-orig-size=\"560,420\" data-comments-opened=\"0\" data-image-meta=\"{&quot;aperture&quot;:&quot;0&quot;,&quot;credit&quot;:&quot;&quot;,&quot;camera&quot;:&quot;&quot;,&quot;caption&quot;:&quot;&quot;,&quot;created_timestamp&quot;:&quot;0&quot;,&quot;copyright&quot;:&quot;&quot;,&quot;focal_length&quot;:&quot;0&quot;,&quot;iso&quot;:&quot;0&quot;,&quot;shutter_speed&quot;:&quot;0&quot;,&quot;title&quot;:&quot;&quot;,&quot;orientation&quot;:&quot;0&quot;}\" data-image-title=\"img_0164-5661e\" data-image-description=\"\" data-image-caption=\"\" data-medium-file=\"https:\/\/www.grieta.org.mx\/wp-content\/uploads\/2016\/07\/img_0164-5661e-300x225.jpg\" data-large-file=\"https:\/\/www.grieta.org.mx\/wp-content\/uploads\/2016\/07\/img_0164-5661e.jpg\" src=\"http:\/\/www.grieta.org.mx\/wp-content\/uploads\/2016\/07\/img_0164-5661e-300x225.jpg\" alt=\"img_0164-5661e\" width=\"100%\" class=\"aligncenter size-medium wp-image-16766\" srcset=\"https:\/\/www.grieta.org.mx\/wp-content\/uploads\/2016\/07\/img_0164-5661e-300x225.jpg 300w, https:\/\/www.grieta.org.mx\/wp-content\/uploads\/2016\/07\/img_0164-5661e.jpg 560w\" sizes=\"(max-width: 300px) 100vw, 300px\" \/><\/p>\n<p><img decoding=\"async\" data-attachment-id=\"16767\" data-permalink=\"https:\/\/www.grieta.org.mx\/index.php\/2016\/07\/14\/brigada-informativa-en-el-pedregal-de-santo-domingo\/img_0163-2-c11eb\/\" data-orig-file=\"https:\/\/www.grieta.org.mx\/wp-content\/uploads\/2016\/07\/img_0163-2-c11eb.jpg\" data-orig-size=\"560,420\" data-comments-opened=\"0\" data-image-meta=\"{&quot;aperture&quot;:&quot;0&quot;,&quot;credit&quot;:&quot;&quot;,&quot;camera&quot;:&quot;&quot;,&quot;caption&quot;:&quot;&quot;,&quot;created_timestamp&quot;:&quot;0&quot;,&quot;copyright&quot;:&quot;&quot;,&quot;focal_length&quot;:&quot;0&quot;,&quot;iso&quot;:&quot;0&quot;,&quot;shutter_speed&quot;:&quot;0&quot;,&quot;title&quot;:&quot;&quot;,&quot;orientation&quot;:&quot;0&quot;}\" data-image-title=\"img_0163-2-c11eb\" data-image-description=\"\" data-image-caption=\"\" data-medium-file=\"https:\/\/www.grieta.org.mx\/wp-content\/uploads\/2016\/07\/img_0163-2-c11eb-300x225.jpg\" data-large-file=\"https:\/\/www.grieta.org.mx\/wp-content\/uploads\/2016\/07\/img_0163-2-c11eb.jpg\" src=\"http:\/\/www.grieta.org.mx\/wp-content\/uploads\/2016\/07\/img_0163-2-c11eb-300x225.jpg\" alt=\"img_0163-2-c11eb\" width=\"100%\" class=\"aligncenter size-medium wp-image-16767\" srcset=\"https:\/\/www.grieta.org.mx\/wp-content\/uploads\/2016\/07\/img_0163-2-c11eb-300x225.jpg 300w, https:\/\/www.grieta.org.mx\/wp-content\/uploads\/2016\/07\/img_0163-2-c11eb.jpg 560w\" sizes=\"(max-width: 300px) 100vw, 300px\" \/><\/p>\n<p><a href=\"http:\/\/www.kehuelga.org\/spip.php?article4505&#038;lang=es\" target=\"_blank\">http:\/\/www.kehuelga.org\/spip.php?article4505&#038;lang=es<\/a><\/p>\n","protected":false},"excerpt":{"rendered":"<p>El pasado martes 12 de julio vecinas y vecinos del pedregal de Santo Domingo, Coyoac\u00e1n realizaron diversas actividades informativas en la colonia para compartir las implicaciones de la Reforma Educativa &hellip; <a href=\"https:\/\/www.grieta.org.mx\/index.php\/2016\/07\/14\/brigada-informativa-en-el-pedregal-de-santo-domingo\/\" class=\"more-link\">Leer m\u00e1s<\/a><\/p>\n","protected":false},"author":2,"featured_media":21928,"comment_status":"closed","ping_status":"closed","sticky":false,"template":"","format":"standard","meta":{"ngg_post_thumbnail":0,"_jetpack_newsletter_access":"","_jetpack_dont_email_post_to_subs":false,"_jetpack_newsletter_tier_id":0,"_jetpack_memberships_contains_paywalled_content":false,"_jetpack_memberships_contains_paid_content":false,"footnotes":""},"categories":[598,80],"tags":[612,637,135,767],"class_list":["post-16763","post","type-post","status-publish","format-standard","has-post-thumbnail","hentry","category-cdmx","category-cintillo","tag-coyoacan","tag-pedregales","tag-reforma-educativa","tag-solidaridad","entry"],"jetpack_featured_media_url":"https:\/\/www.grieta.org.mx\/wp-content\/uploads\/2018\/03\/14524434_1106112876131411_958039263622046936_o.jpg","jetpack_sharing_enabled":true,"jetpack_shortlink":"https:\/\/wp.me\/p7ZJR4-4mn","jetpack_likes_enabled":false,"jetpack-related-posts":[{"id":16067,"url":"https:\/\/www.grieta.org.mx\/index.php\/2016\/07\/06\/los-pedregales-de-coyoacan-se-oponen-a-la-reforma-educativa\/","url_meta":{"origin":16763,"position":0},"title":"Los Pedregales de Coyoac\u00e1n se oponen a la reforma educativa","author":"grieta","date":"6 julio, 2016","format":false,"excerpt":"Madres de familia manifiestan su apoyo a las maestras y maestros Mi\u00e9rcoles 6 de julio de 2016 Madres de familia se manifiestan junto con sus hijas e hijos en varias de las escuelas en la colonia pedregal de Santo Domingo en apoyo a la lucha de las maestras y maestros.\u2026","rel":"","context":"En &quot;cdmx&quot;","block_context":{"text":"cdmx","link":"https:\/\/www.grieta.org.mx\/index.php\/category\/cdmx\/"},"img":{"alt_text":"","src":"https:\/\/i0.wp.com\/www.grieta.org.mx\/wp-content\/uploads\/2018\/03\/14524434_1106112876131411_958039263622046936_o.jpg?resize=350%2C200&ssl=1","width":350,"height":200,"srcset":"https:\/\/i0.wp.com\/www.grieta.org.mx\/wp-content\/uploads\/2018\/03\/14524434_1106112876131411_958039263622046936_o.jpg?resize=350%2C200&ssl=1 1x, https:\/\/i0.wp.com\/www.grieta.org.mx\/wp-content\/uploads\/2018\/03\/14524434_1106112876131411_958039263622046936_o.jpg?resize=525%2C300&ssl=1 1.5x, https:\/\/i0.wp.com\/www.grieta.org.mx\/wp-content\/uploads\/2018\/03\/14524434_1106112876131411_958039263622046936_o.jpg?resize=700%2C400&ssl=1 2x"},"classes":[]},{"id":15574,"url":"https:\/\/www.grieta.org.mx\/index.php\/2016\/08\/17\/manifestaciones-en-solidaridad-con-el-magisterio-en-la-ciudad-de-mexico\/","url_meta":{"origin":16763,"position":1},"title":"Manifestaciones en solidaridad con el magisterio en la Ciudad de M\u00e9xico","author":"grieta","date":"17 agosto, 2016","format":false,"excerpt":"16\/08\/16. Escuela Secundaria Diurna No. 36 entra en paro indefinido; \u201chasta que caiga la reforma educativa\u201d (CDMX)Ruptura Colectiva 14\/07\/16. Brigada informativa en el pedregal de Santo DomingoKe Huelga Radio 07\/07\/16. Con 4 marchas y m\u00e1s de 30 bloqueos la CdMx dice no a la Reforma EducativaApia Virtual 07\/07\/16. Por tercer\u2026","rel":"","context":"En &quot;Ciudad de M\u00e9xico&quot;","block_context":{"text":"Ciudad de M\u00e9xico","link":"https:\/\/www.grieta.org.mx\/index.php\/category\/noticias-nacionales\/ciudad-de-mexico\/"},"img":{"alt_text":"","src":"https:\/\/i0.wp.com\/www.grieta.org.mx\/wp-content\/uploads\/2018\/03\/14524434_1106112876131411_958039263622046936_o.jpg?resize=350%2C200&ssl=1","width":350,"height":200,"srcset":"https:\/\/i0.wp.com\/www.grieta.org.mx\/wp-content\/uploads\/2018\/03\/14524434_1106112876131411_958039263622046936_o.jpg?resize=350%2C200&ssl=1 1x, https:\/\/i0.wp.com\/www.grieta.org.mx\/wp-content\/uploads\/2018\/03\/14524434_1106112876131411_958039263622046936_o.jpg?resize=525%2C300&ssl=1 1.5x, https:\/\/i0.wp.com\/www.grieta.org.mx\/wp-content\/uploads\/2018\/03\/14524434_1106112876131411_958039263622046936_o.jpg?resize=700%2C400&ssl=1 2x"},"classes":[]},{"id":10540,"url":"https:\/\/www.grieta.org.mx\/index.php\/2016\/01\/21\/contra-el-operativo-rastrillo-en-el-pedregal-de-santo-domingo\/","url_meta":{"origin":16763,"position":2},"title":"Contra el &#8220;operativo rastrillo&#8221; en el Pedregal de Santo Domingo","author":"grieta","date":"21 enero, 2016","format":false,"excerpt":"Ke Huelga Radio Desde hace unos meses los habitantes de Santo Domingo y todos los Pedregales de Coyoac\u00e1n hemos sido v\u00edctimas de arbitrariedades y abusos por parte de cuadrillas de la CFE y grupos de choque de la empresa espa\u00f1ola Gas natural Fenosa. En los \u00faltimos dias hemos sido violentados\u2026","rel":"","context":"En &quot;CINTILLO&quot;","block_context":{"text":"CINTILLO","link":"https:\/\/www.grieta.org.mx\/index.php\/category\/cintillo\/"},"img":{"alt_text":"","src":"https:\/\/i0.wp.com\/www.grieta.org.mx\/wp-content\/uploads\/2018\/03\/14524434_1106112876131411_958039263622046936_o.jpg?resize=350%2C200&ssl=1","width":350,"height":200,"srcset":"https:\/\/i0.wp.com\/www.grieta.org.mx\/wp-content\/uploads\/2018\/03\/14524434_1106112876131411_958039263622046936_o.jpg?resize=350%2C200&ssl=1 1x, https:\/\/i0.wp.com\/www.grieta.org.mx\/wp-content\/uploads\/2018\/03\/14524434_1106112876131411_958039263622046936_o.jpg?resize=525%2C300&ssl=1 1.5x, https:\/\/i0.wp.com\/www.grieta.org.mx\/wp-content\/uploads\/2018\/03\/14524434_1106112876131411_958039263622046936_o.jpg?resize=700%2C400&ssl=1 2x"},"classes":[]},{"id":25160,"url":"https:\/\/www.grieta.org.mx\/index.php\/2018\/07\/27\/ante-los-oidos-sordos-del-delegado-de-coyoacan-e-inoperancia-de-los-funcionarios-capitalinos-vecinos-realizan-clausura-ciudadana-de-tres-megaconstrucciones-ciudad-de-mexico\/","url_meta":{"origin":16763,"position":3},"title":"Ante los o\u00eddos sordos del delegado de Coyoac\u00e1n, vecinos realizan clausura ciudadana de tres megaconstrucciones (Ciudad de M\u00e9xico)","author":"grieta","date":"27 julio, 2018","format":false,"excerpt":"COLECTIVO GRIETA Hartos de las afectaciones causadas por las obras de Mantik Pedregal, BeGrand y City Express y por la nula respuesta a sus quejas del jefe delegacional saliente, Edgar Jim\u00e9nez Santill\u00e1n, y su directora general de obras, la ma\u00f1ana del viernes 20 de julio vecinos de varias colonias de\u2026","rel":"","context":"En &quot;CINTILLO&quot;","block_context":{"text":"CINTILLO","link":"https:\/\/www.grieta.org.mx\/index.php\/category\/cintillo\/"},"img":{"alt_text":"","src":"https:\/\/i0.wp.com\/www.grieta.org.mx\/wp-content\/uploads\/2018\/07\/Mani-1.jpg?resize=350%2C200&ssl=1","width":350,"height":200,"srcset":"https:\/\/i0.wp.com\/www.grieta.org.mx\/wp-content\/uploads\/2018\/07\/Mani-1.jpg?resize=350%2C200&ssl=1 1x, https:\/\/i0.wp.com\/www.grieta.org.mx\/wp-content\/uploads\/2018\/07\/Mani-1.jpg?resize=525%2C300&ssl=1 1.5x, https:\/\/i0.wp.com\/www.grieta.org.mx\/wp-content\/uploads\/2018\/07\/Mani-1.jpg?resize=700%2C400&ssl=1 2x, https:\/\/i0.wp.com\/www.grieta.org.mx\/wp-content\/uploads\/2018\/07\/Mani-1.jpg?resize=1050%2C600&ssl=1 3x"},"classes":[]},{"id":32590,"url":"https:\/\/www.grieta.org.mx\/index.php\/2019\/04\/24\/el-uso-politico-del-agua-en-coyoacan-ciudad-de-mexico\/","url_meta":{"origin":16763,"position":4},"title":"El uso pol\u00edtico del agua en Coyoac\u00e1n (Ciudad de M\u00e9xico)","author":"grieta","date":"24 abril, 2019","format":false,"excerpt":"David Mart\u00ednez\/Reporte Indigo La escasez de agua en la alcald\u00eda que preside Manuel Negrete es utilizada como moneda de cambio, habitantes de la demarcaci\u00f3n acusan que su reparto en pipas es condicionado por votos Vecinos de la zona de los pedregales de Coyoac\u00e1n acusan que la alcald\u00eda mantiene las viejas\u2026","rel":"","context":"En &quot;CINTILLO&quot;","block_context":{"text":"CINTILLO","link":"https:\/\/www.grieta.org.mx\/index.php\/category\/cintillo\/"},"img":{"alt_text":"","src":"https:\/\/i0.wp.com\/www.grieta.org.mx\/wp-content\/uploads\/2019\/04\/920_CDMX_2019-04-24.jpg?resize=350%2C200&ssl=1","width":350,"height":200,"srcset":"https:\/\/i0.wp.com\/www.grieta.org.mx\/wp-content\/uploads\/2019\/04\/920_CDMX_2019-04-24.jpg?resize=350%2C200&ssl=1 1x, https:\/\/i0.wp.com\/www.grieta.org.mx\/wp-content\/uploads\/2019\/04\/920_CDMX_2019-04-24.jpg?resize=525%2C300&ssl=1 1.5x, https:\/\/i0.wp.com\/www.grieta.org.mx\/wp-content\/uploads\/2019\/04\/920_CDMX_2019-04-24.jpg?resize=700%2C400&ssl=1 2x"},"classes":[]},{"id":49104,"url":"https:\/\/www.grieta.org.mx\/index.php\/2020\/03\/24\/falta-de-agua-pone-en-peligro-los-vecinos-de-ciudad-de-mexico-ante-coronavirus\/","url_meta":{"origin":16763,"position":5},"title":"Falta de agua pone en peligro los vecinos de Ciudad de M\u00e9xico ante coronavirus","author":"grieta","date":"24 marzo, 2020","format":false,"excerpt":"Eliana Gilet \/ Sputnik Los vecinos del Pedregal de Santo Domingo se manifestaron este 23 de marzo ante la sede de la alcald\u00eda de Coyoac\u00e1n \u2014el poder local de esa zona\u2014 para exigir que la autoridad garantice el acceso al agua potable de unas 50.000 personas que viven al sur\u2026","rel":"","context":"En &quot;CINTILLO&quot;","block_context":{"text":"CINTILLO","link":"https:\/\/www.grieta.org.mx\/index.php\/category\/cintillo\/"},"img":{"alt_text":"","src":"","width":0,"height":0},"classes":[]}],"_links":{"self":[{"href":"https:\/\/www.grieta.org.mx\/index.php\/wp-json\/wp\/v2\/posts\/16763","targetHints":{"allow":["GET"]}}],"collection":[{"href":"https:\/\/www.grieta.org.mx\/index.php\/wp-json\/wp\/v2\/posts"}],"about":[{"href":"https:\/\/www.grieta.org.mx\/index.php\/wp-json\/wp\/v2\/types\/post"}],"author":[{"embeddable":true,"href":"https:\/\/www.grieta.org.mx\/index.php\/wp-json\/wp\/v2\/users\/2"}],"replies":[{"embeddable":true,"href":"https:\/\/www.grieta.org.mx\/index.php\/wp-json\/wp\/v2\/comments?post=16763"}],"version-history":[{"count":1,"href":"https:\/\/www.grieta.org.mx\/index.php\/wp-json\/wp\/v2\/posts\/16763\/revisions"}],"predecessor-version":[{"id":16768,"href":"https:\/\/www.grieta.org.mx\/index.php\/wp-json\/wp\/v2\/posts\/16763\/revisions\/16768"}],"wp:featuredmedia":[{"embeddable":true,"href":"https:\/\/www.grieta.org.mx\/index.php\/wp-json\/wp\/v2\/media\/21928"}],"wp:attachment":[{"href":"https:\/\/www.grieta.org.mx\/index.php\/wp-json\/wp\/v2\/media?parent=16763"}],"wp:term":[{"taxonomy":"category","embeddable":true,"href":"https:\/\/www.grieta.org.mx\/index.php\/wp-json\/wp\/v2\/categories?post=16763"},{"taxonomy":"post_tag","embeddable":true,"href":"https:\/\/www.grieta.org.mx\/index.php\/wp-json\/wp\/v2\/tags?post=16763"}],"curies":[{"name":"wp","href":"https:\/\/api.w.org\/{rel}","templated":true}]}}