{"id":16738,"date":"2016-07-13T20:00:42","date_gmt":"2016-07-14T01:00:42","guid":{"rendered":"http:\/\/www.grieta.org.mx\/?p=16738"},"modified":"2016-07-14T20:03:09","modified_gmt":"2016-07-15T01:03:09","slug":"basura-de-tapalpa-llega-a-tiradero-clandestino","status":"publish","type":"post","link":"https:\/\/www.grieta.org.mx\/index.php\/2016\/07\/13\/basura-de-tapalpa-llega-a-tiradero-clandestino\/","title":{"rendered":"Basura de Tapalpa llega a tiradero clandestino"},"content":{"rendered":"<p>Violeta Mel\u00e9ndez<\/p>\n<p>Ante la restricci\u00f3n que mantienen los pobladores de Tapalpa en el basurero municipal de la delegaci\u00f3n de Atacco para que el ayuntamiento descargue ah\u00ed los residuos del municipio por contaminante, han comenzado a tirar las 20 toneladas diarias que se generan en un predio diferente que no cuenta con las caracter\u00edsticas ni permisos para recibir basura.<\/p>\n<p>Desde hace una semana, pobladores de Atacco se han atrincherado en la entrada del tiradero municipal en un intento por evitar que siga siendo un foco de infecci\u00f3n, pero la generaci\u00f3n de basura no se ha detenido y el ayuntamiento ha comenzado a descargarla en un terreno cercano a la presa de El Nogal.<\/p>\n<p>\u201cEl presidente ya hab\u00eda tirado basura en el predio y la Procuradur\u00eda Estatal de Protecci\u00f3n al Ambiente (Proepa) le clausur\u00f3, ahora est\u00e1 tirando en el basurero clandestino otra vez, rompi\u00f3 los sellos de clausura. Es un predio que est\u00e1 yendo hacia San Gabriel, ah\u00ed est\u00e1n tirando todo desde la semana pasada\u201d, dijo a NTR, Eliezer \u00cd\u00f1iguez Ochoa, uno de los inconformes con el tiradero municipal.<\/p>\n<p>El riesgo que representa un basurero clandestino es alto porque no existen instalaciones que inhiban de contaminaci\u00f3n la zona; es decir, no hay geomembranas para proteger el suelo ni un c\u00e1rcamo para acopiar los lixiviados que se generen, adem\u00e1s la basura no se compacta ni se recubre con tierra, y facilita la presencia de fauna nociva y dispersi\u00f3n de la misma.<\/p>\n<p>De acuerdo con pobladores, este predio en desuso estaba completamente limpio, pero a ra\u00edz de que en junio la Procuradur\u00eda Estatal de Protecci\u00f3n al Ambiente clausur\u00f3 el basurero municipal por un incendio que consumi\u00f3 gran parte de los residuos, el ayuntamiento comenz\u00f3 a descargar clandestinamente en el terreno de San Gabriel.<\/p>\n<p>Sin embargo, debido a que no es un lugar habilitado para ello, la dependencia estatal tambi\u00e9n lo cerr\u00f3 y modific\u00f3 clausura total del basurero de Atacco a una parcial, de hecho, la semana pasada delimit\u00f3 f\u00edsicamente la zona del tiradero donde s\u00ed se podr\u00eda continuar vertiendo residuos.<\/p>\n<p>No obstante, quienes ahora han tomado el control del basurero municipal han sido los pobladores, quienes desde el martes se han apostado en el ingreso para no permitir la entrada a m\u00e1s camiones con basura, porque \u00e9sta ha contaminado el arroyo del que se abastec\u00edan en Atacco, causando la muerte de su ganado y originando enfermedades en los habitantes del pueblo.<\/p>\n<p>Pese a estar cerrado sigue siendo una fuente de poluci\u00f3n debido a que el incendio del 28 de mayo no fue bien sofocado por las autoridades y siguen las emisiones de basura quemada las 24 horas desde entonces, pues en un recorrido que dio este medio por la zona constat\u00f3 que solamente se tap\u00f3 con tierra el fuego, pero los residuos se siguen consumiendo.<\/p>\n<p>Por su parte, el presidente municipal Antonio Morales D\u00edaz se\u00f1al\u00f3 la semana pasada que la dependencia que debe dar el visto bueno a un nuevo tiradero, que no implique contaminaci\u00f3n a una comunidad, es la Semadet, ya que a \u00e9sta le han propuesto varios predios, pero no ha elegido ninguno.<\/p>\n<p><a href=\"http:\/\/www.ntrguadalajara.com\/post.php?id_nota=45073\" target=\"_blank\">http:\/\/www.ntrguadalajara.com\/post.php?id_nota=45073<\/a><\/p>\n","protected":false},"excerpt":{"rendered":"<p>Violeta Mel\u00e9ndez Ante la restricci\u00f3n que mantienen los pobladores de Tapalpa en el basurero municipal de la delegaci\u00f3n de Atacco para que el ayuntamiento descargue ah\u00ed los residuos del municipio &hellip; <a href=\"https:\/\/www.grieta.org.mx\/index.php\/2016\/07\/13\/basura-de-tapalpa-llega-a-tiradero-clandestino\/\" class=\"more-link\">Leer m\u00e1s<\/a><\/p>\n","protected":false},"author":2,"featured_media":21928,"comment_status":"closed","ping_status":"closed","sticky":false,"template":"","format":"standard","meta":{"ngg_post_thumbnail":0,"_jetpack_newsletter_access":"","_jetpack_dont_email_post_to_subs":false,"_jetpack_newsletter_tier_id":0,"_jetpack_memberships_contains_paywalled_content":false,"_jetpack_memberships_contains_paid_content":false,"footnotes":""},"categories":[80,230],"tags":[91],"class_list":["post-16738","post","type-post","status-publish","format-standard","has-post-thumbnail","hentry","category-cintillo","category-jalisco","tag-contaminacion-ambiental","entry"],"jetpack_featured_media_url":"https:\/\/www.grieta.org.mx\/wp-content\/uploads\/2018\/03\/14524434_1106112876131411_958039263622046936_o.jpg","jetpack_sharing_enabled":true,"jetpack_shortlink":"https:\/\/wp.me\/p7ZJR4-4lY","jetpack_likes_enabled":false,"jetpack-related-posts":[{"id":8479,"url":"https:\/\/www.grieta.org.mx\/index.php\/2015\/07\/03\/exigen-cesen-las-denuncias-ante-mp-contra-opositores-a-basurero-en-amatlan-de-los-reyes-veracruz\/","url_meta":{"origin":16738,"position":0},"title":"Exigen cesen las denuncias ante MP contra opositores a basurero en Amatl\u00e1n de los Reyes, Veracruz","author":"Admin","date":"3 julio, 2015","format":false,"excerpt":"Comunicado Urgente.- Los habitantes de Amatl\u00e1n de los Reyes, colectivos, organizaciones y comit\u00e9s ciudadanos, declaramos la emergencia ecol\u00f3gica de un tiradero a cielo abierto en Amatl\u00e1n de los Reyes, Veracruz, y nos manifestamos en contra de la acci\u00f3n arbitraria del alcalde Miguel \u00c1ngel Castro Rosas al instalar un tiradero a\u2026","rel":"","context":"En &quot;CINTILLO&quot;","block_context":{"text":"CINTILLO","link":"https:\/\/www.grieta.org.mx\/index.php\/category\/cintillo\/"},"img":{"alt_text":"","src":"https:\/\/i0.wp.com\/www.grieta.org.mx\/wp-content\/uploads\/2018\/03\/14524434_1106112876131411_958039263622046936_o.jpg?resize=350%2C200&ssl=1","width":350,"height":200,"srcset":"https:\/\/i0.wp.com\/www.grieta.org.mx\/wp-content\/uploads\/2018\/03\/14524434_1106112876131411_958039263622046936_o.jpg?resize=350%2C200&ssl=1 1x, https:\/\/i0.wp.com\/www.grieta.org.mx\/wp-content\/uploads\/2018\/03\/14524434_1106112876131411_958039263622046936_o.jpg?resize=525%2C300&ssl=1 1.5x, https:\/\/i0.wp.com\/www.grieta.org.mx\/wp-content\/uploads\/2018\/03\/14524434_1106112876131411_958039263622046936_o.jpg?resize=700%2C400&ssl=1 2x"},"classes":[]},{"id":31374,"url":"https:\/\/www.grieta.org.mx\/index.php\/2019\/03\/27\/cancelan-en-san-salvador-planta-integral-de-basura-hidalgo\/","url_meta":{"origin":16738,"position":1},"title":"Cancelan en San Salvador planta integral de basura (Hidalgo)","author":"grieta","date":"27 marzo, 2019","format":false,"excerpt":"ALMA LETICIA S\u00c1NCHEZ \/ El Sol de Hidalgo SAN SALVADOR, Hgo.- Aunque qued\u00f3 suspendido el Centro Integral de Manejo de Residuos con car\u00e1cter regional para ejecutarse en el tiradero de Caxuxi, qued\u00f3 abierta la posibilidad de llegar a otro municipio y con ello obtener los beneficios que ofrece como electricidad\u2026","rel":"","context":"En &quot;CINTILLO&quot;","block_context":{"text":"CINTILLO","link":"https:\/\/www.grieta.org.mx\/index.php\/category\/cintillo\/"},"img":{"alt_text":"","src":"https:\/\/i0.wp.com\/www.grieta.org.mx\/wp-content\/uploads\/2019\/03\/BLOQUEO.jpg?resize=350%2C200&ssl=1","width":350,"height":200,"srcset":"https:\/\/i0.wp.com\/www.grieta.org.mx\/wp-content\/uploads\/2019\/03\/BLOQUEO.jpg?resize=350%2C200&ssl=1 1x, https:\/\/i0.wp.com\/www.grieta.org.mx\/wp-content\/uploads\/2019\/03\/BLOQUEO.jpg?resize=525%2C300&ssl=1 1.5x, https:\/\/i0.wp.com\/www.grieta.org.mx\/wp-content\/uploads\/2019\/03\/BLOQUEO.jpg?resize=700%2C400&ssl=1 2x"},"classes":[]},{"id":25342,"url":"https:\/\/www.grieta.org.mx\/index.php\/2018\/07\/30\/denuncian-que-tiradero-contamina-el-pozo-de-agua-en-huamantla-tlaxcala\/","url_meta":{"origin":16738,"position":2},"title":"Denuncian que tiradero contamina el pozo de agua en Huamantla (Tlaxcala)","author":"grieta","date":"30 julio, 2018","format":false,"excerpt":"Tom\u00e1s Ba\u00f1os\/ El Sol de Tlaxcala Analistas e investigadores se reunieron con ambientalistas para denunciar que el tiradero ubicado en Huamantla contamina el pozo de agua potable que utiliza la poblaci\u00f3n de Benito Ju\u00e1rez. A casi tres d\u00e9cadas de que son depositados los residuos s\u00f3lidos de once municipios del oriente\u2026","rel":"","context":"En &quot;CINTILLO&quot;","block_context":{"text":"CINTILLO","link":"https:\/\/www.grieta.org.mx\/index.php\/category\/cintillo\/"},"img":{"alt_text":"","src":"https:\/\/i0.wp.com\/www.grieta.org.mx\/wp-content\/uploads\/2018\/08\/EL-BASURERO-1.png?resize=350%2C200&ssl=1","width":350,"height":200,"srcset":"https:\/\/i0.wp.com\/www.grieta.org.mx\/wp-content\/uploads\/2018\/08\/EL-BASURERO-1.png?resize=350%2C200&ssl=1 1x, https:\/\/i0.wp.com\/www.grieta.org.mx\/wp-content\/uploads\/2018\/08\/EL-BASURERO-1.png?resize=525%2C300&ssl=1 1.5x, https:\/\/i0.wp.com\/www.grieta.org.mx\/wp-content\/uploads\/2018\/08\/EL-BASURERO-1.png?resize=700%2C400&ssl=1 2x"},"classes":[]},{"id":8486,"url":"https:\/\/www.grieta.org.mx\/index.php\/2015\/06\/30\/se-apoderan-vecinos-del-palacio-municipal\/","url_meta":{"origin":16738,"position":3},"title":"Se \u2018apoderan\u2019 vecinos del Palacio municipal","author":"Admin","date":"30 junio, 2015","format":false,"excerpt":"Obligan al Alcalde a pedirles perd\u00f3n, pero como \u00e9ste se neg\u00f3 argumentando que no ha hecho nada malo y s\u00f3lo a Dios le pedir\u00eda perd\u00f3n, los manifestantes le pidieron que se retirara y as\u00ed lo hizo Amatl\u00e1n.- Hasta que el alcalde de Amatl\u00e1n de los Reyes, Miguel \u00c1ngel Castro Rosas\u2026","rel":"","context":"En &quot;CINTILLO&quot;","block_context":{"text":"CINTILLO","link":"https:\/\/www.grieta.org.mx\/index.php\/category\/cintillo\/"},"img":{"alt_text":"","src":"https:\/\/i0.wp.com\/www.grieta.org.mx\/wp-content\/uploads\/2018\/03\/14524434_1106112876131411_958039263622046936_o.jpg?resize=350%2C200&ssl=1","width":350,"height":200,"srcset":"https:\/\/i0.wp.com\/www.grieta.org.mx\/wp-content\/uploads\/2018\/03\/14524434_1106112876131411_958039263622046936_o.jpg?resize=350%2C200&ssl=1 1x, https:\/\/i0.wp.com\/www.grieta.org.mx\/wp-content\/uploads\/2018\/03\/14524434_1106112876131411_958039263622046936_o.jpg?resize=525%2C300&ssl=1 1.5x, https:\/\/i0.wp.com\/www.grieta.org.mx\/wp-content\/uploads\/2018\/03\/14524434_1106112876131411_958039263622046936_o.jpg?resize=700%2C400&ssl=1 2x"},"classes":[]},{"id":8492,"url":"https:\/\/www.grieta.org.mx\/index.php\/2015\/06\/27\/se-amarran-al-palacio\/","url_meta":{"origin":16738,"position":4},"title":"Se amarran al Palacio","author":"Admin","date":"27 junio, 2015","format":false,"excerpt":"Los defensores del medio ambiente se amarraron con cuerdas a las puertas del Palacio; tambi\u00e9n se pegaron en el cuerpo carteles con distintas consignas. Activistas de los grupos \u2018Quimiapa Unido\u2019 y \u2018Amatl\u00e1n ya despert\u00f3\u2019 tomaron el Ayuntamiento como protesta, pues aseguran que el alcalde no ha atendido sus demandas de\u2026","rel":"","context":"En &quot;CINTILLO&quot;","block_context":{"text":"CINTILLO","link":"https:\/\/www.grieta.org.mx\/index.php\/category\/cintillo\/"},"img":{"alt_text":"","src":"https:\/\/i0.wp.com\/www.grieta.org.mx\/wp-content\/uploads\/2018\/03\/14524434_1106112876131411_958039263622046936_o.jpg?resize=350%2C200&ssl=1","width":350,"height":200,"srcset":"https:\/\/i0.wp.com\/www.grieta.org.mx\/wp-content\/uploads\/2018\/03\/14524434_1106112876131411_958039263622046936_o.jpg?resize=350%2C200&ssl=1 1x, https:\/\/i0.wp.com\/www.grieta.org.mx\/wp-content\/uploads\/2018\/03\/14524434_1106112876131411_958039263622046936_o.jpg?resize=525%2C300&ssl=1 1.5x, https:\/\/i0.wp.com\/www.grieta.org.mx\/wp-content\/uploads\/2018\/03\/14524434_1106112876131411_958039263622046936_o.jpg?resize=700%2C400&ssl=1 2x"},"classes":[]},{"id":65380,"url":"https:\/\/www.grieta.org.mx\/index.php\/2022\/09\/30\/de-canchas-de-futbol-a-tiradero-de-basura-asi-afectan-a-las-personas-los-vertederos-en-slp\/","url_meta":{"origin":16738,"position":5},"title":"De canchas de futbol a tiradero de basura: as\u00ed afectan a las personas los vertederos en SLP","author":"grieta","date":"30 septiembre, 2022","format":false,"excerpt":"Redacci\u00f3n\/El Sol de San Luis 30 septiembre 2022 Irritaci\u00f3n de ojos y enfermedades gastrointestinales son algunas de las enfermedades que cientos de familias potosinas sufren por los fuertes olores Lo que durante una vida fueron dos campos de f\u00fatbol en la colonia Luis Donaldo Colosio, fracci\u00f3n Rancho Nuevo, comunidad aleda\u00f1a\u2026","rel":"","context":"En &quot;CINTILLO&quot;","block_context":{"text":"CINTILLO","link":"https:\/\/www.grieta.org.mx\/index.php\/category\/cintillo\/"},"img":{"alt_text":"","src":"https:\/\/i0.wp.com\/www.grieta.org.mx\/wp-content\/uploads\/2022\/10\/vertedero.jpg?resize=350%2C200&ssl=1","width":350,"height":200,"srcset":"https:\/\/i0.wp.com\/www.grieta.org.mx\/wp-content\/uploads\/2022\/10\/vertedero.jpg?resize=350%2C200&ssl=1 1x, https:\/\/i0.wp.com\/www.grieta.org.mx\/wp-content\/uploads\/2022\/10\/vertedero.jpg?resize=525%2C300&ssl=1 1.5x, https:\/\/i0.wp.com\/www.grieta.org.mx\/wp-content\/uploads\/2022\/10\/vertedero.jpg?resize=700%2C400&ssl=1 2x"},"classes":[]}],"_links":{"self":[{"href":"https:\/\/www.grieta.org.mx\/index.php\/wp-json\/wp\/v2\/posts\/16738","targetHints":{"allow":["GET"]}}],"collection":[{"href":"https:\/\/www.grieta.org.mx\/index.php\/wp-json\/wp\/v2\/posts"}],"about":[{"href":"https:\/\/www.grieta.org.mx\/index.php\/wp-json\/wp\/v2\/types\/post"}],"author":[{"embeddable":true,"href":"https:\/\/www.grieta.org.mx\/index.php\/wp-json\/wp\/v2\/users\/2"}],"replies":[{"embeddable":true,"href":"https:\/\/www.grieta.org.mx\/index.php\/wp-json\/wp\/v2\/comments?post=16738"}],"version-history":[{"count":1,"href":"https:\/\/www.grieta.org.mx\/index.php\/wp-json\/wp\/v2\/posts\/16738\/revisions"}],"predecessor-version":[{"id":16739,"href":"https:\/\/www.grieta.org.mx\/index.php\/wp-json\/wp\/v2\/posts\/16738\/revisions\/16739"}],"wp:featuredmedia":[{"embeddable":true,"href":"https:\/\/www.grieta.org.mx\/index.php\/wp-json\/wp\/v2\/media\/21928"}],"wp:attachment":[{"href":"https:\/\/www.grieta.org.mx\/index.php\/wp-json\/wp\/v2\/media?parent=16738"}],"wp:term":[{"taxonomy":"category","embeddable":true,"href":"https:\/\/www.grieta.org.mx\/index.php\/wp-json\/wp\/v2\/categories?post=16738"},{"taxonomy":"post_tag","embeddable":true,"href":"https:\/\/www.grieta.org.mx\/index.php\/wp-json\/wp\/v2\/tags?post=16738"}],"curies":[{"name":"wp","href":"https:\/\/api.w.org\/{rel}","templated":true}]}}