{"id":16603,"date":"2016-08-09T03:17:56","date_gmt":"2016-08-09T08:17:56","guid":{"rendered":"http:\/\/www.grieta.org.mx\/?p=16603"},"modified":"2016-08-15T00:10:22","modified_gmt":"2016-08-15T05:10:22","slug":"movilizaciones-contra-la-reforma-educativa-y-evaluacion-magisterial-en-nayarit","status":"publish","type":"post","link":"https:\/\/www.grieta.org.mx\/index.php\/2016\/08\/09\/movilizaciones-contra-la-reforma-educativa-y-evaluacion-magisterial-en-nayarit\/","title":{"rendered":"Movilizaciones contra la Reforma educativa y evaluaci\u00f3n magisterial en Nayarit"},"content":{"rendered":"<p><strong>09\/08\/16. <\/strong><a href=\"http:\/\/www.grieta.org.mx\/index.php\/2016\/08\/09\/maestros-liberan-caseta-de-trapichillo\/\">MAESTROS LIBERAN CASETA DE TRAPICHILLO<\/a><br \/>\n<em>Independiente<\/em><\/p>\n<p><strong>27\/06\/16. <\/strong><a href=\"http:\/\/www.grieta.org.mx\/index.php\/2016\/06\/27\/si-tocan-a-uno-nos-tocan-a-todos\/\">SI TOCAN A UNO, NOS TOCAN A TODOS<\/a><br \/>\n<em>Independiente<\/em><\/p>\n","protected":false},"excerpt":{"rendered":"<p>09\/08\/16. MAESTROS LIBERAN CASETA DE TRAPICHILLO Independiente 27\/06\/16. SI TOCAN A UNO, NOS TOCAN A TODOS Independiente<\/p>\n","protected":false},"author":2,"featured_media":21928,"comment_status":"closed","ping_status":"closed","sticky":false,"template":"","format":"standard","meta":{"ngg_post_thumbnail":0,"_jetpack_newsletter_access":"","_jetpack_dont_email_post_to_subs":false,"_jetpack_newsletter_tier_id":0,"_jetpack_memberships_contains_paywalled_content":false,"_jetpack_memberships_contains_paid_content":false,"footnotes":""},"categories":[80,23],"tags":[],"class_list":["post-16603","post","type-post","status-publish","format-standard","has-post-thumbnail","hentry","category-cintillo","category-nayarit","entry"],"jetpack_featured_media_url":"https:\/\/www.grieta.org.mx\/wp-content\/uploads\/2018\/03\/14524434_1106112876131411_958039263622046936_o.jpg","jetpack_sharing_enabled":true,"jetpack_shortlink":"https:\/\/wp.me\/p7ZJR4-4jN","jetpack_likes_enabled":false,"jetpack-related-posts":[{"id":3743,"url":"https:\/\/www.grieta.org.mx\/index.php\/2015\/10\/13\/reforma-educativa-y-evaluacion-al-desempeno-en-nayarit\/","url_meta":{"origin":16603,"position":0},"title":"Reforma educativa y evaluaci\u00f3n al desempe\u00f1o en Nayarit","author":"grieta","date":"13 octubre, 2015","format":false,"excerpt":"13\/10\/15. En Nayarit: Marcha la CNTE Realidades de Nayarit 12\/10\/15. En Nayarit inicia grupo de maestros paro de 24 horas frente a Palacio de Gobierno Realidades de Nayarit 11\/07\/15. Maestros: Con cultura demostraremos que la reforma es punitiva Independiente 07\/07\/15. Profesores de Bah\u00eda de Banderas se unen a las protestas\u2026","rel":"","context":"En &quot;nayarit&quot;","block_context":{"text":"nayarit","link":"https:\/\/www.grieta.org.mx\/index.php\/category\/nayarit\/"},"img":{"alt_text":"","src":"https:\/\/i0.wp.com\/www.grieta.org.mx\/wp-content\/uploads\/2018\/03\/14524434_1106112876131411_958039263622046936_o.jpg?resize=350%2C200&ssl=1","width":350,"height":200,"srcset":"https:\/\/i0.wp.com\/www.grieta.org.mx\/wp-content\/uploads\/2018\/03\/14524434_1106112876131411_958039263622046936_o.jpg?resize=350%2C200&ssl=1 1x, https:\/\/i0.wp.com\/www.grieta.org.mx\/wp-content\/uploads\/2018\/03\/14524434_1106112876131411_958039263622046936_o.jpg?resize=525%2C300&ssl=1 1.5x, https:\/\/i0.wp.com\/www.grieta.org.mx\/wp-content\/uploads\/2018\/03\/14524434_1106112876131411_958039263622046936_o.jpg?resize=700%2C400&ssl=1 2x"},"classes":[]},{"id":16604,"url":"https:\/\/www.grieta.org.mx\/index.php\/2016\/06\/27\/si-tocan-a-uno-nos-tocan-a-todos\/","url_meta":{"origin":16603,"position":1},"title":"SI TOCAN A UNO, NOS TOCAN A TODOS","author":"grieta","date":"27 junio, 2016","format":false,"excerpt":"Alejandro Campos Mart\u00ednez\/Independiente \u201cHizo falta calle para el andar de tanto manifestante\u201d Tepic, Nayarit; 26 de junio de 2016. Despu\u00e9s de semanas de resistencia magisterial por parte de la Coordinadora Nacional de Trabajadores de la Educaci\u00f3n (CNTE) ante la embestida por parte del gobierno federal, el Movimiento Magisterial de Nayarit\u2026","rel":"","context":"En &quot;CINTILLO&quot;","block_context":{"text":"CINTILLO","link":"https:\/\/www.grieta.org.mx\/index.php\/category\/cintillo\/"},"img":{"alt_text":"","src":"https:\/\/i0.wp.com\/www.grieta.org.mx\/wp-content\/uploads\/2018\/03\/14524434_1106112876131411_958039263622046936_o.jpg?resize=350%2C200&ssl=1","width":350,"height":200,"srcset":"https:\/\/i0.wp.com\/www.grieta.org.mx\/wp-content\/uploads\/2018\/03\/14524434_1106112876131411_958039263622046936_o.jpg?resize=350%2C200&ssl=1 1x, https:\/\/i0.wp.com\/www.grieta.org.mx\/wp-content\/uploads\/2018\/03\/14524434_1106112876131411_958039263622046936_o.jpg?resize=525%2C300&ssl=1 1.5x, https:\/\/i0.wp.com\/www.grieta.org.mx\/wp-content\/uploads\/2018\/03\/14524434_1106112876131411_958039263622046936_o.jpg?resize=700%2C400&ssl=1 2x"},"classes":[]},{"id":4165,"url":"https:\/\/www.grieta.org.mx\/index.php\/2015\/08\/11\/trabajadores-de-nayarit-contra-la-privatizacion-de-la-salud\/","url_meta":{"origin":16603,"position":2},"title":"Trabajadores de Nayarit contra la privatizaci\u00f3n de la salud","author":"grieta","date":"11 agosto, 2015","format":false,"excerpt":"11\/08\/15. Defendemos la Seguridad Social, no estamos contra el sindicato: Trabajadores del IMSS Independiente","rel":"","context":"En &quot;nayarit&quot;","block_context":{"text":"nayarit","link":"https:\/\/www.grieta.org.mx\/index.php\/category\/nayarit\/"},"img":{"alt_text":"","src":"https:\/\/i0.wp.com\/www.grieta.org.mx\/wp-content\/uploads\/2018\/03\/14524434_1106112876131411_958039263622046936_o.jpg?resize=350%2C200&ssl=1","width":350,"height":200,"srcset":"https:\/\/i0.wp.com\/www.grieta.org.mx\/wp-content\/uploads\/2018\/03\/14524434_1106112876131411_958039263622046936_o.jpg?resize=350%2C200&ssl=1 1x, https:\/\/i0.wp.com\/www.grieta.org.mx\/wp-content\/uploads\/2018\/03\/14524434_1106112876131411_958039263622046936_o.jpg?resize=525%2C300&ssl=1 1.5x, https:\/\/i0.wp.com\/www.grieta.org.mx\/wp-content\/uploads\/2018\/03\/14524434_1106112876131411_958039263622046936_o.jpg?resize=700%2C400&ssl=1 2x"},"classes":[]},{"id":4155,"url":"https:\/\/www.grieta.org.mx\/index.php\/2015\/09\/15\/proyecto-de-ley-mordaza-en-el-congreso-de-nayarit\/","url_meta":{"origin":16603,"position":3},"title":"Proyecto de \u201cLey Mordaza\u201d en el Congreso de Nayarit","author":"grieta","date":"15 septiembre, 2015","format":false,"excerpt":"15\/09\/15. Se le cae la Ley Mordaza al Gobernador de Nayarit Independiente 14\/09\/15. Discusi\u00f3n sobre \u2018Ley Mordaza\u2019 inicia en Congreso de Nayarit Red Pol\u00edtica","rel":"","context":"En &quot;nayarit&quot;","block_context":{"text":"nayarit","link":"https:\/\/www.grieta.org.mx\/index.php\/category\/nayarit\/"},"img":{"alt_text":"","src":"https:\/\/i0.wp.com\/www.grieta.org.mx\/wp-content\/uploads\/2018\/03\/14524434_1106112876131411_958039263622046936_o.jpg?resize=350%2C200&ssl=1","width":350,"height":200,"srcset":"https:\/\/i0.wp.com\/www.grieta.org.mx\/wp-content\/uploads\/2018\/03\/14524434_1106112876131411_958039263622046936_o.jpg?resize=350%2C200&ssl=1 1x, https:\/\/i0.wp.com\/www.grieta.org.mx\/wp-content\/uploads\/2018\/03\/14524434_1106112876131411_958039263622046936_o.jpg?resize=525%2C300&ssl=1 1.5x, https:\/\/i0.wp.com\/www.grieta.org.mx\/wp-content\/uploads\/2018\/03\/14524434_1106112876131411_958039263622046936_o.jpg?resize=700%2C400&ssl=1 2x"},"classes":[]},{"id":4191,"url":"https:\/\/www.grieta.org.mx\/index.php\/2015\/09\/27\/movilizaciones-por-ayotzinapa-en-nayarit\/","url_meta":{"origin":16603,"position":4},"title":"Movilizaciones por Ayotzinapa en Nayarit","author":"grieta","date":"27 septiembre, 2015","format":false,"excerpt":"27\/09\/15. \u00a1Vivos se los llevaron, vivos los queremos! Independiente 26\/05\/15. Vetan acceso a la UAN a manifestantes que conmemoraban sucesos de Ayotzinapa Nayarit en L\u00ednea 27\/03\/15. Exigen justicia a seis meses de la desaparici\u00f3n forzada de los normalistas de Ayotzinapa P\u00e1gina 24 23\/03\/15. 1er Festival Cultural por la Vida: 10ma\u2026","rel":"","context":"En &quot;Desaparecidos&quot;","block_context":{"text":"Desaparecidos","link":"https:\/\/www.grieta.org.mx\/index.php\/category\/temas-nacionales\/desaparecidos\/"},"img":{"alt_text":"","src":"https:\/\/i0.wp.com\/www.grieta.org.mx\/wp-content\/uploads\/2018\/03\/14524434_1106112876131411_958039263622046936_o.jpg?resize=350%2C200&ssl=1","width":350,"height":200,"srcset":"https:\/\/i0.wp.com\/www.grieta.org.mx\/wp-content\/uploads\/2018\/03\/14524434_1106112876131411_958039263622046936_o.jpg?resize=350%2C200&ssl=1 1x, https:\/\/i0.wp.com\/www.grieta.org.mx\/wp-content\/uploads\/2018\/03\/14524434_1106112876131411_958039263622046936_o.jpg?resize=525%2C300&ssl=1 1.5x, https:\/\/i0.wp.com\/www.grieta.org.mx\/wp-content\/uploads\/2018\/03\/14524434_1106112876131411_958039263622046936_o.jpg?resize=700%2C400&ssl=1 2x"},"classes":[]},{"id":16614,"url":"https:\/\/www.grieta.org.mx\/index.php\/2016\/06\/14\/el-sindicato-de-trabajadores-de-servicios-academicos-y-docentes-del-colegio-de-educacion-profesional-tecnica-del-estado-de-nayarit-sitrayd-emplaza-a-huelga\/","url_meta":{"origin":16603,"position":5},"title":"El Sindicato de Trabajadores de Servicios Acad\u00e9micos y Docentes del Colegio de Educaci\u00f3n Profesional T\u00e9cnica del estado de Nayarit (SITRAyD) emplaza a huelga","author":"grieta","date":"14 junio, 2016","format":false,"excerpt":"14\/06\/16. POR VIOLAR CONTRATO COLECTIVO, EMPLAZAN A HUELGA A CONALEP Independiente","rel":"","context":"En &quot;Nayarit&quot;","block_context":{"text":"Nayarit","link":"https:\/\/www.grieta.org.mx\/index.php\/category\/noticias-nacionales\/nayarit\/"},"img":{"alt_text":"","src":"https:\/\/i0.wp.com\/www.grieta.org.mx\/wp-content\/uploads\/2018\/03\/14524434_1106112876131411_958039263622046936_o.jpg?resize=350%2C200&ssl=1","width":350,"height":200,"srcset":"https:\/\/i0.wp.com\/www.grieta.org.mx\/wp-content\/uploads\/2018\/03\/14524434_1106112876131411_958039263622046936_o.jpg?resize=350%2C200&ssl=1 1x, https:\/\/i0.wp.com\/www.grieta.org.mx\/wp-content\/uploads\/2018\/03\/14524434_1106112876131411_958039263622046936_o.jpg?resize=525%2C300&ssl=1 1.5x, https:\/\/i0.wp.com\/www.grieta.org.mx\/wp-content\/uploads\/2018\/03\/14524434_1106112876131411_958039263622046936_o.jpg?resize=700%2C400&ssl=1 2x"},"classes":[]}],"_links":{"self":[{"href":"https:\/\/www.grieta.org.mx\/index.php\/wp-json\/wp\/v2\/posts\/16603","targetHints":{"allow":["GET"]}}],"collection":[{"href":"https:\/\/www.grieta.org.mx\/index.php\/wp-json\/wp\/v2\/posts"}],"about":[{"href":"https:\/\/www.grieta.org.mx\/index.php\/wp-json\/wp\/v2\/types\/post"}],"author":[{"embeddable":true,"href":"https:\/\/www.grieta.org.mx\/index.php\/wp-json\/wp\/v2\/users\/2"}],"replies":[{"embeddable":true,"href":"https:\/\/www.grieta.org.mx\/index.php\/wp-json\/wp\/v2\/comments?post=16603"}],"version-history":[{"count":1,"href":"https:\/\/www.grieta.org.mx\/index.php\/wp-json\/wp\/v2\/posts\/16603\/revisions"}],"predecessor-version":[{"id":19593,"href":"https:\/\/www.grieta.org.mx\/index.php\/wp-json\/wp\/v2\/posts\/16603\/revisions\/19593"}],"wp:featuredmedia":[{"embeddable":true,"href":"https:\/\/www.grieta.org.mx\/index.php\/wp-json\/wp\/v2\/media\/21928"}],"wp:attachment":[{"href":"https:\/\/www.grieta.org.mx\/index.php\/wp-json\/wp\/v2\/media?parent=16603"}],"wp:term":[{"taxonomy":"category","embeddable":true,"href":"https:\/\/www.grieta.org.mx\/index.php\/wp-json\/wp\/v2\/categories?post=16603"},{"taxonomy":"post_tag","embeddable":true,"href":"https:\/\/www.grieta.org.mx\/index.php\/wp-json\/wp\/v2\/tags?post=16603"}],"curies":[{"name":"wp","href":"https:\/\/api.w.org\/{rel}","templated":true}]}}