{"id":166,"date":"2015-02-20T00:14:30","date_gmt":"2015-02-20T00:14:30","guid":{"rendered":"http:\/\/50.22.11.12\/~grietaor\/?p=166"},"modified":"2016-03-01T01:39:21","modified_gmt":"2016-03-01T01:39:21","slug":"agresion-de-autoridades-y-porros-contra-estudiantes-y-activistas-en-cch-naucalpan","status":"publish","type":"post","link":"https:\/\/www.grieta.org.mx\/index.php\/2015\/02\/20\/agresion-de-autoridades-y-porros-contra-estudiantes-y-activistas-en-cch-naucalpan\/","title":{"rendered":"Agresi\u00f3n de autoridades y porros contra estudiantes y activistas en CCH-Naucalpan"},"content":{"rendered":"<p>M\u00e9xico: Agresi\u00f3n de autoridades y porros contra estudiantes y activistas en CCH-Naucalpan<\/p>\n<p>Nos informan este momento que las \u201cAutoridades\u201d del CCH Naucalpan y Principalmente el Director del Plantel (Benjam\u00edn Barajas) est\u00e1 Reprimiendo (Golpeando y desalojando del plantel) a los Compa\u00f1eros activistas (Anarquistas) que el d\u00eda de ayer defendieron su integridad despu\u00e9s que un \u201cFuncionario\u201d de la Academia de Matematicas fuese a quitarles sus pertenencias y que despu\u00e9s de este hecho CASUALMENTE llegan los Porro del CCH Naucalpan denominados \u201cLos Cholos\u201d que inclusive fueron estos los que golpearon a una compa\u00f1era estudiante del mismo plantel con una Roca y que en estos momento se encuentra en TRAUMATOLOGIA.<\/p>\n<p>Hacemos RESPONSABLE de toda la INTEGRIDAD Academica, Psicologica y inclusive Legal a Benjamin Barajas (Director del CCH Naucalpan) y a su Secretario General (Queshava).<br \/>\nCon informaci\u00f3n tomada del Facebook de compa\u00f1eros del CCH-Naucalpan.<\/p>\n<p><a href=\"http:\/\/trabajadoresyrevolucion.wordpress.com\/2015\/02\/20\/mexico-agresion-de-autoridades-y-porros-contra-estudiantes-y-activistas-en-cch-naucalpan\/\" target=\"_blank\">trabajadoresyrevolucion.wordpress.com\/2015\/02\/20\/mexico-agresion-de-autoridades-y-porros-contra-estudiantes-y-activistas-en-cch-naucalpan\/<\/a><\/p>\n","protected":false},"excerpt":{"rendered":"<p>M\u00e9xico: Agresi\u00f3n de autoridades y porros contra estudiantes y activistas en CCH-Naucalpan Nos informan este momento que las \u201cAutoridades\u201d del CCH Naucalpan y Principalmente el Director del Plantel (Benjam\u00edn Barajas) &hellip; <a href=\"https:\/\/www.grieta.org.mx\/index.php\/2015\/02\/20\/agresion-de-autoridades-y-porros-contra-estudiantes-y-activistas-en-cch-naucalpan\/\" class=\"more-link\">Leer m\u00e1s<\/a><\/p>\n","protected":false},"author":2,"featured_media":21928,"comment_status":"closed","ping_status":"open","sticky":false,"template":"","format":"standard","meta":{"ngg_post_thumbnail":0,"_jetpack_newsletter_access":"","_jetpack_dont_email_post_to_subs":false,"_jetpack_newsletter_tier_id":0,"_jetpack_memberships_contains_paywalled_content":false,"_jetpack_memberships_contains_paid_content":false,"footnotes":""},"categories":[80],"tags":[107,92],"class_list":["post-166","post","type-post","status-publish","format-standard","has-post-thumbnail","hentry","category-cintillo","tag-educacion","tag-estado-de-mexico","entry"],"jetpack_featured_media_url":"https:\/\/www.grieta.org.mx\/wp-content\/uploads\/2018\/03\/14524434_1106112876131411_958039263622046936_o.jpg","jetpack_sharing_enabled":true,"jetpack_shortlink":"https:\/\/wp.me\/p7ZJR4-2G","jetpack_likes_enabled":false,"jetpack-related-posts":[{"id":169,"url":"https:\/\/www.grieta.org.mx\/index.php\/2015\/02\/23\/represion-en-cch-naucalpan\/","url_meta":{"origin":166,"position":0},"title":"Represi\u00f3n en CCH Naucalpan","author":"grieta","date":"23 febrero, 2015","format":false,"excerpt":"23\/02\/15. Comunicado sobre los hechos violentos del Mi\u00e9rcoles 18 de Febrero.\u00a0CCH-NaucalpanTrabajadores y revoluci\u00f3n 23\/02\/15. \u00bfDe qui\u00e9n es el CCH Naucalpan? \/ Estudiantes del CCH\u00a0NaucalpanTrabajadores y revoluci\u00f3n 20\/02\/15. Agresi\u00f3n de autoridades y porros contra estudiantes y activistas en\u00a0CCH-NaucalpanTrabajadores y revoluci\u00f3n","rel":"","context":"En &quot;Estado de M\u00e9xico&quot;","block_context":{"text":"Estado de M\u00e9xico","link":"https:\/\/www.grieta.org.mx\/index.php\/category\/noticias-nacionales\/estado-de-mexico\/"},"img":{"alt_text":"","src":"https:\/\/i0.wp.com\/www.grieta.org.mx\/wp-content\/uploads\/2018\/03\/14524434_1106112876131411_958039263622046936_o.jpg?resize=350%2C200&ssl=1","width":350,"height":200,"srcset":"https:\/\/i0.wp.com\/www.grieta.org.mx\/wp-content\/uploads\/2018\/03\/14524434_1106112876131411_958039263622046936_o.jpg?resize=350%2C200&ssl=1 1x, https:\/\/i0.wp.com\/www.grieta.org.mx\/wp-content\/uploads\/2018\/03\/14524434_1106112876131411_958039263622046936_o.jpg?resize=525%2C300&ssl=1 1.5x, https:\/\/i0.wp.com\/www.grieta.org.mx\/wp-content\/uploads\/2018\/03\/14524434_1106112876131411_958039263622046936_o.jpg?resize=700%2C400&ssl=1 2x"},"classes":[]},{"id":41204,"url":"https:\/\/www.grieta.org.mx\/index.php\/2019\/11\/15\/autoridades-de-cch-naucalpan-hostigan-y-amenazan-a-estudiante-organizado-estado-de-mexico\/","url_meta":{"origin":166,"position":1},"title":"Autoridades de CCH Naucalpan hostigan y amenazan a estudiante organizado (Estado de M\u00e9xico)","author":"grieta","date":"15 noviembre, 2019","format":false,"excerpt":"Agrupaci\u00f3n Juvenil Anticapitalista \/ La Izquierda Diario \u00a0 Estudiantes organizados en la Agrupaci\u00f3n Juvenil Anticapitalista denuncian hostigamiento y represi\u00f3n por parte de las autoridades y grupos afines a ellas en contra de estudiantes cr\u00edticos. Luego de la asamblea general resolutiva del 11\/Nov en las canchas del CCH Naucalpan, donde un\u2026","rel":"","context":"En &quot;CINTILLO&quot;","block_context":{"text":"CINTILLO","link":"https:\/\/www.grieta.org.mx\/index.php\/category\/cintillo\/"},"img":{"alt_text":"","src":"https:\/\/i0.wp.com\/www.grieta.org.mx\/wp-content\/uploads\/2018\/03\/14524434_1106112876131411_958039263622046936_o.jpg?resize=350%2C200&ssl=1","width":350,"height":200,"srcset":"https:\/\/i0.wp.com\/www.grieta.org.mx\/wp-content\/uploads\/2018\/03\/14524434_1106112876131411_958039263622046936_o.jpg?resize=350%2C200&ssl=1 1x, https:\/\/i0.wp.com\/www.grieta.org.mx\/wp-content\/uploads\/2018\/03\/14524434_1106112876131411_958039263622046936_o.jpg?resize=525%2C300&ssl=1 1.5x, https:\/\/i0.wp.com\/www.grieta.org.mx\/wp-content\/uploads\/2018\/03\/14524434_1106112876131411_958039263622046936_o.jpg?resize=700%2C400&ssl=1 2x"},"classes":[]},{"id":165,"url":"https:\/\/www.grieta.org.mx\/index.php\/2015\/02\/23\/de-quien-es-el-cch-naucalpan-estudiantes-del-cch-naucalpan\/","url_meta":{"origin":166,"position":2},"title":"\u00bfDe qui\u00e9n es el CCH Naucalpan? \/ Estudiantes del CCH Naucalpan","author":"grieta","date":"23 febrero, 2015","format":false,"excerpt":"\u00bfDE QUI\u00c9N ES EL CCH NAUCALPAN? A las autoridades del CCH Naucalpan A l@s profesoras y trabajador@s del plantel. Presentes Salvo a algunas excepciones de profesor@s y trabajador@s conscientes, los estudiantes del CCH Naucalpan les recordamos que: sin nosotros no habr\u00eda escuela ni materia laboral para Ustedes. Les recordamos tambi\u00e9n\u2026","rel":"","context":"En &quot;CINTILLO&quot;","block_context":{"text":"CINTILLO","link":"https:\/\/www.grieta.org.mx\/index.php\/category\/cintillo\/"},"img":{"alt_text":"","src":"https:\/\/i0.wp.com\/www.grieta.org.mx\/wp-content\/uploads\/2018\/03\/14524434_1106112876131411_958039263622046936_o.jpg?resize=350%2C200&ssl=1","width":350,"height":200,"srcset":"https:\/\/i0.wp.com\/www.grieta.org.mx\/wp-content\/uploads\/2018\/03\/14524434_1106112876131411_958039263622046936_o.jpg?resize=350%2C200&ssl=1 1x, https:\/\/i0.wp.com\/www.grieta.org.mx\/wp-content\/uploads\/2018\/03\/14524434_1106112876131411_958039263622046936_o.jpg?resize=525%2C300&ssl=1 1.5x, https:\/\/i0.wp.com\/www.grieta.org.mx\/wp-content\/uploads\/2018\/03\/14524434_1106112876131411_958039263622046936_o.jpg?resize=700%2C400&ssl=1 2x"},"classes":[]},{"id":10327,"url":"https:\/\/www.grieta.org.mx\/index.php\/2015\/10\/05\/los-porros-del-grupo-3-de-marzo-de-cch-vallejo-arremeten-contra-la-cabina-del-medio-libre-regeneracion-radio\/","url_meta":{"origin":166,"position":3},"title":"Los porros del grupo 3 de Marzo de CCH Vallejo. arremeten contra la cabina del medio libre regeneracion radio.","author":"grieta","date":"5 octubre, 2015","format":false,"excerpt":"Radio Zapote Regeneraci\u00f3n radio ha dado a conocer un video en el que se puede ver la forma en la que la cabina fue atacada por los porros del grupo 3 de Marzo. en la edici\u00f3n puede apreciarse la manera en a que se manifiesta la violencia del grupo porril\u2026","rel":"","context":"En &quot;cdmx&quot;","block_context":{"text":"cdmx","link":"https:\/\/www.grieta.org.mx\/index.php\/category\/cdmx\/"},"img":{"alt_text":"","src":"https:\/\/i0.wp.com\/www.grieta.org.mx\/wp-content\/uploads\/2018\/03\/14524434_1106112876131411_958039263622046936_o.jpg?resize=350%2C200&ssl=1","width":350,"height":200,"srcset":"https:\/\/i0.wp.com\/www.grieta.org.mx\/wp-content\/uploads\/2018\/03\/14524434_1106112876131411_958039263622046936_o.jpg?resize=350%2C200&ssl=1 1x, https:\/\/i0.wp.com\/www.grieta.org.mx\/wp-content\/uploads\/2018\/03\/14524434_1106112876131411_958039263622046936_o.jpg?resize=525%2C300&ssl=1 1.5x, https:\/\/i0.wp.com\/www.grieta.org.mx\/wp-content\/uploads\/2018\/03\/14524434_1106112876131411_958039263622046936_o.jpg?resize=700%2C400&ssl=1 2x"},"classes":[]},{"id":26056,"url":"https:\/\/www.grieta.org.mx\/index.php\/2018\/09\/02\/la-lucha-de-los-estudiantes-no-comenzo-esta-semana-frente-al-autoritarismo-institucional-la-organizacion-de-los-estudiantes-del-cch-azcapotzalco\/","url_meta":{"origin":166,"position":4},"title":"La lucha de los estudiantes no comenz\u00f3 esta semana: frente al autoritarismo institucional, la organizaci\u00f3n de los estudiantes del CCH Azcapotzalco","author":"grieta","date":"2 septiembre, 2018","format":false,"excerpt":"Colectivo Grieta, Ciudad de M\u00e9xico, 2 de septiembre de 2018. El viernes 31 de agosto de 2018 se realiz\u00f3 una asamblea en el Colegio de Ciencias y Humanidades plantel Azcapotzalco en la que se defini\u00f3 continuar con el paro total de actividades hasta que no se cumpla el pliego petitorio\u2026","rel":"","context":"En &quot;CINTILLO&quot;","block_context":{"text":"CINTILLO","link":"https:\/\/www.grieta.org.mx\/index.php\/category\/cintillo\/"},"img":{"alt_text":"","src":"https:\/\/i0.wp.com\/www.grieta.org.mx\/wp-content\/uploads\/2018\/09\/image.jpeg?resize=350%2C200&ssl=1","width":350,"height":200},"classes":[]},{"id":40292,"url":"https:\/\/www.grieta.org.mx\/index.php\/2019\/10\/16\/estudiantes-del-cch-sur-anuncian-paros-por-caso-de-violacion-ciudad-de-mexico\/","url_meta":{"origin":166,"position":5},"title":"Estudiantes del CCH Sur anuncian paros por caso de violaci\u00f3n (Ciudad de M\u00e9xico)","author":"grieta","date":"16 octubre, 2019","format":false,"excerpt":"LetraRoja M\u00e9xico. Estudiantes del Colegio de Ciencias y Humanidades (CCH) Sur anunciaron paro activo y una manifestaci\u00f3n para exigir justicia y seguridad por el caso de abuso sexual en contra de una sus estudiantes la semana pasada. En asamblea los estudiantes acordaron realizar un paro activo programado este viernes y\u2026","rel":"","context":"En &quot;CINTILLO&quot;","block_context":{"text":"CINTILLO","link":"https:\/\/www.grieta.org.mx\/index.php\/category\/cintillo\/"},"img":{"alt_text":"","src":"https:\/\/i0.wp.com\/www.grieta.org.mx\/wp-content\/uploads\/2019\/10\/Estudiantes-del-CCH-Sur-anuncian-paros-por-caso-de-violaci%C3%B3n-cdmx-oct.jpg?resize=350%2C200","width":350,"height":200},"classes":[]}],"_links":{"self":[{"href":"https:\/\/www.grieta.org.mx\/index.php\/wp-json\/wp\/v2\/posts\/166","targetHints":{"allow":["GET"]}}],"collection":[{"href":"https:\/\/www.grieta.org.mx\/index.php\/wp-json\/wp\/v2\/posts"}],"about":[{"href":"https:\/\/www.grieta.org.mx\/index.php\/wp-json\/wp\/v2\/types\/post"}],"author":[{"embeddable":true,"href":"https:\/\/www.grieta.org.mx\/index.php\/wp-json\/wp\/v2\/users\/2"}],"replies":[{"embeddable":true,"href":"https:\/\/www.grieta.org.mx\/index.php\/wp-json\/wp\/v2\/comments?post=166"}],"version-history":[{"count":1,"href":"https:\/\/www.grieta.org.mx\/index.php\/wp-json\/wp\/v2\/posts\/166\/revisions"}],"predecessor-version":[{"id":168,"href":"https:\/\/www.grieta.org.mx\/index.php\/wp-json\/wp\/v2\/posts\/166\/revisions\/168"}],"wp:featuredmedia":[{"embeddable":true,"href":"https:\/\/www.grieta.org.mx\/index.php\/wp-json\/wp\/v2\/media\/21928"}],"wp:attachment":[{"href":"https:\/\/www.grieta.org.mx\/index.php\/wp-json\/wp\/v2\/media?parent=166"}],"wp:term":[{"taxonomy":"category","embeddable":true,"href":"https:\/\/www.grieta.org.mx\/index.php\/wp-json\/wp\/v2\/categories?post=166"},{"taxonomy":"post_tag","embeddable":true,"href":"https:\/\/www.grieta.org.mx\/index.php\/wp-json\/wp\/v2\/tags?post=166"}],"curies":[{"name":"wp","href":"https:\/\/api.w.org\/{rel}","templated":true}]}}