{"id":16589,"date":"2016-07-12T02:25:53","date_gmt":"2016-07-12T07:25:53","guid":{"rendered":"http:\/\/www.grieta.org.mx\/?p=16589"},"modified":"2016-07-13T02:27:52","modified_gmt":"2016-07-13T07:27:52","slug":"demanda-america-suspender-desarrollo-en-pena-colorada","status":"publish","type":"post","link":"https:\/\/www.grieta.org.mx\/index.php\/2016\/07\/12\/demanda-america-suspender-desarrollo-en-pena-colorada\/","title":{"rendered":"Demanda Am\u00e9rica suspender desarrollo en Pe\u00f1a Colorada"},"content":{"rendered":"<p>Sergio A. Venegas Alarc\u00f3n\/Plaza de Armas<\/p>\n<p>Al exigir la clausura definitiva y la restauraci\u00f3n total de las 12 hect\u00e1reas afectadas en el ecosistema de Pe\u00f1a Colorada, la ambientalista Am\u00e9rica Vizca\u00edno dijo a PLAZA DE ARMAS, El Peri\u00f3dico de Quer\u00e9taro, que el da\u00f1o no debe quedar impune.<br \/>\nExplic\u00f3 adem\u00e1s el modus operandi de los desarrolladores para obtener cambios de uso de suelo. \u201cCuando un fraccionador adquiere peque\u00f1as o grandes extensiones de terrenos en zonas de protecci\u00f3n ecol\u00f3gica , planea sus desarrollos a corto, mediano y largo plazos, que pueden ir de uno a 50 a\u00f1os\u201d.<br \/>\nVan construyendo en fases, indic\u00f3 Vizca\u00edno, van devorando nuestras zonas de protecci\u00f3n ecol\u00f3gica en fases, y en los terrenos que quedar\u00e1n pr\u00f3ximos a su siguiente fase de construcciones, van impactando ilegal y gradualmente la vegetaci\u00f3n.<br \/>\nY ya que est\u00e1n preparados para urbanizar, se\u00f1al\u00f3, el deterioro ambiental en los terrenos que desmontaron o incendiaron es tal, que al solicitar el cambio de uso de suelo de preservaci\u00f3n ecol\u00f3gica o de terreno forestal para uso urbano, la zona esta tan degradada, que las autoridades consideran viable urbanizarla y se les otorgan los permisos.<br \/>\nAs\u00ed, los desarrolladores al destruir la vegetaci\u00f3n, al remover el suelo, favorecen condiciones propicias para que empiece a crecer vegetaci\u00f3n no nativa, esta vegetaci\u00f3n indica perturbaci\u00f3n y es se\u00f1al de impacto ambiental.<br \/>\nComo la dejan crecer pretenden ocultar la evidencia del il\u00edcito o el tiempo en el que se realizo el desmonte o el incendio, pero la vegetaci\u00f3n colonizadora es precisamente el indicador del deterioro ambiental ocasionado.<br \/>\nEn el caso que nos ocupa, la reciente destrucci\u00f3n de 6 hect\u00e1reas en Pe\u00f1a Colorada, denunciada el 6 de junio del 2016, es muy grave, puntualiz\u00f3 Am\u00e9rica Vizca\u00edno, no solo por la afectaci\u00f3n ambiental, sino porque no es el \u00fanico desmonte realizado en ese terreno.<br \/>\nRecord\u00f3 que en el 2012 denunciaron la devastaci\u00f3n de 6 hect\u00e1reas y que la denuncia fue atendida por el anterior delegado de Profepa, abri\u00e9ndose el expediente correspondiente y que obra en esa dependencia.<br \/>\nEsta situaci\u00f3n es cr\u00edtica, insisti\u00f3 la ambientalista Vizca\u00edno, porque sin lugar a dudas refleja el modus operandi de los desarrolladores. La devastaci\u00f3n de 12 hect\u00e1reas en el ecosistema de Pe\u00f1a Colorada no debe quedar impune, y es necesario que al desarrollador se le clausure definitivamente el terreno y se ordene.<\/p>\n<p><a href=\"http:\/\/www.plazadearmas.com.mx\/noticias\/local\/2016\/07\/12\/demanda_america_suspender_desarrollo_pena_colorada_390915_1013.html\" target=\"_blank\">http:\/\/www.plazadearmas.com.mx\/noticias\/local\/2016\/07\/12\/demanda_america_suspender_desarrollo_pena_colorada_390915_1013.html<\/a><\/p>\n","protected":false},"excerpt":{"rendered":"<p>Sergio A. Venegas Alarc\u00f3n\/Plaza de Armas Al exigir la clausura definitiva y la restauraci\u00f3n total de las 12 hect\u00e1reas afectadas en el ecosistema de Pe\u00f1a Colorada, la ambientalista Am\u00e9rica Vizca\u00edno &hellip; <a href=\"https:\/\/www.grieta.org.mx\/index.php\/2016\/07\/12\/demanda-america-suspender-desarrollo-en-pena-colorada\/\" class=\"more-link\">Leer m\u00e1s<\/a><\/p>\n","protected":false},"author":2,"featured_media":21928,"comment_status":"closed","ping_status":"closed","sticky":false,"template":"","format":"standard","meta":{"ngg_post_thumbnail":0,"_jetpack_newsletter_access":"","_jetpack_dont_email_post_to_subs":false,"_jetpack_newsletter_tier_id":0,"_jetpack_memberships_contains_paywalled_content":false,"_jetpack_memberships_contains_paid_content":false,"footnotes":""},"categories":[80],"tags":[154,377,175],"class_list":["post-16589","post","type-post","status-publish","format-standard","has-post-thumbnail","hentry","category-cintillo","tag-areas-naturales-protegidas","tag-cambio-de-uso-de-suelo","tag-ejidatarios","entry"],"jetpack_featured_media_url":"https:\/\/www.grieta.org.mx\/wp-content\/uploads\/2018\/03\/14524434_1106112876131411_958039263622046936_o.jpg","jetpack_sharing_enabled":true,"jetpack_shortlink":"https:\/\/wp.me\/p7ZJR4-4jz","jetpack_likes_enabled":false,"jetpack-related-posts":[{"id":16596,"url":"https:\/\/www.grieta.org.mx\/index.php\/2012\/02\/10\/presentan-denuncia-por-desmonte-en-pena-colorada\/","url_meta":{"origin":16589,"position":0},"title":"Presentan denuncia por desmonte en Pe\u00f1a Colorada","author":"grieta","date":"10 febrero, 2012","format":false,"excerpt":"Juan Jos\u00e9 Arreola\/El Universal QUER\u00c9TARO. Integrantes de grupos ecol\u00f3gicos presentaron una denuncia penal ante la PGR por delitos ambientales, debido al desmonte realizado en el ecosistema forestal Pe\u00f1a Colorada. Dicha acci\u00f3n gener\u00f3 el inicio de la averiguaci\u00f3n previa 093\/2012, siendo ratificada el pasado 1 de febrero por las ecologistas Am\u00e9rica\u2026","rel":"","context":"En &quot;CINTILLO&quot;","block_context":{"text":"CINTILLO","link":"https:\/\/www.grieta.org.mx\/index.php\/category\/cintillo\/"},"img":{"alt_text":"","src":"https:\/\/i0.wp.com\/www.grieta.org.mx\/wp-content\/uploads\/2018\/03\/14524434_1106112876131411_958039263622046936_o.jpg?resize=350%2C200&ssl=1","width":350,"height":200,"srcset":"https:\/\/i0.wp.com\/www.grieta.org.mx\/wp-content\/uploads\/2018\/03\/14524434_1106112876131411_958039263622046936_o.jpg?resize=350%2C200&ssl=1 1x, https:\/\/i0.wp.com\/www.grieta.org.mx\/wp-content\/uploads\/2018\/03\/14524434_1106112876131411_958039263622046936_o.jpg?resize=525%2C300&ssl=1 1.5x, https:\/\/i0.wp.com\/www.grieta.org.mx\/wp-content\/uploads\/2018\/03\/14524434_1106112876131411_958039263622046936_o.jpg?resize=700%2C400&ssl=1 2x"},"classes":[]},{"id":17347,"url":"https:\/\/www.grieta.org.mx\/index.php\/2016\/07\/21\/analizan-ambientalistas-con-calzada-mercado-tema-de-pena-colorada\/","url_meta":{"origin":16589,"position":1},"title":"Analizan ambientalistas con Calzada Mercado, tema de Pe\u00f1a Colorada","author":"grieta","date":"21 julio, 2016","format":false,"excerpt":"Esmeralda Trueba\/AM Quer\u00e9taro A El Marqu\u00e9s, compete el 30 por ciento de la superficie de Pe\u00f1a Colorada; lo que representa alrededor de mil 200 hect\u00e1reas, que est\u00e1n en esta jurisdicci\u00f3n La ambientalista Am\u00e9rica Vizca\u00edno indic\u00f3 que el objetivo de sostener un encuentro con autoridades municipales de El Marqu\u00e9s, fue para\u2026","rel":"","context":"En &quot;CINTILLO&quot;","block_context":{"text":"CINTILLO","link":"https:\/\/www.grieta.org.mx\/index.php\/category\/cintillo\/"},"img":{"alt_text":"","src":"https:\/\/i0.wp.com\/www.grieta.org.mx\/wp-content\/uploads\/2018\/03\/14524434_1106112876131411_958039263622046936_o.jpg?resize=350%2C200&ssl=1","width":350,"height":200,"srcset":"https:\/\/i0.wp.com\/www.grieta.org.mx\/wp-content\/uploads\/2018\/03\/14524434_1106112876131411_958039263622046936_o.jpg?resize=350%2C200&ssl=1 1x, https:\/\/i0.wp.com\/www.grieta.org.mx\/wp-content\/uploads\/2018\/03\/14524434_1106112876131411_958039263622046936_o.jpg?resize=525%2C300&ssl=1 1.5x, https:\/\/i0.wp.com\/www.grieta.org.mx\/wp-content\/uploads\/2018\/03\/14524434_1106112876131411_958039263622046936_o.jpg?resize=700%2C400&ssl=1 2x"},"classes":[]},{"id":33077,"url":"https:\/\/www.grieta.org.mx\/index.php\/2019\/05\/07\/ecologista-acusa-a-desarolladores-por-incendio-en-pena-colorada-queretaro\/","url_meta":{"origin":16589,"position":2},"title":"Ecologista acusa a desarolladores por incendio en Pe\u00f1a Colorada (Quer\u00e9taro)","author":"grieta","date":"7 mayo, 2019","format":false,"excerpt":"El fuego arras\u00f3 con 15 hect\u00e1reas y ahora podr\u00edan querer construir, dice Am\u00e9rica Vizca\u00edno Alejandro Pay\u00e1n V\u00e1zquez \/ El Diario de Quer\u00e9taro El incendio registrado la tarde del domingo en las inmediaciones de la zona protegida conocida como Pe\u00f1a Colorada podr\u00eda haber sido provocado por desarrolladores, indic\u00f3 Am\u00e9rica Vizca\u00edno Sahag\u00fan,\u2026","rel":"","context":"En &quot;CINTILLO&quot;","block_context":{"text":"CINTILLO","link":"https:\/\/www.grieta.org.mx\/index.php\/category\/cintillo\/"},"img":{"alt_text":"","src":"https:\/\/i0.wp.com\/www.grieta.org.mx\/wp-content\/uploads\/2019\/05\/q11-incendio_0.jpg?resize=350%2C200&ssl=1","width":350,"height":200,"srcset":"https:\/\/i0.wp.com\/www.grieta.org.mx\/wp-content\/uploads\/2019\/05\/q11-incendio_0.jpg?resize=350%2C200&ssl=1 1x, https:\/\/i0.wp.com\/www.grieta.org.mx\/wp-content\/uploads\/2019\/05\/q11-incendio_0.jpg?resize=525%2C300&ssl=1 1.5x"},"classes":[]},{"id":16593,"url":"https:\/\/www.grieta.org.mx\/index.php\/2015\/08\/14\/tendrian-interes-en-pena-colorada\/","url_meta":{"origin":16589,"position":3},"title":"Tendr\u00edan inter\u00e9s en Pe\u00f1a Colorada","author":"grieta","date":"14 agosto, 2015","format":false,"excerpt":"Diego Armando Rivera\/AM Quer\u00e9taro Si Pe\u00f1a Colorada es factible para edificar casas o comercios, la Canadevi se muestra interesada en trabajar en ese sitio, pero requieren de una resoluci\u00f3n Todo Quer\u00e9taro est\u00e1 inmerso en la especulaci\u00f3n inmobiliaria, asegur\u00f3 el presidente de la C\u00e1mara Nacional de la Industria de Desarrollo y\u2026","rel":"","context":"En &quot;CINTILLO&quot;","block_context":{"text":"CINTILLO","link":"https:\/\/www.grieta.org.mx\/index.php\/category\/cintillo\/"},"img":{"alt_text":"","src":"https:\/\/i0.wp.com\/www.grieta.org.mx\/wp-content\/uploads\/2018\/03\/14524434_1106112876131411_958039263622046936_o.jpg?resize=350%2C200&ssl=1","width":350,"height":200,"srcset":"https:\/\/i0.wp.com\/www.grieta.org.mx\/wp-content\/uploads\/2018\/03\/14524434_1106112876131411_958039263622046936_o.jpg?resize=350%2C200&ssl=1 1x, https:\/\/i0.wp.com\/www.grieta.org.mx\/wp-content\/uploads\/2018\/03\/14524434_1106112876131411_958039263622046936_o.jpg?resize=525%2C300&ssl=1 1.5x, https:\/\/i0.wp.com\/www.grieta.org.mx\/wp-content\/uploads\/2018\/03\/14524434_1106112876131411_958039263622046936_o.jpg?resize=700%2C400&ssl=1 2x"},"classes":[]},{"id":16581,"url":"https:\/\/www.grieta.org.mx\/index.php\/2016\/07\/21\/conflictos-ambientales-por-desarrollos-urbanos-en-queretaro\/","url_meta":{"origin":16589,"position":4},"title":"Conflictos ambientales por desarrollos urbanos en Quer\u00e9taro","author":"grieta","date":"21 julio, 2016","format":false,"excerpt":"21\/07\/16. Analizan ambientalistas con Calzada Mercado, tema de Pe\u00f1a Colorada AM Quer\u00e9taro 12\/07\/16. Demanda Am\u00e9rica suspender desarrollo en Pe\u00f1a Colorada Plaza de Armas 09\/07\/16. Exhortan ambientalistas a imponer sanciones por caso Pe\u00f1a Colorada AM Quer\u00e9taro 14\/08\/15. Tendr\u00edan inter\u00e9s en Pe\u00f1a Colorada AM Quer\u00e9taro 12\/08\/15. No fuimos consultados para decreto: ejidatarios\u2026","rel":"","context":"En &quot;\u00c1reas naturales protegidas&quot;","block_context":{"text":"\u00c1reas naturales protegidas","link":"https:\/\/www.grieta.org.mx\/index.php\/category\/megaproyectos\/areas-naturales-protegidas\/"},"img":{"alt_text":"","src":"https:\/\/i0.wp.com\/www.grieta.org.mx\/wp-content\/uploads\/2018\/03\/14524434_1106112876131411_958039263622046936_o.jpg?resize=350%2C200&ssl=1","width":350,"height":200,"srcset":"https:\/\/i0.wp.com\/www.grieta.org.mx\/wp-content\/uploads\/2018\/03\/14524434_1106112876131411_958039263622046936_o.jpg?resize=350%2C200&ssl=1 1x, https:\/\/i0.wp.com\/www.grieta.org.mx\/wp-content\/uploads\/2018\/03\/14524434_1106112876131411_958039263622046936_o.jpg?resize=525%2C300&ssl=1 1.5x, https:\/\/i0.wp.com\/www.grieta.org.mx\/wp-content\/uploads\/2018\/03\/14524434_1106112876131411_958039263622046936_o.jpg?resize=700%2C400&ssl=1 2x"},"classes":[]},{"id":16600,"url":"https:\/\/www.grieta.org.mx\/index.php\/2016\/07\/09\/exhortan-ambientalistas-a-imponer-sanciones-por-caso-pena-colorada\/","url_meta":{"origin":16589,"position":5},"title":"Exhortan ambientalistas a imponer sanciones por caso Pe\u00f1a Colorada","author":"grieta","date":"9 julio, 2016","format":false,"excerpt":"Diego Rodr\u00edguez\/AM Quer\u00e9taro Joel Quezada, experto en la materia, enfatiz\u00f3 la relevancia que tiene la conservaci\u00f3n de las \u00e1reas ambientales en la zona metropolitana Integrantes del Consejo Tem\u00e1tico del Medio Ambiente del Municipio de Quer\u00e9taro, exhortaron al gobernador del estado, Francisco Dom\u00ednguez Servi\u00e9n, as\u00ed como a los delegados de la\u2026","rel":"","context":"En &quot;CINTILLO&quot;","block_context":{"text":"CINTILLO","link":"https:\/\/www.grieta.org.mx\/index.php\/category\/cintillo\/"},"img":{"alt_text":"","src":"https:\/\/i0.wp.com\/www.grieta.org.mx\/wp-content\/uploads\/2018\/03\/14524434_1106112876131411_958039263622046936_o.jpg?resize=350%2C200&ssl=1","width":350,"height":200,"srcset":"https:\/\/i0.wp.com\/www.grieta.org.mx\/wp-content\/uploads\/2018\/03\/14524434_1106112876131411_958039263622046936_o.jpg?resize=350%2C200&ssl=1 1x, https:\/\/i0.wp.com\/www.grieta.org.mx\/wp-content\/uploads\/2018\/03\/14524434_1106112876131411_958039263622046936_o.jpg?resize=525%2C300&ssl=1 1.5x, https:\/\/i0.wp.com\/www.grieta.org.mx\/wp-content\/uploads\/2018\/03\/14524434_1106112876131411_958039263622046936_o.jpg?resize=700%2C400&ssl=1 2x"},"classes":[]}],"_links":{"self":[{"href":"https:\/\/www.grieta.org.mx\/index.php\/wp-json\/wp\/v2\/posts\/16589","targetHints":{"allow":["GET"]}}],"collection":[{"href":"https:\/\/www.grieta.org.mx\/index.php\/wp-json\/wp\/v2\/posts"}],"about":[{"href":"https:\/\/www.grieta.org.mx\/index.php\/wp-json\/wp\/v2\/types\/post"}],"author":[{"embeddable":true,"href":"https:\/\/www.grieta.org.mx\/index.php\/wp-json\/wp\/v2\/users\/2"}],"replies":[{"embeddable":true,"href":"https:\/\/www.grieta.org.mx\/index.php\/wp-json\/wp\/v2\/comments?post=16589"}],"version-history":[{"count":1,"href":"https:\/\/www.grieta.org.mx\/index.php\/wp-json\/wp\/v2\/posts\/16589\/revisions"}],"predecessor-version":[{"id":16590,"href":"https:\/\/www.grieta.org.mx\/index.php\/wp-json\/wp\/v2\/posts\/16589\/revisions\/16590"}],"wp:featuredmedia":[{"embeddable":true,"href":"https:\/\/www.grieta.org.mx\/index.php\/wp-json\/wp\/v2\/media\/21928"}],"wp:attachment":[{"href":"https:\/\/www.grieta.org.mx\/index.php\/wp-json\/wp\/v2\/media?parent=16589"}],"wp:term":[{"taxonomy":"category","embeddable":true,"href":"https:\/\/www.grieta.org.mx\/index.php\/wp-json\/wp\/v2\/categories?post=16589"},{"taxonomy":"post_tag","embeddable":true,"href":"https:\/\/www.grieta.org.mx\/index.php\/wp-json\/wp\/v2\/tags?post=16589"}],"curies":[{"name":"wp","href":"https:\/\/api.w.org\/{rel}","templated":true}]}}