{"id":16584,"date":"2015-08-12T02:22:54","date_gmt":"2015-08-12T07:22:54","guid":{"rendered":"http:\/\/www.grieta.org.mx\/?p=16584"},"modified":"2016-07-13T02:25:43","modified_gmt":"2016-07-13T07:25:43","slug":"no-fuimos-consultados-para-decreto-ejidatarios-de-pena-colorada","status":"publish","type":"post","link":"https:\/\/www.grieta.org.mx\/index.php\/2015\/08\/12\/no-fuimos-consultados-para-decreto-ejidatarios-de-pena-colorada\/","title":{"rendered":"No fuimos consultados para decreto: ejidatarios de Pe\u00f1a Colorada"},"content":{"rendered":"<p>M\u00f3nica Gordillo\/AM Quer\u00e9taro<\/p>\n<blockquote><p>\nLas autoridades iniciaron el proceso para declarar la Pe\u00f1a Colorada como \u00c1rea Natural Protegida en 2014, sin considerar su opini\u00f3n como propietarios de las tierras\n<\/p><\/blockquote>\n<p>Al ser entrevistados por el peri\u00f3dico AM,  comisariados y ejidatarios de Pe\u00f1a Colorada aseguraron que las autoridades iniciaron el proceso para declarar este pol\u00edgono de 4, 983-97-96. 12 hect\u00e1reas como \u00c1rea Natural Protegida en 2014, sin presentarles el proyecto y sin considerar su opini\u00f3n como propietarios de las tierras.<\/p>\n<p>Despu\u00e9s de que la Comisi\u00f3n Nacional de \u00c1reas Naturales Protegidas (CNANP) suspendiera los trabajos del proceso de decreto a petici\u00f3n  de la Subsecretar\u00eda de Desarrollo Pol\u00edtico y Social de la Secretaria de Gobierno del estado, argumentando que no contaba con la aprobaci\u00f3n ciudadana,  Juventino Aguilar Aguilar, quien se desempe\u00f1aba como presidente del comisariado de San Pedrito El Alto hasta el mes de abril de este a\u00f1o, asever\u00f3 que rechazaron rotundamente el proyecto, ya que nunca fueron consultados.<\/p>\n<p>Por este motivo, subray\u00f3 que en este momento no estar\u00edan a favor del decreto aunque  se les garantizara el otorgamiento de proyectos con financiamiento que cumplan criterios de sustentabilidad y de acuerdo al plan de manejo.<\/p>\n<p>    \u201cEn este momento no, creo que primero que nada tenemos que poner los pies en la tierra y ya despu\u00e9s tomar alguna decisi\u00f3n. Por el mismo motivo que rechazamos el proyecto se hizo de una manera muy sospechosa y muy obscura (\u2026) entonces por esa raz\u00f3n nos opusimos rotundamente y se fue para atr\u00e1s\u201d, expres\u00f3.<\/p>\n<p>Aunque se\u00f1al\u00f3 que  la ejecuci\u00f3n de proyectos que hagan m\u00e1s productivos a los nueve ejidos y proteger al medio ambiente no son ideas que se contraponen, Jos\u00e9 Jacob S\u00e1nchez B\u00e1rcenas, el presidente del Comisariado Ejidal de Santa Rosa J\u00e1uregui, integrado por  mil 460 hect\u00e1reas, subray\u00f3 que la Secretar\u00eda de Medio Ambiente y Recursos Naturales (SEMANRNAT) no se present\u00f3 a ninguna asamblea ejidal desde el pasado 25 de julio del 2014  cuando public\u00f3 en el Diario Oficial de la Federaci\u00f3n el aviso por el cual se informaba que se encontraba a disposici\u00f3n el estudio para justificar la expedici\u00f3n del decreto.<\/p>\n<p>    \u201cComo que a nosotros no han estado negando la informaci\u00f3n a la cual tenemos derecho. Ante el planteamiento ese es un asunto que cada asamblea de los ejidos (\u2026) lo tendr\u00edamos que analizar. Es muy interesante que se pudieran canalizar esfuerzos para hacer productivos a los ejidos (\u2026) no est\u00e1n divorciados esos proyectos. Aqu\u00ed lo que yo veo es que el gobierno como que no quiere asumir su responsabilidad\u201d, manifest\u00f3.<\/p>\n<p>Salvador Granados, Ejidatario de Santa Rosa J\u00e1uregui,  enfatiz\u00f3 que hasta que no se asegure la venta de los  predios no estar\u00eda dispuesto a apoyar el decreto de Pe\u00f1a Colorada como \u00c1rea Natural Protegida.<\/p>\n<p>    \u201cSi apoyar\u00eda siempre y cuando hubiera un convenio por que esas tierras valen y nosotros somos los due\u00f1os. Venta m\u00e1s que nada que es algo que muchos ejidatarios quieren. Si no hay venta, si solo son unos apoyos o unas ayudas no tendr\u00eda caso. Nunca se presentaron somos un ejido y deber\u00edan hacer venido a comunicarnos (\u2026)\u201d, recalc\u00f3.<\/p>\n<p><a href=\"http:\/\/amqueretaro.com\/queretaro\/2015\/08\/12\/no-fuimos-consultados-para-decreto-ejidatarios-de-pena-colorada\" target=\"_blank\">http:\/\/amqueretaro.com\/queretaro\/2015\/08\/12\/no-fuimos-consultados-para-decreto-ejidatarios-de-pena-colorada<\/a><\/p>\n","protected":false},"excerpt":{"rendered":"<p>M\u00f3nica Gordillo\/AM Quer\u00e9taro Las autoridades iniciaron el proceso para declarar la Pe\u00f1a Colorada como \u00c1rea Natural Protegida en 2014, sin considerar su opini\u00f3n como propietarios de las tierras Al ser &hellip; <a href=\"https:\/\/www.grieta.org.mx\/index.php\/2015\/08\/12\/no-fuimos-consultados-para-decreto-ejidatarios-de-pena-colorada\/\" class=\"more-link\">Leer m\u00e1s<\/a><\/p>\n","protected":false},"author":2,"featured_media":21928,"comment_status":"closed","ping_status":"closed","sticky":false,"template":"","format":"standard","meta":{"ngg_post_thumbnail":0,"_jetpack_newsletter_access":"","_jetpack_dont_email_post_to_subs":false,"_jetpack_newsletter_tier_id":0,"_jetpack_memberships_contains_paywalled_content":false,"_jetpack_memberships_contains_paid_content":false,"footnotes":""},"categories":[80],"tags":[154,377,175],"class_list":["post-16584","post","type-post","status-publish","format-standard","has-post-thumbnail","hentry","category-cintillo","tag-areas-naturales-protegidas","tag-cambio-de-uso-de-suelo","tag-ejidatarios","entry"],"jetpack_featured_media_url":"https:\/\/www.grieta.org.mx\/wp-content\/uploads\/2018\/03\/14524434_1106112876131411_958039263622046936_o.jpg","jetpack_sharing_enabled":true,"jetpack_shortlink":"https:\/\/wp.me\/p7ZJR4-4ju","jetpack_likes_enabled":false,"jetpack-related-posts":[{"id":39237,"url":"https:\/\/www.grieta.org.mx\/index.php\/2019\/09\/11\/ejidatarios-piden-frenar-el-decreto-de-pena-colorada-queretaro\/","url_meta":{"origin":16584,"position":0},"title":"Ejidatarios piden frenar el decreto de Pe\u00f1a Colorada (Quer\u00e9taro)","author":"grieta","date":"11 septiembre, 2019","format":false,"excerpt":"Khalid Osorio\/AM Quer\u00e9taro En la zona de Pe\u00f1a Colorada existen alrededor de mil 800 ejidatarios titulares de derechos y el decreto afectar\u00eda a m\u00e1s de 30 mil familias que cuentan con derechos. Manifestantes de los nueve ejidos de Pe\u00f1a Colorada se manifestaron en la entrada del Congreso de la Uni\u00f3n\u2026","rel":"","context":"En &quot;CINTILLO&quot;","block_context":{"text":"CINTILLO","link":"https:\/\/www.grieta.org.mx\/index.php\/category\/cintillo\/"},"img":{"alt_text":"","src":"https:\/\/i0.wp.com\/www.grieta.org.mx\/wp-content\/uploads\/2019\/09\/manifestaci%C3%B3n-ejidatarios.jpg?resize=350%2C200&ssl=1","width":350,"height":200,"srcset":"https:\/\/i0.wp.com\/www.grieta.org.mx\/wp-content\/uploads\/2019\/09\/manifestaci%C3%B3n-ejidatarios.jpg?resize=350%2C200&ssl=1 1x, https:\/\/i0.wp.com\/www.grieta.org.mx\/wp-content\/uploads\/2019\/09\/manifestaci%C3%B3n-ejidatarios.jpg?resize=525%2C300&ssl=1 1.5x, https:\/\/i0.wp.com\/www.grieta.org.mx\/wp-content\/uploads\/2019\/09\/manifestaci%C3%B3n-ejidatarios.jpg?resize=700%2C400&ssl=1 2x"},"classes":[]},{"id":16581,"url":"https:\/\/www.grieta.org.mx\/index.php\/2016\/07\/21\/conflictos-ambientales-por-desarrollos-urbanos-en-queretaro\/","url_meta":{"origin":16584,"position":1},"title":"Conflictos ambientales por desarrollos urbanos en Quer\u00e9taro","author":"grieta","date":"21 julio, 2016","format":false,"excerpt":"21\/07\/16. Analizan ambientalistas con Calzada Mercado, tema de Pe\u00f1a Colorada AM Quer\u00e9taro 12\/07\/16. Demanda Am\u00e9rica suspender desarrollo en Pe\u00f1a Colorada Plaza de Armas 09\/07\/16. Exhortan ambientalistas a imponer sanciones por caso Pe\u00f1a Colorada AM Quer\u00e9taro 14\/08\/15. Tendr\u00edan inter\u00e9s en Pe\u00f1a Colorada AM Quer\u00e9taro 12\/08\/15. No fuimos consultados para decreto: ejidatarios\u2026","rel":"","context":"En &quot;\u00c1reas naturales protegidas&quot;","block_context":{"text":"\u00c1reas naturales protegidas","link":"https:\/\/www.grieta.org.mx\/index.php\/category\/megaproyectos\/areas-naturales-protegidas\/"},"img":{"alt_text":"","src":"https:\/\/i0.wp.com\/www.grieta.org.mx\/wp-content\/uploads\/2018\/03\/14524434_1106112876131411_958039263622046936_o.jpg?resize=350%2C200&ssl=1","width":350,"height":200,"srcset":"https:\/\/i0.wp.com\/www.grieta.org.mx\/wp-content\/uploads\/2018\/03\/14524434_1106112876131411_958039263622046936_o.jpg?resize=350%2C200&ssl=1 1x, https:\/\/i0.wp.com\/www.grieta.org.mx\/wp-content\/uploads\/2018\/03\/14524434_1106112876131411_958039263622046936_o.jpg?resize=525%2C300&ssl=1 1.5x, https:\/\/i0.wp.com\/www.grieta.org.mx\/wp-content\/uploads\/2018\/03\/14524434_1106112876131411_958039263622046936_o.jpg?resize=700%2C400&ssl=1 2x"},"classes":[]},{"id":16582,"url":"https:\/\/www.grieta.org.mx\/index.php\/2015\/05\/23\/rechazan-ejidatarios-declaratoria-de-la-pena-colorada-como-zona-protegida\/","url_meta":{"origin":16584,"position":2},"title":"Rechazan ejidatarios declaratoria de la Pe\u00f1a Colorada como zona protegida","author":"grieta","date":"23 mayo, 2015","format":false,"excerpt":"Esmeralda Trueba\/AM Quer\u00e9taro Cerca de 30 ejidatarios se manifestaron por las calles del centro de Quer\u00e9taro para instalarse a las afueras de Palacio de Gobierno Con pancartas en mano que dec\u00edan: \u201cNo a la declaraci\u00f3n a la Pe\u00f1a Colorada como zona protegida\u201d, cerca de 30 ejidatarios se manifestaron por las\u2026","rel":"","context":"En &quot;CINTILLO&quot;","block_context":{"text":"CINTILLO","link":"https:\/\/www.grieta.org.mx\/index.php\/category\/cintillo\/"},"img":{"alt_text":"","src":"https:\/\/i0.wp.com\/www.grieta.org.mx\/wp-content\/uploads\/2018\/03\/14524434_1106112876131411_958039263622046936_o.jpg?resize=350%2C200&ssl=1","width":350,"height":200,"srcset":"https:\/\/i0.wp.com\/www.grieta.org.mx\/wp-content\/uploads\/2018\/03\/14524434_1106112876131411_958039263622046936_o.jpg?resize=350%2C200&ssl=1 1x, https:\/\/i0.wp.com\/www.grieta.org.mx\/wp-content\/uploads\/2018\/03\/14524434_1106112876131411_958039263622046936_o.jpg?resize=525%2C300&ssl=1 1.5x, https:\/\/i0.wp.com\/www.grieta.org.mx\/wp-content\/uploads\/2018\/03\/14524434_1106112876131411_958039263622046936_o.jpg?resize=700%2C400&ssl=1 2x"},"classes":[]},{"id":25666,"url":"https:\/\/www.grieta.org.mx\/index.php\/2018\/07\/17\/rechazan-ejidatarios-decreto-de-area-natural-protegida-para-la-giganta-baja-california-sur\/","url_meta":{"origin":16584,"position":3},"title":"Rechazan ejidatarios decreto de \u00c1rea Natural Protegida para La Giganta (Baja California Sur)","author":"grieta","date":"17 julio, 2018","format":false,"excerpt":"El ejido San Javier se declar\u00f3 en contra de que la sierra La Giganta sea \u00e1rea natural protegida. Cortes\u00eda \/ El Sudcaliforniano Javier Ch\u00e1vez Davis Loreto, Baja California Sur.- Integrantes del ejido San Javier est\u00e1n totalmente en contra de la propuesta para decretar \u00e1rea natural protegida a parte de la\u2026","rel":"","context":"En &quot;\u00c1reas naturales protegidas&quot;","block_context":{"text":"\u00c1reas naturales protegidas","link":"https:\/\/www.grieta.org.mx\/index.php\/category\/megaproyectos\/areas-naturales-protegidas\/"},"img":{"alt_text":"","src":"https:\/\/i0.wp.com\/www.grieta.org.mx\/wp-content\/uploads\/2018\/08\/EL-EJIDO-SAN-JAVIER....jpg?resize=350%2C200&ssl=1","width":350,"height":200,"srcset":"https:\/\/i0.wp.com\/www.grieta.org.mx\/wp-content\/uploads\/2018\/08\/EL-EJIDO-SAN-JAVIER....jpg?resize=350%2C200&ssl=1 1x, https:\/\/i0.wp.com\/www.grieta.org.mx\/wp-content\/uploads\/2018\/08\/EL-EJIDO-SAN-JAVIER....jpg?resize=525%2C300&ssl=1 1.5x"},"classes":[]},{"id":71727,"url":"https:\/\/www.grieta.org.mx\/index.php\/2025\/05\/16\/ejidatarios-rechazan-intento-de-imponer-area-natural-protegida-en-bacalar-quintana-roo\/","url_meta":{"origin":16584,"position":4},"title":"Ejidatarios rechazan intento de imponer \u00e1rea natural protegida en Bacalar (Quintana Roo)","author":"grieta","date":"16 mayo, 2025","format":false,"excerpt":"Efra\u00edn Castro \/ El Heraldo de M\u00e9xico QUINTANA ROO Se\u00f1alan antecedentes similares en Sian Ka\u2019an y acusan que este tipo de medidas frena el desarrollo econ\u00f3mico y desplaza a los habitantes locales bajo el pretexto de la conservaci\u00f3n ambiental. Representantes ejidales y organizaciones comunitarias del sur de Quintana Roo alertaron\u2026","rel":"","context":"En &quot;\u00c1reas naturales protegidas&quot;","block_context":{"text":"\u00c1reas naturales protegidas","link":"https:\/\/www.grieta.org.mx\/index.php\/category\/megaproyectos\/areas-naturales-protegidas\/"},"img":{"alt_text":"","src":"https:\/\/i0.wp.com\/www.grieta.org.mx\/wp-content\/uploads\/2025\/05\/Ejidos-e1747658089111.jpg?resize=350%2C200&ssl=1","width":350,"height":200,"srcset":"https:\/\/i0.wp.com\/www.grieta.org.mx\/wp-content\/uploads\/2025\/05\/Ejidos-e1747658089111.jpg?resize=350%2C200&ssl=1 1x, https:\/\/i0.wp.com\/www.grieta.org.mx\/wp-content\/uploads\/2025\/05\/Ejidos-e1747658089111.jpg?resize=525%2C300&ssl=1 1.5x, https:\/\/i0.wp.com\/www.grieta.org.mx\/wp-content\/uploads\/2025\/05\/Ejidos-e1747658089111.jpg?resize=700%2C400&ssl=1 2x"},"classes":[]},{"id":67451,"url":"https:\/\/www.grieta.org.mx\/index.php\/2023\/08\/09\/ejidatarios-se-manifiestan-en-el-palacio-de-gobiernobaja-california-sur\/","url_meta":{"origin":16584,"position":5},"title":"Ejidatarios se manifiestan en el Palacio de Gobierno(Baja California Sur)","author":"grieta","date":"9 agosto, 2023","format":false,"excerpt":"Adriana M\u00e1rquez | El Sudcaliforniano La Paz, Baja California Sur (OEM-INformex).- Ejidatarios se manifestaron en la explanada del palacio de Gobierno para exigir la intervenci\u00f3n del gobernador, V\u00edctor Manuel Castro Cos\u00edo, para evitar la creaci\u00f3n del \u00c1rea Natural Protegida sierras La Giganta y Guadalupe. Ademas, pidieron respeto ante los adjetivos\u2026","rel":"","context":"En &quot;\u00c1reas naturales protegidas&quot;","block_context":{"text":"\u00c1reas naturales protegidas","link":"https:\/\/www.grieta.org.mx\/index.php\/category\/megaproyectos\/areas-naturales-protegidas\/"},"img":{"alt_text":"","src":"https:\/\/i0.wp.com\/www.grieta.org.mx\/wp-content\/uploads\/2023\/08\/BajaSurANP-e1691970868839.jpg?resize=350%2C200&ssl=1","width":350,"height":200,"srcset":"https:\/\/i0.wp.com\/www.grieta.org.mx\/wp-content\/uploads\/2023\/08\/BajaSurANP-e1691970868839.jpg?resize=350%2C200&ssl=1 1x, https:\/\/i0.wp.com\/www.grieta.org.mx\/wp-content\/uploads\/2023\/08\/BajaSurANP-e1691970868839.jpg?resize=525%2C300&ssl=1 1.5x, https:\/\/i0.wp.com\/www.grieta.org.mx\/wp-content\/uploads\/2023\/08\/BajaSurANP-e1691970868839.jpg?resize=700%2C400&ssl=1 2x"},"classes":[]}],"_links":{"self":[{"href":"https:\/\/www.grieta.org.mx\/index.php\/wp-json\/wp\/v2\/posts\/16584","targetHints":{"allow":["GET"]}}],"collection":[{"href":"https:\/\/www.grieta.org.mx\/index.php\/wp-json\/wp\/v2\/posts"}],"about":[{"href":"https:\/\/www.grieta.org.mx\/index.php\/wp-json\/wp\/v2\/types\/post"}],"author":[{"embeddable":true,"href":"https:\/\/www.grieta.org.mx\/index.php\/wp-json\/wp\/v2\/users\/2"}],"replies":[{"embeddable":true,"href":"https:\/\/www.grieta.org.mx\/index.php\/wp-json\/wp\/v2\/comments?post=16584"}],"version-history":[{"count":1,"href":"https:\/\/www.grieta.org.mx\/index.php\/wp-json\/wp\/v2\/posts\/16584\/revisions"}],"predecessor-version":[{"id":16588,"href":"https:\/\/www.grieta.org.mx\/index.php\/wp-json\/wp\/v2\/posts\/16584\/revisions\/16588"}],"wp:featuredmedia":[{"embeddable":true,"href":"https:\/\/www.grieta.org.mx\/index.php\/wp-json\/wp\/v2\/media\/21928"}],"wp:attachment":[{"href":"https:\/\/www.grieta.org.mx\/index.php\/wp-json\/wp\/v2\/media?parent=16584"}],"wp:term":[{"taxonomy":"category","embeddable":true,"href":"https:\/\/www.grieta.org.mx\/index.php\/wp-json\/wp\/v2\/categories?post=16584"},{"taxonomy":"post_tag","embeddable":true,"href":"https:\/\/www.grieta.org.mx\/index.php\/wp-json\/wp\/v2\/tags?post=16584"}],"curies":[{"name":"wp","href":"https:\/\/api.w.org\/{rel}","templated":true}]}}