{"id":16510,"date":"2013-08-19T12:23:09","date_gmt":"2013-08-19T17:23:09","guid":{"rendered":"http:\/\/www.grieta.org.mx\/?p=16510"},"modified":"2019-01-19T11:44:28","modified_gmt":"2019-01-19T17:44:28","slug":"atropella-camionero-a-2-ninos-jornaleros-uno-muere","status":"publish","type":"post","link":"https:\/\/www.grieta.org.mx\/index.php\/2013\/08\/19\/atropella-camionero-a-2-ninos-jornaleros-uno-muere\/","title":{"rendered":"Atropella camionero a 2 ni\u00f1os jornaleros: uno muere"},"content":{"rendered":"<p><img decoding=\"async\" data-attachment-id=\"24869\" data-permalink=\"https:\/\/www.grieta.org.mx\/index.php\/2013\/08\/19\/atropella-camionero-a-2-ninos-jornaleros-uno-muere\/atropello\/\" data-orig-file=\"https:\/\/www.grieta.org.mx\/wp-content\/uploads\/2013\/08\/ATROPELLO.jpg\" data-orig-size=\"650,380\" data-comments-opened=\"0\" data-image-meta=\"{&quot;aperture&quot;:&quot;0&quot;,&quot;credit&quot;:&quot;&quot;,&quot;camera&quot;:&quot;&quot;,&quot;caption&quot;:&quot;&quot;,&quot;created_timestamp&quot;:&quot;0&quot;,&quot;copyright&quot;:&quot;&quot;,&quot;focal_length&quot;:&quot;0&quot;,&quot;iso&quot;:&quot;0&quot;,&quot;shutter_speed&quot;:&quot;0&quot;,&quot;title&quot;:&quot;&quot;,&quot;orientation&quot;:&quot;0&quot;}\" data-image-title=\"ATROPELLO\" data-image-description=\"\" data-image-caption=\"\" data-medium-file=\"https:\/\/www.grieta.org.mx\/wp-content\/uploads\/2013\/08\/ATROPELLO-300x175.jpg\" data-large-file=\"https:\/\/www.grieta.org.mx\/wp-content\/uploads\/2013\/08\/ATROPELLO.jpg\" src=\"http:\/\/www.grieta.org.mx\/wp-content\/uploads\/2013\/08\/ATROPELLO-300x175.jpg\" alt=\"\" width=\"100%\"  class=\"aligncenter size-medium wp-image-24869\" srcset=\"https:\/\/www.grieta.org.mx\/wp-content\/uploads\/2013\/08\/ATROPELLO-300x175.jpg 300w, https:\/\/www.grieta.org.mx\/wp-content\/uploads\/2013\/08\/ATROPELLO.jpg 650w\" sizes=\"(max-width: 300px) 100vw, 300px\" \/><br \/>\n\u00c1ngel de Fuego | ntrzacatecas.com<\/p>\n<p>Fresnillo.- Dos hijos de jornaleros fueron atropellados por un cami\u00f3n de carga mientras sus padres piscaban tomate; uno de los ni\u00f1os muri\u00f3 en el lugar del accidente.<\/p>\n<p>Los hechos ocurrieron poco despu\u00e9s de las 11 horas en el rancho Tapia de los Carrera, en la comunidad La Perlita.<\/p>\n<p>Un individuo, de nombre Eulogio Camilo Mauricio, de 39 a\u00f1os, con domicilio en Guerrero, lleg\u00f3 a las instalaciones de la Polic\u00eda Ministerial del Estado (PME) e inform\u00f3 del accidente.<\/p>\n<p>Los efectivos se trasladaron a las tierras de cultivo para tomar conocimiento del hecho. Al llegar se encontraron un tractocami\u00f3n tipo Torton, azul, marca Mercedes Benz, con placas 985AJ4 del Estado de M\u00e9xico. En el lugar ya estaban tambi\u00e9n efectivos de Tr\u00e1nsito del Estado.<\/p>\n<p>Los guardianes de la vialidad informaron a los peritos que el infante arrollado sobreviviente hab\u00eda sido llevado al Hospital General de Fresnillo (HGF) para su atenci\u00f3n m\u00e9dica.<\/p>\n<p>Los ministeriales se entrevistaron con Faustino Genaro Toribio, de 39 a\u00f1os, quien dijo haber visto el arribo de dicho cami\u00f3n, que se estacion\u00f3, pero tras unos 5 minutos y el chofer volvi\u00f3 a dar marcha a la unidad y avanz\u00f3 para adelante y atropell\u00f3 a dos ni\u00f1os que se tapaban el sol con la sombra que daba el tractocami\u00f3n.<\/p>\n<p>Instant\u00e1neamente falleci\u00f3 Gabino Genaro Camilo, de 2 a\u00f1os, y result\u00f3 herido su hermano Salvador, de 7 a\u00f1os.<\/p>\n<p>El cuerpo del menor fue llevado a las instalaciones del Servicio M\u00e9dico Forense (Semefo) donde se le practic\u00f3 la necropsia de ley.<\/p>\n<p>Al ver lo que hab\u00eda pasado, el conductor, de quien se desconocen sus generales, pero es apodado como \u201cEl Chiles\u201d, se fug\u00f3, por lo que los dem\u00e1s jornaleros arremetieron a golpes contra el propietario del tractocami\u00f3n, Alfredo Escamilla Anaya, quien se encontraba en el lugar y fue a parar al nosocomio.<\/p>\n<p>Por el deceso del menor, Escamilla Anaya est\u00e1 internado en los separos de la Ministerial por el delito de homicidio y lesiones culposas.<\/p>\n<p><a href=\"http:\/\/ntrzacatecas.com\/2013\/08\/19\/atropella-camionero-a-2-ninos-jornaleros-uno-muere\/\" target=\"_blank\">http:\/\/ntrzacatecas.com\/2013\/08\/19\/atropella-camionero-a-2-ninos-jornaleros-uno-muere\/<\/a><\/p>\n","protected":false},"excerpt":{"rendered":"<p>\u00c1ngel de Fuego | ntrzacatecas.com Fresnillo.- Dos hijos de jornaleros fueron atropellados por un cami\u00f3n de carga mientras sus padres piscaban tomate; uno de los ni\u00f1os muri\u00f3 en el lugar &hellip; <a href=\"https:\/\/www.grieta.org.mx\/index.php\/2013\/08\/19\/atropella-camionero-a-2-ninos-jornaleros-uno-muere\/\" class=\"more-link\">Leer m\u00e1s<\/a><\/p>\n","protected":false},"author":2,"featured_media":21928,"comment_status":"closed","ping_status":"closed","sticky":false,"template":"","format":"standard","meta":{"ngg_post_thumbnail":0,"_jetpack_newsletter_access":"","_jetpack_dont_email_post_to_subs":false,"_jetpack_newsletter_tier_id":0,"_jetpack_memberships_contains_paywalled_content":false,"_jetpack_memberships_contains_paid_content":false,"footnotes":""},"categories":[80,85,1508,1827,1842,1968,2,83,76],"tags":[254,204],"class_list":["post-16510","post","type-post","status-publish","format-standard","has-post-thumbnail","hentry","category-cintillo","category-jornaleros","category-jornaleros-en-zacatecas","category-la-ninez-en-la-tormenta-capitalista","category-la-ninez-en-la-tormenta-en-zacatecas","category-ninos-jornaleros-en-zacatecas","category-noticias-nacionales","category-temas-nacionales","category-zacatecas","tag-explotacion-de-menores","tag-jornaleros","entry"],"jetpack_featured_media_url":"https:\/\/www.grieta.org.mx\/wp-content\/uploads\/2018\/03\/14524434_1106112876131411_958039263622046936_o.jpg","jetpack_sharing_enabled":true,"jetpack_shortlink":"https:\/\/wp.me\/p7ZJR4-4ii","jetpack_likes_enabled":false,"jetpack-related-posts":[{"id":16495,"url":"https:\/\/www.grieta.org.mx\/index.php\/2016\/07\/01\/fallece-hija-de-jornaleros-en-fresnillo\/","url_meta":{"origin":16510,"position":0},"title":"Fallece hija de jornaleros en Fresnillo","author":"grieta","date":"1 julio, 2016","format":false,"excerpt":"STAFF\/NTRZACATECAS.COM Fresnillo. \u2013 A las 2 horas de este jueves se registr\u00f3 la primera muerte del a\u00f1o de un infante cuyos padres son jornaleros. Se trata de una ni\u00f1a de 3 meses quien perdi\u00f3 la vida al sufrir bronco aspiraci\u00f3n. Los progenitores son jornaleros del Estado de Guerrero, pero trabajan\u2026","rel":"","context":"En &quot;CINTILLO&quot;","block_context":{"text":"CINTILLO","link":"https:\/\/www.grieta.org.mx\/index.php\/category\/cintillo\/"},"img":{"alt_text":"","src":"https:\/\/i0.wp.com\/www.grieta.org.mx\/wp-content\/uploads\/2018\/03\/14524434_1106112876131411_958039263622046936_o.jpg?resize=350%2C200&ssl=1","width":350,"height":200,"srcset":"https:\/\/i0.wp.com\/www.grieta.org.mx\/wp-content\/uploads\/2018\/03\/14524434_1106112876131411_958039263622046936_o.jpg?resize=350%2C200&ssl=1 1x, https:\/\/i0.wp.com\/www.grieta.org.mx\/wp-content\/uploads\/2018\/03\/14524434_1106112876131411_958039263622046936_o.jpg?resize=525%2C300&ssl=1 1.5x, https:\/\/i0.wp.com\/www.grieta.org.mx\/wp-content\/uploads\/2018\/03\/14524434_1106112876131411_958039263622046936_o.jpg?resize=700%2C400&ssl=1 2x"},"classes":[]},{"id":16508,"url":"https:\/\/www.grieta.org.mx\/index.php\/2014\/07\/15\/excluyen-a-ninos-jornaleros-de-programa-del-dif\/","url_meta":{"origin":16510,"position":1},"title":"Excluyen a ni\u00f1os jornaleros de programa del DIF","author":"grieta","date":"15 julio, 2014","format":false,"excerpt":"Alejandra L\u00f3pez | ntrzacatecas.com Fresnillo.- De acuerdo con las reglas de operaci\u00f3n del Programa Trabajo Infantil del DIF, no se contempla beneficiar a los menores jornaleros agr\u00edcolas. Adriana Troncoso, titular de este programa en el DIF municipal, consider\u00f3 que es importante que sean tomados en cuenta, pero no pueden hacerlo,\u2026","rel":"","context":"En &quot;CINTILLO&quot;","block_context":{"text":"CINTILLO","link":"https:\/\/www.grieta.org.mx\/index.php\/category\/cintillo\/"},"img":{"alt_text":"","src":"https:\/\/i0.wp.com\/www.grieta.org.mx\/wp-content\/uploads\/2018\/03\/14524434_1106112876131411_958039263622046936_o.jpg?resize=350%2C200&ssl=1","width":350,"height":200,"srcset":"https:\/\/i0.wp.com\/www.grieta.org.mx\/wp-content\/uploads\/2018\/03\/14524434_1106112876131411_958039263622046936_o.jpg?resize=350%2C200&ssl=1 1x, https:\/\/i0.wp.com\/www.grieta.org.mx\/wp-content\/uploads\/2018\/03\/14524434_1106112876131411_958039263622046936_o.jpg?resize=525%2C300&ssl=1 1.5x, https:\/\/i0.wp.com\/www.grieta.org.mx\/wp-content\/uploads\/2018\/03\/14524434_1106112876131411_958039263622046936_o.jpg?resize=700%2C400&ssl=1 2x"},"classes":[]},{"id":20035,"url":"https:\/\/www.grieta.org.mx\/index.php\/2016\/07\/24\/ninos-jornaleros-los-mas-afectados-por-falta-de-higiene\/","url_meta":{"origin":16510,"position":2},"title":"Ni\u00f1os jornaleros, los m\u00e1s afectados por falta de higiene","author":"grieta","date":"24 julio, 2016","format":false,"excerpt":"FRANZELY REYNA | NTRZACATECAS.COM Zacatecas.- Al comenzar esta temporada de siembra, llegaron al estado mil 87 jornaleros de otras partes del pa\u00eds, de los cuales 40 por ciento son menores de edad y muchos de ellos sufren constantes padecimientos gastrointestinales. Juan Antonio Mart\u00ednez Moreno, responsable del Programa Promoci\u00f3n a la\u2026","rel":"","context":"En &quot;CINTILLO&quot;","block_context":{"text":"CINTILLO","link":"https:\/\/www.grieta.org.mx\/index.php\/category\/cintillo\/"},"img":{"alt_text":"","src":"https:\/\/i0.wp.com\/www.grieta.org.mx\/wp-content\/uploads\/2016\/07\/n1.jpg?resize=350%2C200&ssl=1","width":350,"height":200,"srcset":"https:\/\/i0.wp.com\/www.grieta.org.mx\/wp-content\/uploads\/2016\/07\/n1.jpg?resize=350%2C200&ssl=1 1x, https:\/\/i0.wp.com\/www.grieta.org.mx\/wp-content\/uploads\/2016\/07\/n1.jpg?resize=525%2C300&ssl=1 1.5x, https:\/\/i0.wp.com\/www.grieta.org.mx\/wp-content\/uploads\/2016\/07\/n1.jpg?resize=700%2C400&ssl=1 2x"},"classes":[]},{"id":16501,"url":"https:\/\/www.grieta.org.mx\/index.php\/2016\/07\/05\/fallece-otro-nino-jornalero-en-fresnillo\/","url_meta":{"origin":16510,"position":3},"title":"Fallece otro ni\u00f1o jornalero en Fresnillo","author":"grieta","date":"5 julio, 2016","format":false,"excerpt":"STAFF\/NTRZACATECAS.COM Fresnillo.- En menos de una semana se report\u00f3 la muerte de otro hijo de jornalero; el deceso se registr\u00f3 a las 12:03 horas de este domingo sobre la calle G\u00f3mez Far\u00edas, en la comunidad R\u00edo Florido. Los afectados son originarios de Tlalpan, en el Estado de Guerrero; el ni\u00f1o\u2026","rel":"","context":"En &quot;CINTILLO&quot;","block_context":{"text":"CINTILLO","link":"https:\/\/www.grieta.org.mx\/index.php\/category\/cintillo\/"},"img":{"alt_text":"","src":"https:\/\/i0.wp.com\/www.grieta.org.mx\/wp-content\/uploads\/2018\/03\/14524434_1106112876131411_958039263622046936_o.jpg?resize=350%2C200&ssl=1","width":350,"height":200,"srcset":"https:\/\/i0.wp.com\/www.grieta.org.mx\/wp-content\/uploads\/2018\/03\/14524434_1106112876131411_958039263622046936_o.jpg?resize=350%2C200&ssl=1 1x, https:\/\/i0.wp.com\/www.grieta.org.mx\/wp-content\/uploads\/2018\/03\/14524434_1106112876131411_958039263622046936_o.jpg?resize=525%2C300&ssl=1 1.5x, https:\/\/i0.wp.com\/www.grieta.org.mx\/wp-content\/uploads\/2018\/03\/14524434_1106112876131411_958039263622046936_o.jpg?resize=700%2C400&ssl=1 2x"},"classes":[]},{"id":39022,"url":"https:\/\/www.grieta.org.mx\/index.php\/2019\/08\/19\/ignoran-a-jornaleros-zacatecas\/","url_meta":{"origin":16510,"position":4},"title":"Ignoran a jornaleros (Zacatecas)","author":"grieta","date":"19 agosto, 2019","format":false,"excerpt":"NORMA BERNAL\/NTRZACATECAS.COM, 19 de agosto de 2019. Miles de jornaleros llegan cada a\u00f1o a El Mineral a trabajar y obtener recursos que les permitan sobrevivir, al tiempo que su presencia genera un c\u00famulo de discursos de las autoridades municipales, estatales y federales, sobre la atenci\u00f3n y apoyo a este sector,\u2026","rel":"","context":"En &quot;CINTILLO&quot;","block_context":{"text":"CINTILLO","link":"https:\/\/www.grieta.org.mx\/index.php\/category\/cintillo\/"},"img":{"alt_text":"","src":"https:\/\/i0.wp.com\/www.grieta.org.mx\/wp-content\/uploads\/2019\/09\/jornaleros.jpg?resize=350%2C200&ssl=1","width":350,"height":200,"srcset":"https:\/\/i0.wp.com\/www.grieta.org.mx\/wp-content\/uploads\/2019\/09\/jornaleros.jpg?resize=350%2C200&ssl=1 1x, https:\/\/i0.wp.com\/www.grieta.org.mx\/wp-content\/uploads\/2019\/09\/jornaleros.jpg?resize=525%2C300&ssl=1 1.5x, https:\/\/i0.wp.com\/www.grieta.org.mx\/wp-content\/uploads\/2019\/09\/jornaleros.jpg?resize=700%2C400&ssl=1 2x"},"classes":[]},{"id":16499,"url":"https:\/\/www.grieta.org.mx\/index.php\/2015\/03\/25\/fresnillo-foco-rojo-para-jornaleros-agricolas-secretaria-del-trabajo\/","url_meta":{"origin":16510,"position":5},"title":"Fresnillo \u201cfoco rojo\u201d para jornaleros agr\u00edcolas: Secretar\u00eda del Trabajo","author":"grieta","date":"25 marzo, 2015","format":false,"excerpt":"Por: RAQUEL OLLAQUINDIA marzo 25, 2015 ? Fresnillo es un \u201cfoco rojo\u201d para este tipo de trabajadores, advierte Gilberto Zapata ? En El Mineral tienen dif\u00edciles condiciones laborales y de vivienda; hay presencia del crimen El delegado de la Secretar\u00eda del Trabajo y Previsi\u00f3n Social (STPS) en Zacatecas, Gilberto Zapata\u2026","rel":"","context":"En &quot;CINTILLO&quot;","block_context":{"text":"CINTILLO","link":"https:\/\/www.grieta.org.mx\/index.php\/category\/cintillo\/"},"img":{"alt_text":"","src":"https:\/\/i0.wp.com\/www.grieta.org.mx\/wp-content\/uploads\/2018\/03\/14524434_1106112876131411_958039263622046936_o.jpg?resize=350%2C200&ssl=1","width":350,"height":200,"srcset":"https:\/\/i0.wp.com\/www.grieta.org.mx\/wp-content\/uploads\/2018\/03\/14524434_1106112876131411_958039263622046936_o.jpg?resize=350%2C200&ssl=1 1x, https:\/\/i0.wp.com\/www.grieta.org.mx\/wp-content\/uploads\/2018\/03\/14524434_1106112876131411_958039263622046936_o.jpg?resize=525%2C300&ssl=1 1.5x, https:\/\/i0.wp.com\/www.grieta.org.mx\/wp-content\/uploads\/2018\/03\/14524434_1106112876131411_958039263622046936_o.jpg?resize=700%2C400&ssl=1 2x"},"classes":[]}],"_links":{"self":[{"href":"https:\/\/www.grieta.org.mx\/index.php\/wp-json\/wp\/v2\/posts\/16510","targetHints":{"allow":["GET"]}}],"collection":[{"href":"https:\/\/www.grieta.org.mx\/index.php\/wp-json\/wp\/v2\/posts"}],"about":[{"href":"https:\/\/www.grieta.org.mx\/index.php\/wp-json\/wp\/v2\/types\/post"}],"author":[{"embeddable":true,"href":"https:\/\/www.grieta.org.mx\/index.php\/wp-json\/wp\/v2\/users\/2"}],"replies":[{"embeddable":true,"href":"https:\/\/www.grieta.org.mx\/index.php\/wp-json\/wp\/v2\/comments?post=16510"}],"version-history":[{"count":1,"href":"https:\/\/www.grieta.org.mx\/index.php\/wp-json\/wp\/v2\/posts\/16510\/revisions"}],"predecessor-version":[{"id":24876,"href":"https:\/\/www.grieta.org.mx\/index.php\/wp-json\/wp\/v2\/posts\/16510\/revisions\/24876"}],"wp:featuredmedia":[{"embeddable":true,"href":"https:\/\/www.grieta.org.mx\/index.php\/wp-json\/wp\/v2\/media\/21928"}],"wp:attachment":[{"href":"https:\/\/www.grieta.org.mx\/index.php\/wp-json\/wp\/v2\/media?parent=16510"}],"wp:term":[{"taxonomy":"category","embeddable":true,"href":"https:\/\/www.grieta.org.mx\/index.php\/wp-json\/wp\/v2\/categories?post=16510"},{"taxonomy":"post_tag","embeddable":true,"href":"https:\/\/www.grieta.org.mx\/index.php\/wp-json\/wp\/v2\/tags?post=16510"}],"curies":[{"name":"wp","href":"https:\/\/api.w.org\/{rel}","templated":true}]}}