{"id":16454,"date":"2016-07-06T01:17:56","date_gmt":"2016-07-06T06:17:56","guid":{"rendered":"http:\/\/www.grieta.org.mx\/?p=16454"},"modified":"2018-07-08T17:55:21","modified_gmt":"2018-07-08T22:55:21","slug":"medicos-del-imss-en-puebla-rechazan-sistema-universal-de-salud","status":"publish","type":"post","link":"https:\/\/www.grieta.org.mx\/index.php\/2016\/07\/06\/medicos-del-imss-en-puebla-rechazan-sistema-universal-de-salud\/","title":{"rendered":"M\u00e9dicos del IMSS en Puebla rechazan Sistema Universal de Salud"},"content":{"rendered":"<p><img loading=\"lazy\" decoding=\"async\" data-attachment-id=\"16455\" data-permalink=\"https:\/\/www.grieta.org.mx\/index.php\/2016\/07\/06\/medicos-del-imss-en-puebla-rechazan-sistema-universal-de-salud\/220616rr_medicos04\/\" data-orig-file=\"https:\/\/www.grieta.org.mx\/wp-content\/uploads\/2016\/07\/220616rr_medicos04.jpg\" data-orig-size=\"580,400\" data-comments-opened=\"0\" data-image-meta=\"{&quot;aperture&quot;:&quot;0&quot;,&quot;credit&quot;:&quot;&quot;,&quot;camera&quot;:&quot;&quot;,&quot;caption&quot;:&quot;&quot;,&quot;created_timestamp&quot;:&quot;0&quot;,&quot;copyright&quot;:&quot;&quot;,&quot;focal_length&quot;:&quot;0&quot;,&quot;iso&quot;:&quot;0&quot;,&quot;shutter_speed&quot;:&quot;0&quot;,&quot;title&quot;:&quot;&quot;,&quot;orientation&quot;:&quot;0&quot;}\" data-image-title=\"220616rr_medicos04\" data-image-description=\"\" data-image-caption=\"\" data-medium-file=\"https:\/\/www.grieta.org.mx\/wp-content\/uploads\/2016\/07\/220616rr_medicos04-300x207.jpg\" data-large-file=\"https:\/\/www.grieta.org.mx\/wp-content\/uploads\/2016\/07\/220616rr_medicos04.jpg\" src=\"http:\/\/www.grieta.org.mx\/wp-content\/uploads\/2016\/07\/220616rr_medicos04.jpg\" alt=\"220616rr_medicos04\" width=\"580\" height=\"400\" class=\"aligncenter size-full wp-image-16455\" srcset=\"https:\/\/www.grieta.org.mx\/wp-content\/uploads\/2016\/07\/220616rr_medicos04.jpg 580w, https:\/\/www.grieta.org.mx\/wp-content\/uploads\/2016\/07\/220616rr_medicos04-300x207.jpg 300w\" sizes=\"auto, (max-width: 580px) 100vw, 580px\" \/><\/p>\n<p>Por Yadira Llaven Anzures<\/p>\n<p>Un grupo de trabajadores en activo, jubilados y m\u00e9dicos del IMSS, as\u00ed como estudiantes de la Facultad de Medicina, rechazaron el nuevo Sistema Universal de Salud que m\u00e1s all\u00e1 de afectarles sus derechos contractuales, advirtieron que el fondo de la reforma es la desaparici\u00f3n de las instituciones de seguridad social que quedar\u00e1 en manos de la Iniciativa Privada.<\/p>\n<p>En rueda de prensa, el m\u00e9dico Ricardo Magallon Barajas, se\u00f1al\u00f3 que el gobierno ha encomendado a los principales comerciantes del pa\u00eds la atenci\u00f3n m\u00e9dica en M\u00e9xico.<\/p>\n<p>Denunci\u00f3 que estos empresarios est\u00e1n congregados en la Fundaci\u00f3n Mexicana para la Salud (Funsalud), que la encabeza el due\u00f1o del Hospital \u00c1ngeles, Olegario V\u00e1zquez Ra\u00f1a, Pablo Escand\u00f3n, monopolizador del 35 por ciento de la distribuci\u00f3n de medicamentos, y propietarios de los laboratorios Senosiain.<\/p>\n<p>A nombre de sus compa\u00f1eros, se pronunci\u00f3 en contra de todo tipo de subrogaci\u00f3n de servicio m\u00e9dico, laboratorio, equipo y cualquier actividad.<\/p>\n<p>Por esta raz\u00f3n, inform\u00f3 que los trabajadores de los sectores p\u00fablicos y privados establecieron una comunicaci\u00f3n y una coordinaci\u00f3n que ha dado como resultado la construcci\u00f3n de un movimiento de resistencia en el pa\u00eds.<\/p>\n<p>En ese sentido, anunci\u00f3 la realizaci\u00f3n del Foro de Salud P\u00fablica, este viernes 8 de julio a las 10 horas en el Auditorio del Sindicato de Telefonistas en Puebla, con la participaci\u00f3n de investigadores en la materia, quienes hablar\u00e1n los efectos da\u00f1inos en su privatizaci\u00f3n.<\/p>\n<p>Ante lo expuesto, destac\u00f3 que se oponen a que el Estado rebaje los paup\u00e9rrimos servicios que se prestan en hospitales de la Secretar\u00eda de Salud, no por la falta de calidad del personal, sino por la carencia de insumos.<\/p>\n<p>Denuncian estudiantes de Medicina agresi\u00f3n de seguridad del Hospital Universitario<\/p>\n<p>En tanto, integrantes del Consejo Estudiantil de la Facultad denunciaron que fueron agredidos por la seguridad del Hospital Universitario de la UAP, por estar volanteando en contra de la reforma de salud y la invitaci\u00f3n a un Foro de Salud en Puebla.<\/p>\n<p>Expusieron que el argumento que dieron los agentes es que el nosocomio es privado, y se requiere de la autorizaci\u00f3n del director para efectuar dicha actividad.<\/p>\n<p>En su intervenci\u00f3n, la doctora Hilda V\u00e1zquez S\u00e1nchez, se pronunci\u00f3 en contra de la criminalizaci\u00f3n del trabajo m\u00e9dico y de enfermer\u00eda del sector p\u00fablico y privado, a ra\u00edz de la Ley Obst\u00e9trica, la Ley de Controversias del Conamed y las reformas al C\u00f3digo Penal en materia de responsabilidad m\u00e9dica.<\/p>\n<p>En ese sentido, demand\u00f3 que el gobernador del estado debe dar instrucciones al Fiscal General del Estado para que en los casos m\u00e9dicos se informe al demandado, se le d\u00e9 a conocer los motivos, se tome su declaraci\u00f3n y se le permita presentar peritajes especializados al que realice la dependencia estatal.<\/p>\n<p>Exigimos la descriminalizaci\u00f3n del acto m\u00e9dico, suprimir el uso de la fuerza p\u00fablica y el arresto de los trabajadores de salud sin una responsabilidad debidamente sustenta, as\u00ed mismo pedimos un alto a la violencia institucional en contra del personal por falta de insumos y al hostigamiento laboral por parte de superiores, reclam\u00f3.<\/p>\n<p>Adem\u00e1s se solidariz\u00f3 con sus compa\u00f1eros jubilados y pensionados, a que se les pague el 100 por ciento de sus fondos acumulados en las Afore, pues actualmente despu\u00e9s de tr\u00e1mites engorrosos y demandas penales se niegan a pagar el Fondo de Cesant\u00eda Avanzada y Vejez, as\u00ed como la cuota social, lo cual dijo contribuye a un verdadero despojo.<\/p>\n<p>Doger utiliza como trampol\u00edn pol\u00edtico al Instituto, acusan m\u00e9dicos del IMSS<\/p>\n<p>En el caso de Puebla, los m\u00e9dicos del IMSS comentaron que la llegada del nuevo delegado, Enrique Doger Guerrero, en lugar de solucionar sus demandas, les genera mayor inseguridad.<\/p>\n<p>Expusieron que en primer lugar esto se debe a que se trata de un pol\u00edtico, que anteriormente fue alcalde de Puebla, y que sin experiencia entr\u00f3 a administrar los servicios del Seguro Social.<\/p>\n<p>Desde esa perspectiva, se\u00f1alaron que Doger Guerrero promete, como buen pol\u00edtico, pero no cumple por falta de tiempo o de presupuesto.<\/p>\n<p>Por lo que acusaron los m\u00e9dicos del IMSS que su llegada, es para utilizarlo de trampol\u00edn pol\u00edtico en la b\u00fasqueda de Puebla.<\/p>\n<p><a href=\"http:\/\/www.lajornadadeoriente.com.mx\/2016\/07\/06\/medicos-del-imss-rechazan-reforma-de-salud-acusan-que-detras-esta-dueno-de-hospital-angeles\/\">http:\/\/www.lajornadadeoriente.com.mx\/2016\/07\/06\/medicos-del-imss-rechazan-reforma-de-salud-acusan-que-detras-esta-dueno-de-hospital-angeles\/<\/a><\/p>\n","protected":false},"excerpt":{"rendered":"<p>Por Yadira Llaven Anzures Un grupo de trabajadores en activo, jubilados y m\u00e9dicos del IMSS, as\u00ed como estudiantes de la Facultad de Medicina, rechazaron el nuevo Sistema Universal de Salud &hellip; <a href=\"https:\/\/www.grieta.org.mx\/index.php\/2016\/07\/06\/medicos-del-imss-en-puebla-rechazan-sistema-universal-de-salud\/\" class=\"more-link\">Leer m\u00e1s<\/a><\/p>\n","protected":false},"author":2,"featured_media":16455,"comment_status":"closed","ping_status":"closed","sticky":false,"template":"","format":"standard","meta":{"ngg_post_thumbnail":0,"_jetpack_newsletter_access":"","_jetpack_dont_email_post_to_subs":false,"_jetpack_newsletter_tier_id":0,"_jetpack_memberships_contains_paywalled_content":false,"_jetpack_memberships_contains_paid_content":false,"footnotes":""},"categories":[80,1247,2,26],"tags":[747],"class_list":["post-16454","post","type-post","status-publish","format-standard","has-post-thumbnail","hentry","category-cintillo","category-movilizaciones-contra-reforma-al-sector-y-privatizacion-de-la-salud-en-puebla","category-noticias-nacionales","category-puebla","tag-movilizaciones-medicos","entry"],"jetpack_featured_media_url":"https:\/\/www.grieta.org.mx\/wp-content\/uploads\/2016\/07\/220616rr_medicos04.jpg","jetpack_sharing_enabled":true,"jetpack_shortlink":"https:\/\/wp.me\/p7ZJR4-4ho","jetpack_likes_enabled":false,"jetpack-related-posts":[{"id":15162,"url":"https:\/\/www.grieta.org.mx\/index.php\/2016\/06\/22\/cerca-de-dos-mil-medicos-y-enfermeras-protestaron-en-puebla\/","url_meta":{"origin":16454,"position":0},"title":"Cerca de dos mil m\u00e9dicos y enfermeras protestaron en Puebla","author":"grieta","date":"22 junio, 2016","format":false,"excerpt":"Por Edgar \u00c1vila M\u00e9dicos y enfermeras, con el apoyo de estudiantes universitarios afines, marcharon por el centro de la ciudad de Puebla para sumarse a la jornada nacional de protesta. Cerca de dos mil personas encabezaron la manifestaci\u00f3n que inicio en dos puntos de la ciudad, la primera de ellas\u2026","rel":"","context":"En &quot;CINTILLO&quot;","block_context":{"text":"CINTILLO","link":"https:\/\/www.grieta.org.mx\/index.php\/category\/cintillo\/"},"img":{"alt_text":"","src":"https:\/\/i0.wp.com\/www.grieta.org.mx\/wp-content\/uploads\/2016\/06\/w704-11.jpg?resize=350%2C200&ssl=1","width":350,"height":200,"srcset":"https:\/\/i0.wp.com\/www.grieta.org.mx\/wp-content\/uploads\/2016\/06\/w704-11.jpg?resize=350%2C200&ssl=1 1x, https:\/\/i0.wp.com\/www.grieta.org.mx\/wp-content\/uploads\/2016\/06\/w704-11.jpg?resize=525%2C300&ssl=1 1.5x"},"classes":[]},{"id":56824,"url":"https:\/\/www.grieta.org.mx\/index.php\/2021\/01\/29\/soy-trabajador-del-imss-puebla-y-no-me-han-vacunado\/","url_meta":{"origin":16454,"position":1},"title":"&#8220;Soy trabajador del IMSS-Puebla y no me han vacunado&#8221;","author":"Admin","date":"29 enero, 2021","format":false,"excerpt":"Gabriela Hern\u00e1ndez \/ Proceso PUEBLA, Pue. (apro).- Trabajadores del Hospital de Traumatolog\u00eda y Ortopedia de esta capital, as\u00ed como de las cl\u00ednicas 9 y 30 de Tehuac\u00e1n, pertenecientes al Instituto Mexicano del Seguro Social (IMSS), realizaron hoy una manifestaci\u00f3n virtual porque no fueron incluidos en la primera fase de vacunaci\u00f3n\u2026","rel":"","context":"En &quot;CINTILLO&quot;","block_context":{"text":"CINTILLO","link":"https:\/\/www.grieta.org.mx\/index.php\/category\/cintillo\/"},"img":{"alt_text":"","src":"https:\/\/i0.wp.com\/www.grieta.org.mx\/wp-content\/uploads\/2021\/02\/f800x450-129272_180718_5050.jpg?resize=350%2C200&ssl=1","width":350,"height":200,"srcset":"https:\/\/i0.wp.com\/www.grieta.org.mx\/wp-content\/uploads\/2021\/02\/f800x450-129272_180718_5050.jpg?resize=350%2C200&ssl=1 1x, https:\/\/i0.wp.com\/www.grieta.org.mx\/wp-content\/uploads\/2021\/02\/f800x450-129272_180718_5050.jpg?resize=525%2C300&ssl=1 1.5x, https:\/\/i0.wp.com\/www.grieta.org.mx\/wp-content\/uploads\/2021\/02\/f800x450-129272_180718_5050.jpg?resize=700%2C400&ssl=1 2x"},"classes":[]},{"id":47434,"url":"https:\/\/www.grieta.org.mx\/index.php\/2020\/03\/23\/trabajadores-del-sector-salud-protestan-en-puebla-y-veracruz\/","url_meta":{"origin":16454,"position":2},"title":"Trabajadores del sector salud protestan en Puebla y Veracruz","author":"Admin","date":"23 marzo, 2020","format":false,"excerpt":"Edgar \u00c1vila \/ El Universal En dos estados trabajadores del sector salud se manifiestan en el marco de la epidemia de coronavirus o Covid-19.Protestan en Puebla Trabajadores del sector salud de Puebla se manifestaron en distintos hospitales y cl\u00ednicas para exigir medidas adecuadas para enfrentar la pandemia del coronavirus. En\u2026","rel":"","context":"En &quot;CINTILLO&quot;","block_context":{"text":"CINTILLO","link":"https:\/\/www.grieta.org.mx\/index.php\/category\/cintillo\/"},"img":{"alt_text":"","src":"https:\/\/i0.wp.com\/www.grieta.org.mx\/wp-content\/uploads\/2020\/04\/Captura-de-pantalla-2020-04-08-a-las-10.55.53-a.m..png?resize=350%2C200&ssl=1","width":350,"height":200,"srcset":"https:\/\/i0.wp.com\/www.grieta.org.mx\/wp-content\/uploads\/2020\/04\/Captura-de-pantalla-2020-04-08-a-las-10.55.53-a.m..png?resize=350%2C200&ssl=1 1x, https:\/\/i0.wp.com\/www.grieta.org.mx\/wp-content\/uploads\/2020\/04\/Captura-de-pantalla-2020-04-08-a-las-10.55.53-a.m..png?resize=525%2C300&ssl=1 1.5x"},"classes":[]},{"id":15132,"url":"https:\/\/www.grieta.org.mx\/index.php\/2016\/06\/24\/respaldan-medicos-de-tehuacan-protestas-de-homologos-en-puebla\/","url_meta":{"origin":16454,"position":3},"title":"Respaldan m\u00e9dicos de Tehuac\u00e1n protestas de hom\u00f3logos en Puebla","author":"grieta","date":"24 junio, 2016","format":false,"excerpt":"Por Enrique Hern\u00e1ndez Tehuac\u00e1n, Pue.- La Sociedad M\u00e9dica de Tehuac\u00e1n manifest\u00f3 apoyo a sus hom\u00f3logos en Puebla, quienes esta semana realizaron una marcha en la capital del Estado para exigir mejores condiciones laborales, inform\u00f3 el presidente del gremio, Jos\u00e9 Antonio Ponce de la Fuente. Coincidi\u00f3 en que es necesario concientizar\u2026","rel":"","context":"En &quot;CINTILLO&quot;","block_context":{"text":"CINTILLO","link":"https:\/\/www.grieta.org.mx\/index.php\/category\/cintillo\/"},"img":{"alt_text":"","src":"https:\/\/i0.wp.com\/www.grieta.org.mx\/wp-content\/uploads\/2016\/06\/medicos-tehuacan.jpg?resize=350%2C200&ssl=1","width":350,"height":200,"srcset":"https:\/\/i0.wp.com\/www.grieta.org.mx\/wp-content\/uploads\/2016\/06\/medicos-tehuacan.jpg?resize=350%2C200&ssl=1 1x, https:\/\/i0.wp.com\/www.grieta.org.mx\/wp-content\/uploads\/2016\/06\/medicos-tehuacan.jpg?resize=525%2C300&ssl=1 1.5x"},"classes":[]},{"id":36789,"url":"https:\/\/www.grieta.org.mx\/index.php\/2019\/07\/17\/despide-imss-a-741-medicos-y-enfermeras\/","url_meta":{"origin":16454,"position":4},"title":"Despide IMSS a 741 m\u00e9dicos y enfermeras","author":"Admin","date":"17 julio, 2019","format":false,"excerpt":"Redacci\u00f3n \/ Reforma Ciudad de M\u00e9xico\u2014 El Seguro Social prescindi\u00f3 de 741 trabajadores del \u00e1rea m\u00e9dica, 371 m\u00e9dicos y 370 enfermeras, que laboraban bajo el r\u00e9gimen de honorarios en Unidades M\u00e9dicas Urbanas del programa IMSS Bienestar. Este personal de salud ya no fue recontratado debido a que, por la desaparici\u00f3n\u2026","rel":"","context":"En &quot;CINTILLO&quot;","block_context":{"text":"CINTILLO","link":"https:\/\/www.grieta.org.mx\/index.php\/category\/cintillo\/"},"img":{"alt_text":"","src":"https:\/\/i0.wp.com\/www.grieta.org.mx\/wp-content\/uploads\/2019\/07\/20190617030033372-0-1528651.jpg?resize=350%2C200&ssl=1","width":350,"height":200,"srcset":"https:\/\/i0.wp.com\/www.grieta.org.mx\/wp-content\/uploads\/2019\/07\/20190617030033372-0-1528651.jpg?resize=350%2C200&ssl=1 1x, https:\/\/i0.wp.com\/www.grieta.org.mx\/wp-content\/uploads\/2019\/07\/20190617030033372-0-1528651.jpg?resize=525%2C300&ssl=1 1.5x, https:\/\/i0.wp.com\/www.grieta.org.mx\/wp-content\/uploads\/2019\/07\/20190617030033372-0-1528651.jpg?resize=700%2C400&ssl=1 2x"},"classes":[]},{"id":47362,"url":"https:\/\/www.grieta.org.mx\/index.php\/2020\/04\/03\/medicos-del-imss-en-morelos-se-manifiestan-y-exigen-equipo-de-proteccion-morelos\/","url_meta":{"origin":16454,"position":5},"title":"M\u00e9dicos del IMSS en Morelos se manifiestan y exigen equipo de protecci\u00f3n (Morelos)","author":"Admin","date":"3 abril, 2020","format":false,"excerpt":"Justino Miranda \/ El Universal CUERNAVACA, Mor.- Personal m\u00e9dicos del IMSS en Cuautla, municipio del oriente del estado, se manifestaron mediante el bloqueo parcial de la avenida Reforma, frente al hospital general, para exigir condiciones de protecci\u00f3n para enfrentar la contingencia sanitaria del Covid-19. El grupo de m\u00e9dicos y enfermeras\u2026","rel":"","context":"En &quot;CINTILLO&quot;","block_context":{"text":"CINTILLO","link":"https:\/\/www.grieta.org.mx\/index.php\/category\/cintillo\/"},"img":{"alt_text":"","src":"https:\/\/i0.wp.com\/www.grieta.org.mx\/wp-content\/uploads\/2020\/04\/https-_www.eluniversal.com_.mx_sites_default_files_styles_f03-651x400_public_2020_04_03_enfermeros-morelos.jpg-itokL-5c-WZ-.jpg?resize=350%2C200&ssl=1","width":350,"height":200,"srcset":"https:\/\/i0.wp.com\/www.grieta.org.mx\/wp-content\/uploads\/2020\/04\/https-_www.eluniversal.com_.mx_sites_default_files_styles_f03-651x400_public_2020_04_03_enfermeros-morelos.jpg-itokL-5c-WZ-.jpg?resize=350%2C200&ssl=1 1x, https:\/\/i0.wp.com\/www.grieta.org.mx\/wp-content\/uploads\/2020\/04\/https-_www.eluniversal.com_.mx_sites_default_files_styles_f03-651x400_public_2020_04_03_enfermeros-morelos.jpg-itokL-5c-WZ-.jpg?resize=525%2C300&ssl=1 1.5x"},"classes":[]}],"_links":{"self":[{"href":"https:\/\/www.grieta.org.mx\/index.php\/wp-json\/wp\/v2\/posts\/16454","targetHints":{"allow":["GET"]}}],"collection":[{"href":"https:\/\/www.grieta.org.mx\/index.php\/wp-json\/wp\/v2\/posts"}],"about":[{"href":"https:\/\/www.grieta.org.mx\/index.php\/wp-json\/wp\/v2\/types\/post"}],"author":[{"embeddable":true,"href":"https:\/\/www.grieta.org.mx\/index.php\/wp-json\/wp\/v2\/users\/2"}],"replies":[{"embeddable":true,"href":"https:\/\/www.grieta.org.mx\/index.php\/wp-json\/wp\/v2\/comments?post=16454"}],"version-history":[{"count":1,"href":"https:\/\/www.grieta.org.mx\/index.php\/wp-json\/wp\/v2\/posts\/16454\/revisions"}],"predecessor-version":[{"id":16456,"href":"https:\/\/www.grieta.org.mx\/index.php\/wp-json\/wp\/v2\/posts\/16454\/revisions\/16456"}],"wp:featuredmedia":[{"embeddable":true,"href":"https:\/\/www.grieta.org.mx\/index.php\/wp-json\/wp\/v2\/media\/16455"}],"wp:attachment":[{"href":"https:\/\/www.grieta.org.mx\/index.php\/wp-json\/wp\/v2\/media?parent=16454"}],"wp:term":[{"taxonomy":"category","embeddable":true,"href":"https:\/\/www.grieta.org.mx\/index.php\/wp-json\/wp\/v2\/categories?post=16454"},{"taxonomy":"post_tag","embeddable":true,"href":"https:\/\/www.grieta.org.mx\/index.php\/wp-json\/wp\/v2\/tags?post=16454"}],"curies":[{"name":"wp","href":"https:\/\/api.w.org\/{rel}","templated":true}]}}