{"id":16293,"date":"2016-06-20T12:23:12","date_gmt":"2016-06-20T17:23:12","guid":{"rendered":"http:\/\/www.grieta.org.mx\/?p=16293"},"modified":"2016-07-09T12:25:00","modified_gmt":"2016-07-09T17:25:00","slug":"explotacion-laboral-infantil-en-guerrero","status":"publish","type":"post","link":"https:\/\/www.grieta.org.mx\/index.php\/2016\/06\/20\/explotacion-laboral-infantil-en-guerrero\/","title":{"rendered":"Explotaci\u00f3n laboral infantil en Guerrero"},"content":{"rendered":"<p>Noticieros Televisa<\/p>\n<p>Cerca de 138 mil menores de Guerrero, de entre 8 y 15 a\u00f1os de edad, realizan trabajos en el campo, labores dom\u00e9sticas y del sector comercial<\/p>\n<p>Juan tiene 15 a\u00f1os, vive en Acapulco, Guerrero, a diario sale de su casa en la colonia Sim\u00f3n Bolivar a vender dulces de ajonjol\u00ed en sem\u00e1foros de la zona tur\u00edstica del puerto.<\/p>\n<p>Trabaja m\u00e1s de 8 horas diarias, los 7 d\u00edas de la semana y le pagan cien pesos la jornada, sin incluir comidas, pasajes, ni seguridad social.   <\/p>\n<p>&#8216;Vengo aqu\u00ed al sem\u00e1foro, repartiendo dulces y eso. Dulces de ajonjol\u00ed y a 10. Voy donde el patr\u00f3n, le hago la cuenta y me paga; 100 diario&#8217;, se\u00f1al\u00f3 Juan, menor que trabaja.<\/p>\n<p>138 mil menores de Guerrero como Juan, de entre 8 y 15 a\u00f1os de edad realizan trabajos en el campo, labores dom\u00e9sticas y del sector comercial.<\/p>\n<p>La mayor\u00eda labora m\u00e1s de 8 horas. Los menores no reciben pago, dejaron sus estudios e incluso pueden ser v\u00edctimas de trata.<\/p>\n<p>&#8216;Ahorita lo ocupo, como a mi mam\u00e1 la operaron apenas ah\u00ed le doy a mi abuelita a veces, horita voy juntando de 50&#8217;, indic\u00f3 Juan, menor que trabaja, quien agreg\u00f3 que no va a la escuela.<\/p>\n<p>&#8216;La mayor parte del trabajo infantil no es remunerado, es un trabajo que los obligan a hacer ya sea sus familias porque tambi\u00e9n hay trata. Ese es el problema por trabajar dejan de estudiar&#8217;, coment\u00f3 Oscar Rangel Miravete, secretario de Trabajo y Previsi\u00f3n Social de Guerrero.<\/p>\n<p>Los estados del sureste: Guerrero, Oaxaca y Chiapas son las entidades donde se registra mayor incidencia de explotaci\u00f3n laboral infantil.<\/p>\n<p>&#8216;En Guerrero, seg\u00fan la Organizaci\u00f3n Internacional del Trabajo (OIT) el n\u00famero de menores que est\u00e1n trabajando es cercano 138 mil infantil, que es un n\u00famero terrible. En Guerrero el problema de trabajo infantil tiene que ver con problemas econ\u00f3micos desde luego, pero tambi\u00e9n es un problema cultural&#8217;, agreg\u00f3 Oscar Rangel Miravete.<\/p>\n<p>El 22 de abril pasado, autoridades de los 3 \u00f3rdenes de gobierno instalaron en Acapulco una Comisi\u00f3n Institucional para articular los esfuerzos encaminados al dise\u00f1o, ejecuci\u00f3n y evaluaci\u00f3n de pol\u00edticas, programas y acciones de prevenci\u00f3n y erradicaci\u00f3n del trabajo infantil. <\/p>\n","protected":false},"excerpt":{"rendered":"<p>Noticieros Televisa Cerca de 138 mil menores de Guerrero, de entre 8 y 15 a\u00f1os de edad, realizan trabajos en el campo, labores dom\u00e9sticas y del sector comercial Juan tiene &hellip; <a href=\"https:\/\/www.grieta.org.mx\/index.php\/2016\/06\/20\/explotacion-laboral-infantil-en-guerrero\/\" class=\"more-link\">Leer m\u00e1s<\/a><\/p>\n","protected":false},"author":2,"featured_media":21928,"comment_status":"closed","ping_status":"closed","sticky":false,"template":"","format":"standard","meta":{"ngg_post_thumbnail":0,"_jetpack_newsletter_access":"","_jetpack_dont_email_post_to_subs":false,"_jetpack_newsletter_tier_id":0,"_jetpack_memberships_contains_paywalled_content":false,"_jetpack_memberships_contains_paid_content":false,"footnotes":""},"categories":[80,320],"tags":[254],"class_list":["post-16293","post","type-post","status-publish","format-standard","has-post-thumbnail","hentry","category-cintillo","category-guerrero","tag-explotacion-de-menores","entry"],"jetpack_featured_media_url":"https:\/\/www.grieta.org.mx\/wp-content\/uploads\/2018\/03\/14524434_1106112876131411_958039263622046936_o.jpg","jetpack_sharing_enabled":true,"jetpack_shortlink":"https:\/\/wp.me\/p7ZJR4-4eN","jetpack_likes_enabled":false,"jetpack-related-posts":[{"id":68813,"url":"https:\/\/www.grieta.org.mx\/index.php\/2024\/04\/11\/inegi-28-mil-menores-trabajan-en-colima-14-mil-en-labores-no-permitidas\/","url_meta":{"origin":16293,"position":0},"title":"INEGI: 28 mil menores trabajan en Colima, 14 mil en labores no permitidas","author":"grieta","date":"11 abril, 2024","format":false,"excerpt":"Imagen ilustrativa, creada con inteligencia artificial, Diario Avanzada Heidi de Le\u00f3n Guti\u00e9rrez\/ Diario Avanzada Colima, M\u00e9xico, Avanzada (11\/04\/2024).- La m\u00e1s reciente Encuesta Nacional de Trabajo Infantil elaborada por el INEGI revela que 28 mil ni\u00f1os en Colima est\u00e1n involucrados en actividades laborales, y la mitad de los menores de edad,\u2026","rel":"","context":"En &quot;CINTILLO&quot;","block_context":{"text":"CINTILLO","link":"https:\/\/www.grieta.org.mx\/index.php\/category\/cintillo\/"},"img":{"alt_text":"","src":"https:\/\/i0.wp.com\/www.grieta.org.mx\/wp-content\/uploads\/2024\/04\/aaa-77.jpg?resize=350%2C200&ssl=1","width":350,"height":200,"srcset":"https:\/\/i0.wp.com\/www.grieta.org.mx\/wp-content\/uploads\/2024\/04\/aaa-77.jpg?resize=350%2C200&ssl=1 1x, https:\/\/i0.wp.com\/www.grieta.org.mx\/wp-content\/uploads\/2024\/04\/aaa-77.jpg?resize=525%2C300&ssl=1 1.5x, https:\/\/i0.wp.com\/www.grieta.org.mx\/wp-content\/uploads\/2024\/04\/aaa-77.jpg?resize=700%2C400&ssl=1 2x, https:\/\/i0.wp.com\/www.grieta.org.mx\/wp-content\/uploads\/2024\/04\/aaa-77.jpg?resize=1050%2C600&ssl=1 3x, https:\/\/i0.wp.com\/www.grieta.org.mx\/wp-content\/uploads\/2024\/04\/aaa-77.jpg?resize=1400%2C800&ssl=1 4x"},"classes":[]},{"id":67919,"url":"https:\/\/www.grieta.org.mx\/index.php\/2023\/10\/06\/catorce-mil-ninos-en-colima-estan-en-riesgo-por-el-trabajo-que-realizan\/","url_meta":{"origin":16293,"position":1},"title":"Catorce mil ni\u00f1os en Colima est\u00e1n en riesgo por el trabajo que realizan","author":"grieta","date":"6 octubre, 2023","format":false,"excerpt":"Imagen: Diario Avanzada Heidi de Le\u00f3n Guti\u00e9rrez \/ luzia.com Colima, M\u00e9xico, Avanzada (06\/10\/2023).- La Encuesta Nacional de Trabajo Infantil (ENTI) 2022, revel\u00f3 que m\u00e1s de 28 mil ni\u00f1os y ni\u00f1as en Colima est\u00e1n involucrados en actividades laborales, y la mitad de ellos realizan trabajos no aptos para su edad, lo\u2026","rel":"","context":"En &quot;CINTILLO&quot;","block_context":{"text":"CINTILLO","link":"https:\/\/www.grieta.org.mx\/index.php\/category\/cintillo\/"},"img":{"alt_text":"","src":"https:\/\/i0.wp.com\/www.grieta.org.mx\/wp-content\/uploads\/2023\/10\/Imagen-de-WhatsApp-2023-10-06-a-las-07.09.10_ae8d068c.jpg?resize=350%2C200&ssl=1","width":350,"height":200,"srcset":"https:\/\/i0.wp.com\/www.grieta.org.mx\/wp-content\/uploads\/2023\/10\/Imagen-de-WhatsApp-2023-10-06-a-las-07.09.10_ae8d068c.jpg?resize=350%2C200&ssl=1 1x, https:\/\/i0.wp.com\/www.grieta.org.mx\/wp-content\/uploads\/2023\/10\/Imagen-de-WhatsApp-2023-10-06-a-las-07.09.10_ae8d068c.jpg?resize=525%2C300&ssl=1 1.5x, https:\/\/i0.wp.com\/www.grieta.org.mx\/wp-content\/uploads\/2023\/10\/Imagen-de-WhatsApp-2023-10-06-a-las-07.09.10_ae8d068c.jpg?resize=700%2C400&ssl=1 2x"},"classes":[]},{"id":69196,"url":"https:\/\/www.grieta.org.mx\/index.php\/2024\/06\/13\/en-riesgo-14-mil-ninos-colimenses-5-mil-no-van-a-la-escuela-inegi-colima\/","url_meta":{"origin":16293,"position":2},"title":"En riesgo, 14 mil ni\u00f1os colimenses; 5 mil no van a la escuela: INEGI (Colima)","author":"grieta","date":"13 junio, 2024","format":false,"excerpt":"Imagen: Ilustrativa, tomada de la Red, Diario Avanzada Heidi de Le\u00f3n Guti\u00e9rrez \/ Diario Avanzada Colima, M\u00e9xico, Avanzada (13\/06\/2024).- En el marco del D\u00eda Mundial contra el Trabajo Infantil que se conmemor\u00f3 ayer, el Instituto Nacional de Estad\u00edstica y Geograf\u00eda (INEGI) revel\u00f3 que 14 mil ni\u00f1os y adolescentes colimenses, de\u2026","rel":"","context":"En &quot;CINTILLO&quot;","block_context":{"text":"CINTILLO","link":"https:\/\/www.grieta.org.mx\/index.php\/category\/cintillo\/"},"img":{"alt_text":"","src":"https:\/\/i0.wp.com\/www.grieta.org.mx\/wp-content\/uploads\/2024\/06\/img_0384-1.jpg?resize=350%2C200&ssl=1","width":350,"height":200,"srcset":"https:\/\/i0.wp.com\/www.grieta.org.mx\/wp-content\/uploads\/2024\/06\/img_0384-1.jpg?resize=350%2C200&ssl=1 1x, https:\/\/i0.wp.com\/www.grieta.org.mx\/wp-content\/uploads\/2024\/06\/img_0384-1.jpg?resize=525%2C300&ssl=1 1.5x, https:\/\/i0.wp.com\/www.grieta.org.mx\/wp-content\/uploads\/2024\/06\/img_0384-1.jpg?resize=700%2C400&ssl=1 2x, https:\/\/i0.wp.com\/www.grieta.org.mx\/wp-content\/uploads\/2024\/06\/img_0384-1.jpg?resize=1050%2C600&ssl=1 3x, https:\/\/i0.wp.com\/www.grieta.org.mx\/wp-content\/uploads\/2024\/06\/img_0384-1.jpg?resize=1400%2C800&ssl=1 4x"},"classes":[]},{"id":16303,"url":"https:\/\/www.grieta.org.mx\/index.php\/2016\/06\/14\/en-guerrero-hay-139-mil-ninas-y-ninos-que-trabajan-revela-inegi\/","url_meta":{"origin":16293,"position":3},"title":"En Guerrero hay 139 mil ni\u00f1as y ni\u00f1os que trabajan, revela Inegi","author":"grieta","date":"14 junio, 2016","format":false,"excerpt":"La tasa es de 19 por cada 100 hombres; para mujeres es de 9 por cada 100 ni\u00f1as, detalla la encuesta ? Entre 2007 y 2013 se reporta disminuci\u00f3n de cerca de 64 mil infantes desempe\u00f1ando alg\u00fan empleo Citlal Giles S\u00e1nchez ( ) Chilpancingo, 11 de junio. En Guerrero hay\u2026","rel":"","context":"En &quot;CINTILLO&quot;","block_context":{"text":"CINTILLO","link":"https:\/\/www.grieta.org.mx\/index.php\/category\/cintillo\/"},"img":{"alt_text":"","src":"https:\/\/i0.wp.com\/www.grieta.org.mx\/wp-content\/uploads\/2018\/03\/14524434_1106112876131411_958039263622046936_o.jpg?resize=350%2C200&ssl=1","width":350,"height":200,"srcset":"https:\/\/i0.wp.com\/www.grieta.org.mx\/wp-content\/uploads\/2018\/03\/14524434_1106112876131411_958039263622046936_o.jpg?resize=350%2C200&ssl=1 1x, https:\/\/i0.wp.com\/www.grieta.org.mx\/wp-content\/uploads\/2018\/03\/14524434_1106112876131411_958039263622046936_o.jpg?resize=525%2C300&ssl=1 1.5x, https:\/\/i0.wp.com\/www.grieta.org.mx\/wp-content\/uploads\/2018\/03\/14524434_1106112876131411_958039263622046936_o.jpg?resize=700%2C400&ssl=1 2x"},"classes":[]},{"id":32792,"url":"https:\/\/www.grieta.org.mx\/index.php\/2019\/04\/26\/reportan-mas-de-4-mil-menores-asesinados-en-tres-anos-en-mexico\/","url_meta":{"origin":16293,"position":4},"title":"Reportan m\u00e1s de 4 mil menores asesinados en tres a\u00f1os en M\u00e9xico","author":"grieta","date":"26 abril, 2019","format":false,"excerpt":"Lizett Ximena Mej\u00eda\/Excelsior CIUDAD DE M\u00c9XICO. Desde el 2015 hasta el d\u00eda de hoy han sido asesinados 4 mil 299 ni\u00f1os, ni\u00f1as y adolescentes en M\u00e9xico. De acuerdo con la Red por los Derechos de la Infancia en M\u00e9xico (REDIM), los homicidios aumentaron 42% en estos \u00faltimos tres a\u00f1os debido\u2026","rel":"","context":"En &quot;CINTILLO&quot;","block_context":{"text":"CINTILLO","link":"https:\/\/www.grieta.org.mx\/index.php\/category\/cintillo\/"},"img":{"alt_text":"","src":"https:\/\/i0.wp.com\/www.grieta.org.mx\/wp-content\/uploads\/2019\/05\/2137754.jpg?resize=350%2C200&ssl=1","width":350,"height":200},"classes":[]},{"id":14527,"url":"https:\/\/www.grieta.org.mx\/index.php\/2016\/06\/01\/hay-medio-millon-de-ninos-trabajadores-en-estados-con-zonas-economicas-especiales\/","url_meta":{"origin":16293,"position":5},"title":"Hay medio mill\u00f3n de ni\u00f1os trabajadores en estados con Zonas Econ\u00f3micas Especiales","author":"Admin","date":"1 junio, 2016","format":false,"excerpt":"Chiapas, Guerrero y Oaxaca registran una tasa de ocupaci\u00f3n infantil que est\u00e1 por arriba de la nacional que es de 8.7%, dijo Thomas Wissing, director de la Oficina para M\u00e9xico y Cuba de la Organizaci\u00f3n Internacional del Trabajo. Zenyazen Flores En M\u00e9xico existen 2.5 millones de ni\u00f1os, ni\u00f1as y adolescentes\u2026","rel":"","context":"En &quot;Zonas Econ\u00f3micas Especiales&quot;","block_context":{"text":"Zonas Econ\u00f3micas Especiales","link":"https:\/\/www.grieta.org.mx\/index.php\/category\/megaproyectos\/zonas-economicas-especiales\/"},"img":{"alt_text":"","src":"https:\/\/i0.wp.com\/www.grieta.org.mx\/wp-content\/uploads\/2018\/03\/14524434_1106112876131411_958039263622046936_o.jpg?resize=350%2C200&ssl=1","width":350,"height":200,"srcset":"https:\/\/i0.wp.com\/www.grieta.org.mx\/wp-content\/uploads\/2018\/03\/14524434_1106112876131411_958039263622046936_o.jpg?resize=350%2C200&ssl=1 1x, https:\/\/i0.wp.com\/www.grieta.org.mx\/wp-content\/uploads\/2018\/03\/14524434_1106112876131411_958039263622046936_o.jpg?resize=525%2C300&ssl=1 1.5x, https:\/\/i0.wp.com\/www.grieta.org.mx\/wp-content\/uploads\/2018\/03\/14524434_1106112876131411_958039263622046936_o.jpg?resize=700%2C400&ssl=1 2x"},"classes":[]}],"_links":{"self":[{"href":"https:\/\/www.grieta.org.mx\/index.php\/wp-json\/wp\/v2\/posts\/16293","targetHints":{"allow":["GET"]}}],"collection":[{"href":"https:\/\/www.grieta.org.mx\/index.php\/wp-json\/wp\/v2\/posts"}],"about":[{"href":"https:\/\/www.grieta.org.mx\/index.php\/wp-json\/wp\/v2\/types\/post"}],"author":[{"embeddable":true,"href":"https:\/\/www.grieta.org.mx\/index.php\/wp-json\/wp\/v2\/users\/2"}],"replies":[{"embeddable":true,"href":"https:\/\/www.grieta.org.mx\/index.php\/wp-json\/wp\/v2\/comments?post=16293"}],"version-history":[{"count":1,"href":"https:\/\/www.grieta.org.mx\/index.php\/wp-json\/wp\/v2\/posts\/16293\/revisions"}],"predecessor-version":[{"id":16296,"href":"https:\/\/www.grieta.org.mx\/index.php\/wp-json\/wp\/v2\/posts\/16293\/revisions\/16296"}],"wp:featuredmedia":[{"embeddable":true,"href":"https:\/\/www.grieta.org.mx\/index.php\/wp-json\/wp\/v2\/media\/21928"}],"wp:attachment":[{"href":"https:\/\/www.grieta.org.mx\/index.php\/wp-json\/wp\/v2\/media?parent=16293"}],"wp:term":[{"taxonomy":"category","embeddable":true,"href":"https:\/\/www.grieta.org.mx\/index.php\/wp-json\/wp\/v2\/categories?post=16293"},{"taxonomy":"post_tag","embeddable":true,"href":"https:\/\/www.grieta.org.mx\/index.php\/wp-json\/wp\/v2\/tags?post=16293"}],"curies":[{"name":"wp","href":"https:\/\/api.w.org\/{rel}","templated":true}]}}