{"id":16217,"date":"2016-06-01T00:57:35","date_gmt":"2016-06-01T05:57:35","guid":{"rendered":"http:\/\/www.grieta.org.mx\/?p=16217"},"modified":"2016-07-09T01:26:12","modified_gmt":"2016-07-09T06:26:12","slug":"manifestaciones-de-enfermeras-en-tamaulipas-por-mejores-condiciones-laborales","status":"publish","type":"post","link":"https:\/\/www.grieta.org.mx\/index.php\/2016\/06\/01\/manifestaciones-de-enfermeras-en-tamaulipas-por-mejores-condiciones-laborales\/","title":{"rendered":"Manifestaciones de enfermeras en Tamaulipas por mejores condiciones laborales"},"content":{"rendered":"<p><strong>14\/04\/16. <\/strong><a href=\"http:\/\/www.grieta.org.mx\/index.php\/2016\/04\/14\/bola-de-nieve-protesta-de-enfermeras-tamaulipas\/\" target=\"_blank\">Bola de nieve protesta de enfermeras (Tamaulipas)<\/a><br \/><em>Centro Noticias Tamaulipas<\/em><br  \/><\/p>\n","protected":false},"excerpt":{"rendered":"<p>14\/04\/16. Bola de nieve protesta de enfermeras (Tamaulipas)Centro Noticias Tamaulipas<\/p>\n","protected":false},"author":2,"featured_media":21928,"comment_status":"closed","ping_status":"closed","sticky":false,"template":"","format":"standard","meta":{"ngg_post_thumbnail":0,"_jetpack_newsletter_access":"","_jetpack_dont_email_post_to_subs":false,"_jetpack_newsletter_tier_id":0,"_jetpack_memberships_contains_paywalled_content":false,"_jetpack_memberships_contains_paid_content":false,"footnotes":""},"categories":[2,33],"tags":[],"class_list":["post-16217","post","type-post","status-publish","format-standard","has-post-thumbnail","hentry","category-noticias-nacionales","category-tamaulipas","entry"],"jetpack_featured_media_url":"https:\/\/www.grieta.org.mx\/wp-content\/uploads\/2018\/03\/14524434_1106112876131411_958039263622046936_o.jpg","jetpack_sharing_enabled":true,"jetpack_shortlink":"https:\/\/wp.me\/p7ZJR4-4dz","jetpack_likes_enabled":false,"jetpack-related-posts":[{"id":33468,"url":"https:\/\/www.grieta.org.mx\/index.php\/2019\/05\/15\/hospital-infantil-de-victoria-sufre-deficit-de-enfermeras-medicos-e-intendentes-tamaulipas\/","url_meta":{"origin":16217,"position":0},"title":"Hospital Infantil de Victoria sufre d\u00e9ficit de enfermeras, m\u00e9dicos e intendentes (Tamaulipas)","author":"grieta","date":"15 mayo, 2019","format":false,"excerpt":"Lupita \u00c1lvarez \/ Gaceta Cd. Victoria, Tamaulipas.- El Hospital Infantil de Ciudad Victoria sufre un d\u00e9ficit de 45 plazas de enfermeras y de 15 m\u00e1s entre m\u00e9dicos, personal de intendencia, de servicios generales y administrativo, debido a que el personal que se jubila no se remplaza por nuevo. El director\u2026","rel":"","context":"En &quot;CINTILLO&quot;","block_context":{"text":"CINTILLO","link":"https:\/\/www.grieta.org.mx\/index.php\/category\/cintillo\/"},"img":{"alt_text":"","src":"https:\/\/i0.wp.com\/www.grieta.org.mx\/wp-content\/uploads\/2019\/05\/Hospital-Infantil-de-Victoria-sufre-d%C3%A9ficit-de-enfermeras-m%C3%A9dicos-e-intendentes-tama-may.jpg?resize=350%2C200","width":350,"height":200},"classes":[]},{"id":16216,"url":"https:\/\/www.grieta.org.mx\/index.php\/2016\/04\/14\/bola-de-nieve-protesta-de-enfermeras-tamaulipas\/","url_meta":{"origin":16217,"position":1},"title":"Bola de nieve protesta de enfermeras (Tamaulipas)","author":"grieta","date":"14 abril, 2016","format":false,"excerpt":"Enrique Jonguitud Ciudad Victoria.-Una manifestaci\u00f3n m\u00e1s de enfermeras y enfermeros inici\u00f3 este mediod\u00eda en Victoria, con una marcha de protesta exigiendo bases y aumento de sueldo para 2 mil 900 trabajadores. Los inconformes procedentes de municipios como El Mante, Jaumave. Padilla, Abasolo, Reynosa, Aldama, y Tampico se concentraron en el\u2026","rel":"","context":"En &quot;CINTILLO&quot;","block_context":{"text":"CINTILLO","link":"https:\/\/www.grieta.org.mx\/index.php\/category\/cintillo\/"},"img":{"alt_text":"","src":"https:\/\/i0.wp.com\/www.grieta.org.mx\/wp-content\/uploads\/2018\/03\/14524434_1106112876131411_958039263622046936_o.jpg?resize=350%2C200&ssl=1","width":350,"height":200,"srcset":"https:\/\/i0.wp.com\/www.grieta.org.mx\/wp-content\/uploads\/2018\/03\/14524434_1106112876131411_958039263622046936_o.jpg?resize=350%2C200&ssl=1 1x, https:\/\/i0.wp.com\/www.grieta.org.mx\/wp-content\/uploads\/2018\/03\/14524434_1106112876131411_958039263622046936_o.jpg?resize=525%2C300&ssl=1 1.5x, https:\/\/i0.wp.com\/www.grieta.org.mx\/wp-content\/uploads\/2018\/03\/14524434_1106112876131411_958039263622046936_o.jpg?resize=700%2C400&ssl=1 2x"},"classes":[]},{"id":47205,"url":"https:\/\/www.grieta.org.mx\/index.php\/2020\/03\/26\/denuncian-falta-de-insumos-en-issste-de-reynosa-en-plena-pandemia-tamaulipas\/","url_meta":{"origin":16217,"position":2},"title":"Denuncian falta de insumos en Issste de Reynosa en plena pandemia (Tamaulipas)","author":"grieta","date":"26 marzo, 2020","format":false,"excerpt":"Agencia Reforma, Miguel Dominguez y Mariela Trinidad\/Debate 26 marzo 2020 La dependecia no cuenta con los insumos b\u00e1sicos para atender y evitar el coronavirus Tamaulipas.-A punto de entrar a un contagio mayor por el Covid-19, el personal del ISSSTE en Tamaulipas con apoyo sindical trabaja bajo protesta y exhibe mantas\u2026","rel":"","context":"En &quot;CINTILLO&quot;","block_context":{"text":"CINTILLO","link":"https:\/\/www.grieta.org.mx\/index.php\/category\/cintillo\/"},"img":{"alt_text":"","src":"https:\/\/i0.wp.com\/www.grieta.org.mx\/wp-content\/uploads\/2020\/04\/issste.png?resize=350%2C200&ssl=1","width":350,"height":200,"srcset":"https:\/\/i0.wp.com\/www.grieta.org.mx\/wp-content\/uploads\/2020\/04\/issste.png?resize=350%2C200&ssl=1 1x, https:\/\/i0.wp.com\/www.grieta.org.mx\/wp-content\/uploads\/2020\/04\/issste.png?resize=525%2C300&ssl=1 1.5x, https:\/\/i0.wp.com\/www.grieta.org.mx\/wp-content\/uploads\/2020\/04\/issste.png?resize=700%2C400&ssl=1 2x"},"classes":[]},{"id":39575,"url":"https:\/\/www.grieta.org.mx\/index.php\/2019\/09\/07\/inician-trabajadores-huelga-de-brazos-caidos-en-hospitales-de-tamaulipas\/","url_meta":{"origin":16217,"position":3},"title":"Inician trabajadores huelga de \u2018brazos ca\u00eddos\u2019 en hospitales de Tamaulipas","author":"grieta","date":"7 septiembre, 2019","format":false,"excerpt":"Redacci\u00f3n \/ La Funci\u00f3n mx Trabajadores sindicalizados de Sector Salud iniciaron este s\u00e1bado una huelga de \u2018brazos ca\u00eddos\u2019 en los hospitales de Tamaulipas para protestar por la falta de contrataci\u00f3n de enfermeras, lo que dicen que trae como consecuencia la sobrecarga en el trabajo pues la norma marca que a\u2026","rel":"","context":"En &quot;CINTILLO&quot;","block_context":{"text":"CINTILLO","link":"https:\/\/www.grieta.org.mx\/index.php\/category\/cintillo\/"},"img":{"alt_text":"","src":"https:\/\/i0.wp.com\/www.grieta.org.mx\/wp-content\/uploads\/2019\/09\/miembros-del-sindicato-de-trabajadores-del-sector-salud-1024x768.jpg?resize=350%2C200&ssl=1","width":350,"height":200,"srcset":"https:\/\/i0.wp.com\/www.grieta.org.mx\/wp-content\/uploads\/2019\/09\/miembros-del-sindicato-de-trabajadores-del-sector-salud-1024x768.jpg?resize=350%2C200&ssl=1 1x, https:\/\/i0.wp.com\/www.grieta.org.mx\/wp-content\/uploads\/2019\/09\/miembros-del-sindicato-de-trabajadores-del-sector-salud-1024x768.jpg?resize=525%2C300&ssl=1 1.5x, https:\/\/i0.wp.com\/www.grieta.org.mx\/wp-content\/uploads\/2019\/09\/miembros-del-sindicato-de-trabajadores-del-sector-salud-1024x768.jpg?resize=700%2C400&ssl=1 2x"},"classes":[]},{"id":51769,"url":"https:\/\/www.grieta.org.mx\/index.php\/2020\/07\/07\/trabajaran-bajo-protesta-en-el-hospital-general-de-reynosa-tamaulipas\/","url_meta":{"origin":16217,"position":4},"title":"Trabajar\u00e1n bajo protesta en el Hospital General de Reynosa (Tamaulipas)","author":"grieta","date":"7 julio, 2020","format":false,"excerpt":"Rosal\u00eda Quint\u00e1 Uresti\/Hoy T.am 7 julio 2020 Foto: Rosal\u00eda Quint\u00e1 Uresti Reynosa, Tamaulipas. - Trabajadores del Hospital General (HG) de Reynosa volvieron a manifestarse con el prop\u00f3sito de exponer las carencias con las que est\u00e1n enfrentando la pandemia por Covid-19. Se\u00f1alaron que se mantendr\u00e1n dentro de sus labores, pero trabajar\u00e1n\u2026","rel":"","context":"En &quot;CINTILLO&quot;","block_context":{"text":"CINTILLO","link":"https:\/\/www.grieta.org.mx\/index.php\/category\/cintillo\/"},"img":{"alt_text":"","src":"https:\/\/i0.wp.com\/www.grieta.org.mx\/wp-content\/uploads\/2020\/07\/Tamaulipas-Trabajarn-bajo-protesta-en-el-Hospital-General-de-Reynosa.jpg?resize=350%2C200&ssl=1","width":350,"height":200,"srcset":"https:\/\/i0.wp.com\/www.grieta.org.mx\/wp-content\/uploads\/2020\/07\/Tamaulipas-Trabajarn-bajo-protesta-en-el-Hospital-General-de-Reynosa.jpg?resize=350%2C200&ssl=1 1x, https:\/\/i0.wp.com\/www.grieta.org.mx\/wp-content\/uploads\/2020\/07\/Tamaulipas-Trabajarn-bajo-protesta-en-el-Hospital-General-de-Reynosa.jpg?resize=525%2C300&ssl=1 1.5x, https:\/\/i0.wp.com\/www.grieta.org.mx\/wp-content\/uploads\/2020\/07\/Tamaulipas-Trabajarn-bajo-protesta-en-el-Hospital-General-de-Reynosa.jpg?resize=700%2C400&ssl=1 2x"},"classes":[]},{"id":32894,"url":"https:\/\/www.grieta.org.mx\/index.php\/2019\/05\/02\/los-sindicalistas-incomodos-arman-desfile-del-dia-del-trabajo-en-la-calle-hidalgo-tamaulipas\/","url_meta":{"origin":16217,"position":5},"title":"Los sindicalistas \u2018inc\u00f3modos\u2019 arman desfile del D\u00eda del Trabajo en la calle Hidalgo (Tamaulipas)","author":"grieta","date":"2 mayo, 2019","format":false,"excerpt":"Jos\u00e9 Gregorio Aguilar \/ Gaceta Ciudad Victoria, Tamaulipas.- Para conmemorar el D\u00eda del Trabajo, decenas de telefonistas, empleados y enfermeras del Hospital Civil de Victoria desfilaron por la calle Hidalgo de esta capital. Durante el recorrido de alrededor de 20 minutos, los trabajadores sindicalizados gritaron consignas en contra de las\u2026","rel":"","context":"En &quot;CINTILLO&quot;","block_context":{"text":"CINTILLO","link":"https:\/\/www.grieta.org.mx\/index.php\/category\/cintillo\/"},"img":{"alt_text":"","src":"https:\/\/i0.wp.com\/www.grieta.org.mx\/wp-content\/uploads\/2019\/05\/Los-sindicalistas-%E2%80%98inc%C3%B3modos%E2%80%99-arman-desfile-del-D%C3%ADa-del-Trabajo-en-la-calle-Hidalgo-tama-may.jpg?resize=350%2C200","width":350,"height":200},"classes":[]}],"_links":{"self":[{"href":"https:\/\/www.grieta.org.mx\/index.php\/wp-json\/wp\/v2\/posts\/16217","targetHints":{"allow":["GET"]}}],"collection":[{"href":"https:\/\/www.grieta.org.mx\/index.php\/wp-json\/wp\/v2\/posts"}],"about":[{"href":"https:\/\/www.grieta.org.mx\/index.php\/wp-json\/wp\/v2\/types\/post"}],"author":[{"embeddable":true,"href":"https:\/\/www.grieta.org.mx\/index.php\/wp-json\/wp\/v2\/users\/2"}],"replies":[{"embeddable":true,"href":"https:\/\/www.grieta.org.mx\/index.php\/wp-json\/wp\/v2\/comments?post=16217"}],"version-history":[{"count":1,"href":"https:\/\/www.grieta.org.mx\/index.php\/wp-json\/wp\/v2\/posts\/16217\/revisions"}],"predecessor-version":[{"id":16230,"href":"https:\/\/www.grieta.org.mx\/index.php\/wp-json\/wp\/v2\/posts\/16217\/revisions\/16230"}],"wp:featuredmedia":[{"embeddable":true,"href":"https:\/\/www.grieta.org.mx\/index.php\/wp-json\/wp\/v2\/media\/21928"}],"wp:attachment":[{"href":"https:\/\/www.grieta.org.mx\/index.php\/wp-json\/wp\/v2\/media?parent=16217"}],"wp:term":[{"taxonomy":"category","embeddable":true,"href":"https:\/\/www.grieta.org.mx\/index.php\/wp-json\/wp\/v2\/categories?post=16217"},{"taxonomy":"post_tag","embeddable":true,"href":"https:\/\/www.grieta.org.mx\/index.php\/wp-json\/wp\/v2\/tags?post=16217"}],"curies":[{"name":"wp","href":"https:\/\/api.w.org\/{rel}","templated":true}]}}