{"id":16190,"date":"2016-07-06T23:21:04","date_gmt":"2016-07-07T04:21:04","guid":{"rendered":"http:\/\/www.grieta.org.mx\/?p=16190"},"modified":"2018-09-26T23:49:22","modified_gmt":"2018-09-27T04:49:22","slug":"vecinos-persiguieron-a-arqueologo-del-inah-porque-se-nego-a-explicarl-que-pasara-con-los-vestigios-localizados-en-el-trazo-de-la-autopista-siglo-xxi","status":"publish","type":"post","link":"https:\/\/www.grieta.org.mx\/index.php\/2016\/07\/06\/vecinos-persiguieron-a-arqueologo-del-inah-porque-se-nego-a-explicarl-que-pasara-con-los-vestigios-localizados-en-el-trazo-de-la-autopista-siglo-xxi\/","title":{"rendered":"Vecinos persiguieron a arque\u00f3logo del INAH porque se neg\u00f3 a explicar qu\u00e9 pasar\u00e1 con vestigios localizados en el trazo de la autopista Siglo XXI"},"content":{"rendered":"<p>Perla Aguilar<\/p>\n<p>Vecinos de Tlaltizap\u00e1n corretearon al arque\u00f3logo Mario C\u00f3rdova Tello debido a que se neg\u00f3 a explicarles qu\u00e9 pasar\u00e1 con los vestigios prehisp\u00e1nico localizados en el trazo de la autopista Siglo XXI, obra que continuar\u00e1 una vez que culminen con los trabajos de investigaci\u00f3n que se llevar\u00e1 lo que resta de la semana.<\/p>\n<p>Alrededor de las 15:00 horas el arque\u00f3logo del Instituto Nacional de Antropolog\u00eda e Historia (INAH) sali\u00f3 del salvamento arqueol\u00f3gico y atraves\u00f3 donde estaban concentrados los vecinos quienes al notar su presencia lo comenzaron a seguir para preguntar detalles del hallazgo, pero este los ignor\u00f3 y sigui\u00f3 su camino rumbo al cerro por el que fue perseguido por lo menos por una decena de vecinos.<\/p>\n<p>En un momento el arque\u00f3logo empuj\u00f3 a uno de los vecinos, y al ver que la gente comenz\u00f3 a enojarse se regres\u00f3 hacia el salvamento entre gritos: \u201cvividor del pueblo, vende pueblos\u201d y otros de \u201cde qu\u00e9 tienes miedo, somos mujeres\u201d, ya que incluso hab\u00eda f\u00e9minas, personas de la tercera edad y ni\u00f1os adem\u00e1s de hombres.<\/p>\n<p>A partir de este d\u00eda el lugar qued\u00f3 bajo el resguardo de elementos de la polic\u00eda del Mando \u00danico, debido a que se report\u00f3 que por las tardes, una vez que se van los trabajadores del INAH comienzan a saquear y destruir las partes descubiertas.<\/p>\n<p>Previamente, el arque\u00f3logo platic\u00f3 con una comisi\u00f3n de vecinos que por la ma\u00f1ana se manifestaron en las calles de Tlaltizap\u00e1n y dialogaron con parte del cabildo y el Ing. Mario Alberto Garc\u00eda Valle, director de Administraci\u00f3n del Ayuntamiento quien atendi\u00f3 a la comitiva en representaci\u00f3n de la presidenta municipal Ma. Cruz Bastida Mu\u00f1oz, quien en esos momentos ten\u00eda una reuni\u00f3n fuera del municipio con autoridades de la Secretar\u00eda de Comunicaciones y Transportes\u00a0 (SCT) y la empresa encargada de la obra Aldesem.<\/p>\n<p>El arque\u00f3logo explic\u00f3 a los vecinos que a trav\u00e9s del INAH Morelos solicit\u00f3 a la SCT el salvamento de la zona del hallazgo para realizar trabajos de investigaci\u00f3n, y aunque admiti\u00f3 que era algo valioso al ser del a\u00f1o 600 despu\u00e9s de Cristo y de la cultura Teotihuacana, no podr\u00edan preservarlo.<\/p>\n<p>\u201cEsta semana ya terminamos, esto es gobierno federal y ya la SCT va a seguir\u2026 nosotros paramos a la SCT hicimos un convenio de colaboraci\u00f3n a trav\u00e9s del INAH para el derecho de v\u00eda\u201d, explic\u00f3 Marco C\u00f3rdova Tello a parte de la comisi\u00f3n.<\/p>\n<p>Quien detall\u00f3 que una vez que ellos se retiren la SCT derrumbar\u00e1 los cimientos de las estructuras de las casas la cultura teotihuacana, y s\u00f3lo quedar\u00e1 la evidencia a trav\u00e9s la investigaci\u00f3n y las piezas rescatadas por el arque\u00f3logo y que est\u00e1n bajo el resguardo del INAH.<\/p>\n<p>Dijo que como el hallazgo de Tlaltizap\u00e1n hay de 20 a 26 m\u00e1s en todo el trazo de la autopista, y en el caso de \u00e9ste se presume que est\u00e9 en todo el cerro en donde se aprecian alrededor de tres mont\u00edculos, pero su rescate requiere de dinero, tiempo y esfuerzo.<\/p>\n<p>\u201cTodo el cerro est\u00e1 lleno, y los del Siglo XVI est\u00e1n all\u00e1 en la cabecera tambi\u00e9n hay patrimonio municipal, hay que investigar\u2026 un caser\u00edo de Teotihuacano aqu\u00ed\u2026 encontramos tepalcates y huesos\u201d, detall\u00f3 a los vecinos.<\/p>\n<p>El arque\u00f3logo Mario C\u00f3rdova Valle, al querer ser entrevistado asegur\u00f3 que los medios de comunicaci\u00f3n mal informan y llam\u00f3 \u201cchismosos\u201d a los periodistas y \u201cperiodiquitos\u201d del estado de Morelos para luego salir corriendo de las c\u00e1maras y refugiarse en la zona del hallazgo.<\/p>\n<p><a href=\"http:\/\/www.puntoporpuntotv.com\/2015\/07\/06\/persiguen-a-arque%C3%B3logo-del-inah-vecinos-de-tlaltizap%C3%A1n\/\">http:\/\/www.puntoporpuntotv.com\/2015\/07\/06\/persiguen-a-arque%C3%B3logo-del-inah-vecinos-de-tlaltizap%C3%A1n\/<\/a><\/p>\n","protected":false},"excerpt":{"rendered":"<p>Perla Aguilar Vecinos de Tlaltizap\u00e1n corretearon al arque\u00f3logo Mario C\u00f3rdova Tello debido a que se neg\u00f3 a explicarles qu\u00e9 pasar\u00e1 con los vestigios prehisp\u00e1nico localizados en el trazo de la &hellip; <a href=\"https:\/\/www.grieta.org.mx\/index.php\/2016\/07\/06\/vecinos-persiguieron-a-arqueologo-del-inah-porque-se-nego-a-explicarl-que-pasara-con-los-vestigios-localizados-en-el-trazo-de-la-autopista-siglo-xxi\/\" class=\"more-link\">Leer m\u00e1s<\/a><\/p>\n","protected":false},"author":2,"featured_media":21928,"comment_status":"closed","ping_status":"closed","sticky":false,"template":"","format":"standard","meta":{"ngg_post_thumbnail":0,"_jetpack_newsletter_access":"","_jetpack_dont_email_post_to_subs":false,"_jetpack_newsletter_tier_id":0,"_jetpack_memberships_contains_paywalled_content":false,"_jetpack_memberships_contains_paid_content":false,"footnotes":""},"categories":[80,482,22,2,1170],"tags":[629],"class_list":{"0":"post-16190","1":"post","2":"type-post","3":"status-publish","4":"format-standard","5":"has-post-thumbnail","6":"hentry","7":"category-cintillo","8":"category-morelos","10":"category-noticias-nacionales","11":"category-protestas-por-la-construccion-de-la-autopista-siglo-xxi-en-morelos","12":"tag-autopista-siglo-xxi","13":"entry"},"jetpack_featured_media_url":"https:\/\/www.grieta.org.mx\/wp-content\/uploads\/2018\/03\/14524434_1106112876131411_958039263622046936_o.jpg","jetpack_sharing_enabled":true,"jetpack_shortlink":"https:\/\/wp.me\/p7ZJR4-4d8","jetpack_likes_enabled":false,"jetpack-related-posts":[{"id":11359,"url":"https:\/\/www.grieta.org.mx\/index.php\/2016\/07\/19\/protestas-por-la-construccion-de-la-autopista-siglo-xxi-en-morelos\/","url_meta":{"origin":16190,"position":0},"title":"Protestas por la construcci\u00f3n de la Autopista siglo XXI en Morelos","author":"grieta","date":"19 julio, 2016","format":false,"excerpt":"19\/07\/16. Nuevo bloqueo en la autopista \"Siglo XXI\" El Sol de Cuautla 06\/07\/16. Vecinos persiguieron a arque\u00f3logo del INAH porque se neg\u00f3 a explicar qu\u00e9 pasar\u00e1 con vestigios localizados en el trazo de la autopista Siglo XXIPunto por punto 17\/05\/16. Bloquean obras de la Siglo XXI en San Rafael -\u2026","rel":"","context":"En &quot;Morelos&quot;","block_context":{"text":"Morelos","link":"https:\/\/www.grieta.org.mx\/index.php\/category\/noticias-nacionales\/morelos\/"},"img":{"alt_text":"","src":"https:\/\/i0.wp.com\/www.grieta.org.mx\/wp-content\/uploads\/2018\/03\/14524434_1106112876131411_958039263622046936_o.jpg?resize=350%2C200&ssl=1","width":350,"height":200,"srcset":"https:\/\/i0.wp.com\/www.grieta.org.mx\/wp-content\/uploads\/2018\/03\/14524434_1106112876131411_958039263622046936_o.jpg?resize=350%2C200&ssl=1 1x, https:\/\/i0.wp.com\/www.grieta.org.mx\/wp-content\/uploads\/2018\/03\/14524434_1106112876131411_958039263622046936_o.jpg?resize=525%2C300&ssl=1 1.5x, https:\/\/i0.wp.com\/www.grieta.org.mx\/wp-content\/uploads\/2018\/03\/14524434_1106112876131411_958039263622046936_o.jpg?resize=700%2C400&ssl=1 2x"},"classes":[]},{"id":11399,"url":"https:\/\/www.grieta.org.mx\/index.php\/2015\/07\/13\/autopista-siglo-xxi-es-suspendida-por-hallazgo-de-zona-arqueologica\/","url_meta":{"origin":16190,"position":1},"title":"Autopista Siglo XXI es suspendida por hallazgo de zona arqueol\u00f3gica","author":"grieta","date":"13 julio, 2015","format":false,"excerpt":"Edmundo Salgado CUERNAVACA.- Los trabajos de construcci\u00f3n de la Autopista Siglo XXI\u00a0en Morelos fueron cancelados moment\u00e1neamente luego del hallazgo durante la obra de una zona arqueol\u00f3gica y vestigios hist\u00f3ricos en el municipio de Tlaltizap\u00e1n. De acuerdo con el vocero del Movimiento de Protecci\u00f3n y Rescate de la Zona Arqueol\u00f3gica, Edgar\u2026","rel":"","context":"En &quot;CINTILLO&quot;","block_context":{"text":"CINTILLO","link":"https:\/\/www.grieta.org.mx\/index.php\/category\/cintillo\/"},"img":{"alt_text":"","src":"https:\/\/i0.wp.com\/www.grieta.org.mx\/wp-content\/uploads\/2018\/03\/14524434_1106112876131411_958039263622046936_o.jpg?resize=350%2C200&ssl=1","width":350,"height":200,"srcset":"https:\/\/i0.wp.com\/www.grieta.org.mx\/wp-content\/uploads\/2018\/03\/14524434_1106112876131411_958039263622046936_o.jpg?resize=350%2C200&ssl=1 1x, https:\/\/i0.wp.com\/www.grieta.org.mx\/wp-content\/uploads\/2018\/03\/14524434_1106112876131411_958039263622046936_o.jpg?resize=525%2C300&ssl=1 1.5x, https:\/\/i0.wp.com\/www.grieta.org.mx\/wp-content\/uploads\/2018\/03\/14524434_1106112876131411_958039263622046936_o.jpg?resize=700%2C400&ssl=1 2x"},"classes":[]},{"id":22786,"url":"https:\/\/www.grieta.org.mx\/index.php\/2018\/04\/17\/suspenden-construccion-de-la-autopista-siglo-xxi-en-morelos\/","url_meta":{"origin":16190,"position":2},"title":"Suspenden construcci\u00f3n de la autopista siglo XXI en Morelos","author":"Admin","date":"17 abril, 2018","format":false,"excerpt":"POR JAIME LUIS BRITO AYALA, MORELOS (apro).- El juez s\u00e9ptimo de distrito en el estado de Morelos, Manuel Camargo Serrano, otorg\u00f3 una suspensi\u00f3n provisional a campesinos ejidatarios afectados por el trazo de la autopista Siglo XXI, debido a que no existe la expropiaci\u00f3n formal de las parcelas de por lo\u2026","rel":"","context":"En &quot;12. Tepoztl\u00e1n&quot;","block_context":{"text":"12. Tepoztl\u00e1n","link":"https:\/\/www.grieta.org.mx\/index.php\/category\/espejos-de-la-resistencia\/12-tepoztlan\/"},"img":{"alt_text":"","src":"https:\/\/i0.wp.com\/www.grieta.org.mx\/wp-content\/uploads\/2018\/04\/images-c.jpg?resize=350%2C200&ssl=1","width":350,"height":200,"srcset":"https:\/\/i0.wp.com\/www.grieta.org.mx\/wp-content\/uploads\/2018\/04\/images-c.jpg?resize=350%2C200&ssl=1 1x, https:\/\/i0.wp.com\/www.grieta.org.mx\/wp-content\/uploads\/2018\/04\/images-c.jpg?resize=525%2C300&ssl=1 1.5x, https:\/\/i0.wp.com\/www.grieta.org.mx\/wp-content\/uploads\/2018\/04\/images-c.jpg?resize=700%2C400&ssl=1 2x"},"classes":[]},{"id":12178,"url":"https:\/\/www.grieta.org.mx\/index.php\/2016\/05\/07\/reanudan-construccion-de-la-autopista-siglo-xxi-en-cuantla-morelos\/","url_meta":{"origin":16190,"position":3},"title":"Reanudan construcci\u00f3n de la autopista Siglo XXI, en Cuantla Morelos","author":"grieta","date":"7 mayo, 2016","format":false,"excerpt":"El Sol de Cuautla Redacci\u00f3n En una mesa de di\u00e1logo, la Secretar\u00eda de Movilidad y Transporte (SMyT) logr\u00f3 acordar con la Confederaci\u00f3n de Trabajadores de M\u00e9xico (CTM) y el Nuevo Grupo Sindical (NGS) la reanudaci\u00f3n de los trabajos de construcci\u00f3n de la autopista Siglo XXI, luego de que \u00e9stos fueron\u2026","rel":"","context":"En &quot;CINTILLO&quot;","block_context":{"text":"CINTILLO","link":"https:\/\/www.grieta.org.mx\/index.php\/category\/cintillo\/"},"img":{"alt_text":"","src":"https:\/\/i0.wp.com\/www.grieta.org.mx\/wp-content\/uploads\/2018\/03\/14524434_1106112876131411_958039263622046936_o.jpg?resize=350%2C200&ssl=1","width":350,"height":200,"srcset":"https:\/\/i0.wp.com\/www.grieta.org.mx\/wp-content\/uploads\/2018\/03\/14524434_1106112876131411_958039263622046936_o.jpg?resize=350%2C200&ssl=1 1x, https:\/\/i0.wp.com\/www.grieta.org.mx\/wp-content\/uploads\/2018\/03\/14524434_1106112876131411_958039263622046936_o.jpg?resize=525%2C300&ssl=1 1.5x, https:\/\/i0.wp.com\/www.grieta.org.mx\/wp-content\/uploads\/2018\/03\/14524434_1106112876131411_958039263622046936_o.jpg?resize=700%2C400&ssl=1 2x"},"classes":[]},{"id":43743,"url":"https:\/\/www.grieta.org.mx\/index.php\/2020\/01\/15\/bloquean-de-nuevo-autopista-siglo-xxi-morelos\/","url_meta":{"origin":16190,"position":4},"title":"Bloquean de nuevo autopista Siglo XXI (Morelos)","author":"grieta","date":"15 enero, 2020","format":false,"excerpt":"Redacci\u00f3n \/ 24 Morelos Nuevamente un grupo de ejidatarios de Jojutla, se colocaron sobre los dos carriles de la autopista Siglo XXI \u201cArco Sur\u201d, para demandar de nueva cuenta a la Secretar\u00eda de Comunicaciones y Transportes (SCT), el pago de indemnizaciones a 45 trabajadores del campo, por el uso de\u2026","rel":"","context":"En &quot;CINTILLO&quot;","block_context":{"text":"CINTILLO","link":"https:\/\/www.grieta.org.mx\/index.php\/category\/cintillo\/"},"img":{"alt_text":"","src":"https:\/\/i0.wp.com\/www.grieta.org.mx\/wp-content\/uploads\/2020\/01\/Autopista-Siglo-XXI-780x405.jpg?resize=350%2C200&ssl=1","width":350,"height":200,"srcset":"https:\/\/i0.wp.com\/www.grieta.org.mx\/wp-content\/uploads\/2020\/01\/Autopista-Siglo-XXI-780x405.jpg?resize=350%2C200&ssl=1 1x, https:\/\/i0.wp.com\/www.grieta.org.mx\/wp-content\/uploads\/2020\/01\/Autopista-Siglo-XXI-780x405.jpg?resize=525%2C300&ssl=1 1.5x, https:\/\/i0.wp.com\/www.grieta.org.mx\/wp-content\/uploads\/2020\/01\/Autopista-Siglo-XXI-780x405.jpg?resize=700%2C400&ssl=1 2x"},"classes":[]},{"id":17236,"url":"https:\/\/www.grieta.org.mx\/index.php\/2016\/05\/17\/bloquean-obras-de-la-siglo-xxi-en-san-rafael-tecomalco-morelos\/","url_meta":{"origin":16190,"position":5},"title":"Bloquean obras de la Siglo XXI en San Rafael &#8211; Tecomalco (MORELOS)","author":"grieta","date":"17 mayo, 2016","format":false,"excerpt":"Angelina Albarr\u00e1n, Morelos. Pararon las obras de la autopista Siglo XXI, en el cruce carretero de San Rafael Zaragoza de Tlaltizap\u00e1n y el entronque a la comunidad de Tecomalco y la comunidad de las Piedras en Ayala en demanda de reparaci\u00f3n e indemnizaci\u00f3n de da\u00f1os por el paso de camiones\u2026","rel":"","context":"En &quot;CINTILLO&quot;","block_context":{"text":"CINTILLO","link":"https:\/\/www.grieta.org.mx\/index.php\/category\/cintillo\/"},"img":{"alt_text":"","src":"https:\/\/i0.wp.com\/www.grieta.org.mx\/wp-content\/uploads\/2018\/03\/14524434_1106112876131411_958039263622046936_o.jpg?resize=350%2C200&ssl=1","width":350,"height":200,"srcset":"https:\/\/i0.wp.com\/www.grieta.org.mx\/wp-content\/uploads\/2018\/03\/14524434_1106112876131411_958039263622046936_o.jpg?resize=350%2C200&ssl=1 1x, https:\/\/i0.wp.com\/www.grieta.org.mx\/wp-content\/uploads\/2018\/03\/14524434_1106112876131411_958039263622046936_o.jpg?resize=525%2C300&ssl=1 1.5x, https:\/\/i0.wp.com\/www.grieta.org.mx\/wp-content\/uploads\/2018\/03\/14524434_1106112876131411_958039263622046936_o.jpg?resize=700%2C400&ssl=1 2x"},"classes":[]}],"_links":{"self":[{"href":"https:\/\/www.grieta.org.mx\/index.php\/wp-json\/wp\/v2\/posts\/16190","targetHints":{"allow":["GET"]}}],"collection":[{"href":"https:\/\/www.grieta.org.mx\/index.php\/wp-json\/wp\/v2\/posts"}],"about":[{"href":"https:\/\/www.grieta.org.mx\/index.php\/wp-json\/wp\/v2\/types\/post"}],"author":[{"embeddable":true,"href":"https:\/\/www.grieta.org.mx\/index.php\/wp-json\/wp\/v2\/users\/2"}],"replies":[{"embeddable":true,"href":"https:\/\/www.grieta.org.mx\/index.php\/wp-json\/wp\/v2\/comments?post=16190"}],"version-history":[{"count":1,"href":"https:\/\/www.grieta.org.mx\/index.php\/wp-json\/wp\/v2\/posts\/16190\/revisions"}],"predecessor-version":[{"id":16194,"href":"https:\/\/www.grieta.org.mx\/index.php\/wp-json\/wp\/v2\/posts\/16190\/revisions\/16194"}],"wp:featuredmedia":[{"embeddable":true,"href":"https:\/\/www.grieta.org.mx\/index.php\/wp-json\/wp\/v2\/media\/21928"}],"wp:attachment":[{"href":"https:\/\/www.grieta.org.mx\/index.php\/wp-json\/wp\/v2\/media?parent=16190"}],"wp:term":[{"taxonomy":"category","embeddable":true,"href":"https:\/\/www.grieta.org.mx\/index.php\/wp-json\/wp\/v2\/categories?post=16190"},{"taxonomy":"post_tag","embeddable":true,"href":"https:\/\/www.grieta.org.mx\/index.php\/wp-json\/wp\/v2\/tags?post=16190"}],"curies":[{"name":"wp","href":"https:\/\/api.w.org\/{rel}","templated":true}]}}