{"id":16144,"date":"2016-06-20T14:50:27","date_gmt":"2016-06-20T19:50:27","guid":{"rendered":"http:\/\/www.grieta.org.mx\/?p=16144"},"modified":"2016-07-08T14:56:09","modified_gmt":"2016-07-08T19:56:09","slug":"paro-laboral-en-escuelas-normales","status":"publish","type":"post","link":"https:\/\/www.grieta.org.mx\/index.php\/2016\/06\/20\/paro-laboral-en-escuelas-normales\/","title":{"rendered":"\u00a1Paro laboral en escuelas normales! (AGS)"},"content":{"rendered":"<p>Redacci\u00f3n Hidroc\u00e1lido.<\/p>\n<p>Aguascalientes, Ags.- A partir de hoy, los maestros de todas las escuelas normales del estado entran en paro laboral, pues dicen que no les han cumplido con el pliego petitorio que se entreg\u00f3 con anterioridad a las autoridades, por lo que cientos de estudiantes se quedar\u00e1n sin clases, sin fecha de regreso hasta el momento.<\/p>\n<p>Luego de que los maestros de las escuelas normales del estado se pronunciaran en contra del Instituto de Educaci\u00f3n, el cual no ha atendido el pliego petitorio que le entregaron hace m\u00e1s de un a\u00f1o.<\/p>\n<p>Los secretarios delegacionales, acompa\u00f1ados por su l\u00edder sindical Mario Armando Valdez Herrera, expusieron que desde hace m\u00e1s de un a\u00f1o solicitaron entre otras cosas al IEA que se corrieran las horas clases para los maestros de mayor antig\u00fcedad, por lo que las escuelas que estar\u00e1n en paro son: Normal de Rinc\u00f3n de Romos, Normal Rural \u201cJusto Sierra\u201d de Ca\u00f1ada Honda, Escuela Normal Superior Federal de Aguascalientes, CRENA, Universidad Pedag\u00f3gica Nacional (Unidad 011) y el Centro de Actualizaci\u00f3n del Magisterio.<\/p>\n<p>En este sentido, su representante sindical Mario Armando Valdez coment\u00f3 que se apoyar\u00e1 a este grupo de maestros para viajar por segunda vez a la Ciudad de M\u00e9xico para poder agilizar estos tr\u00e1mites y ver la manera de ayudarles en sus demandas.<\/p>\n<p>De igual forma se estar\u00e1 trabajando con la autoridad local para que ellos pongan de su parte lo que deben de hacer a nivel estatal y lo dem\u00e1s lo ver\u00e1n a nivel federal, por lo que conf\u00edan en que el IEA haga su trabajo y apoye a los maestros de las escuelas normales del estado.<\/p>\n<p>Cabe hacer menci\u00f3n que parte de los puntos del pliego petitorio de estos maestros ya fueron atendidos, por lo que s\u00f3lo faltan algunos, pero que al ver que no han sido atendidos tendr\u00e1n que tomar estas medidas a fin de hacer presi\u00f3n ante su necesidad.<\/p>\n<p><a href=\"http:\/\/www.hidrocalidodigital.com\/local\/articulo.php?idnota=108908\" target=\"_blank\">http:\/\/www.hidrocalidodigital.com\/local\/articulo.php?idnota=108908<\/a><\/p>\n","protected":false},"excerpt":{"rendered":"<p>Redacci\u00f3n Hidroc\u00e1lido. Aguascalientes, Ags.- A partir de hoy, los maestros de todas las escuelas normales del estado entran en paro laboral, pues dicen que no les han cumplido con el &hellip; <a href=\"https:\/\/www.grieta.org.mx\/index.php\/2016\/06\/20\/paro-laboral-en-escuelas-normales\/\" class=\"more-link\">Leer m\u00e1s<\/a><\/p>\n","protected":false},"author":2,"featured_media":21928,"comment_status":"closed","ping_status":"closed","sticky":false,"template":"","format":"standard","meta":{"ngg_post_thumbnail":0,"_jetpack_newsletter_access":"","_jetpack_dont_email_post_to_subs":false,"_jetpack_newsletter_tier_id":0,"_jetpack_memberships_contains_paywalled_content":false,"_jetpack_memberships_contains_paid_content":false,"footnotes":""},"categories":[305,80],"tags":[105,107,225],"class_list":["post-16144","post","type-post","status-publish","format-standard","has-post-thumbnail","hentry","category-aguascalientes","category-cintillo","tag-derechos-laborales","tag-educacion","tag-normalistas","entry"],"jetpack_featured_media_url":"https:\/\/www.grieta.org.mx\/wp-content\/uploads\/2018\/03\/14524434_1106112876131411_958039263622046936_o.jpg","jetpack_sharing_enabled":true,"jetpack_shortlink":"https:\/\/wp.me\/p7ZJR4-4co","jetpack_likes_enabled":false,"jetpack-related-posts":[{"id":15179,"url":"https:\/\/www.grieta.org.mx\/index.php\/2016\/06\/21\/desestima-iea-paro-en-escuelas-normales-ags\/","url_meta":{"origin":16144,"position":0},"title":"Desestima IEA paro en escuelas normales (AGS)","author":"grieta","date":"21 junio, 2016","format":false,"excerpt":"Redacci\u00f3n El Heraldo, Aguascalientes. Desestim\u00f3 el Instituto de Educaci\u00f3n de Aguascalientes el paro de labores que se efectu\u00f3 el d\u00eda de ayer en las escuelas normales del estado; el director de la instancia, Francisco Ch\u00e1vez Rangel, neg\u00f3 que hubiera acciones de demanda en este sentido por parte de los maestros,\u2026","rel":"","context":"En &quot;aguascalientes&quot;","block_context":{"text":"aguascalientes","link":"https:\/\/www.grieta.org.mx\/index.php\/category\/aguascalientes\/"},"img":{"alt_text":"","src":"https:\/\/i0.wp.com\/www.grieta.org.mx\/wp-content\/uploads\/2018\/03\/14524434_1106112876131411_958039263622046936_o.jpg?resize=350%2C200&ssl=1","width":350,"height":200,"srcset":"https:\/\/i0.wp.com\/www.grieta.org.mx\/wp-content\/uploads\/2018\/03\/14524434_1106112876131411_958039263622046936_o.jpg?resize=350%2C200&ssl=1 1x, https:\/\/i0.wp.com\/www.grieta.org.mx\/wp-content\/uploads\/2018\/03\/14524434_1106112876131411_958039263622046936_o.jpg?resize=525%2C300&ssl=1 1.5x, https:\/\/i0.wp.com\/www.grieta.org.mx\/wp-content\/uploads\/2018\/03\/14524434_1106112876131411_958039263622046936_o.jpg?resize=700%2C400&ssl=1 2x"},"classes":[]},{"id":15166,"url":"https:\/\/www.grieta.org.mx\/index.php\/2016\/06\/18\/entraran-en-paro-normalistas-de-aguascalientes\/","url_meta":{"origin":16144,"position":1},"title":"Entrar\u00e1n en paro normalistas de Aguascalientes","author":"grieta","date":"18 junio, 2016","format":false,"excerpt":"Karla M\u00e9ndez, Aguascalientes Todas las Escuelas Normales del estado de Aguascalientes entrar\u00e1n en un paro de labores el pr\u00f3ximo lunes, inform\u00f3 el l\u00edder del Sindicato de Trabajadores de la Educaci\u00f3n Secci\u00f3n 1, Mario Armando Valdez. \"En todas las normales del estado por la situaci\u00f3n de los corrimientos que est\u00e1 detenido\u2026","rel":"","context":"En &quot;Aguascalientes&quot;","block_context":{"text":"Aguascalientes","link":"https:\/\/www.grieta.org.mx\/index.php\/category\/noticias-nacionales\/aguascalientes\/"},"img":{"alt_text":"","src":"https:\/\/i0.wp.com\/www.grieta.org.mx\/wp-content\/uploads\/2018\/03\/14524434_1106112876131411_958039263622046936_o.jpg?resize=350%2C200&ssl=1","width":350,"height":200,"srcset":"https:\/\/i0.wp.com\/www.grieta.org.mx\/wp-content\/uploads\/2018\/03\/14524434_1106112876131411_958039263622046936_o.jpg?resize=350%2C200&ssl=1 1x, https:\/\/i0.wp.com\/www.grieta.org.mx\/wp-content\/uploads\/2018\/03\/14524434_1106112876131411_958039263622046936_o.jpg?resize=525%2C300&ssl=1 1.5x, https:\/\/i0.wp.com\/www.grieta.org.mx\/wp-content\/uploads\/2018\/03\/14524434_1106112876131411_958039263622046936_o.jpg?resize=700%2C400&ssl=1 2x"},"classes":[]},{"id":41502,"url":"https:\/\/www.grieta.org.mx\/index.php\/2019\/11\/12\/seis-escuelas-normales-de-aguascalientes-en-paro-de-labores\/","url_meta":{"origin":16144,"position":2},"title":"SEIS ESCUELAS NORMALES DE AGUASCALIENTES, EN PARO DE LABORES","author":"grieta","date":"12 noviembre, 2019","format":false,"excerpt":"Adriana Garc\u00eda Campos\/La Jornada Aguascalientes 12 noviembre 2019 Docentes y personal administrativo se manifiestan, exigiendo la renuncia de directivos Acusan favoritismo y manejo discrecional de los planteles por parte del jefe de Departamento de Normales Refieren trabajadores acoso laboral, prepotencia y abuso de poder Desde la ma\u00f1ana de este lunes\u2026","rel":"","context":"En &quot;Aguascalientes&quot;","block_context":{"text":"Aguascalientes","link":"https:\/\/www.grieta.org.mx\/index.php\/category\/noticias-nacionales\/aguascalientes\/"},"img":{"alt_text":"","src":"https:\/\/i0.wp.com\/www.grieta.org.mx\/wp-content\/uploads\/2019\/11\/15105252000_52a652cfa6_c.jpg?resize=350%2C200&ssl=1","width":350,"height":200,"srcset":"https:\/\/i0.wp.com\/www.grieta.org.mx\/wp-content\/uploads\/2019\/11\/15105252000_52a652cfa6_c.jpg?resize=350%2C200&ssl=1 1x, https:\/\/i0.wp.com\/www.grieta.org.mx\/wp-content\/uploads\/2019\/11\/15105252000_52a652cfa6_c.jpg?resize=525%2C300&ssl=1 1.5x, https:\/\/i0.wp.com\/www.grieta.org.mx\/wp-content\/uploads\/2019\/11\/15105252000_52a652cfa6_c.jpg?resize=700%2C400&ssl=1 2x"},"classes":[]},{"id":26109,"url":"https:\/\/www.grieta.org.mx\/index.php\/2018\/09\/01\/el-lunes-reanudaran-clases-en-las-escuelas-con-paro-sinaloa\/","url_meta":{"origin":16144,"position":3},"title":"El lunes reanudar\u00e1n clases en las escuelas con paro (Sinaloa)","author":"grieta","date":"1 septiembre, 2018","format":false,"excerpt":"Foto ilustrativa El Debate Directores de los planteles piden que les den la base a los maestros para que tengan seguridad laboral Angelina Corral Culiac\u00e1n, Sinaloa.- Este lunes se reanudar\u00e1n las clases en las escuelas secundarias generales que realizaron plant\u00f3n el pasado jueves y ayer, ante la falta de respuesta\u2026","rel":"","context":"En &quot;CINTILLO&quot;","block_context":{"text":"CINTILLO","link":"https:\/\/www.grieta.org.mx\/index.php\/category\/cintillo\/"},"img":{"alt_text":"","src":"https:\/\/i0.wp.com\/www.grieta.org.mx\/wp-content\/uploads\/2018\/09\/paro_laboral.jpeg_539665225.jpeg?resize=350%2C200&ssl=1","width":350,"height":200,"srcset":"https:\/\/i0.wp.com\/www.grieta.org.mx\/wp-content\/uploads\/2018\/09\/paro_laboral.jpeg_539665225.jpeg?resize=350%2C200&ssl=1 1x, https:\/\/i0.wp.com\/www.grieta.org.mx\/wp-content\/uploads\/2018\/09\/paro_laboral.jpeg_539665225.jpeg?resize=525%2C300&ssl=1 1.5x"},"classes":[]},{"id":6318,"url":"https:\/\/www.grieta.org.mx\/index.php\/2015\/02\/09\/toman-maestros-escuelas-normales\/","url_meta":{"origin":16144,"position":4},"title":"Toman maestros escuelas normales","author":"grieta","date":"9 febrero, 2015","format":false,"excerpt":"Raquel May Ol\u00e1n Villahermosa, Tabasco.- Docentes y administrativos de las escuelas normales \u201cRosario M. Guti\u00e9rrez Eskildsen\u201d de educaci\u00f3n Preescolar y Primaria; \u201cPablo Garc\u00eda \u00c1valos\u201d de Educaci\u00f3n F\u00edsica y \u201cLa Normal de Balancan\u201d, tomaron las instalaciones de los planteles de manera simult\u00e1nea; exigieron a la Secretaria de Educaci\u00f3n en Tabasco (Setab)\u2026","rel":"","context":"En &quot;CINTILLO&quot;","block_context":{"text":"CINTILLO","link":"https:\/\/www.grieta.org.mx\/index.php\/category\/cintillo\/"},"img":{"alt_text":"","src":"https:\/\/i0.wp.com\/www.grieta.org.mx\/wp-content\/uploads\/2018\/03\/14524434_1106112876131411_958039263622046936_o.jpg?resize=350%2C200&ssl=1","width":350,"height":200,"srcset":"https:\/\/i0.wp.com\/www.grieta.org.mx\/wp-content\/uploads\/2018\/03\/14524434_1106112876131411_958039263622046936_o.jpg?resize=350%2C200&ssl=1 1x, https:\/\/i0.wp.com\/www.grieta.org.mx\/wp-content\/uploads\/2018\/03\/14524434_1106112876131411_958039263622046936_o.jpg?resize=525%2C300&ssl=1 1.5x, https:\/\/i0.wp.com\/www.grieta.org.mx\/wp-content\/uploads\/2018\/03\/14524434_1106112876131411_958039263622046936_o.jpg?resize=700%2C400&ssl=1 2x"},"classes":[]},{"id":5619,"url":"https:\/\/www.grieta.org.mx\/index.php\/2016\/07\/15\/movilizaciones-de-normalistas-en-aguascalientes\/","url_meta":{"origin":16144,"position":5},"title":"Movilizaciones de normalistas en Aguascalientes","author":"grieta","date":"15 julio, 2016","format":false,"excerpt":"15\/07\/16. Normalista de Ca\u00f1ada Honda atropellada en Michoac\u00e1n El Sol del Centro 20\/06\/16. \u00a1Paro laboral en escuelas normales! Hidroc\u00e1lido 03\/06\/16. Se manifiestan normalistas de Ca\u00f1ada Honda La Jornada Aguascalientes 13\/01\/16. Paro de maestros en el CRENA Al Chile Aguascalientes 04\/01\/16. Piden normalistas elevar la transparencia en el sistema educativo La\u2026","rel":"","context":"En &quot;Aguascalientes&quot;","block_context":{"text":"Aguascalientes","link":"https:\/\/www.grieta.org.mx\/index.php\/category\/noticias-nacionales\/aguascalientes\/"},"img":{"alt_text":"","src":"https:\/\/i0.wp.com\/www.grieta.org.mx\/wp-content\/uploads\/2018\/03\/14524434_1106112876131411_958039263622046936_o.jpg?resize=350%2C200&ssl=1","width":350,"height":200,"srcset":"https:\/\/i0.wp.com\/www.grieta.org.mx\/wp-content\/uploads\/2018\/03\/14524434_1106112876131411_958039263622046936_o.jpg?resize=350%2C200&ssl=1 1x, https:\/\/i0.wp.com\/www.grieta.org.mx\/wp-content\/uploads\/2018\/03\/14524434_1106112876131411_958039263622046936_o.jpg?resize=525%2C300&ssl=1 1.5x, https:\/\/i0.wp.com\/www.grieta.org.mx\/wp-content\/uploads\/2018\/03\/14524434_1106112876131411_958039263622046936_o.jpg?resize=700%2C400&ssl=1 2x"},"classes":[]}],"_links":{"self":[{"href":"https:\/\/www.grieta.org.mx\/index.php\/wp-json\/wp\/v2\/posts\/16144","targetHints":{"allow":["GET"]}}],"collection":[{"href":"https:\/\/www.grieta.org.mx\/index.php\/wp-json\/wp\/v2\/posts"}],"about":[{"href":"https:\/\/www.grieta.org.mx\/index.php\/wp-json\/wp\/v2\/types\/post"}],"author":[{"embeddable":true,"href":"https:\/\/www.grieta.org.mx\/index.php\/wp-json\/wp\/v2\/users\/2"}],"replies":[{"embeddable":true,"href":"https:\/\/www.grieta.org.mx\/index.php\/wp-json\/wp\/v2\/comments?post=16144"}],"version-history":[{"count":1,"href":"https:\/\/www.grieta.org.mx\/index.php\/wp-json\/wp\/v2\/posts\/16144\/revisions"}],"predecessor-version":[{"id":16147,"href":"https:\/\/www.grieta.org.mx\/index.php\/wp-json\/wp\/v2\/posts\/16144\/revisions\/16147"}],"wp:featuredmedia":[{"embeddable":true,"href":"https:\/\/www.grieta.org.mx\/index.php\/wp-json\/wp\/v2\/media\/21928"}],"wp:attachment":[{"href":"https:\/\/www.grieta.org.mx\/index.php\/wp-json\/wp\/v2\/media?parent=16144"}],"wp:term":[{"taxonomy":"category","embeddable":true,"href":"https:\/\/www.grieta.org.mx\/index.php\/wp-json\/wp\/v2\/categories?post=16144"},{"taxonomy":"post_tag","embeddable":true,"href":"https:\/\/www.grieta.org.mx\/index.php\/wp-json\/wp\/v2\/tags?post=16144"}],"curies":[{"name":"wp","href":"https:\/\/api.w.org\/{rel}","templated":true}]}}