{"id":16010,"date":"2016-06-02T22:55:41","date_gmt":"2016-06-03T03:55:41","guid":{"rendered":"http:\/\/www.grieta.org.mx\/?p=16010"},"modified":"2019-03-03T23:34:00","modified_gmt":"2019-03-04T05:34:00","slug":"queretaro-profesores-exigen-respeto-a-sus-derechos-afuera-de-la-oficina-del-gobernador","status":"publish","type":"post","link":"https:\/\/www.grieta.org.mx\/index.php\/2016\/06\/02\/queretaro-profesores-exigen-respeto-a-sus-derechos-afuera-de-la-oficina-del-gobernador\/","title":{"rendered":"Quer\u00e9taro: Profesores exigen respeto a sus derechos afuera de la oficina del gobernador"},"content":{"rendered":"<p>Gildardo Jacinto Garc\u00eda\/Libertad de palabra<\/p>\n<p><img loading=\"lazy\" decoding=\"async\" data-attachment-id=\"16011\" data-permalink=\"https:\/\/www.grieta.org.mx\/index.php\/2016\/06\/02\/queretaro-profesores-exigen-respeto-a-sus-derechos-afuera-de-la-oficina-del-gobernador\/m1-2\/\" data-orig-file=\"https:\/\/www.grieta.org.mx\/wp-content\/uploads\/2016\/07\/m1.jpg\" data-orig-size=\"600,450\" data-comments-opened=\"0\" data-image-meta=\"{&quot;aperture&quot;:&quot;2.6&quot;,&quot;credit&quot;:&quot;&quot;,&quot;camera&quot;:&quot;GT-P5210&quot;,&quot;caption&quot;:&quot;&quot;,&quot;created_timestamp&quot;:&quot;1464809352&quot;,&quot;copyright&quot;:&quot;&quot;,&quot;focal_length&quot;:&quot;2.79&quot;,&quot;iso&quot;:&quot;50&quot;,&quot;shutter_speed&quot;:&quot;0.02&quot;,&quot;title&quot;:&quot;&quot;,&quot;orientation&quot;:&quot;1&quot;}\" data-image-title=\"m1\" data-image-description=\"\" data-image-caption=\"\" data-medium-file=\"https:\/\/www.grieta.org.mx\/wp-content\/uploads\/2016\/07\/m1-300x225.jpg\" data-large-file=\"https:\/\/www.grieta.org.mx\/wp-content\/uploads\/2016\/07\/m1.jpg\" src=\"http:\/\/www.grieta.org.mx\/wp-content\/uploads\/2016\/07\/m1.jpg\" alt=\"m1\" width=\"600\" height=\"450\" class=\"aligncenter size-full wp-image-16011\" srcset=\"https:\/\/www.grieta.org.mx\/wp-content\/uploads\/2016\/07\/m1.jpg 600w, https:\/\/www.grieta.org.mx\/wp-content\/uploads\/2016\/07\/m1-300x225.jpg 300w\" sizes=\"auto, (max-width: 600px) 100vw, 600px\" \/><\/p>\n<p>Quer\u00e9taro, Qro.- Docentes cesados del Colegio de Bachilleres (Cobaq), integrantes del Movimiento Magisterial de Bases de Quer\u00e9taro y de la Coordinadora Nacional de Trabajadores de la Educaci\u00f3n, realizaron la noche de este mi\u00e9rcoles un mitin en la Plaza de Armas de Quer\u00e9taro, afuera de la oficina del gobernador.<\/p>\n<p>Los docentes cesados del Cobaq demandaron respeto a su contrato colectivo de trabajo, en su totalidad, y a sus derechos laborales, adem\u00e1s de la renuncia de Aurelio Nu\u00f1o Mayer, secretario de Educaci\u00f3n P\u00fablica, y del presidente Enrique Pe\u00f1a Nieto.<\/p>\n<p><img loading=\"lazy\" decoding=\"async\" data-attachment-id=\"16012\" data-permalink=\"https:\/\/www.grieta.org.mx\/index.php\/2016\/06\/02\/queretaro-profesores-exigen-respeto-a-sus-derechos-afuera-de-la-oficina-del-gobernador\/m2-2\/\" data-orig-file=\"https:\/\/www.grieta.org.mx\/wp-content\/uploads\/2016\/07\/m2.jpg\" data-orig-size=\"500,375\" data-comments-opened=\"0\" data-image-meta=\"{&quot;aperture&quot;:&quot;2.6&quot;,&quot;credit&quot;:&quot;&quot;,&quot;camera&quot;:&quot;GT-P5210&quot;,&quot;caption&quot;:&quot;&quot;,&quot;created_timestamp&quot;:&quot;1464808694&quot;,&quot;copyright&quot;:&quot;&quot;,&quot;focal_length&quot;:&quot;2.79&quot;,&quot;iso&quot;:&quot;100&quot;,&quot;shutter_speed&quot;:&quot;0.01&quot;,&quot;title&quot;:&quot;&quot;,&quot;orientation&quot;:&quot;1&quot;}\" data-image-title=\"m2\" data-image-description=\"\" data-image-caption=\"\" data-medium-file=\"https:\/\/www.grieta.org.mx\/wp-content\/uploads\/2016\/07\/m2-300x225.jpg\" data-large-file=\"https:\/\/www.grieta.org.mx\/wp-content\/uploads\/2016\/07\/m2.jpg\" src=\"http:\/\/www.grieta.org.mx\/wp-content\/uploads\/2016\/07\/m2.jpg\" alt=\"m2\" width=\"500\" height=\"375\" class=\"aligncenter size-full wp-image-16012\" srcset=\"https:\/\/www.grieta.org.mx\/wp-content\/uploads\/2016\/07\/m2.jpg 500w, https:\/\/www.grieta.org.mx\/wp-content\/uploads\/2016\/07\/m2-300x225.jpg 300w\" sizes=\"auto, (max-width: 500px) 100vw, 500px\" \/><\/p>\n<p>Banner Sorriso<br \/>\nQuer\u00e9taro: Profesores exigen respeto a sus derechos afuera de la oficina del gobernador<br \/>\n| 2 junio 2016 | Notas del d\u00eda | Quer\u00e9taro | 688 vistas | comentarios<br \/>\nS\u00e9 sociable, comparte esta noticia<\/p>\n<p>    En un mitin pidieron tambi\u00e9n la renuncia del secretario de Educaci\u00f3n, Aurelio Nu\u00f1o, y del presidente Enrique Pe\u00f1a Nieto.<\/p>\n<p>Marcha de profesores en Quer\u00e9taro.<\/p>\n<p>Los profesores realizaron un mitin afuera de la sede del Gobierno Estatal. Fotos: Libertad de Palabra.<\/p>\n<p>Gildardo Jacinto Garc\u00eda<\/p>\n<p>Quer\u00e9taro, Qro.- Docentes cesados del Colegio de Bachilleres (Cobaq), integrantes del Movimiento Magisterial de Bases de Quer\u00e9taro y de la Coordinadora Nacional de Trabajadores de la Educaci\u00f3n, realizaron la noche de este mi\u00e9rcoles un mitin en la Plaza de Armas de Quer\u00e9taro, afuera de la oficina del gobernador.<\/p>\n<p>Los docentes cesados del Cobaq demandaron respeto a su contrato colectivo de trabajo, en su totalidad, y a sus derechos laborales, adem\u00e1s de la renuncia de Aurelio Nu\u00f1o Mayer, secretario de Educaci\u00f3n P\u00fablica, y del presidente Enrique Pe\u00f1a Nieto.<br \/>\nProtestas de docentes en Quer\u00e9taro.<\/p>\n<p>Una de las consignas de los docentes en la Plaza de Armas.<\/p>\n<p>El grupo de abogados independientes del Frente Estatal de Lucha, colocaron un cartel en la sede del Gobierno Estatal que dice: \u201cCuando una ley es injusta, lo correcto es desobedecer\u201d, en apoyo a los docentes queretanos y del resto del pa\u00eds.<br \/>\nMarcha de profesores en Quer\u00e9taro.<\/p>\n<p>Los docentes integrantes del referido movimiento expusieron a las personas que transitaban por la plaza, que ellos pretenden defender la educaci\u00f3n p\u00fablica y gratuita.<\/p>\n<p>Al inicio de la concentraci\u00f3n sumaban cerca de 100 personas en la plaza.<\/p>\n<p>Posteriormente realizaron una marcha por diversas calles del centro de la ciudad y hasta el Jard\u00edn Corregidora, Jard\u00edn Guerrero, Plaza Constituci\u00f3n y Jard\u00edn Zenea.<\/p>\n<p>La marcha avanz\u00f3 en silencio. Los docentes dijeron que en cada una de estas plazas y jardines ten\u00edan previsto continuar con la realizaci\u00f3n de m\u00edtines.<\/p>\n<p><img loading=\"lazy\" decoding=\"async\" data-attachment-id=\"16013\" data-permalink=\"https:\/\/www.grieta.org.mx\/index.php\/2016\/06\/02\/queretaro-profesores-exigen-respeto-a-sus-derechos-afuera-de-la-oficina-del-gobernador\/m3\/\" data-orig-file=\"https:\/\/www.grieta.org.mx\/wp-content\/uploads\/2016\/07\/m3.jpg\" data-orig-size=\"450,337\" data-comments-opened=\"0\" data-image-meta=\"{&quot;aperture&quot;:&quot;2.6&quot;,&quot;credit&quot;:&quot;&quot;,&quot;camera&quot;:&quot;GT-P5210&quot;,&quot;caption&quot;:&quot;&quot;,&quot;created_timestamp&quot;:&quot;1464810223&quot;,&quot;copyright&quot;:&quot;&quot;,&quot;focal_length&quot;:&quot;2.79&quot;,&quot;iso&quot;:&quot;50&quot;,&quot;shutter_speed&quot;:&quot;0.02&quot;,&quot;title&quot;:&quot;&quot;,&quot;orientation&quot;:&quot;1&quot;}\" data-image-title=\"m3\" data-image-description=\"\" data-image-caption=\"\" data-medium-file=\"https:\/\/www.grieta.org.mx\/wp-content\/uploads\/2016\/07\/m3-300x225.jpg\" data-large-file=\"https:\/\/www.grieta.org.mx\/wp-content\/uploads\/2016\/07\/m3.jpg\" src=\"http:\/\/www.grieta.org.mx\/wp-content\/uploads\/2016\/07\/m3.jpg\" alt=\"m3\" width=\"450\" height=\"337\" class=\"aligncenter size-full wp-image-16013\" srcset=\"https:\/\/www.grieta.org.mx\/wp-content\/uploads\/2016\/07\/m3.jpg 450w, https:\/\/www.grieta.org.mx\/wp-content\/uploads\/2016\/07\/m3-300x225.jpg 300w\" sizes=\"auto, (max-width: 450px) 100vw, 450px\" \/><\/p>\n<p><a href=\"http:\/\/www.libertaddepalabra.com\/2016\/06\/queretaro-profesores-exigen-respeto-a-sus-derechos-afuera-de-la-oficina-del-gobernador\/\" target=\"_blank\">http:\/\/www.libertaddepalabra.com\/2016\/06\/queretaro-profesores-exigen-respeto-a-sus-derechos-afuera-de-la-oficina-del-gobernador\/<\/a><\/p>\n","protected":false},"excerpt":{"rendered":"<p>Gildardo Jacinto Garc\u00eda\/Libertad de palabra Quer\u00e9taro, Qro.- Docentes cesados del Colegio de Bachilleres (Cobaq), integrantes del Movimiento Magisterial de Bases de Quer\u00e9taro y de la Coordinadora Nacional de Trabajadores de &hellip; <a href=\"https:\/\/www.grieta.org.mx\/index.php\/2016\/06\/02\/queretaro-profesores-exigen-respeto-a-sus-derechos-afuera-de-la-oficina-del-gobernador\/\" class=\"more-link\">Leer m\u00e1s<\/a><\/p>\n","protected":false},"author":2,"featured_media":21928,"comment_status":"closed","ping_status":"closed","sticky":false,"template":"","format":"standard","meta":{"ngg_post_thumbnail":0,"_jetpack_newsletter_access":"","_jetpack_dont_email_post_to_subs":false,"_jetpack_newsletter_tier_id":0,"_jetpack_memberships_contains_paywalled_content":false,"_jetpack_memberships_contains_paid_content":false,"footnotes":""},"categories":[80,27,2241],"tags":[135,294],"class_list":["post-16010","post","type-post","status-publish","format-standard","has-post-thumbnail","hentry","category-cintillo","category-queretaro","category-reforma-educativa-y-evaluacion-al-desempeno-en-queretaro","tag-reforma-educativa","tag-reforma-laboral","entry"],"jetpack_featured_media_url":"https:\/\/www.grieta.org.mx\/wp-content\/uploads\/2018\/03\/14524434_1106112876131411_958039263622046936_o.jpg","jetpack_sharing_enabled":true,"jetpack_shortlink":"https:\/\/wp.me\/p7ZJR4-4ae","jetpack_likes_enabled":false,"jetpack-related-posts":[{"id":5221,"url":"https:\/\/www.grieta.org.mx\/index.php\/2016\/08\/23\/reforma-educativa-y-evaluacion-al-desempeno-en-queretaro\/","url_meta":{"origin":16010,"position":0},"title":"Reforma educativa y evaluaci\u00f3n al desempe\u00f1o en Quer\u00e9taro","author":"grieta","date":"23 agosto, 2016","format":false,"excerpt":"23\/08\/16. Sancionan a 100 maestros de Quer\u00e9taro por unirse a paro nacional UnoTv 13\/08\/16. USEBEQ, sin justificar cese de maestros AM Quer\u00e9taro 03\/08\/16. Maestros se manifiestan pac\u00edficamente en la caseta de Palmillas AM Quer\u00e9taro 02\/06\/16. Quer\u00e9taro: Profesores exigen respeto a sus derechos afuera de la oficina del gobernador Libertad de\u2026","rel":"","context":"En &quot;NOTICIAS NACIONALES&quot;","block_context":{"text":"NOTICIAS NACIONALES","link":"https:\/\/www.grieta.org.mx\/index.php\/category\/noticias-nacionales\/"},"img":{"alt_text":"","src":"https:\/\/i0.wp.com\/www.grieta.org.mx\/wp-content\/uploads\/2018\/03\/14524434_1106112876131411_958039263622046936_o.jpg?resize=350%2C200&ssl=1","width":350,"height":200,"srcset":"https:\/\/i0.wp.com\/www.grieta.org.mx\/wp-content\/uploads\/2018\/03\/14524434_1106112876131411_958039263622046936_o.jpg?resize=350%2C200&ssl=1 1x, https:\/\/i0.wp.com\/www.grieta.org.mx\/wp-content\/uploads\/2018\/03\/14524434_1106112876131411_958039263622046936_o.jpg?resize=525%2C300&ssl=1 1.5x, https:\/\/i0.wp.com\/www.grieta.org.mx\/wp-content\/uploads\/2018\/03\/14524434_1106112876131411_958039263622046936_o.jpg?resize=700%2C400&ssl=1 2x"},"classes":[]},{"id":12792,"url":"https:\/\/www.grieta.org.mx\/index.php\/2016\/05\/23\/profesores-cesados-en-queretaro-se-unen-a-la-movilizacion-nacional\/","url_meta":{"origin":16010,"position":1},"title":"Profesores cesados en Quer\u00e9taro se unen a la movilizaci\u00f3n nacional","author":"grieta","date":"23 mayo, 2016","format":false,"excerpt":"Cecilia Conde\/AM Quer\u00e9taro Roberto Aparicio, integrante del CNTE, se\u00f1al\u00f3 que 26 maestros fueron cesados o \u2018congelados\u2019 por no presentar la evaluaci\u00f3n docente Simpatizantes de la Coordinadora Nacional de Trabajadores de la Educaci\u00f3n (CNTE) en Quer\u00e9taro se manifestaron contra la Reforma Educativa en tres municipios del Estado, esto el marco del\u2026","rel":"","context":"En &quot;CINTILLO&quot;","block_context":{"text":"CINTILLO","link":"https:\/\/www.grieta.org.mx\/index.php\/category\/cintillo\/"},"img":{"alt_text":"","src":"https:\/\/i0.wp.com\/www.grieta.org.mx\/wp-content\/uploads\/2018\/03\/14524434_1106112876131411_958039263622046936_o.jpg?resize=350%2C200&ssl=1","width":350,"height":200,"srcset":"https:\/\/i0.wp.com\/www.grieta.org.mx\/wp-content\/uploads\/2018\/03\/14524434_1106112876131411_958039263622046936_o.jpg?resize=350%2C200&ssl=1 1x, https:\/\/i0.wp.com\/www.grieta.org.mx\/wp-content\/uploads\/2018\/03\/14524434_1106112876131411_958039263622046936_o.jpg?resize=525%2C300&ssl=1 1.5x, https:\/\/i0.wp.com\/www.grieta.org.mx\/wp-content\/uploads\/2018\/03\/14524434_1106112876131411_958039263622046936_o.jpg?resize=700%2C400&ssl=1 2x"},"classes":[]},{"id":21217,"url":"https:\/\/www.grieta.org.mx\/index.php\/2016\/08\/23\/sancionan-a-100-maestros-de-queretaro-por-unirse-a-paro-nacional\/","url_meta":{"origin":16010,"position":2},"title":"Sancionan a 100 maestros de Quer\u00e9taro por unirse a paro nacional","author":"grieta","date":"23 agosto, 2016","format":false,"excerpt":"\u00c1ngel Zohar Ram\u00edrez\/UnoTv Los profesores que no acudieron a impartir clase en el inicio del ciclo escolar 2016-2017 ser\u00e1n sancionados con el descuento de un d\u00eda de trabajo, inform\u00f3 la Unidad de Servicios para la Educaci\u00f3n B\u00e1sica en el Estado de Quer\u00e9taro (USEBEQ). En total son 100 docentes que en\u2026","rel":"","context":"En &quot;CINTILLO&quot;","block_context":{"text":"CINTILLO","link":"https:\/\/www.grieta.org.mx\/index.php\/category\/cintillo\/"},"img":{"alt_text":"","src":"https:\/\/i0.wp.com\/www.grieta.org.mx\/wp-content\/uploads\/2018\/03\/14524434_1106112876131411_958039263622046936_o.jpg?resize=350%2C200&ssl=1","width":350,"height":200,"srcset":"https:\/\/i0.wp.com\/www.grieta.org.mx\/wp-content\/uploads\/2018\/03\/14524434_1106112876131411_958039263622046936_o.jpg?resize=350%2C200&ssl=1 1x, https:\/\/i0.wp.com\/www.grieta.org.mx\/wp-content\/uploads\/2018\/03\/14524434_1106112876131411_958039263622046936_o.jpg?resize=525%2C300&ssl=1 1.5x, https:\/\/i0.wp.com\/www.grieta.org.mx\/wp-content\/uploads\/2018\/03\/14524434_1106112876131411_958039263622046936_o.jpg?resize=700%2C400&ssl=1 2x"},"classes":[]},{"id":5218,"url":"https:\/\/www.grieta.org.mx\/index.php\/2015\/08\/26\/maestros-de-queretaro-anuncian-movilizaciones-contra-reforma-educativa\/","url_meta":{"origin":16010,"position":3},"title":"Maestros de Quer\u00e9taro anuncian movilizaciones contra reforma educativa","author":"grieta","date":"26 agosto, 2015","format":false,"excerpt":"Rafael Camacho\/C\u00f3dice Informativo Instalar\u00e1n un campamento permanente frente a los juzgados federales Ante la falta de apertura al di\u00e1logo tanto de las autoridades educativas estatales como federales, el pr\u00f3ximo viernes continuar\u00e1n con las manifestaciones, campamentos y hasta eventuales paros contra la Reforma Educativa, advirti\u00f3 Rosa Mar\u00eda C\u00f3rdoba, maestra vocera de\u2026","rel":"","context":"En &quot;CINTILLO&quot;","block_context":{"text":"CINTILLO","link":"https:\/\/www.grieta.org.mx\/index.php\/category\/cintillo\/"},"img":{"alt_text":"","src":"https:\/\/i0.wp.com\/www.grieta.org.mx\/wp-content\/uploads\/2018\/03\/14524434_1106112876131411_958039263622046936_o.jpg?resize=350%2C200&ssl=1","width":350,"height":200,"srcset":"https:\/\/i0.wp.com\/www.grieta.org.mx\/wp-content\/uploads\/2018\/03\/14524434_1106112876131411_958039263622046936_o.jpg?resize=350%2C200&ssl=1 1x, https:\/\/i0.wp.com\/www.grieta.org.mx\/wp-content\/uploads\/2018\/03\/14524434_1106112876131411_958039263622046936_o.jpg?resize=525%2C300&ssl=1 1.5x, https:\/\/i0.wp.com\/www.grieta.org.mx\/wp-content\/uploads\/2018\/03\/14524434_1106112876131411_958039263622046936_o.jpg?resize=700%2C400&ssl=1 2x"},"classes":[]},{"id":35489,"url":"https:\/\/www.grieta.org.mx\/index.php\/2019\/06\/21\/exigen-maestros-su-reinstalacion-tras-ser-cesados-por-la-anterior-reforma-educativa-jalisco\/","url_meta":{"origin":16010,"position":4},"title":"Exigen maestros su reinstalaci\u00f3n tras ser cesados por la anterior reforma educativa (Jalisco)","author":"grieta","date":"21 junio, 2019","format":false,"excerpt":"Foto: Rosario Bare\u00f1o Son 183\u00a0 docentes en Jalisco con antiguedad de hasta 20 a\u00f1os que fueron cesados; 72 de educaci\u00f3n b\u00e1sica y 111 de educaci\u00f3n media-superior Rosario Bare\u00f1o \/ El Occidental Exigen maestros la reinstalaci\u00f3n de sus plazas tras ser cesados en marzo del 2016 por no aceptar ser evaluados\u2026","rel":"","context":"En &quot;CINTILLO&quot;","block_context":{"text":"CINTILLO","link":"https:\/\/www.grieta.org.mx\/index.php\/category\/cintillo\/"},"img":{"alt_text":"","src":"https:\/\/i0.wp.com\/www.grieta.org.mx\/wp-content\/uploads\/2019\/06\/mestros.jpg?resize=350%2C200&ssl=1","width":350,"height":200,"srcset":"https:\/\/i0.wp.com\/www.grieta.org.mx\/wp-content\/uploads\/2019\/06\/mestros.jpg?resize=350%2C200&ssl=1 1x, https:\/\/i0.wp.com\/www.grieta.org.mx\/wp-content\/uploads\/2019\/06\/mestros.jpg?resize=525%2C300&ssl=1 1.5x, https:\/\/i0.wp.com\/www.grieta.org.mx\/wp-content\/uploads\/2019\/06\/mestros.jpg?resize=700%2C400&ssl=1 2x"},"classes":[]},{"id":5166,"url":"https:\/\/www.grieta.org.mx\/index.php\/2015\/09\/13\/denuncian-triquis-queretanos-despojo-de-sus-puestos-de-venta\/","url_meta":{"origin":16010,"position":5},"title":"Denuncian triquis queretanos despojo de sus puestos de venta","author":"grieta","date":"13 septiembre, 2015","format":false,"excerpt":"13\/09\/15. Triquis piden respeto total de sus derechos al Gobierno de Quer\u00e9taro M\u00e1s de 131 08\/09\/15. Exigen triquis intervenci\u00f3n de Gobierno de Quer\u00e9taro ADN Informativo","rel":"","context":"En &quot;NOTICIAS NACIONALES&quot;","block_context":{"text":"NOTICIAS NACIONALES","link":"https:\/\/www.grieta.org.mx\/index.php\/category\/noticias-nacionales\/"},"img":{"alt_text":"","src":"https:\/\/i0.wp.com\/www.grieta.org.mx\/wp-content\/uploads\/2018\/03\/14524434_1106112876131411_958039263622046936_o.jpg?resize=350%2C200&ssl=1","width":350,"height":200,"srcset":"https:\/\/i0.wp.com\/www.grieta.org.mx\/wp-content\/uploads\/2018\/03\/14524434_1106112876131411_958039263622046936_o.jpg?resize=350%2C200&ssl=1 1x, https:\/\/i0.wp.com\/www.grieta.org.mx\/wp-content\/uploads\/2018\/03\/14524434_1106112876131411_958039263622046936_o.jpg?resize=525%2C300&ssl=1 1.5x, https:\/\/i0.wp.com\/www.grieta.org.mx\/wp-content\/uploads\/2018\/03\/14524434_1106112876131411_958039263622046936_o.jpg?resize=700%2C400&ssl=1 2x"},"classes":[]}],"_links":{"self":[{"href":"https:\/\/www.grieta.org.mx\/index.php\/wp-json\/wp\/v2\/posts\/16010","targetHints":{"allow":["GET"]}}],"collection":[{"href":"https:\/\/www.grieta.org.mx\/index.php\/wp-json\/wp\/v2\/posts"}],"about":[{"href":"https:\/\/www.grieta.org.mx\/index.php\/wp-json\/wp\/v2\/types\/post"}],"author":[{"embeddable":true,"href":"https:\/\/www.grieta.org.mx\/index.php\/wp-json\/wp\/v2\/users\/2"}],"replies":[{"embeddable":true,"href":"https:\/\/www.grieta.org.mx\/index.php\/wp-json\/wp\/v2\/comments?post=16010"}],"version-history":[{"count":1,"href":"https:\/\/www.grieta.org.mx\/index.php\/wp-json\/wp\/v2\/posts\/16010\/revisions"}],"predecessor-version":[{"id":16016,"href":"https:\/\/www.grieta.org.mx\/index.php\/wp-json\/wp\/v2\/posts\/16010\/revisions\/16016"}],"wp:featuredmedia":[{"embeddable":true,"href":"https:\/\/www.grieta.org.mx\/index.php\/wp-json\/wp\/v2\/media\/21928"}],"wp:attachment":[{"href":"https:\/\/www.grieta.org.mx\/index.php\/wp-json\/wp\/v2\/media?parent=16010"}],"wp:term":[{"taxonomy":"category","embeddable":true,"href":"https:\/\/www.grieta.org.mx\/index.php\/wp-json\/wp\/v2\/categories?post=16010"},{"taxonomy":"post_tag","embeddable":true,"href":"https:\/\/www.grieta.org.mx\/index.php\/wp-json\/wp\/v2\/tags?post=16010"}],"curies":[{"name":"wp","href":"https:\/\/api.w.org\/{rel}","templated":true}]}}