{"id":16007,"date":"2016-06-21T22:45:32","date_gmt":"2016-06-22T03:45:32","guid":{"rendered":"http:\/\/www.grieta.org.mx\/?p=16007"},"modified":"2016-07-06T22:50:31","modified_gmt":"2016-07-07T03:50:31","slug":"un-sinnumero-de-trabajadores-seran-despedidos-para-reducir-nomina","status":"publish","type":"post","link":"https:\/\/www.grieta.org.mx\/index.php\/2016\/06\/21\/un-sinnumero-de-trabajadores-seran-despedidos-para-reducir-nomina\/","title":{"rendered":"Un sinn\u00famero de trabajadores ser\u00e1n despedidos para reducir n\u00f3mina"},"content":{"rendered":"<p>Cecilia Conde\/AM Quer\u00e9taro<\/p>\n<p>La reducci\u00f3n de n\u00f3mina del municipio de Quer\u00e9taro ha implicado, e implicar\u00e1, el despido de un \u201csinn\u00famero\u201d de trabajadores, ya que no pueden pagar el salario de alrededor de mil personas, asegur\u00f3 el alcalde de Quer\u00e9taro, Marcos Aguilar Vega. Refiri\u00f3 que esa reducci\u00f3n estar\u00e1 concluida el 15 de julio, y hasta este martes ya hab\u00edan reducido 140 millones de pesos de la n\u00f3mina, por lo que continuar\u00e1n los despidos en la administraci\u00f3n municipal. <\/p>\n<p>     \u201cEn realidad nosotros estamos haciendo un ejercicio desde el primer momento que inici\u00f3 la administraci\u00f3n, quiero decirle a ustedes que he dado la instrucci\u00f3n al gobierno en general para que se lleve a cabo una reducci\u00f3n salarial a la n\u00f3mina por 250 millones de pesos, esto es hist\u00f3rico porque implica el despido de un sinn\u00famero de trabajadores del Gobierno Municipal\u201d, afirm\u00f3.<\/p>\n<p>Detall\u00f3 que en un inicio se hab\u00eda determinado que se despedir\u00eda a 830 trabajadores, sin embargo, dijo que ya han detectado que en total a mil personas no les pueden pagar el salario. Y cada secretar\u00eda deber\u00e1 despedir a un n\u00famero \u201cdeterminado\u201d de trabajadores; por lo tendr\u00e1n la decisi\u00f3n de qu\u00e9 personas despedir\u00e1n para cumplir con la cifra que deben ahorrar.  <\/p>\n<p>    \u201cEsto implica que se est\u00e1n tomando decisiones en todas las secretar\u00edas, no solamente en una secretaria; esa es la instrucci\u00f3n, deben darle garant\u00eda a la poblaci\u00f3n de que se cumplen las responsabilidades que tenemos\u201d, asever\u00f3.<\/p>\n<p>Puntualiz\u00f3 que ha ordenado que haya un ahorro del 25 por ciento del gasto corriente, lo cual implica la reducci\u00f3n de la n\u00f3mina, ya que al a\u00f1o se destinan mil 700 millones de pesos en ese rubro. Asegur\u00f3 que eso permitir\u00e1 que el ahorro de la administraci\u00f3n por los salario de los trabajadores que despedir\u00e1n, se destine a obras y acciones que ser\u00e1n visibles y notorios en la demarcaci\u00f3n, para el pr\u00f3ximo a\u00f1o.<\/p>\n<p>    \u201cDebemos eficientar al m\u00e1ximo nivel el gobierno, menos servidores p\u00fablicos y m\u00e1s inversi\u00f3n p\u00fablica\u201d, mencion\u00f3.<\/p>\n<p>Indic\u00f3 que si no toman esa decisi\u00f3n, para el a\u00f1o 2022 se \u201ccolapsar\u00e1\u201d el Gobierno Municipal, Y ya no tendr\u00e1 recursos para obra p\u00fablica. Afirm\u00f3 que hay un \u201cdesorden\u201d en la n\u00f3mina del municipio, y ejemplific\u00f3 que derivado del estudio de salarios, detectaron que m\u00e1s de mil personas ganan m\u00e1s del 120 por ciento de lo que debieran ganar, y del 80 por ciento de los trabajadores est\u00e1n por debajo de lo que deber\u00edan ganar.<\/p>\n<p>    \u201cHay una norma internacional que establece el manejo de n\u00f3mina, esa norma internacional establece par\u00e1metros para definir cu\u00e1nto debe ganar una competencia o un puesto laboral, nosotros estamos en un proceso de regularizaci\u00f3n y esta oportunidad nos la da la decisi\u00f3n que estoy tomando de la reducci\u00f3n de 250 millones de pesos\u201d, declar\u00f3.<\/p>\n<p><a href=\"http:\/\/amqueretaro.com\/queretaro\/2016\/06\/21\/un-sinnumero-de-trabajadores-seran-despedidos-para-reducir-nomina\" target=\"_blank\">http:\/\/amqueretaro.com\/queretaro\/2016\/06\/21\/un-sinnumero-de-trabajadores-seran-despedidos-para-reducir-nomina<\/a><\/p>\n","protected":false},"excerpt":{"rendered":"<p>Cecilia Conde\/AM Quer\u00e9taro La reducci\u00f3n de n\u00f3mina del municipio de Quer\u00e9taro ha implicado, e implicar\u00e1, el despido de un \u201csinn\u00famero\u201d de trabajadores, ya que no pueden pagar el salario de &hellip; <a href=\"https:\/\/www.grieta.org.mx\/index.php\/2016\/06\/21\/un-sinnumero-de-trabajadores-seran-despedidos-para-reducir-nomina\/\" class=\"more-link\">Leer m\u00e1s<\/a><\/p>\n","protected":false},"author":2,"featured_media":21928,"comment_status":"closed","ping_status":"closed","sticky":false,"template":"","format":"standard","meta":{"ngg_post_thumbnail":0,"_jetpack_newsletter_access":"","_jetpack_dont_email_post_to_subs":false,"_jetpack_newsletter_tier_id":0,"_jetpack_memberships_contains_paywalled_content":false,"_jetpack_memberships_contains_paid_content":false,"footnotes":""},"categories":[80],"tags":[113],"class_list":["post-16007","post","type-post","status-publish","format-standard","has-post-thumbnail","hentry","category-cintillo","tag-conflictos-laborales","entry"],"jetpack_featured_media_url":"https:\/\/www.grieta.org.mx\/wp-content\/uploads\/2018\/03\/14524434_1106112876131411_958039263622046936_o.jpg","jetpack_sharing_enabled":true,"jetpack_shortlink":"https:\/\/wp.me\/p7ZJR4-4ab","jetpack_likes_enabled":false,"jetpack-related-posts":[{"id":19582,"url":"https:\/\/www.grieta.org.mx\/index.php\/2016\/07\/04\/van-500-trabajadores-despedidos-en-el-municipio-de-queretaro\/","url_meta":{"origin":16007,"position":0},"title":"Van 500 trabajadores despedidos en el municipio de Quer\u00e9taro","author":"grieta","date":"4 julio, 2016","format":false,"excerpt":"Cecilia Conde\/AM Quer\u00e9taro El secretario de Administraci\u00f3n del municipio de Quer\u00e9taro, Raymundo G\u00f3mez Ram\u00edrez, detall\u00f3 que un total de 150 plazas han sido canceladas en la administraci\u00f3n municipal En lo que va de la administraci\u00f3n, han sido despedidos 500 trabajadores del municipio de Quer\u00e9taro y han sido canceladas 150 plazas,\u2026","rel":"","context":"En &quot;CINTILLO&quot;","block_context":{"text":"CINTILLO","link":"https:\/\/www.grieta.org.mx\/index.php\/category\/cintillo\/"},"img":{"alt_text":"","src":"https:\/\/i0.wp.com\/www.grieta.org.mx\/wp-content\/uploads\/2018\/03\/14524434_1106112876131411_958039263622046936_o.jpg?resize=350%2C200&ssl=1","width":350,"height":200,"srcset":"https:\/\/i0.wp.com\/www.grieta.org.mx\/wp-content\/uploads\/2018\/03\/14524434_1106112876131411_958039263622046936_o.jpg?resize=350%2C200&ssl=1 1x, https:\/\/i0.wp.com\/www.grieta.org.mx\/wp-content\/uploads\/2018\/03\/14524434_1106112876131411_958039263622046936_o.jpg?resize=525%2C300&ssl=1 1.5x, https:\/\/i0.wp.com\/www.grieta.org.mx\/wp-content\/uploads\/2018\/03\/14524434_1106112876131411_958039263622046936_o.jpg?resize=700%2C400&ssl=1 2x"},"classes":[]},{"id":10254,"url":"https:\/\/www.grieta.org.mx\/index.php\/2016\/07\/25\/conflictos-laborales-en-queretaro\/","url_meta":{"origin":16007,"position":1},"title":"Conflictos laborales en Quer\u00e9taro","author":"grieta","date":"25 julio, 2016","format":false,"excerpt":"Temas laborales en Quer\u00e9taro 25\/07\/16. Municipio de Cadereyta emplazado a huelga para 29 de agosto Diario Rotativo 04\/07\/16. Van 500 trabajadores despedidos en el municipio de Quer\u00e9taro AM Quer\u00e9taro 21\/06\/16. Un sinn\u00famero de trabajadores ser\u00e1n despedidos para reducir n\u00f3mina AM Quer\u00e9taro 14\/05\/16. Trabajadores del municipio de Quer\u00e9taro, a la espera\u2026","rel":"","context":"En &quot;Quer\u00e9taro&quot;","block_context":{"text":"Quer\u00e9taro","link":"https:\/\/www.grieta.org.mx\/index.php\/category\/noticias-nacionales\/queretaro\/"},"img":{"alt_text":"","src":"https:\/\/i0.wp.com\/www.grieta.org.mx\/wp-content\/uploads\/2018\/03\/14524434_1106112876131411_958039263622046936_o.jpg?resize=350%2C200&ssl=1","width":350,"height":200,"srcset":"https:\/\/i0.wp.com\/www.grieta.org.mx\/wp-content\/uploads\/2018\/03\/14524434_1106112876131411_958039263622046936_o.jpg?resize=350%2C200&ssl=1 1x, https:\/\/i0.wp.com\/www.grieta.org.mx\/wp-content\/uploads\/2018\/03\/14524434_1106112876131411_958039263622046936_o.jpg?resize=525%2C300&ssl=1 1.5x, https:\/\/i0.wp.com\/www.grieta.org.mx\/wp-content\/uploads\/2018\/03\/14524434_1106112876131411_958039263622046936_o.jpg?resize=700%2C400&ssl=1 2x"},"classes":[]},{"id":4930,"url":"https:\/\/www.grieta.org.mx\/index.php\/2016\/03\/15\/descuentos-de-cuotas-a-nomina-punto-medular-de-inconformidad\/","url_meta":{"origin":16007,"position":2},"title":"Descuentos de cuotas a n\u00f3mina, punto medular de inconformidad","author":"grieta","date":"15 marzo, 2016","format":false,"excerpt":"Alejandrina L\u00f3pez\/Plaza de Armas El dejar de hacer los descuentos v\u00eda n\u00f3mina de las cuotas sindicales a los miembros del Sindicato de Trabajadores y Empleados de la Universidad Aut\u00f3noma de Quer\u00e9taro (STEUAQ), correspondiente al 1 por ciento del salario directo, es el punto medular de la huelga iniciada el pasado\u2026","rel":"","context":"En &quot;CINTILLO&quot;","block_context":{"text":"CINTILLO","link":"https:\/\/www.grieta.org.mx\/index.php\/category\/cintillo\/"},"img":{"alt_text":"","src":"https:\/\/i0.wp.com\/www.grieta.org.mx\/wp-content\/uploads\/2018\/03\/14524434_1106112876131411_958039263622046936_o.jpg?resize=350%2C200&ssl=1","width":350,"height":200,"srcset":"https:\/\/i0.wp.com\/www.grieta.org.mx\/wp-content\/uploads\/2018\/03\/14524434_1106112876131411_958039263622046936_o.jpg?resize=350%2C200&ssl=1 1x, https:\/\/i0.wp.com\/www.grieta.org.mx\/wp-content\/uploads\/2018\/03\/14524434_1106112876131411_958039263622046936_o.jpg?resize=525%2C300&ssl=1 1.5x, https:\/\/i0.wp.com\/www.grieta.org.mx\/wp-content\/uploads\/2018\/03\/14524434_1106112876131411_958039263622046936_o.jpg?resize=700%2C400&ssl=1 2x"},"classes":[]},{"id":47488,"url":"https:\/\/www.grieta.org.mx\/index.php\/2020\/04\/07\/gobernador-de-colima-ha-despedido-a-mas-de-2-mil-trabajadores\/","url_meta":{"origin":16007,"position":3},"title":"Gobernador de Colima ha despedido a m\u00e1s de 2 mil trabajadores","author":"grieta","date":"7 abril, 2020","format":false,"excerpt":"Foto: Diario Avanzada Redacci\u00f3n \/ Diario Avanzada Colima, M\u00e9xico, Avanzada (07\/04\/2020).- Durante su periodo, el gobierno de Jos\u00e9 Ignacio Peralta S\u00e1nchez ha despedido m\u00e1s de 2 mil trabajadores de la administraci\u00f3n estatal, con el pretexto de ahorrar recursos, pero ha dejado desprotegidas de sus ingresos a una gran cantidad de\u2026","rel":"","context":"En &quot;CINTILLO&quot;","block_context":{"text":"CINTILLO","link":"https:\/\/www.grieta.org.mx\/index.php\/category\/cintillo\/"},"img":{"alt_text":"","src":"https:\/\/i0.wp.com\/www.grieta.org.mx\/wp-content\/uploads\/2018\/03\/14524434_1106112876131411_958039263622046936_o.jpg?resize=350%2C200&ssl=1","width":350,"height":200,"srcset":"https:\/\/i0.wp.com\/www.grieta.org.mx\/wp-content\/uploads\/2018\/03\/14524434_1106112876131411_958039263622046936_o.jpg?resize=350%2C200&ssl=1 1x, https:\/\/i0.wp.com\/www.grieta.org.mx\/wp-content\/uploads\/2018\/03\/14524434_1106112876131411_958039263622046936_o.jpg?resize=525%2C300&ssl=1 1.5x, https:\/\/i0.wp.com\/www.grieta.org.mx\/wp-content\/uploads\/2018\/03\/14524434_1106112876131411_958039263622046936_o.jpg?resize=700%2C400&ssl=1 2x"},"classes":[]},{"id":42829,"url":"https:\/\/www.grieta.org.mx\/index.php\/2019\/12\/26\/anuncian-recorte-de-personal-en-ayuntamiento-de-san-juan-del-rio-queretaro\/","url_meta":{"origin":16007,"position":4},"title":"Anuncian recorte de personal en Ayuntamiento de San Juan del R\u00edo (Quer\u00e9taro)","author":"grieta","date":"26 diciembre, 2019","format":false,"excerpt":"El gobierno municipal anunci\u00f3 que al iniciar 2020, habr\u00e1 recorte de personal. Cris Mesa Ram\u00edrez \/ Diario Rotativo San Juan del R\u00edo, 26 Diciembre 2019.- El Secretario de Administraci\u00f3n, Oswaldo Garc\u00eda DuPont, revel\u00f3 que en 2020 se realizar\u00e1 un recorte de personal en la administraci\u00f3n que encabeza el presidente municipal\u2026","rel":"","context":"En &quot;CINTILLO&quot;","block_context":{"text":"CINTILLO","link":"https:\/\/www.grieta.org.mx\/index.php\/category\/cintillo\/"},"img":{"alt_text":"","src":"https:\/\/i0.wp.com\/www.grieta.org.mx\/wp-content\/uploads\/2020\/01\/Anuncian-recorte-de-personal-en-Ayuntamiento-de-San-Juan-del-R%C3%ADo-qro-ene.jpg?resize=350%2C200&ssl=1","width":350,"height":200,"srcset":"https:\/\/i0.wp.com\/www.grieta.org.mx\/wp-content\/uploads\/2020\/01\/Anuncian-recorte-de-personal-en-Ayuntamiento-de-San-Juan-del-R%C3%ADo-qro-ene.jpg?resize=350%2C200&ssl=1 1x, https:\/\/i0.wp.com\/www.grieta.org.mx\/wp-content\/uploads\/2020\/01\/Anuncian-recorte-de-personal-en-Ayuntamiento-de-San-Juan-del-R%C3%ADo-qro-ene.jpg?resize=525%2C300&ssl=1 1.5x"},"classes":[]},{"id":30131,"url":"https:\/\/www.grieta.org.mx\/index.php\/2019\/02\/25\/paro-general-de-labores-en-los-cecytes-incluyendo-queretaro-por-recorte-de-presupuesto-general\/","url_meta":{"origin":16007,"position":5},"title":"Paro general de labores en los CECyTES, incluyendo Quer\u00e9taro por recorte de Presupuesto General","author":"grieta","date":"25 febrero, 2019","format":false,"excerpt":"Francisco Bonet \/ Voz Imparcial \u201cNo a la reducci\u00f3n de nuestro salario, respeto al derecho al salario plasmado en los contratos colectivos y en las condiciones generales del trabajo. No al recorte presupuestal de los CECyTEQ\u201d, se lee en algunas de las mantas colocadas en los planteles. Es de recordar\u2026","rel":"","context":"En &quot;CINTILLO&quot;","block_context":{"text":"CINTILLO","link":"https:\/\/www.grieta.org.mx\/index.php\/category\/cintillo\/"},"img":{"alt_text":"","src":"https:\/\/i0.wp.com\/www.grieta.org.mx\/wp-content\/uploads\/2019\/03\/Cecyte-Qro.jpg?resize=350%2C200&ssl=1","width":350,"height":200,"srcset":"https:\/\/i0.wp.com\/www.grieta.org.mx\/wp-content\/uploads\/2019\/03\/Cecyte-Qro.jpg?resize=350%2C200&ssl=1 1x, https:\/\/i0.wp.com\/www.grieta.org.mx\/wp-content\/uploads\/2019\/03\/Cecyte-Qro.jpg?resize=525%2C300&ssl=1 1.5x, https:\/\/i0.wp.com\/www.grieta.org.mx\/wp-content\/uploads\/2019\/03\/Cecyte-Qro.jpg?resize=700%2C400&ssl=1 2x, https:\/\/i0.wp.com\/www.grieta.org.mx\/wp-content\/uploads\/2019\/03\/Cecyte-Qro.jpg?resize=1050%2C600&ssl=1 3x"},"classes":[]}],"_links":{"self":[{"href":"https:\/\/www.grieta.org.mx\/index.php\/wp-json\/wp\/v2\/posts\/16007","targetHints":{"allow":["GET"]}}],"collection":[{"href":"https:\/\/www.grieta.org.mx\/index.php\/wp-json\/wp\/v2\/posts"}],"about":[{"href":"https:\/\/www.grieta.org.mx\/index.php\/wp-json\/wp\/v2\/types\/post"}],"author":[{"embeddable":true,"href":"https:\/\/www.grieta.org.mx\/index.php\/wp-json\/wp\/v2\/users\/2"}],"replies":[{"embeddable":true,"href":"https:\/\/www.grieta.org.mx\/index.php\/wp-json\/wp\/v2\/comments?post=16007"}],"version-history":[{"count":1,"href":"https:\/\/www.grieta.org.mx\/index.php\/wp-json\/wp\/v2\/posts\/16007\/revisions"}],"predecessor-version":[{"id":16008,"href":"https:\/\/www.grieta.org.mx\/index.php\/wp-json\/wp\/v2\/posts\/16007\/revisions\/16008"}],"wp:featuredmedia":[{"embeddable":true,"href":"https:\/\/www.grieta.org.mx\/index.php\/wp-json\/wp\/v2\/media\/21928"}],"wp:attachment":[{"href":"https:\/\/www.grieta.org.mx\/index.php\/wp-json\/wp\/v2\/media?parent=16007"}],"wp:term":[{"taxonomy":"category","embeddable":true,"href":"https:\/\/www.grieta.org.mx\/index.php\/wp-json\/wp\/v2\/categories?post=16007"},{"taxonomy":"post_tag","embeddable":true,"href":"https:\/\/www.grieta.org.mx\/index.php\/wp-json\/wp\/v2\/tags?post=16007"}],"curies":[{"name":"wp","href":"https:\/\/api.w.org\/{rel}","templated":true}]}}