{"id":15843,"date":"2016-07-04T00:00:00","date_gmt":"2016-07-04T00:00:00","guid":{"rendered":"http:\/\/www.grieta.org.mx\/?p=15843"},"modified":"2016-07-04T20:46:05","modified_gmt":"2016-07-04T20:46:05","slug":"mantiene-paro-transporte-publico-de-chihuahua","status":"publish","type":"post","link":"https:\/\/www.grieta.org.mx\/index.php\/2016\/07\/04\/mantiene-paro-transporte-publico-de-chihuahua\/","title":{"rendered":"Mantiene paro transporte p\u00fablico de Chihuahua"},"content":{"rendered":"<p>La Raz\u00f3n<\/p>\n<p>Habitantes de Chihuahua, Chihuahua se encuentran afectados por el paro que trabajadores administrativos mantienen en el sistema de transporte Vive Busque, esto al afirman que no les han pagado.<\/p>\n<p>La C\u00e1mara de Comercio (Canaco) anunci\u00f3 que iniciar\u00e1 una demanda penal contra los responsables del paro y usuarios en redes sociales piden que les paguen a los choferes pero que incluso, los corran.<\/p>\n<p>El m\u00e1s reciente paro camionero hab\u00eda sido el 23 de marzo pasado donde cumplieron 23 horas los choferes de la ruta Troncal hasta que llegaron a acuerdo con el gobierno.<\/p>\n<p>Hoy es el cuarto d\u00eda en que usuarios contin\u00faan sin transporte p\u00fablico.<\/p>\n<p>http:\/\/www.razon.com.mx\/spip.php?article313631<\/p>\n","protected":false},"excerpt":{"rendered":"<p>La Raz\u00f3n Habitantes de Chihuahua, Chihuahua se encuentran afectados por el paro que trabajadores administrativos mantienen en el sistema de transporte Vive Busque, esto al afirman que no les han &hellip; <a href=\"https:\/\/www.grieta.org.mx\/index.php\/2016\/07\/04\/mantiene-paro-transporte-publico-de-chihuahua\/\" class=\"more-link\">Leer m\u00e1s<\/a><\/p>\n","protected":false},"author":2,"featured_media":21928,"comment_status":"closed","ping_status":"closed","sticky":false,"template":"","format":"standard","meta":{"ngg_post_thumbnail":0,"_jetpack_newsletter_access":"","_jetpack_dont_email_post_to_subs":false,"_jetpack_newsletter_tier_id":0,"_jetpack_memberships_contains_paywalled_content":false,"_jetpack_memberships_contains_paid_content":false,"footnotes":""},"categories":[80],"tags":[],"class_list":["post-15843","post","type-post","status-publish","format-standard","has-post-thumbnail","hentry","category-cintillo","entry"],"jetpack_featured_media_url":"https:\/\/www.grieta.org.mx\/wp-content\/uploads\/2018\/03\/14524434_1106112876131411_958039263622046936_o.jpg","jetpack_sharing_enabled":true,"jetpack_shortlink":"https:\/\/wp.me\/p7ZJR4-47x","jetpack_likes_enabled":false,"jetpack-related-posts":[{"id":15840,"url":"https:\/\/www.grieta.org.mx\/index.php\/2016\/07\/02\/paran-transportistas-de-chihuahua-por-adeudo-de-pagos\/","url_meta":{"origin":15843,"position":0},"title":"Paran transportistas de Chihuahua por adeudo de pagos","author":"grieta","date":"2 julio, 2016","format":false,"excerpt":"La Jornada Miroslava Breach Velducea M\u00e1s de 500 operadores de camiones urbanos iniciaron un paro de labores que dej\u00f3 a 150 mil habitantes de la capital del estado sin transporte p\u00fablico este s\u00e1bado. Desde las cinco de la ma\u00f1ana, miles de personas empezaron a llegar a las estaciones de la\u2026","rel":"","context":"En &quot;chihuahua&quot;","block_context":{"text":"chihuahua","link":"https:\/\/www.grieta.org.mx\/index.php\/category\/chihuahua\/"},"img":{"alt_text":"","src":"https:\/\/i0.wp.com\/www.grieta.org.mx\/wp-content\/uploads\/2018\/03\/14524434_1106112876131411_958039263622046936_o.jpg?resize=350%2C200&ssl=1","width":350,"height":200,"srcset":"https:\/\/i0.wp.com\/www.grieta.org.mx\/wp-content\/uploads\/2018\/03\/14524434_1106112876131411_958039263622046936_o.jpg?resize=350%2C200&ssl=1 1x, https:\/\/i0.wp.com\/www.grieta.org.mx\/wp-content\/uploads\/2018\/03\/14524434_1106112876131411_958039263622046936_o.jpg?resize=525%2C300&ssl=1 1.5x, https:\/\/i0.wp.com\/www.grieta.org.mx\/wp-content\/uploads\/2018\/03\/14524434_1106112876131411_958039263622046936_o.jpg?resize=700%2C400&ssl=1 2x"},"classes":[]},{"id":20138,"url":"https:\/\/www.grieta.org.mx\/index.php\/2016\/08\/16\/colapsa-a-chihuahua-otro-paro-de-transporte\/","url_meta":{"origin":15843,"position":1},"title":"Colapsa a Chihuahua otro paro de transporte","author":"grieta","date":"16 agosto, 2016","format":false,"excerpt":"El Diario Orlando Chavez Chihuahua\u2014 El sistema de transporte urbano ViveB\u00fas entr\u00f3 nuevamente en paro ayer. Choferes de las unidades suspendieron el servicio y bloquearon calles en protesta por no haber recibido el pago por su semana de trabajo, mientras que en la l\u00ednea troncal los camiones no ten\u00edan combustible,\u2026","rel":"","context":"En &quot;CINTILLO&quot;","block_context":{"text":"CINTILLO","link":"https:\/\/www.grieta.org.mx\/index.php\/category\/cintillo\/"},"img":{"alt_text":"","src":"https:\/\/i0.wp.com\/www.grieta.org.mx\/wp-content\/uploads\/2018\/03\/14524434_1106112876131411_958039263622046936_o.jpg?resize=350%2C200&ssl=1","width":350,"height":200,"srcset":"https:\/\/i0.wp.com\/www.grieta.org.mx\/wp-content\/uploads\/2018\/03\/14524434_1106112876131411_958039263622046936_o.jpg?resize=350%2C200&ssl=1 1x, https:\/\/i0.wp.com\/www.grieta.org.mx\/wp-content\/uploads\/2018\/03\/14524434_1106112876131411_958039263622046936_o.jpg?resize=525%2C300&ssl=1 1.5x, https:\/\/i0.wp.com\/www.grieta.org.mx\/wp-content\/uploads\/2018\/03\/14524434_1106112876131411_958039263622046936_o.jpg?resize=700%2C400&ssl=1 2x"},"classes":[]},{"id":71745,"url":"https:\/\/www.grieta.org.mx\/index.php\/2025\/05\/21\/paro-de-choferes-del-va-y-ven-deja-sin-servicio-a-miles-de-usuarios-no-les-dieron-utilidades-yucatan\/","url_meta":{"origin":15843,"position":2},"title":"Paro de choferes del &#8220;Va y Ven&#8221; deja sin servicio a miles de usuarios, no les dieron utilidades (Yucat\u00e1n)","author":"grieta","date":"21 mayo, 2025","format":false,"excerpt":"Jorge Robles \/ MAS Medio Alternativo Choferes del Va y Ven de dos rutas Circuito Rojo iniciaron un paro de labores, en protesta por la negativa de la empresa concesionaria a entregarles el reparto de utilidades. Seg\u00fan los conductores, pese a las extensas jornadas laborales y a las ganancias de\u2026","rel":"","context":"En &quot;CINTILLO&quot;","block_context":{"text":"CINTILLO","link":"https:\/\/www.grieta.org.mx\/index.php\/category\/cintillo\/"},"img":{"alt_text":"","src":"https:\/\/i0.wp.com\/www.grieta.org.mx\/wp-content\/uploads\/2025\/05\/VayVen-e1748783169437.jpg?resize=350%2C200&ssl=1","width":350,"height":200,"srcset":"https:\/\/i0.wp.com\/www.grieta.org.mx\/wp-content\/uploads\/2025\/05\/VayVen-e1748783169437.jpg?resize=350%2C200&ssl=1 1x, https:\/\/i0.wp.com\/www.grieta.org.mx\/wp-content\/uploads\/2025\/05\/VayVen-e1748783169437.jpg?resize=525%2C300&ssl=1 1.5x, https:\/\/i0.wp.com\/www.grieta.org.mx\/wp-content\/uploads\/2025\/05\/VayVen-e1748783169437.jpg?resize=700%2C400&ssl=1 2x"},"classes":[]},{"id":15838,"url":"https:\/\/www.grieta.org.mx\/index.php\/2016\/08\/18\/paro-de-transportistas-en-chihuahua\/","url_meta":{"origin":15843,"position":3},"title":"Paro de transportistas en Chihuahua","author":"grieta","date":"18 agosto, 2016","format":false,"excerpt":"15\/08\/16. Colapsa a Chihuahua otro paro de transporteEl Diario 04\/07\/16. Mantiene paro transporte p\u00fablico de Chihuahua\u00a0La raz\u00f3n 02\/07\/16. Paran transportistas de Chihuahua por adeudo de pagosLa jornada","rel":"","context":"En &quot;Chihuahua&quot;","block_context":{"text":"Chihuahua","link":"https:\/\/www.grieta.org.mx\/index.php\/category\/noticias-nacionales\/chihuahua\/"},"img":{"alt_text":"","src":"https:\/\/i0.wp.com\/www.grieta.org.mx\/wp-content\/uploads\/2018\/03\/14524434_1106112876131411_958039263622046936_o.jpg?resize=350%2C200&ssl=1","width":350,"height":200,"srcset":"https:\/\/i0.wp.com\/www.grieta.org.mx\/wp-content\/uploads\/2018\/03\/14524434_1106112876131411_958039263622046936_o.jpg?resize=350%2C200&ssl=1 1x, https:\/\/i0.wp.com\/www.grieta.org.mx\/wp-content\/uploads\/2018\/03\/14524434_1106112876131411_958039263622046936_o.jpg?resize=525%2C300&ssl=1 1.5x, https:\/\/i0.wp.com\/www.grieta.org.mx\/wp-content\/uploads\/2018\/03\/14524434_1106112876131411_958039263622046936_o.jpg?resize=700%2C400&ssl=1 2x"},"classes":[]},{"id":20128,"url":"https:\/\/www.grieta.org.mx\/index.php\/2016\/08\/20\/exigen-disidentes-a-la-seccion-octava-convocar-a-paro-el-lunes-en-chihuahua\/","url_meta":{"origin":15843,"position":4},"title":"Exigen disidentes a la Secci\u00f3n Octava convocar a paro el lunes en Chihuahua","author":"grieta","date":"20 agosto, 2016","format":false,"excerpt":"La Opci\u00f3n de Chihuahua Chihuahua.- Maestros integrantes de la disidencia magisterial de la secci\u00f3n octava, realizar\u00e1n un mitin el pr\u00f3ximo lunes 22 de agosto, exigiendo a la dirigente sindical, Rosa Mar\u00eda Hern\u00e1ndez, se cumple lo acordado en el congreso donde se eligi\u00f3 a la misma, donde se llamar\u00eda a paro\u2026","rel":"","context":"En &quot;CINTILLO&quot;","block_context":{"text":"CINTILLO","link":"https:\/\/www.grieta.org.mx\/index.php\/category\/cintillo\/"},"img":{"alt_text":"","src":"https:\/\/i0.wp.com\/www.grieta.org.mx\/wp-content\/uploads\/2018\/03\/14524434_1106112876131411_958039263622046936_o.jpg?resize=350%2C200&ssl=1","width":350,"height":200,"srcset":"https:\/\/i0.wp.com\/www.grieta.org.mx\/wp-content\/uploads\/2018\/03\/14524434_1106112876131411_958039263622046936_o.jpg?resize=350%2C200&ssl=1 1x, https:\/\/i0.wp.com\/www.grieta.org.mx\/wp-content\/uploads\/2018\/03\/14524434_1106112876131411_958039263622046936_o.jpg?resize=525%2C300&ssl=1 1.5x, https:\/\/i0.wp.com\/www.grieta.org.mx\/wp-content\/uploads\/2018\/03\/14524434_1106112876131411_958039263622046936_o.jpg?resize=700%2C400&ssl=1 2x"},"classes":[]},{"id":21541,"url":"https:\/\/www.grieta.org.mx\/index.php\/2016\/09\/12\/termina-en-saltillo-paro-de-trabajadores-de-limpia\/","url_meta":{"origin":15843,"position":5},"title":"Termina en Saltillo paro de trabajadores de limpia","author":"grieta","date":"12 septiembre, 2016","format":false,"excerpt":"Ser\u00e1 hasta el d\u00eda de hoy cuando sean recorridas las calles de la zona sur de la ciudad Luego de un paro de tres d\u00edas, los trabajadores encargados de recolectar la basura de la ciudad, reanudaron labores ayer a primera hora. El Gobierno Municipal de Saltillo a trav\u00e9s de la\u2026","rel":"","context":"En &quot;CINTILLO&quot;","block_context":{"text":"CINTILLO","link":"https:\/\/www.grieta.org.mx\/index.php\/category\/cintillo\/"},"img":{"alt_text":"","src":"https:\/\/i0.wp.com\/www.grieta.org.mx\/wp-content\/uploads\/2018\/03\/14524434_1106112876131411_958039263622046936_o.jpg?resize=350%2C200&ssl=1","width":350,"height":200,"srcset":"https:\/\/i0.wp.com\/www.grieta.org.mx\/wp-content\/uploads\/2018\/03\/14524434_1106112876131411_958039263622046936_o.jpg?resize=350%2C200&ssl=1 1x, https:\/\/i0.wp.com\/www.grieta.org.mx\/wp-content\/uploads\/2018\/03\/14524434_1106112876131411_958039263622046936_o.jpg?resize=525%2C300&ssl=1 1.5x, https:\/\/i0.wp.com\/www.grieta.org.mx\/wp-content\/uploads\/2018\/03\/14524434_1106112876131411_958039263622046936_o.jpg?resize=700%2C400&ssl=1 2x"},"classes":[]}],"_links":{"self":[{"href":"https:\/\/www.grieta.org.mx\/index.php\/wp-json\/wp\/v2\/posts\/15843","targetHints":{"allow":["GET"]}}],"collection":[{"href":"https:\/\/www.grieta.org.mx\/index.php\/wp-json\/wp\/v2\/posts"}],"about":[{"href":"https:\/\/www.grieta.org.mx\/index.php\/wp-json\/wp\/v2\/types\/post"}],"author":[{"embeddable":true,"href":"https:\/\/www.grieta.org.mx\/index.php\/wp-json\/wp\/v2\/users\/2"}],"replies":[{"embeddable":true,"href":"https:\/\/www.grieta.org.mx\/index.php\/wp-json\/wp\/v2\/comments?post=15843"}],"version-history":[{"count":1,"href":"https:\/\/www.grieta.org.mx\/index.php\/wp-json\/wp\/v2\/posts\/15843\/revisions"}],"predecessor-version":[{"id":15844,"href":"https:\/\/www.grieta.org.mx\/index.php\/wp-json\/wp\/v2\/posts\/15843\/revisions\/15844"}],"wp:featuredmedia":[{"embeddable":true,"href":"https:\/\/www.grieta.org.mx\/index.php\/wp-json\/wp\/v2\/media\/21928"}],"wp:attachment":[{"href":"https:\/\/www.grieta.org.mx\/index.php\/wp-json\/wp\/v2\/media?parent=15843"}],"wp:term":[{"taxonomy":"category","embeddable":true,"href":"https:\/\/www.grieta.org.mx\/index.php\/wp-json\/wp\/v2\/categories?post=15843"},{"taxonomy":"post_tag","embeddable":true,"href":"https:\/\/www.grieta.org.mx\/index.php\/wp-json\/wp\/v2\/tags?post=15843"}],"curies":[{"name":"wp","href":"https:\/\/api.w.org\/{rel}","templated":true}]}}