{"id":15828,"date":"2016-06-22T20:25:44","date_gmt":"2016-06-22T20:25:44","guid":{"rendered":"http:\/\/www.grieta.org.mx\/?p=15828"},"modified":"2016-07-04T20:27:26","modified_gmt":"2016-07-04T20:27:26","slug":"disturbios-y-represion-resultados-de-manifestacion-frente-a-palacio-de-chihuahua","status":"publish","type":"post","link":"https:\/\/www.grieta.org.mx\/index.php\/2016\/06\/22\/disturbios-y-represion-resultados-de-manifestacion-frente-a-palacio-de-chihuahua\/","title":{"rendered":"Disturbios y represi\u00f3n, resultados de manifestaci\u00f3n frente a Palacio de Chihuahua"},"content":{"rendered":"<p>Arriba el Campo<br \/>\nLiliana Velasquez<\/p>\n<p> Despu\u00e9s de que el Movimiento Chihuahuense Uni\u00f3n Ciudadana convocara  a trav\u00e9s de las redes sociales a manifestarse a Palacio de Gobierno este mi\u00e9rcoles 22 de Junio a partir de las 10 hrs, se hizo la invitaci\u00f3n al p\u00fablico en general para que congregara justo en Palacio de Gobierno, la causa: el respeto al resultado electoral del 5 de Junio, por el desabasto de combustible, respeto a los usuarios de transporte urbano, a no a la destrucci\u00f3n de evidencias de la corrupci\u00f3n, incluyendo poner un alto a la represi\u00f3n en Oaxaca.<\/p>\n<p>En un inicio la gente poco a poco se dio cita en la Plaza Hidalgo justo al frente de Palacio,  algunos j\u00f3venes aproximadamente a las 10:30 hrs quer\u00edan abrir las puertas del recinto a empujones ya que se encontraba cerrada y eso irrit\u00f3 en demas\u00eda a los presentes.<\/p>\n<p>Jaime Garc\u00eda Ch\u00e1vez, control\u00f3 por un momento a los j\u00f3venes quienes gritaban consignas contra el Gobernador del Estado, Cesar Duarte y exig\u00edan el abasto suficiente y eficiente en  la capital y en municipios en donde se carece del hidrocarburo.<\/p>\n<p>El Activista invit\u00f3 a que se calmaran los \u00e1nimos y  que se trasladaran al otro lado del Palacio, por la calle Libertad, en donde minutos despu\u00e9s subi\u00f3 de tono a\u00fan m\u00e1s  la inconformidad y procedieron a destruir las puertas del recinto y una gran ventana, raz\u00f3n por la cual los antimotines iniciaron con el repliego  y a lanzar gas pimienta o lacrim\u00f3geno.<\/p>\n<p>La gente se enfureci\u00f3 a\u00fan m\u00e1s y retaban a las autoridades, es importante destacar que gente segu\u00eda llegando al lugar citado.<\/p>\n<p>Los antimotines llevaron a la fuerza a 5 de los manifestantes hacia el interior de Palacio, adem\u00e1s de que se agredi\u00f3 a un Reportero.<\/p>\n<p>Continuaba la presi\u00f3n sobre los manifestantes y los iban conduciendo cada vez m\u00e1s lejos de la puerta del Palacio, cuando j\u00f3venes lanzaron piedras, palos y  botellas  a la autoridad, por lo que lanzaron nuevamente varias bombas de gas pimienta y fue como se dispersaron los congregados, por la falta de ox\u00edgeno y visibilidad.<\/p>\n<p>Esto origin\u00f3 que la gente corriera en donde el ox\u00edgeno era puro y al restablecerse algunos j\u00f3venes lanzaron piedras quebrando los vidrios y extractores del recinto por el lado de la Av. Carranza, a los pocos minutos otro grupo buscaba el voltear una camioneta de la Polic\u00eda Estatal y al no lograrlo, quebraron  los vidrios del veh\u00edculo.<\/p>\n<p>Algunos  corrieron hacia el Sureste y la polic\u00eda inici\u00f3 su persecuci\u00f3n, otras personas continuaron en la plaza Hidalgo y sobre la calle Aldama gritando en contra de los actos de la Polic\u00eda y del gobernante en turno.<\/p>\n<p>http:\/\/arribaelcampo.com.mx\/sitio\/?p=59642<\/p>\n","protected":false},"excerpt":{"rendered":"<p>Arriba el Campo Liliana Velasquez Despu\u00e9s de que el Movimiento Chihuahuense Uni\u00f3n Ciudadana convocara a trav\u00e9s de las redes sociales a manifestarse a Palacio de Gobierno este mi\u00e9rcoles 22 de &hellip; <a href=\"https:\/\/www.grieta.org.mx\/index.php\/2016\/06\/22\/disturbios-y-represion-resultados-de-manifestacion-frente-a-palacio-de-chihuahua\/\" class=\"more-link\">Leer m\u00e1s<\/a><\/p>\n","protected":false},"author":2,"featured_media":21928,"comment_status":"closed","ping_status":"closed","sticky":false,"template":"","format":"standard","meta":{"ngg_post_thumbnail":0,"_jetpack_newsletter_access":"","_jetpack_dont_email_post_to_subs":false,"_jetpack_newsletter_tier_id":0,"_jetpack_memberships_contains_paywalled_content":false,"_jetpack_memberships_contains_paid_content":false,"footnotes":""},"categories":[122,80],"tags":[130],"class_list":["post-15828","post","type-post","status-publish","format-standard","has-post-thumbnail","hentry","category-chihuahua","category-cintillo","tag-represion","entry"],"jetpack_featured_media_url":"https:\/\/www.grieta.org.mx\/wp-content\/uploads\/2018\/03\/14524434_1106112876131411_958039263622046936_o.jpg","jetpack_sharing_enabled":true,"jetpack_shortlink":"https:\/\/wp.me\/p7ZJR4-47i","jetpack_likes_enabled":false,"jetpack-related-posts":[{"id":15821,"url":"https:\/\/www.grieta.org.mx\/index.php\/2016\/06\/30\/represion-a-manifestantes-frente-al-palacio-de-gobierno-de-chihuahua\/","url_meta":{"origin":15828,"position":0},"title":"Represi\u00f3n a manifestantes frente al palacio de gobierno de Chihuahua","author":"grieta","date":"30 junio, 2016","format":false,"excerpt":"23\/06\/16. Se manifiestan familiares de detenidos en trifulca de PalacioOmnia 22\/06\/16. Protesta en el palacio gobierno de Chihuahua deja saldo de 20 detenidos y 20 lesionadosIzquierda Diario 22\/06\/16. Disturbios y represi\u00f3n, resultados de manifestaci\u00f3n frente a Palacio de ChihuahuaArriba el Campo","rel":"","context":"En &quot;Chihuahua&quot;","block_context":{"text":"Chihuahua","link":"https:\/\/www.grieta.org.mx\/index.php\/category\/noticias-nacionales\/chihuahua\/"},"img":{"alt_text":"","src":"https:\/\/i0.wp.com\/www.grieta.org.mx\/wp-content\/uploads\/2018\/03\/14524434_1106112876131411_958039263622046936_o.jpg?resize=350%2C200&ssl=1","width":350,"height":200,"srcset":"https:\/\/i0.wp.com\/www.grieta.org.mx\/wp-content\/uploads\/2018\/03\/14524434_1106112876131411_958039263622046936_o.jpg?resize=350%2C200&ssl=1 1x, https:\/\/i0.wp.com\/www.grieta.org.mx\/wp-content\/uploads\/2018\/03\/14524434_1106112876131411_958039263622046936_o.jpg?resize=525%2C300&ssl=1 1.5x, https:\/\/i0.wp.com\/www.grieta.org.mx\/wp-content\/uploads\/2018\/03\/14524434_1106112876131411_958039263622046936_o.jpg?resize=700%2C400&ssl=1 2x"},"classes":[]},{"id":15823,"url":"https:\/\/www.grieta.org.mx\/index.php\/2016\/06\/22\/protesta-en-el-palacio-gobierno-de-chihuahua-deja-saldo-de-20-detenidos-y-20-lesionados\/","url_meta":{"origin":15828,"position":1},"title":"Protesta en el palacio gobierno de Chihuahua deja saldo de 20 detenidos y 20 lesionados","author":"grieta","date":"22 junio, 2016","format":false,"excerpt":"Izquierda Diario El gobierno accion\u00f3 a los cuerpos represivos que arremetieron contra los manifestantes deteniendo arbitrariamente a 20 personas y lesionando a m\u00e1s de 20. Ante la corrupci\u00f3n en la gesti\u00f3n del gobierno del priista C\u00e9sar Duarte en Chihuahua, diversas cr\u00edticas e inconformidades han surgido por parte de un sector\u2026","rel":"","context":"En &quot;chihuahua&quot;","block_context":{"text":"chihuahua","link":"https:\/\/www.grieta.org.mx\/index.php\/category\/chihuahua\/"},"img":{"alt_text":"","src":"https:\/\/i0.wp.com\/www.grieta.org.mx\/wp-content\/uploads\/2018\/03\/14524434_1106112876131411_958039263622046936_o.jpg?resize=350%2C200&ssl=1","width":350,"height":200,"srcset":"https:\/\/i0.wp.com\/www.grieta.org.mx\/wp-content\/uploads\/2018\/03\/14524434_1106112876131411_958039263622046936_o.jpg?resize=350%2C200&ssl=1 1x, https:\/\/i0.wp.com\/www.grieta.org.mx\/wp-content\/uploads\/2018\/03\/14524434_1106112876131411_958039263622046936_o.jpg?resize=525%2C300&ssl=1 1.5x, https:\/\/i0.wp.com\/www.grieta.org.mx\/wp-content\/uploads\/2018\/03\/14524434_1106112876131411_958039263622046936_o.jpg?resize=700%2C400&ssl=1 2x"},"classes":[]},{"id":68888,"url":"https:\/\/www.grieta.org.mx\/index.php\/2024\/04\/28\/para-recordar-la-represion-en-el-pasado-8m-mujeres-instalan-placa-en-palacio-de-colima\/","url_meta":{"origin":15828,"position":2},"title":"Para recordar la represi\u00f3n en el pasado 8M, mujeres instalan placa en Palacio de Colima","author":"grieta","date":"28 abril, 2024","format":false,"excerpt":"Imagen: Monserrat C\u00e1rdenas Monserrat C\u00e1rdenas \/ Somos El medio \u201cFue en el jard\u00edn Libertad, frente a Palacio de Gobierno, donde nos congregamos mujeres, infancias, adultas mayores, personas con discapacidad y dem\u00e1s ciudadan\u00eda, cuando pasadas las 8:00 PM, el Gobierno del Estado de Colima nos reprimi\u00f3 con gas lacrim\u00f3geno, violent\u00e1ndonos y\u2026","rel":"","context":"En &quot;CINTILLO&quot;","block_context":{"text":"CINTILLO","link":"https:\/\/www.grieta.org.mx\/index.php\/category\/cintillo\/"},"img":{"alt_text":"","src":"https:\/\/i0.wp.com\/www.grieta.org.mx\/wp-content\/uploads\/2024\/05\/MG_1107-2048x1365-1.jpg?resize=350%2C200&ssl=1","width":350,"height":200,"srcset":"https:\/\/i0.wp.com\/www.grieta.org.mx\/wp-content\/uploads\/2024\/05\/MG_1107-2048x1365-1.jpg?resize=350%2C200&ssl=1 1x, https:\/\/i0.wp.com\/www.grieta.org.mx\/wp-content\/uploads\/2024\/05\/MG_1107-2048x1365-1.jpg?resize=525%2C300&ssl=1 1.5x, https:\/\/i0.wp.com\/www.grieta.org.mx\/wp-content\/uploads\/2024\/05\/MG_1107-2048x1365-1.jpg?resize=700%2C400&ssl=1 2x, https:\/\/i0.wp.com\/www.grieta.org.mx\/wp-content\/uploads\/2024\/05\/MG_1107-2048x1365-1.jpg?resize=1050%2C600&ssl=1 3x, https:\/\/i0.wp.com\/www.grieta.org.mx\/wp-content\/uploads\/2024\/05\/MG_1107-2048x1365-1.jpg?resize=1400%2C800&ssl=1 4x"},"classes":[]},{"id":15604,"url":"https:\/\/www.grieta.org.mx\/index.php\/2016\/06\/29\/normalistas-protestan-frente-al-ayuntamiento-campeche\/","url_meta":{"origin":15828,"position":3},"title":"Normalistas protestan frente al Ayuntamiento (Campeche)","author":"grieta","date":"29 junio, 2016","format":false,"excerpt":"Rechazan represi\u00f3n contra maestros en Oaxaca (Lenni Coll\u00ed Ehu\u00e1n) HECECHAKAN, Cam., 29 de junio.- Normalistas se plantaron frente al palacio municipal, en se\u00f1al de protesta contra los actos de represi\u00f3n contra docentes de la CNTE en el estado de Oaxaca, y manifestaron el luto por la p\u00e9rdida de vidas humanas\u2026","rel":"","context":"En &quot;campeche&quot;","block_context":{"text":"campeche","link":"https:\/\/www.grieta.org.mx\/index.php\/category\/campeche\/"},"img":{"alt_text":"","src":"https:\/\/i0.wp.com\/www.grieta.org.mx\/wp-content\/uploads\/2018\/03\/14524434_1106112876131411_958039263622046936_o.jpg?resize=350%2C200&ssl=1","width":350,"height":200,"srcset":"https:\/\/i0.wp.com\/www.grieta.org.mx\/wp-content\/uploads\/2018\/03\/14524434_1106112876131411_958039263622046936_o.jpg?resize=350%2C200&ssl=1 1x, https:\/\/i0.wp.com\/www.grieta.org.mx\/wp-content\/uploads\/2018\/03\/14524434_1106112876131411_958039263622046936_o.jpg?resize=525%2C300&ssl=1 1.5x, https:\/\/i0.wp.com\/www.grieta.org.mx\/wp-content\/uploads\/2018\/03\/14524434_1106112876131411_958039263622046936_o.jpg?resize=700%2C400&ssl=1 2x"},"classes":[]},{"id":15831,"url":"https:\/\/www.grieta.org.mx\/index.php\/2016\/06\/23\/se-manifiestan-familiares-de-detenidos-en-trifulca-de-palacio-de-chihuahua\/","url_meta":{"origin":15828,"position":4},"title":"Se manifiestan familiares de detenidos en trifulca de Palacio de Chihuahua","author":"grieta","date":"23 junio, 2016","format":false,"excerpt":"Omnia Javier Ochoa Familiares de los detenidos en el ataque a Palacio de Gobierno alegan tortura, falta de alimentos y falta de atenci\u00f3n m\u00e9dica. Decenas de padres, madres, hermanos, primos y amigos de los procesados por los delitos de da\u00f1os, lesiones, robo, sedici\u00f3n y amotinamiento, que fueron detenidos durante la\u2026","rel":"","context":"En &quot;chihuahua&quot;","block_context":{"text":"chihuahua","link":"https:\/\/www.grieta.org.mx\/index.php\/category\/chihuahua\/"},"img":{"alt_text":"","src":"https:\/\/i0.wp.com\/www.grieta.org.mx\/wp-content\/uploads\/2018\/03\/14524434_1106112876131411_958039263622046936_o.jpg?resize=350%2C200&ssl=1","width":350,"height":200,"srcset":"https:\/\/i0.wp.com\/www.grieta.org.mx\/wp-content\/uploads\/2018\/03\/14524434_1106112876131411_958039263622046936_o.jpg?resize=350%2C200&ssl=1 1x, https:\/\/i0.wp.com\/www.grieta.org.mx\/wp-content\/uploads\/2018\/03\/14524434_1106112876131411_958039263622046936_o.jpg?resize=525%2C300&ssl=1 1.5x, https:\/\/i0.wp.com\/www.grieta.org.mx\/wp-content\/uploads\/2018\/03\/14524434_1106112876131411_958039263622046936_o.jpg?resize=700%2C400&ssl=1 2x"},"classes":[]},{"id":71254,"url":"https:\/\/www.grieta.org.mx\/index.php\/2025\/03\/08\/mujeres-de-colima-regresan-a-las-calles-este-8m-en-respuesta-a-represion-de-2024\/","url_meta":{"origin":15828,"position":5},"title":"Mujeres de Colima regresan a las calles este 8M en respuesta a represi\u00f3n de 2024","author":"grieta","date":"8 marzo, 2025","format":false,"excerpt":"Imagen: Monserrat C\u00e1rdenas Miles de mujeres tomaron las calles de Colima este 8 de marzo para exigir justicia y seguridad en un estado marcado por la violencia y la impunidad. La marcha, que record\u00f3 la represi\u00f3n del a\u00f1o pasado con gases lacrim\u00f3genos, culmin\u00f3 con actos de protesta frente a Palacio\u2026","rel":"","context":"En &quot;CINTILLO&quot;","block_context":{"text":"CINTILLO","link":"https:\/\/www.grieta.org.mx\/index.php\/category\/cintillo\/"},"img":{"alt_text":"","src":"https:\/\/i0.wp.com\/www.grieta.org.mx\/wp-content\/uploads\/2025\/03\/WhatsApp-Image-2025-03-09-at-3.11.43-PM-4.jpeg?resize=350%2C200&ssl=1","width":350,"height":200,"srcset":"https:\/\/i0.wp.com\/www.grieta.org.mx\/wp-content\/uploads\/2025\/03\/WhatsApp-Image-2025-03-09-at-3.11.43-PM-4.jpeg?resize=350%2C200&ssl=1 1x, https:\/\/i0.wp.com\/www.grieta.org.mx\/wp-content\/uploads\/2025\/03\/WhatsApp-Image-2025-03-09-at-3.11.43-PM-4.jpeg?resize=525%2C300&ssl=1 1.5x, https:\/\/i0.wp.com\/www.grieta.org.mx\/wp-content\/uploads\/2025\/03\/WhatsApp-Image-2025-03-09-at-3.11.43-PM-4.jpeg?resize=700%2C400&ssl=1 2x, https:\/\/i0.wp.com\/www.grieta.org.mx\/wp-content\/uploads\/2025\/03\/WhatsApp-Image-2025-03-09-at-3.11.43-PM-4.jpeg?resize=1050%2C600&ssl=1 3x, https:\/\/i0.wp.com\/www.grieta.org.mx\/wp-content\/uploads\/2025\/03\/WhatsApp-Image-2025-03-09-at-3.11.43-PM-4.jpeg?resize=1400%2C800&ssl=1 4x"},"classes":[]}],"_links":{"self":[{"href":"https:\/\/www.grieta.org.mx\/index.php\/wp-json\/wp\/v2\/posts\/15828","targetHints":{"allow":["GET"]}}],"collection":[{"href":"https:\/\/www.grieta.org.mx\/index.php\/wp-json\/wp\/v2\/posts"}],"about":[{"href":"https:\/\/www.grieta.org.mx\/index.php\/wp-json\/wp\/v2\/types\/post"}],"author":[{"embeddable":true,"href":"https:\/\/www.grieta.org.mx\/index.php\/wp-json\/wp\/v2\/users\/2"}],"replies":[{"embeddable":true,"href":"https:\/\/www.grieta.org.mx\/index.php\/wp-json\/wp\/v2\/comments?post=15828"}],"version-history":[{"count":1,"href":"https:\/\/www.grieta.org.mx\/index.php\/wp-json\/wp\/v2\/posts\/15828\/revisions"}],"predecessor-version":[{"id":15829,"href":"https:\/\/www.grieta.org.mx\/index.php\/wp-json\/wp\/v2\/posts\/15828\/revisions\/15829"}],"wp:featuredmedia":[{"embeddable":true,"href":"https:\/\/www.grieta.org.mx\/index.php\/wp-json\/wp\/v2\/media\/21928"}],"wp:attachment":[{"href":"https:\/\/www.grieta.org.mx\/index.php\/wp-json\/wp\/v2\/media?parent=15828"}],"wp:term":[{"taxonomy":"category","embeddable":true,"href":"https:\/\/www.grieta.org.mx\/index.php\/wp-json\/wp\/v2\/categories?post=15828"},{"taxonomy":"post_tag","embeddable":true,"href":"https:\/\/www.grieta.org.mx\/index.php\/wp-json\/wp\/v2\/tags?post=15828"}],"curies":[{"name":"wp","href":"https:\/\/api.w.org\/{rel}","templated":true}]}}