{"id":15823,"date":"2016-06-22T20:21:31","date_gmt":"2016-06-22T20:21:31","guid":{"rendered":"http:\/\/www.grieta.org.mx\/?p=15823"},"modified":"2016-07-04T20:24:34","modified_gmt":"2016-07-04T20:24:34","slug":"protesta-en-el-palacio-gobierno-de-chihuahua-deja-saldo-de-20-detenidos-y-20-lesionados","status":"publish","type":"post","link":"https:\/\/www.grieta.org.mx\/index.php\/2016\/06\/22\/protesta-en-el-palacio-gobierno-de-chihuahua-deja-saldo-de-20-detenidos-y-20-lesionados\/","title":{"rendered":"Protesta en el palacio gobierno de Chihuahua deja saldo de 20 detenidos y 20 lesionados"},"content":{"rendered":"<p>Izquierda Diario<\/p>\n<p><img loading=\"lazy\" decoding=\"async\" data-attachment-id=\"15824\" data-permalink=\"https:\/\/www.grieta.org.mx\/index.php\/2016\/06\/22\/protesta-en-el-palacio-gobierno-de-chihuahua-deja-saldo-de-20-detenidos-y-20-lesionados\/arton42466-19125\/\" data-orig-file=\"https:\/\/www.grieta.org.mx\/wp-content\/uploads\/2016\/07\/arton42466-19125.jpg\" data-orig-size=\"558,653\" data-comments-opened=\"0\" data-image-meta=\"{&quot;aperture&quot;:&quot;0&quot;,&quot;credit&quot;:&quot;&quot;,&quot;camera&quot;:&quot;&quot;,&quot;caption&quot;:&quot;&quot;,&quot;created_timestamp&quot;:&quot;0&quot;,&quot;copyright&quot;:&quot;&quot;,&quot;focal_length&quot;:&quot;0&quot;,&quot;iso&quot;:&quot;0&quot;,&quot;shutter_speed&quot;:&quot;0&quot;,&quot;title&quot;:&quot;&quot;,&quot;orientation&quot;:&quot;0&quot;}\" data-image-title=\"arton42466-19125\" data-image-description=\"\" data-image-caption=\"\" data-medium-file=\"https:\/\/www.grieta.org.mx\/wp-content\/uploads\/2016\/07\/arton42466-19125-256x300.jpg\" data-large-file=\"https:\/\/www.grieta.org.mx\/wp-content\/uploads\/2016\/07\/arton42466-19125.jpg\" src=\"http:\/\/www.grieta.org.mx\/wp-content\/uploads\/2016\/07\/arton42466-19125.jpg\" alt=\"arton42466-19125\" width=\"558\" height=\"653\" class=\"aligncenter size-full wp-image-15824\" srcset=\"https:\/\/www.grieta.org.mx\/wp-content\/uploads\/2016\/07\/arton42466-19125.jpg 558w, https:\/\/www.grieta.org.mx\/wp-content\/uploads\/2016\/07\/arton42466-19125-256x300.jpg 256w\" sizes=\"auto, (max-width: 558px) 100vw, 558px\" \/><\/p>\n<p>El gobierno accion\u00f3 a los cuerpos represivos que arremetieron contra los manifestantes deteniendo arbitrariamente a 20 personas y lesionando a m\u00e1s de 20.<\/p>\n<p>Ante la corrupci\u00f3n en la gesti\u00f3n del gobierno del priista C\u00e9sar Duarte en Chihuahua, diversas cr\u00edticas e inconformidades han surgido por parte de un sector de la poblaci\u00f3n.<\/p>\n<p>El d\u00eda de hoy mientras se manifestaban, el gobernador decidi\u00f3 reprimir la manifestaci\u00f3n, una respuesta recurrente desde las esferas gubernamentales.<\/p>\n<p>El saldo de la represi\u00f3n por parte de la polic\u00eda fue 20 lesionados y m\u00e1s de 20 personas detenidas arbitrariamente. Hasta el momento no se sabe el nombre de los detenidos ni a cual agencia del Ministerio P\u00fablico fueron remitidos.<\/p>\n<p>La Izquierda Diario M\u00e9xico obtuvo informaci\u00f3n de la detenci\u00f3n de Frida Marcela Ochoa Palma, menor de edad, estudiante del Colegio de Bachilleres n\u00famero 2.<\/p>\n<p>Ella pasaba por el lugar de la manifestaci\u00f3n y al ver la represi\u00f3n ejercida por la polic\u00eda decidi\u00f3 documentar los hechos, mientras grababa fue detenida. Antes de que le quitar\u00e1n su celular se pudo comunicar con su hermana y le comunic\u00f3 que iba en una perrera de la polic\u00eda con m\u00e1s de 10 personas, en ese momento se encontraban a la altura de la avenida Sacramento y la iban a trasladar a Previas del Norte. Hasta el momento no ha tenido derecho a comunicarse con su madre.<\/p>\n<p>http:\/\/www.laizquierdadiario.mx\/Protesta-en-el-palacio-gobierno-de-Chihuahua-deja-saldo-de-20-detenidos-y-20-lesionados?id_rubrique=1714<\/p>\n","protected":false},"excerpt":{"rendered":"<p>Izquierda Diario El gobierno accion\u00f3 a los cuerpos represivos que arremetieron contra los manifestantes deteniendo arbitrariamente a 20 personas y lesionando a m\u00e1s de 20. Ante la corrupci\u00f3n en la &hellip; <a href=\"https:\/\/www.grieta.org.mx\/index.php\/2016\/06\/22\/protesta-en-el-palacio-gobierno-de-chihuahua-deja-saldo-de-20-detenidos-y-20-lesionados\/\" class=\"more-link\">Leer m\u00e1s<\/a><\/p>\n","protected":false},"author":2,"featured_media":21928,"comment_status":"closed","ping_status":"closed","sticky":false,"template":"","format":"standard","meta":{"ngg_post_thumbnail":0,"_jetpack_newsletter_access":"","_jetpack_dont_email_post_to_subs":false,"_jetpack_newsletter_tier_id":0,"_jetpack_memberships_contains_paywalled_content":false,"_jetpack_memberships_contains_paid_content":false,"footnotes":""},"categories":[122,80],"tags":[130],"class_list":["post-15823","post","type-post","status-publish","format-standard","has-post-thumbnail","hentry","category-chihuahua","category-cintillo","tag-represion","entry"],"jetpack_featured_media_url":"https:\/\/www.grieta.org.mx\/wp-content\/uploads\/2018\/03\/14524434_1106112876131411_958039263622046936_o.jpg","jetpack_sharing_enabled":true,"jetpack_shortlink":"https:\/\/wp.me\/p7ZJR4-47d","jetpack_likes_enabled":false,"jetpack-related-posts":[{"id":15821,"url":"https:\/\/www.grieta.org.mx\/index.php\/2016\/06\/30\/represion-a-manifestantes-frente-al-palacio-de-gobierno-de-chihuahua\/","url_meta":{"origin":15823,"position":0},"title":"Represi\u00f3n a manifestantes frente al palacio de gobierno de Chihuahua","author":"grieta","date":"30 junio, 2016","format":false,"excerpt":"23\/06\/16. Se manifiestan familiares de detenidos en trifulca de PalacioOmnia 22\/06\/16. Protesta en el palacio gobierno de Chihuahua deja saldo de 20 detenidos y 20 lesionadosIzquierda Diario 22\/06\/16. Disturbios y represi\u00f3n, resultados de manifestaci\u00f3n frente a Palacio de ChihuahuaArriba el Campo","rel":"","context":"En &quot;Chihuahua&quot;","block_context":{"text":"Chihuahua","link":"https:\/\/www.grieta.org.mx\/index.php\/category\/noticias-nacionales\/chihuahua\/"},"img":{"alt_text":"","src":"https:\/\/i0.wp.com\/www.grieta.org.mx\/wp-content\/uploads\/2018\/03\/14524434_1106112876131411_958039263622046936_o.jpg?resize=350%2C200&ssl=1","width":350,"height":200,"srcset":"https:\/\/i0.wp.com\/www.grieta.org.mx\/wp-content\/uploads\/2018\/03\/14524434_1106112876131411_958039263622046936_o.jpg?resize=350%2C200&ssl=1 1x, https:\/\/i0.wp.com\/www.grieta.org.mx\/wp-content\/uploads\/2018\/03\/14524434_1106112876131411_958039263622046936_o.jpg?resize=525%2C300&ssl=1 1.5x, https:\/\/i0.wp.com\/www.grieta.org.mx\/wp-content\/uploads\/2018\/03\/14524434_1106112876131411_958039263622046936_o.jpg?resize=700%2C400&ssl=1 2x"},"classes":[]},{"id":14226,"url":"https:\/\/www.grieta.org.mx\/index.php\/2016\/08\/28\/movilizaciones-contra-reforma-educativa-en-chihuahua\/","url_meta":{"origin":15823,"position":1},"title":"Movilizaciones contra reforma educativa en Chihuahua","author":"grieta","date":"28 agosto, 2016","format":false,"excerpt":"28\/08\/16. Toman maestros casetas de Sacramento, ChihuahuaEl Diario 19\/08\/16. Exigen disidentes a la Secci\u00f3n Octava convocar a paro el lunes en ChihuahuaLa Opci\u00f3n 15\/07\/16. Maestros de Chihuahua enfrentan a su direcci\u00f3n \u201ccharra\u201dLa izquierda diario 09\/07\/16. Toma Resissste casetas en el estado de Chihuahua El diario de Chihuahua 01\/07\/16. Marchan en\u2026","rel":"","context":"En &quot;Chihuahua&quot;","block_context":{"text":"Chihuahua","link":"https:\/\/www.grieta.org.mx\/index.php\/category\/noticias-nacionales\/chihuahua\/"},"img":{"alt_text":"","src":"https:\/\/i0.wp.com\/www.grieta.org.mx\/wp-content\/uploads\/2018\/03\/14524434_1106112876131411_958039263622046936_o.jpg?resize=350%2C200&ssl=1","width":350,"height":200,"srcset":"https:\/\/i0.wp.com\/www.grieta.org.mx\/wp-content\/uploads\/2018\/03\/14524434_1106112876131411_958039263622046936_o.jpg?resize=350%2C200&ssl=1 1x, https:\/\/i0.wp.com\/www.grieta.org.mx\/wp-content\/uploads\/2018\/03\/14524434_1106112876131411_958039263622046936_o.jpg?resize=525%2C300&ssl=1 1.5x, https:\/\/i0.wp.com\/www.grieta.org.mx\/wp-content\/uploads\/2018\/03\/14524434_1106112876131411_958039263622046936_o.jpg?resize=700%2C400&ssl=1 2x"},"classes":[]},{"id":15831,"url":"https:\/\/www.grieta.org.mx\/index.php\/2016\/06\/23\/se-manifiestan-familiares-de-detenidos-en-trifulca-de-palacio-de-chihuahua\/","url_meta":{"origin":15823,"position":2},"title":"Se manifiestan familiares de detenidos en trifulca de Palacio de Chihuahua","author":"grieta","date":"23 junio, 2016","format":false,"excerpt":"Omnia Javier Ochoa Familiares de los detenidos en el ataque a Palacio de Gobierno alegan tortura, falta de alimentos y falta de atenci\u00f3n m\u00e9dica. Decenas de padres, madres, hermanos, primos y amigos de los procesados por los delitos de da\u00f1os, lesiones, robo, sedici\u00f3n y amotinamiento, que fueron detenidos durante la\u2026","rel":"","context":"En &quot;chihuahua&quot;","block_context":{"text":"chihuahua","link":"https:\/\/www.grieta.org.mx\/index.php\/category\/chihuahua\/"},"img":{"alt_text":"","src":"https:\/\/i0.wp.com\/www.grieta.org.mx\/wp-content\/uploads\/2018\/03\/14524434_1106112876131411_958039263622046936_o.jpg?resize=350%2C200&ssl=1","width":350,"height":200,"srcset":"https:\/\/i0.wp.com\/www.grieta.org.mx\/wp-content\/uploads\/2018\/03\/14524434_1106112876131411_958039263622046936_o.jpg?resize=350%2C200&ssl=1 1x, https:\/\/i0.wp.com\/www.grieta.org.mx\/wp-content\/uploads\/2018\/03\/14524434_1106112876131411_958039263622046936_o.jpg?resize=525%2C300&ssl=1 1.5x, https:\/\/i0.wp.com\/www.grieta.org.mx\/wp-content\/uploads\/2018\/03\/14524434_1106112876131411_958039263622046936_o.jpg?resize=700%2C400&ssl=1 2x"},"classes":[]},{"id":23545,"url":"https:\/\/www.grieta.org.mx\/index.php\/2018\/06\/04\/reportan-ocho-desaparecidos-y-dos-lesionados-tras-reventar-presa-en-mina-de-chihuahua-videos\/","url_meta":{"origin":15823,"position":3},"title":"Reportan ocho desaparecidos y dos lesionados tras reventar presa en mina de Chihuahua (Videos)","author":"grieta","date":"4 junio, 2018","format":false,"excerpt":"La presa que revent\u00f3 en Chihuahua. Foto: Especial Patricia Mayorga CIUDAD DE M\u00c9XICO (apro).- Esta ma\u00f1ana revent\u00f3 la presa de jales que contiene los l\u00edquidos de desecho de la empresa Mina R\u00edo Tinto SA de CV, localizada en la comunidad Cieneguita de Oro en el municipio de Urique, Chihuahua, lo\u2026","rel":"","context":"En &quot;Chihuahua&quot;","block_context":{"text":"Chihuahua","link":"https:\/\/www.grieta.org.mx\/index.php\/category\/noticias-nacionales\/chihuahua\/"},"img":{"alt_text":"","src":"https:\/\/i0.wp.com\/www.grieta.org.mx\/wp-content\/uploads\/2018\/03\/14524434_1106112876131411_958039263622046936_o.jpg?resize=350%2C200&ssl=1","width":350,"height":200,"srcset":"https:\/\/i0.wp.com\/www.grieta.org.mx\/wp-content\/uploads\/2018\/03\/14524434_1106112876131411_958039263622046936_o.jpg?resize=350%2C200&ssl=1 1x, https:\/\/i0.wp.com\/www.grieta.org.mx\/wp-content\/uploads\/2018\/03\/14524434_1106112876131411_958039263622046936_o.jpg?resize=525%2C300&ssl=1 1.5x, https:\/\/i0.wp.com\/www.grieta.org.mx\/wp-content\/uploads\/2018\/03\/14524434_1106112876131411_958039263622046936_o.jpg?resize=700%2C400&ssl=1 2x"},"classes":[]},{"id":14813,"url":"https:\/\/www.grieta.org.mx\/index.php\/2016\/06\/20\/condenan-en-tabasco-genocidio-en-oaxaca-maestros-alistan-protestas\/","url_meta":{"origin":15823,"position":4},"title":"Condenan en Tabasco \u201cgenocidio\u201d en Oaxaca; maestros alistan protestas","author":"grieta","date":"20 junio, 2016","format":false,"excerpt":"Armando Guzm\u00e1n VILLAHERMOSA, Tab. (apro).- La Coordinadora Estatal de Trabajadores de la Educaci\u00f3n en Tabasco (CETET), adherida a la CNTE, repudi\u00f3 \u201cel genocidio\u201d que dej\u00f3 como saldo ocho muertos y decenas de heridos y detenidos en Oaxaca, y convoc\u00f3 a movilizaciones para el pr\u00f3ximo jueves 23. \u201cEn Oaxaca la represi\u00f3n\u2026","rel":"","context":"En &quot;CINTILLO&quot;","block_context":{"text":"CINTILLO","link":"https:\/\/www.grieta.org.mx\/index.php\/category\/cintillo\/"},"img":{"alt_text":"","src":"https:\/\/i0.wp.com\/www.grieta.org.mx\/wp-content\/uploads\/2018\/03\/14524434_1106112876131411_958039263622046936_o.jpg?resize=350%2C200&ssl=1","width":350,"height":200,"srcset":"https:\/\/i0.wp.com\/www.grieta.org.mx\/wp-content\/uploads\/2018\/03\/14524434_1106112876131411_958039263622046936_o.jpg?resize=350%2C200&ssl=1 1x, https:\/\/i0.wp.com\/www.grieta.org.mx\/wp-content\/uploads\/2018\/03\/14524434_1106112876131411_958039263622046936_o.jpg?resize=525%2C300&ssl=1 1.5x, https:\/\/i0.wp.com\/www.grieta.org.mx\/wp-content\/uploads\/2018\/03\/14524434_1106112876131411_958039263622046936_o.jpg?resize=700%2C400&ssl=1 2x"},"classes":[]},{"id":14228,"url":"https:\/\/www.grieta.org.mx\/index.php\/2016\/06\/13\/ante-represion-se-solidarizan-maestros-en-chihuahua-con-la-cnte-en-oaxaca\/","url_meta":{"origin":15823,"position":5},"title":"Ante represi\u00f3n se solidarizan maestros en Chihuahua con la CNTE en Oaxaca","author":"grieta","date":"13 junio, 2016","format":false,"excerpt":"Frontenet Gustavo Ramos Organizaciones magisteriales se solidarizaron con los maestros en resistencia en otros estados como Oaxaca, Michoac\u00e1n, Guerrero y Chiapas, tras la aprensi\u00f3n de uno de los l\u00edderes del movimiento oaxaque\u00f1o. Rosal\u00edo Morales Vargas coment\u00f3 que la represi\u00f3n obedece a que la reforma ya no prosper\u00f3, por lo que\u2026","rel":"","context":"En &quot;chihuahua&quot;","block_context":{"text":"chihuahua","link":"https:\/\/www.grieta.org.mx\/index.php\/category\/chihuahua\/"},"img":{"alt_text":"","src":"https:\/\/i0.wp.com\/www.grieta.org.mx\/wp-content\/uploads\/2018\/03\/14524434_1106112876131411_958039263622046936_o.jpg?resize=350%2C200&ssl=1","width":350,"height":200,"srcset":"https:\/\/i0.wp.com\/www.grieta.org.mx\/wp-content\/uploads\/2018\/03\/14524434_1106112876131411_958039263622046936_o.jpg?resize=350%2C200&ssl=1 1x, https:\/\/i0.wp.com\/www.grieta.org.mx\/wp-content\/uploads\/2018\/03\/14524434_1106112876131411_958039263622046936_o.jpg?resize=525%2C300&ssl=1 1.5x, https:\/\/i0.wp.com\/www.grieta.org.mx\/wp-content\/uploads\/2018\/03\/14524434_1106112876131411_958039263622046936_o.jpg?resize=700%2C400&ssl=1 2x"},"classes":[]}],"_links":{"self":[{"href":"https:\/\/www.grieta.org.mx\/index.php\/wp-json\/wp\/v2\/posts\/15823","targetHints":{"allow":["GET"]}}],"collection":[{"href":"https:\/\/www.grieta.org.mx\/index.php\/wp-json\/wp\/v2\/posts"}],"about":[{"href":"https:\/\/www.grieta.org.mx\/index.php\/wp-json\/wp\/v2\/types\/post"}],"author":[{"embeddable":true,"href":"https:\/\/www.grieta.org.mx\/index.php\/wp-json\/wp\/v2\/users\/2"}],"replies":[{"embeddable":true,"href":"https:\/\/www.grieta.org.mx\/index.php\/wp-json\/wp\/v2\/comments?post=15823"}],"version-history":[{"count":1,"href":"https:\/\/www.grieta.org.mx\/index.php\/wp-json\/wp\/v2\/posts\/15823\/revisions"}],"predecessor-version":[{"id":15825,"href":"https:\/\/www.grieta.org.mx\/index.php\/wp-json\/wp\/v2\/posts\/15823\/revisions\/15825"}],"wp:featuredmedia":[{"embeddable":true,"href":"https:\/\/www.grieta.org.mx\/index.php\/wp-json\/wp\/v2\/media\/21928"}],"wp:attachment":[{"href":"https:\/\/www.grieta.org.mx\/index.php\/wp-json\/wp\/v2\/media?parent=15823"}],"wp:term":[{"taxonomy":"category","embeddable":true,"href":"https:\/\/www.grieta.org.mx\/index.php\/wp-json\/wp\/v2\/categories?post=15823"},{"taxonomy":"post_tag","embeddable":true,"href":"https:\/\/www.grieta.org.mx\/index.php\/wp-json\/wp\/v2\/tags?post=15823"}],"curies":[{"name":"wp","href":"https:\/\/api.w.org\/{rel}","templated":true}]}}