{"id":1581,"date":"2016-01-27T00:04:50","date_gmt":"2016-01-27T00:04:50","guid":{"rendered":"http:\/\/50.22.11.12\/~grietaor\/?p=1581"},"modified":"2016-03-09T00:08:41","modified_gmt":"2016-03-09T00:08:41","slug":"pese-a-la-alerta-de-genero-en-edomex-feminicidos-siguen-incontenibles-en-lo-que-va-del-ano-12-asesinatos-y-ni-un-sospechoso","status":"publish","type":"post","link":"https:\/\/www.grieta.org.mx\/index.php\/2016\/01\/27\/pese-a-la-alerta-de-genero-en-edomex-feminicidos-siguen-incontenibles-en-lo-que-va-del-ano-12-asesinatos-y-ni-un-sospechoso\/","title":{"rendered":"Pese a la alerta de g\u00e9nero en Edomex feminicidos siguen incontenibles; en lo que va del a\u00f1o 12 asesinatos y ni un sospechoso"},"content":{"rendered":"<p>La violencia contra las mujeres que se vive en el Estado de M\u00e9xico es desbordante ya que pese a haber emitido la alerta de g\u00e9nero por la que activistas y organizaciones no gubernamentales pidieron por largo tiempo, los feminicidios nos cesan, apenas en lo que va del primigenio 2016 ya existen 12 muertes violentas a mujeres sin sospechoso alguno detenido ni identificado.<\/p>\n<p>El Estado de M\u00e9xico cuenta con 11 municipios en los que se emiti\u00f3 dicha alerta, pero los esfuerzos de las fuerzas estatales y municipales no han podido frenar estos sucesos.<\/p>\n<p>Desde el a\u00f1o pasado todas las muertes violentas de mujeres que ocurren en esas localidades son tratadas como feminicidios y las investigaciones se realizan con perspectiva de g\u00e9nero.<\/p>\n<p>El titular de la Procuradur\u00eda General de Justicia del Estado de M\u00e9xico (Pgjem), Alejandro G\u00f3mez S\u00e1nchez, extern\u00f3 que los delitos que anteriormente se persegu\u00edan como homicidios, ahora son feminicidios pues as\u00ed lo orden\u00f3 la Suprema Corte de Justicia de la Naci\u00f3n al resolver un amparo en el cual instruy\u00f3 al Ministerio P\u00fablico a reabrir una investigaci\u00f3n para darle seguimiento con perspectiva de g\u00e9nero.<\/p>\n<p>El m\u00e1s reciente suceso que sum\u00f3 a la ola de violencia en contra de las mujeres se dio el fin de semana pasado donde fueron localizados en Jilotepec, en el norte de la entidad, los cuerpos de dos estudiantes menores de 20 a\u00f1os, originarias de Tepeji del R\u00edo, desaparecidas el jueves anterior.<\/p>\n<p>Otra joven fue arrancada de la vida el lunes 25, el cuerpo de una mujer de alrededor de 20 a\u00f1os fue encontrado a un costado de la carretera M\u00e9xico-Cuautla, municipio de Tlalmanalco.<\/p>\n<p><a href=\"http:\/\/revoluciontrespuntocero.com\/pese-a-la-alerta-de-genero-en-edomex-feminicidos-siguen-incontenibles-en-lo-que-va-del-ano-12-asesinatos-y-ni-un-sospechoso\/\" target=\"_blank\">revoluciontrespuntocero.com\/pese-a-la-alerta-de-genero-en-edomex-feminicidos-siguen-incontenibles-en-lo-que-va-del-ano-12-asesinatos-y-ni-un-sospechoso\/<\/a><\/p>\n","protected":false},"excerpt":{"rendered":"<p>La violencia contra las mujeres que se vive en el Estado de M\u00e9xico es desbordante ya que pese a haber emitido la alerta de g\u00e9nero por la que activistas y &hellip; <a href=\"https:\/\/www.grieta.org.mx\/index.php\/2016\/01\/27\/pese-a-la-alerta-de-genero-en-edomex-feminicidos-siguen-incontenibles-en-lo-que-va-del-ano-12-asesinatos-y-ni-un-sospechoso\/\" class=\"more-link\">Leer m\u00e1s<\/a><\/p>\n","protected":false},"author":2,"featured_media":21928,"comment_status":"closed","ping_status":"open","sticky":false,"template":"","format":"standard","meta":{"ngg_post_thumbnail":0,"_jetpack_newsletter_access":"","_jetpack_dont_email_post_to_subs":false,"_jetpack_newsletter_tier_id":0,"_jetpack_memberships_contains_paywalled_content":false,"_jetpack_memberships_contains_paid_content":false,"footnotes":""},"categories":[80],"tags":[92,81],"class_list":["post-1581","post","type-post","status-publish","format-standard","has-post-thumbnail","hentry","category-cintillo","tag-estado-de-mexico","tag-feminicidios","entry"],"jetpack_featured_media_url":"https:\/\/www.grieta.org.mx\/wp-content\/uploads\/2018\/03\/14524434_1106112876131411_958039263622046936_o.jpg","jetpack_sharing_enabled":true,"jetpack_shortlink":"https:\/\/wp.me\/p7ZJR4-pv","jetpack_likes_enabled":false,"jetpack-related-posts":[{"id":9301,"url":"https:\/\/www.grieta.org.mx\/index.php\/2015\/07\/20\/una-ong-pide-alerta-de-genero-para-acapulco-por-feminicidios\/","url_meta":{"origin":1581,"position":0},"title":"Una ONG pide alerta de g\u00e9nero para Acapulco por feminicidios","author":"grieta","date":"20 julio, 2015","format":false,"excerpt":"CNN Laura Reyes Una agrupaci\u00f3n de mujeres en Guerrero, al sur de M\u00e9xico, exigi\u00f3 este lunes a los gobiernos estatal y federal que emitan una alerta de g\u00e9nero en el puerto de Acapulco, por las altas cifras de feminicidios. En entrevista, la representante de Fundaci\u00f3n Bloque de Mujeres al Poder,\u2026","rel":"","context":"En &quot;CINTILLO&quot;","block_context":{"text":"CINTILLO","link":"https:\/\/www.grieta.org.mx\/index.php\/category\/cintillo\/"},"img":{"alt_text":"","src":"https:\/\/i0.wp.com\/www.grieta.org.mx\/wp-content\/uploads\/2018\/03\/14524434_1106112876131411_958039263622046936_o.jpg?resize=350%2C200&ssl=1","width":350,"height":200,"srcset":"https:\/\/i0.wp.com\/www.grieta.org.mx\/wp-content\/uploads\/2018\/03\/14524434_1106112876131411_958039263622046936_o.jpg?resize=350%2C200&ssl=1 1x, https:\/\/i0.wp.com\/www.grieta.org.mx\/wp-content\/uploads\/2018\/03\/14524434_1106112876131411_958039263622046936_o.jpg?resize=525%2C300&ssl=1 1.5x, https:\/\/i0.wp.com\/www.grieta.org.mx\/wp-content\/uploads\/2018\/03\/14524434_1106112876131411_958039263622046936_o.jpg?resize=700%2C400&ssl=1 2x"},"classes":[]},{"id":38445,"url":"https:\/\/www.grieta.org.mx\/index.php\/2019\/08\/19\/veracruz-y-estado-de-mexico-es-donde-mas-se-mata-a-las-ninas\/","url_meta":{"origin":1581,"position":1},"title":"Veracruz y Estado de M\u00e9xico es donde m\u00e1s se mata a las ni\u00f1as","author":"grieta","date":"19 agosto, 2019","format":false,"excerpt":"Angeles Pillado \/ SDP Veracruz y el Edomex son las entidades donde se perpetra m\u00e1s el feminicidio infantil; en lo que va de 2019, 54 ni\u00f1as fueron asesinadas. M\u00e9xico.- Los estados de Veracruz y M\u00e9xico encabezan en cifras el feminicidio infantil pese a que ambas entidades tienen activas Alertas de\u2026","rel":"","context":"En &quot;CINTILLO&quot;","block_context":{"text":"CINTILLO","link":"https:\/\/www.grieta.org.mx\/index.php\/category\/cintillo\/"},"img":{"alt_text":"","src":"https:\/\/i0.wp.com\/www.grieta.org.mx\/wp-content\/uploads\/2019\/08\/5d5b169fcd9a9.jpeg?resize=350%2C200&ssl=1","width":350,"height":200,"srcset":"https:\/\/i0.wp.com\/www.grieta.org.mx\/wp-content\/uploads\/2019\/08\/5d5b169fcd9a9.jpeg?resize=350%2C200&ssl=1 1x, https:\/\/i0.wp.com\/www.grieta.org.mx\/wp-content\/uploads\/2019\/08\/5d5b169fcd9a9.jpeg?resize=525%2C300&ssl=1 1.5x, https:\/\/i0.wp.com\/www.grieta.org.mx\/wp-content\/uploads\/2019\/08\/5d5b169fcd9a9.jpeg?resize=700%2C400&ssl=1 2x"},"classes":[]},{"id":2498,"url":"https:\/\/www.grieta.org.mx\/index.php\/2016\/08\/22\/feminicidios-en-el-estado-de-mexico\/","url_meta":{"origin":1581,"position":2},"title":"Feminicidios en el Estado de M\u00e9xico","author":"grieta","date":"22 agosto, 2016","format":false,"excerpt":"22\/08\/16. Crecen violencia machista y n\u00famero de mujeres desaparecidasTres PM 10\/08\/16. Once feminicidios violentos en una semana en Edo. de M\u00e9xicoDiario Cambio 02\/08\/16. AVG Edomex, un a\u00f1o de omisi\u00f3n y discurso medi\u00e1ticoSomos el Medio 26\/07\/16. La Alerta de G\u00e9nero cumple 1 a\u00f1o, y nada: Edomex no mueve un dedo contra\u2026","rel":"","context":"En &quot;Estado de M\u00e9xico&quot;","block_context":{"text":"Estado de M\u00e9xico","link":"https:\/\/www.grieta.org.mx\/index.php\/category\/noticias-nacionales\/estado-de-mexico\/"},"img":{"alt_text":"","src":"https:\/\/i0.wp.com\/www.grieta.org.mx\/wp-content\/uploads\/2018\/03\/14524434_1106112876131411_958039263622046936_o.jpg?resize=350%2C200&ssl=1","width":350,"height":200,"srcset":"https:\/\/i0.wp.com\/www.grieta.org.mx\/wp-content\/uploads\/2018\/03\/14524434_1106112876131411_958039263622046936_o.jpg?resize=350%2C200&ssl=1 1x, https:\/\/i0.wp.com\/www.grieta.org.mx\/wp-content\/uploads\/2018\/03\/14524434_1106112876131411_958039263622046936_o.jpg?resize=525%2C300&ssl=1 1.5x, https:\/\/i0.wp.com\/www.grieta.org.mx\/wp-content\/uploads\/2018\/03\/14524434_1106112876131411_958039263622046936_o.jpg?resize=700%2C400&ssl=1 2x"},"classes":[]},{"id":1643,"url":"https:\/\/www.grieta.org.mx\/index.php\/2015\/08\/24\/en-2015-19-feminicidios-en-municipios-de-edomex-con-alerta-de-genero\/","url_meta":{"origin":1581,"position":3},"title":"En 2015, 19 feminicidios en municipios de Edomex con alerta de g\u00e9nero","author":"grieta","date":"24 agosto, 2015","format":false,"excerpt":"Rebeca Jim\u00e9nez Jacinto En once municipios mexiquenses se han registrado 19 feminicidios en lo que va del a\u00f1o, de enero al 19 de agosto, donde incluso, mujeres han fallecido por las agresiones de sus propios familiares. De acuerdo a datos de la Procuradur\u00eda General de Justicia del Estado de M\u00e9xico,\u2026","rel":"","context":"En &quot;CINTILLO&quot;","block_context":{"text":"CINTILLO","link":"https:\/\/www.grieta.org.mx\/index.php\/category\/cintillo\/"},"img":{"alt_text":"","src":"https:\/\/i0.wp.com\/www.grieta.org.mx\/wp-content\/uploads\/2018\/03\/14524434_1106112876131411_958039263622046936_o.jpg?resize=350%2C200&ssl=1","width":350,"height":200,"srcset":"https:\/\/i0.wp.com\/www.grieta.org.mx\/wp-content\/uploads\/2018\/03\/14524434_1106112876131411_958039263622046936_o.jpg?resize=350%2C200&ssl=1 1x, https:\/\/i0.wp.com\/www.grieta.org.mx\/wp-content\/uploads\/2018\/03\/14524434_1106112876131411_958039263622046936_o.jpg?resize=525%2C300&ssl=1 1.5x, https:\/\/i0.wp.com\/www.grieta.org.mx\/wp-content\/uploads\/2018\/03\/14524434_1106112876131411_958039263622046936_o.jpg?resize=700%2C400&ssl=1 2x"},"classes":[]},{"id":48344,"url":"https:\/\/www.grieta.org.mx\/index.php\/2020\/04\/21\/en-4-anos-edomex-llega-a-17-mil-muertes-violentas-de-mujeres-estado-de-mexico\/","url_meta":{"origin":1581,"position":4},"title":"En 4 a\u00f1os Edomex llega a 17 mil muertes violentas de mujeres (Estado de M\u00e9xico)","author":"grieta","date":"21 abril, 2020","format":false,"excerpt":"Imagen tomada de: cimacnoticias.com.mx Ang\u00e9lica Jocelyn Soto Espinosa \/ CIMAC Noticias Ciudad de M\u00e9xico. El Estado de M\u00e9xico (Edomex) acumul\u00f3 17 mil 510 muertes violentas de mujeres de enero de 2015 a diciembre 2019, pero desde que inici\u00f3 la Alerta de Violencia de G\u00e9nero (AVG) en la entidad hasta el\u2026","rel":"","context":"En &quot;CINTILLO&quot;","block_context":{"text":"CINTILLO","link":"https:\/\/www.grieta.org.mx\/index.php\/category\/cintillo\/"},"img":{"alt_text":"","src":"https:\/\/i0.wp.com\/www.grieta.org.mx\/wp-content\/uploads\/2020\/04\/En-4-a%C3%B1os-Edomex-llega-a-17-mil-muertes-violentas-de-mujeres-edomex-abr.jpg?resize=350%2C200&ssl=1","width":350,"height":200,"srcset":"https:\/\/i0.wp.com\/www.grieta.org.mx\/wp-content\/uploads\/2020\/04\/En-4-a%C3%B1os-Edomex-llega-a-17-mil-muertes-violentas-de-mujeres-edomex-abr.jpg?resize=350%2C200&ssl=1 1x, https:\/\/i0.wp.com\/www.grieta.org.mx\/wp-content\/uploads\/2020\/04\/En-4-a%C3%B1os-Edomex-llega-a-17-mil-muertes-violentas-de-mujeres-edomex-abr.jpg?resize=525%2C300&ssl=1 1.5x, https:\/\/i0.wp.com\/www.grieta.org.mx\/wp-content\/uploads\/2020\/04\/En-4-a%C3%B1os-Edomex-llega-a-17-mil-muertes-violentas-de-mujeres-edomex-abr.jpg?resize=700%2C400&ssl=1 2x, https:\/\/i0.wp.com\/www.grieta.org.mx\/wp-content\/uploads\/2020\/04\/En-4-a%C3%B1os-Edomex-llega-a-17-mil-muertes-violentas-de-mujeres-edomex-abr.jpg?resize=1050%2C600&ssl=1 3x"},"classes":[]},{"id":31312,"url":"https:\/\/www.grieta.org.mx\/index.php\/2019\/03\/19\/en-poco-mas-de-2-anos-slp-registra-90-feminicidios-san-luis-potosi\/","url_meta":{"origin":1581,"position":5},"title":"EN POCO M\u00c1S DE 2 A\u00d1OS, SLP REGISTRA 90 FEMINICIDIOS (San Luis Potos\u00ed)","author":"grieta","date":"19 marzo, 2019","format":false,"excerpt":"Omar Ni\u00f1o La Alerta de de G\u00e9nero Contra Las Mujeres en San Luis Potos\u00ed ha sido un fracaso, se\u00f1al\u00f3 en rueda de prensa el Presidente de la Comisi\u00f3n Estatal de Derechos Humanos Jorge Andr\u00e9s L\u00f3pez Espinoza. El Ombudsman inform\u00f3 que en el 2017 hubo 34 muertes violentas en el 2018\u2026","rel":"","context":"En &quot;CINTILLO&quot;","block_context":{"text":"CINTILLO","link":"https:\/\/www.grieta.org.mx\/index.php\/category\/cintillo\/"},"img":{"alt_text":"","src":"https:\/\/i0.wp.com\/www.grieta.org.mx\/wp-content\/uploads\/2019\/03\/EN-POCO-M%C3%81S-DE-2-A%C3%91OS-SLP-REGISTRA-90-FEMINICIDIOS-slp-mzo.png?resize=350%2C200&ssl=1","width":350,"height":200,"srcset":"https:\/\/i0.wp.com\/www.grieta.org.mx\/wp-content\/uploads\/2019\/03\/EN-POCO-M%C3%81S-DE-2-A%C3%91OS-SLP-REGISTRA-90-FEMINICIDIOS-slp-mzo.png?resize=350%2C200&ssl=1 1x, https:\/\/i0.wp.com\/www.grieta.org.mx\/wp-content\/uploads\/2019\/03\/EN-POCO-M%C3%81S-DE-2-A%C3%91OS-SLP-REGISTRA-90-FEMINICIDIOS-slp-mzo.png?resize=525%2C300&ssl=1 1.5x"},"classes":[]}],"_links":{"self":[{"href":"https:\/\/www.grieta.org.mx\/index.php\/wp-json\/wp\/v2\/posts\/1581","targetHints":{"allow":["GET"]}}],"collection":[{"href":"https:\/\/www.grieta.org.mx\/index.php\/wp-json\/wp\/v2\/posts"}],"about":[{"href":"https:\/\/www.grieta.org.mx\/index.php\/wp-json\/wp\/v2\/types\/post"}],"author":[{"embeddable":true,"href":"https:\/\/www.grieta.org.mx\/index.php\/wp-json\/wp\/v2\/users\/2"}],"replies":[{"embeddable":true,"href":"https:\/\/www.grieta.org.mx\/index.php\/wp-json\/wp\/v2\/comments?post=1581"}],"version-history":[{"count":1,"href":"https:\/\/www.grieta.org.mx\/index.php\/wp-json\/wp\/v2\/posts\/1581\/revisions"}],"predecessor-version":[{"id":1589,"href":"https:\/\/www.grieta.org.mx\/index.php\/wp-json\/wp\/v2\/posts\/1581\/revisions\/1589"}],"wp:featuredmedia":[{"embeddable":true,"href":"https:\/\/www.grieta.org.mx\/index.php\/wp-json\/wp\/v2\/media\/21928"}],"wp:attachment":[{"href":"https:\/\/www.grieta.org.mx\/index.php\/wp-json\/wp\/v2\/media?parent=1581"}],"wp:term":[{"taxonomy":"category","embeddable":true,"href":"https:\/\/www.grieta.org.mx\/index.php\/wp-json\/wp\/v2\/categories?post=1581"},{"taxonomy":"post_tag","embeddable":true,"href":"https:\/\/www.grieta.org.mx\/index.php\/wp-json\/wp\/v2\/tags?post=1581"}],"curies":[{"name":"wp","href":"https:\/\/api.w.org\/{rel}","templated":true}]}}