{"id":15683,"date":"2016-06-22T07:56:44","date_gmt":"2016-06-22T07:56:44","guid":{"rendered":"http:\/\/www.grieta.org.mx\/?p=15683"},"modified":"2016-08-03T01:14:03","modified_gmt":"2016-08-03T06:14:03","slug":"movilizaciones-del-sector-salud-en-queretaro","status":"publish","type":"post","link":"https:\/\/www.grieta.org.mx\/index.php\/2016\/06\/22\/movilizaciones-del-sector-salud-en-queretaro\/","title":{"rendered":"Movilizaciones del sector salud en Quer\u00e9taro"},"content":{"rendered":"<p><strong>22\/06\/16. <\/strong><a href=\"http:\/\/www.grieta.org.mx\/index.php\/2016\/06\/22\/medicos-de-queretaro-se-suman-a-las-protestas-de-yosoy17\/\">M\u00e9dicos de Quer\u00e9taro se suman a las protestas de #YoSoy17<\/a><br \/>\n<em>C\u00f3dice informativo<\/em><\/p>\n<p><strong>22\/06\/16. <\/strong><a href=\"http:\/\/www.grieta.org.mx\/index.php\/2016\/06\/22\/sector-salud-de-queretaro-se-suma-a-movilizacion-nacional-de-medicos\/\">Sector salud de Quer\u00e9taro se suma a movilizaci\u00f3n nacional de m\u00e9dicos<\/a><br \/>\n<em>RR Noticias<\/em><\/p>\n","protected":false},"excerpt":{"rendered":"<p>22\/06\/16. M\u00e9dicos de Quer\u00e9taro se suman a las protestas de #YoSoy17 C\u00f3dice informativo 22\/06\/16. Sector salud de Quer\u00e9taro se suma a movilizaci\u00f3n nacional de m\u00e9dicos RR Noticias<\/p>\n","protected":false},"author":2,"featured_media":21928,"comment_status":"closed","ping_status":"closed","sticky":false,"template":"","format":"standard","meta":{"ngg_post_thumbnail":0,"_jetpack_newsletter_access":"","_jetpack_dont_email_post_to_subs":false,"_jetpack_newsletter_tier_id":0,"_jetpack_memberships_contains_paywalled_content":false,"_jetpack_memberships_contains_paid_content":false,"footnotes":""},"categories":[80,27],"tags":[738],"class_list":["post-15683","post","type-post","status-publish","format-standard","has-post-thumbnail","hentry","category-cintillo","category-queretaro","tag-reforma-salud","entry"],"jetpack_featured_media_url":"https:\/\/www.grieta.org.mx\/wp-content\/uploads\/2018\/03\/14524434_1106112876131411_958039263622046936_o.jpg","jetpack_sharing_enabled":true,"jetpack_shortlink":"https:\/\/wp.me\/p7ZJR4-44X","jetpack_likes_enabled":false,"jetpack-related-posts":[{"id":50815,"url":"https:\/\/www.grieta.org.mx\/index.php\/2020\/06\/09\/enfermeras-y-doctores-exigen-mejores-insumos-medicos-queretaro\/","url_meta":{"origin":15683,"position":0},"title":"Enfermeras y Doctores exigen mejores insumos m\u00e9dicos (Quer\u00e9taro)","author":"grieta","date":"9 junio, 2020","format":false,"excerpt":"Foto: www.facebook.com\/InboxPolitico Inbox Pol\u00edtico Este martes se llevaron acabo dos manifestaciones -en la capital del Estado de Quer\u00e9taro- ambas integradas por personal m\u00e9dico. En la primera, Enfermeras del Hospital de Especialidades del Ni\u00f1o y la Mujer, en Plaza de Armas, exigieron insumos de calidad para atender a pacientes Covid. En\u2026","rel":"","context":"En &quot;CINTILLO&quot;","block_context":{"text":"CINTILLO","link":"https:\/\/www.grieta.org.mx\/index.php\/category\/cintillo\/"},"img":{"alt_text":"","src":"https:\/\/i0.wp.com\/www.grieta.org.mx\/wp-content\/uploads\/2020\/06\/Enfermeras-y-Doctores-exigen-mejores-insumos-m%C3%A9dicos-qro-jun.jpg?resize=350%2C200&ssl=1","width":350,"height":200,"srcset":"https:\/\/i0.wp.com\/www.grieta.org.mx\/wp-content\/uploads\/2020\/06\/Enfermeras-y-Doctores-exigen-mejores-insumos-m%C3%A9dicos-qro-jun.jpg?resize=350%2C200&ssl=1 1x, https:\/\/i0.wp.com\/www.grieta.org.mx\/wp-content\/uploads\/2020\/06\/Enfermeras-y-Doctores-exigen-mejores-insumos-m%C3%A9dicos-qro-jun.jpg?resize=525%2C300&ssl=1 1.5x, https:\/\/i0.wp.com\/www.grieta.org.mx\/wp-content\/uploads\/2020\/06\/Enfermeras-y-Doctores-exigen-mejores-insumos-m%C3%A9dicos-qro-jun.jpg?resize=700%2C400&ssl=1 2x"},"classes":[]},{"id":15684,"url":"https:\/\/www.grieta.org.mx\/index.php\/2016\/06\/22\/sector-salud-de-queretaro-se-suma-a-movilizacion-nacional-de-medicos\/","url_meta":{"origin":15683,"position":1},"title":"Sector salud de Quer\u00e9taro se suma a movilizaci\u00f3n nacional de m\u00e9dicos","author":"grieta","date":"22 junio, 2016","format":false,"excerpt":"Ira\u00ed Silva\/RR Noticias Sin interferir el tr\u00e1nsito vehicular y peatonal, personal del Instituto Mexicano del Seguro Social y sector salud en general se manifestaron en solidaridad con el movimiento nacional en defensa del derecho a la salud del pueblo mexicano. De acuerdo con Miguel \u00c1ngel Garc\u00eda, m\u00e9dico del IMSS, esta\u2026","rel":"","context":"En &quot;CINTILLO&quot;","block_context":{"text":"CINTILLO","link":"https:\/\/www.grieta.org.mx\/index.php\/category\/cintillo\/"},"img":{"alt_text":"","src":"https:\/\/i0.wp.com\/www.grieta.org.mx\/wp-content\/uploads\/2018\/03\/14524434_1106112876131411_958039263622046936_o.jpg?resize=350%2C200&ssl=1","width":350,"height":200,"srcset":"https:\/\/i0.wp.com\/www.grieta.org.mx\/wp-content\/uploads\/2018\/03\/14524434_1106112876131411_958039263622046936_o.jpg?resize=350%2C200&ssl=1 1x, https:\/\/i0.wp.com\/www.grieta.org.mx\/wp-content\/uploads\/2018\/03\/14524434_1106112876131411_958039263622046936_o.jpg?resize=525%2C300&ssl=1 1.5x, https:\/\/i0.wp.com\/www.grieta.org.mx\/wp-content\/uploads\/2018\/03\/14524434_1106112876131411_958039263622046936_o.jpg?resize=700%2C400&ssl=1 2x"},"classes":[]},{"id":33918,"url":"https:\/\/www.grieta.org.mx\/index.php\/2019\/05\/25\/incrementa-demanda-de-servicios-medicos-privados-en-queretaro\/","url_meta":{"origin":15683,"position":2},"title":"Incrementa demanda de servicios m\u00e9dicos privados en Quer\u00e9taro","author":"grieta","date":"25 mayo, 2019","format":false,"excerpt":"Ante la crisis presupuestal que recienten instituciones de salud p\u00fablicas, se\u00f1al\u00f3 la FECAPEQ Laura Banda Campos \/ Diario de Quer\u00e9taro Se incrementa la demanda de servicios m\u00e9dicos privados en la entidad, ante la crisis presupuestal que recientes instituciones de salud p\u00fablicas, se\u00f1al\u00f3 el presidente de la Federaci\u00f3n de Colegios y\u2026","rel":"","context":"En &quot;CINTILLO&quot;","block_context":{"text":"CINTILLO","link":"https:\/\/www.grieta.org.mx\/index.php\/category\/cintillo\/"},"img":{"alt_text":"","src":"https:\/\/i0.wp.com\/www.grieta.org.mx\/wp-content\/uploads\/2019\/05\/HOSPITALES.jpg?resize=350%2C200&ssl=1","width":350,"height":200,"srcset":"https:\/\/i0.wp.com\/www.grieta.org.mx\/wp-content\/uploads\/2019\/05\/HOSPITALES.jpg?resize=350%2C200&ssl=1 1x, https:\/\/i0.wp.com\/www.grieta.org.mx\/wp-content\/uploads\/2019\/05\/HOSPITALES.jpg?resize=525%2C300&ssl=1 1.5x, https:\/\/i0.wp.com\/www.grieta.org.mx\/wp-content\/uploads\/2019\/05\/HOSPITALES.jpg?resize=700%2C400&ssl=1 2x"},"classes":[]},{"id":34353,"url":"https:\/\/www.grieta.org.mx\/index.php\/2019\/05\/27\/desaparicion-de-plazas-para-medicos-pasantes-afectara-a-la-poblacion-queretaro\/","url_meta":{"origin":15683,"position":3},"title":"Desaparici\u00f3n de plazas para m\u00e9dicos pasantes afectar\u00e1 a la poblaci\u00f3n (Quer\u00e9taro)","author":"grieta","date":"27 mayo, 2019","format":false,"excerpt":"Francisco Vel\u00e1zquez Ram\u00edrez \/ C\u00f3digo Quer\u00e9taro La desaparici\u00f3n de plazas para m\u00e9dicos pasantes generar\u00e1 un impacto negativo en la poblaci\u00f3n,\u00a0ya que hay gente de escasos recursos en el pa\u00eds que no tiene acceso a los servicios de salud, pero tiene derecho a tener un m\u00e9dico pasante en su comunidad, sostuvo\u2026","rel":"","context":"En &quot;CINTILLO&quot;","block_context":{"text":"CINTILLO","link":"https:\/\/www.grieta.org.mx\/index.php\/category\/cintillo\/"},"img":{"alt_text":"","src":"https:\/\/i0.wp.com\/www.grieta.org.mx\/wp-content\/uploads\/2019\/06\/Desaparicion-de-plazas-para-medicos-pasantes-afectara-a-la-poblacion.jpg?resize=350%2C200&ssl=1","width":350,"height":200,"srcset":"https:\/\/i0.wp.com\/www.grieta.org.mx\/wp-content\/uploads\/2019\/06\/Desaparicion-de-plazas-para-medicos-pasantes-afectara-a-la-poblacion.jpg?resize=350%2C200&ssl=1 1x, https:\/\/i0.wp.com\/www.grieta.org.mx\/wp-content\/uploads\/2019\/06\/Desaparicion-de-plazas-para-medicos-pasantes-afectara-a-la-poblacion.jpg?resize=525%2C300&ssl=1 1.5x, https:\/\/i0.wp.com\/www.grieta.org.mx\/wp-content\/uploads\/2019\/06\/Desaparicion-de-plazas-para-medicos-pasantes-afectara-a-la-poblacion.jpg?resize=700%2C400&ssl=1 2x, https:\/\/i0.wp.com\/www.grieta.org.mx\/wp-content\/uploads\/2019\/06\/Desaparicion-de-plazas-para-medicos-pasantes-afectara-a-la-poblacion.jpg?resize=1050%2C600&ssl=1 3x"},"classes":[]},{"id":32279,"url":"https:\/\/www.grieta.org.mx\/index.php\/2019\/04\/04\/mantiene-issste-qro-solo-a-50-de-200-empleados-medicos-suplentes-queretaro\/","url_meta":{"origin":15683,"position":4},"title":"Mantiene ISSSTE Qro solo a 50 de 200 empleados m\u00e9dicos suplentes (Quer\u00e9taro)","author":"grieta","date":"4 abril, 2019","format":false,"excerpt":"Mariana Villalobos \/ Quadratin QUER\u00c9TARO, Qro., 04 de abril de 2019.- El hospital general del Instituto de Seguridad y Servicios Sociales de los Trabajadores del Estado (ISSSTE) solo conserv\u00f3 activos a 50 personas de las m\u00e1s de 200 que prestaban sus servicios como personal suplente permanente, informo Thal\u00eda Gonz\u00e1lez una\u2026","rel":"","context":"En &quot;CINTILLO&quot;","block_context":{"text":"CINTILLO","link":"https:\/\/www.grieta.org.mx\/index.php\/category\/cintillo\/"},"img":{"alt_text":"","src":"https:\/\/i0.wp.com\/www.grieta.org.mx\/wp-content\/uploads\/2019\/04\/saluqro.jpeg?resize=350%2C200&ssl=1","width":350,"height":200,"srcset":"https:\/\/i0.wp.com\/www.grieta.org.mx\/wp-content\/uploads\/2019\/04\/saluqro.jpeg?resize=350%2C200&ssl=1 1x, https:\/\/i0.wp.com\/www.grieta.org.mx\/wp-content\/uploads\/2019\/04\/saluqro.jpeg?resize=525%2C300&ssl=1 1.5x, https:\/\/i0.wp.com\/www.grieta.org.mx\/wp-content\/uploads\/2019\/04\/saluqro.jpeg?resize=700%2C400&ssl=1 2x, https:\/\/i0.wp.com\/www.grieta.org.mx\/wp-content\/uploads\/2019\/04\/saluqro.jpeg?resize=1050%2C600&ssl=1 3x"},"classes":[]},{"id":35119,"url":"https:\/\/www.grieta.org.mx\/index.php\/2019\/06\/15\/agoniza-servicio-medico-del-issste-en-10-municipios-de-queretaro\/","url_meta":{"origin":15683,"position":5},"title":"Agoniza servicio m\u00e9dico del ISSSTE en 10 municipios de Quer\u00e9taro","author":"grieta","date":"15 junio, 2019","format":false,"excerpt":"Dos m\u00e9dicos para una cl\u00ednica; ni agua para los ba\u00f1os: sindicato Alejandro Pay\u00e1n V\u00e1zquez \/ El Diario de Quer\u00e9taro Personal m\u00e9dico del ISSSTE trabaja a pesar de las carencias y fallas en la infraestructura, asegur\u00f3 el secretario de Trabajo y Conflictos de la secci\u00f3n XXVIII del SNTISSSTE, Emilio Monroy Calvo.\u2026","rel":"","context":"En &quot;CINTILLO&quot;","block_context":{"text":"CINTILLO","link":"https:\/\/www.grieta.org.mx\/index.php\/category\/cintillo\/"},"img":{"alt_text":"","src":"https:\/\/i0.wp.com\/www.grieta.org.mx\/wp-content\/uploads\/2019\/06\/falta-agua.jpg?resize=350%2C200&ssl=1","width":350,"height":200,"srcset":"https:\/\/i0.wp.com\/www.grieta.org.mx\/wp-content\/uploads\/2019\/06\/falta-agua.jpg?resize=350%2C200&ssl=1 1x, https:\/\/i0.wp.com\/www.grieta.org.mx\/wp-content\/uploads\/2019\/06\/falta-agua.jpg?resize=525%2C300&ssl=1 1.5x, https:\/\/i0.wp.com\/www.grieta.org.mx\/wp-content\/uploads\/2019\/06\/falta-agua.jpg?resize=700%2C400&ssl=1 2x"},"classes":[]}],"_links":{"self":[{"href":"https:\/\/www.grieta.org.mx\/index.php\/wp-json\/wp\/v2\/posts\/15683","targetHints":{"allow":["GET"]}}],"collection":[{"href":"https:\/\/www.grieta.org.mx\/index.php\/wp-json\/wp\/v2\/posts"}],"about":[{"href":"https:\/\/www.grieta.org.mx\/index.php\/wp-json\/wp\/v2\/types\/post"}],"author":[{"embeddable":true,"href":"https:\/\/www.grieta.org.mx\/index.php\/wp-json\/wp\/v2\/users\/2"}],"replies":[{"embeddable":true,"href":"https:\/\/www.grieta.org.mx\/index.php\/wp-json\/wp\/v2\/comments?post=15683"}],"version-history":[{"count":1,"href":"https:\/\/www.grieta.org.mx\/index.php\/wp-json\/wp\/v2\/posts\/15683\/revisions"}],"predecessor-version":[{"id":18672,"href":"https:\/\/www.grieta.org.mx\/index.php\/wp-json\/wp\/v2\/posts\/15683\/revisions\/18672"}],"wp:featuredmedia":[{"embeddable":true,"href":"https:\/\/www.grieta.org.mx\/index.php\/wp-json\/wp\/v2\/media\/21928"}],"wp:attachment":[{"href":"https:\/\/www.grieta.org.mx\/index.php\/wp-json\/wp\/v2\/media?parent=15683"}],"wp:term":[{"taxonomy":"category","embeddable":true,"href":"https:\/\/www.grieta.org.mx\/index.php\/wp-json\/wp\/v2\/categories?post=15683"},{"taxonomy":"post_tag","embeddable":true,"href":"https:\/\/www.grieta.org.mx\/index.php\/wp-json\/wp\/v2\/tags?post=15683"}],"curies":[{"name":"wp","href":"https:\/\/api.w.org\/{rel}","templated":true}]}}