{"id":15590,"date":"2016-06-29T22:55:26","date_gmt":"2016-06-29T22:55:26","guid":{"rendered":"http:\/\/www.grieta.org.mx\/?p=15590"},"modified":"2016-06-30T03:57:52","modified_gmt":"2016-06-30T03:57:52","slug":"miles-de-maestros-toman-de-nuevo-las-calles-de-monterrey","status":"publish","type":"post","link":"https:\/\/www.grieta.org.mx\/index.php\/2016\/06\/29\/miles-de-maestros-toman-de-nuevo-las-calles-de-monterrey\/","title":{"rendered":"Miles de maestros &#8216;toman&#8217; de nuevo las calles de Monterrey"},"content":{"rendered":"<p>Por Erick Mu\u00f1iz, corresponsal<\/p>\n<p><img decoding=\"async\" data-attachment-id=\"15591\" data-permalink=\"https:\/\/www.grieta.org.mx\/index.php\/2016\/06\/29\/miles-de-maestros-toman-de-nuevo-las-calles-de-monterrey\/nl\/\" data-orig-file=\"https:\/\/www.grieta.org.mx\/wp-content\/uploads\/2016\/06\/nl.jpg\" data-orig-size=\"1024,576\" data-comments-opened=\"0\" data-image-meta=\"{&quot;aperture&quot;:&quot;0&quot;,&quot;credit&quot;:&quot;&quot;,&quot;camera&quot;:&quot;&quot;,&quot;caption&quot;:&quot;&quot;,&quot;created_timestamp&quot;:&quot;0&quot;,&quot;copyright&quot;:&quot;&quot;,&quot;focal_length&quot;:&quot;0&quot;,&quot;iso&quot;:&quot;0&quot;,&quot;shutter_speed&quot;:&quot;0&quot;,&quot;title&quot;:&quot;&quot;,&quot;orientation&quot;:&quot;0&quot;}\" data-image-title=\"nl\" data-image-description=\"\" data-image-caption=\"\" data-medium-file=\"https:\/\/www.grieta.org.mx\/wp-content\/uploads\/2016\/06\/nl-300x169.jpg\" data-large-file=\"https:\/\/www.grieta.org.mx\/wp-content\/uploads\/2016\/06\/nl-1024x576.jpg\" src=\"http:\/\/www.grieta.org.mx\/wp-content\/uploads\/2016\/06\/nl-300x169.jpg\" alt=\"nl\" width=\"100%\" class=\"aligncenter size-medium wp-image-15591\" srcset=\"https:\/\/www.grieta.org.mx\/wp-content\/uploads\/2016\/06\/nl-300x169.jpg 300w, https:\/\/www.grieta.org.mx\/wp-content\/uploads\/2016\/06\/nl-768x432.jpg 768w, https:\/\/www.grieta.org.mx\/wp-content\/uploads\/2016\/06\/nl.jpg 1024w\" sizes=\"(max-width: 300px) 100vw, 300px\" \/><\/p>\n<p>Alrededor de 5 mil maestros marcharon por varias calles del centro de Monterrey. Foto Erick Mu\u00f1iz<\/p>\n<p>Monterrey, NL. Miles de maestros &#8216;tomaron&#8217; otra vez las calles de Monterrey y, adem\u00e1s de volver a paralizar el primer cuadro de la ciudad, anunciaron un paro de labores el pr\u00f3ximo viernes, es decir 15 d\u00edas antes de que concluya el calendario escolar.<\/p>\n<p>Los alrededor de 5 mil profesores desafiaron por segunda vez la petici\u00f3n del gobernador, Jaime Rodr\u00edguez, quien el martes les solicit\u00f3 &#8220;no convertir Nuevo Le\u00f3n en una Ciudad de M\u00e9xico&#8221; y realizar sus protestas sin bloquear el tr\u00e1nsito vehicular.<\/p>\n<p>Desde las 18:00 horas, los integrantes de los diferentes grupos que conforman el movimiento que no tiene una cabeza visible, convocaron a reunirse en la Explanada de los H\u00e9roes, frente al palacio de Gobierno. Despu\u00e9s de una hora y media de asamblea decidieron llevar a cabo el paro de labores el pr\u00f3ximo viernes 1 de julio y repudiar la reforma educativa, adem\u00e1s de solidarizarse con los maestros de Oaxaca y, a nivel local, exigir a la secretaria estatal de Educaci\u00f3n que les permita decidir ellos mismos su cambio de adscripci\u00f3n, es decir de escuela de trabajo.<\/p>\n<p>Al finalizar la concentraci\u00f3n, los mentores decidieron marchar por la avenida Zaragoza hasta la avenida Constituci\u00f3n y despu\u00e9s se dividieron en tres grupos, uno tom\u00f3 la avenida Ju\u00e1rez y otro la Cuauht\u00e9moc, en pleno centro de la ciudad, mientras que otro utiliz\u00f3 la avenida Morones Prieto.<\/p>\n<p>Al grito de &#8220;soluci\u00f3n, soluci\u00f3n, o paramos Nuevo Le\u00f3n&#8221;, los maestros aseguraron que no negociar\u00e1n la derogaci\u00f3n de la reforma educativa y cerca de las 21:00 horas decidieron regresar a la Explanada de los H\u00e9roes.<\/p>\n<p>En esta ocasi\u00f3n no hubo enfrentamiento con los elementos de Fuerza Civil, como el mi\u00e9rcoles pasado. El secretario estatal de Seguridad, Cuauht\u00e9moc Ant\u00fanez, se\u00f1al\u00f3 que 300 polic\u00edas de Fuerza Civil acudieron a establecer cordones de seguridad sin armas de fuego.<\/p>\n<p>Los agentes de vialidad del municipio de Monterrey establecieron desviaciones desde el inicio de la marcha, por lo que alrededor de los manifestantes no hubo conductores molestos como la semana pasada, pero los embotellamientos se dieron en las calles y avenidas aleda\u00f1as al primer cuadro.<\/p>\n","protected":false},"excerpt":{"rendered":"<p>Por Erick Mu\u00f1iz, corresponsal Alrededor de 5 mil maestros marcharon por varias calles del centro de Monterrey. Foto Erick Mu\u00f1iz Monterrey, NL. Miles de maestros &#8216;tomaron&#8217; otra vez las calles &hellip; <a href=\"https:\/\/www.grieta.org.mx\/index.php\/2016\/06\/29\/miles-de-maestros-toman-de-nuevo-las-calles-de-monterrey\/\" class=\"more-link\">Leer m\u00e1s<\/a><\/p>\n","protected":false},"author":2,"featured_media":21928,"comment_status":"closed","ping_status":"closed","sticky":false,"template":"","format":"standard","meta":{"ngg_post_thumbnail":0,"_jetpack_newsletter_access":"","_jetpack_dont_email_post_to_subs":false,"_jetpack_newsletter_tier_id":0,"_jetpack_memberships_contains_paywalled_content":false,"_jetpack_memberships_contains_paid_content":false,"footnotes":""},"categories":[80,202],"tags":[364,674,135],"class_list":["post-15590","post","type-post","status-publish","format-standard","has-post-thumbnail","hentry","category-cintillo","category-nuevo-leon","tag-monterr","tag-movilizaciones-maestros","tag-reforma-educativa","entry"],"jetpack_featured_media_url":"https:\/\/www.grieta.org.mx\/wp-content\/uploads\/2018\/03\/14524434_1106112876131411_958039263622046936_o.jpg","jetpack_sharing_enabled":true,"jetpack_shortlink":"https:\/\/wp.me\/p7ZJR4-43s","jetpack_likes_enabled":false,"jetpack-related-posts":[{"id":14805,"url":"https:\/\/www.grieta.org.mx\/index.php\/2016\/06\/22\/protestan-maestros-en-monterrey-por-la-reforma-educativa\/","url_meta":{"origin":15590,"position":0},"title":"Protestan maestros en Monterrey por la Reforma Educativa","author":"grieta","date":"22 junio, 2016","format":false,"excerpt":"Nacional 22 Jun 2016 En medio de empujones, miles de maestros de Nuevo Le\u00f3n tomaron las calles del centro de Monterrey para protestar, \u00e9ste mi\u00e9rcoles, por la Reforma Educativa y los sucesos registrados en Oaxaca, que costaron la vida de varias personas Monterrey, Nuevo Le\u00f3n.- En medio de empujones, miles\u2026","rel":"","context":"En &quot;CINTILLO&quot;","block_context":{"text":"CINTILLO","link":"https:\/\/www.grieta.org.mx\/index.php\/category\/cintillo\/"},"img":{"alt_text":"","src":"https:\/\/i0.wp.com\/www.grieta.org.mx\/wp-content\/uploads\/2018\/03\/14524434_1106112876131411_958039263622046936_o.jpg?resize=350%2C200&ssl=1","width":350,"height":200,"srcset":"https:\/\/i0.wp.com\/www.grieta.org.mx\/wp-content\/uploads\/2018\/03\/14524434_1106112876131411_958039263622046936_o.jpg?resize=350%2C200&ssl=1 1x, https:\/\/i0.wp.com\/www.grieta.org.mx\/wp-content\/uploads\/2018\/03\/14524434_1106112876131411_958039263622046936_o.jpg?resize=525%2C300&ssl=1 1.5x, https:\/\/i0.wp.com\/www.grieta.org.mx\/wp-content\/uploads\/2018\/03\/14524434_1106112876131411_958039263622046936_o.jpg?resize=700%2C400&ssl=1 2x"},"classes":[]},{"id":14808,"url":"https:\/\/www.grieta.org.mx\/index.php\/2016\/09\/11\/movilizaciones-contra-la-reforma-educativa-y-evaluacion-magisterial-2\/","url_meta":{"origin":15590,"position":1},"title":"Movilizaciones contra la Reforma Educativa en Nuevo Le\u00f3n","author":"grieta","date":"11 septiembre, 2016","format":false,"excerpt":"10\/09\/16. Marchan maestros al aeropuerto de Nuevo Le\u00f3nVanguardia Mx 18\/08\/16. Vuelven marchas de maestros; analizan paro de labores (NL) Milenio Monterrey 10\/08\/16. Maestros de Nuevo Le\u00f3n realizan 'funeral de pol\u00edticos' El Horizonte 22\/07\/16. Nuevo Le\u00f3n tambi\u00e9n es M\u00e9xico: \u00a1Chiapas, Aguanta, Nuevo Le\u00f3n se levanta! Centro de Medios Libres 19\/07\/16. Hacen\u2026","rel":"","context":"En &quot;NOTICIAS NACIONALES&quot;","block_context":{"text":"NOTICIAS NACIONALES","link":"https:\/\/www.grieta.org.mx\/index.php\/category\/noticias-nacionales\/"},"img":{"alt_text":"","src":"https:\/\/i0.wp.com\/www.grieta.org.mx\/wp-content\/uploads\/2018\/03\/14524434_1106112876131411_958039263622046936_o.jpg?resize=350%2C200&ssl=1","width":350,"height":200,"srcset":"https:\/\/i0.wp.com\/www.grieta.org.mx\/wp-content\/uploads\/2018\/03\/14524434_1106112876131411_958039263622046936_o.jpg?resize=350%2C200&ssl=1 1x, https:\/\/i0.wp.com\/www.grieta.org.mx\/wp-content\/uploads\/2018\/03\/14524434_1106112876131411_958039263622046936_o.jpg?resize=525%2C300&ssl=1 1.5x, https:\/\/i0.wp.com\/www.grieta.org.mx\/wp-content\/uploads\/2018\/03\/14524434_1106112876131411_958039263622046936_o.jpg?resize=700%2C400&ssl=1 2x"},"classes":[]},{"id":16101,"url":"https:\/\/www.grieta.org.mx\/index.php\/2016\/07\/06\/el-snte-marcha-de-nuevo-en-monterrey-contra-la-reforma-educativa\/","url_meta":{"origin":15590,"position":2},"title":"El SNTE marcha de nuevo en Monterrey contra la reforma educativa","author":"grieta","date":"6 julio, 2016","format":false,"excerpt":"Por Erick Mu\u00f1iz Cuartoscuro\/ Gabriela P\u00e9rez Montiel Monterrey, NL. Afiliados a las secciones 21 y 50 del Sindicato Nacional de Trabajadores de la educaci\u00f3n (SNTE) efectuaron la sexta marcha de las tres semanas recientes, en demanda de que se les pague el incentivo de carrera magisterial que perdieron con la\u2026","rel":"","context":"En &quot;CINTILLO&quot;","block_context":{"text":"CINTILLO","link":"https:\/\/www.grieta.org.mx\/index.php\/category\/cintillo\/"},"img":{"alt_text":"","src":"https:\/\/i0.wp.com\/www.grieta.org.mx\/wp-content\/uploads\/2018\/03\/14524434_1106112876131411_958039263622046936_o.jpg?resize=350%2C200&ssl=1","width":350,"height":200,"srcset":"https:\/\/i0.wp.com\/www.grieta.org.mx\/wp-content\/uploads\/2018\/03\/14524434_1106112876131411_958039263622046936_o.jpg?resize=350%2C200&ssl=1 1x, https:\/\/i0.wp.com\/www.grieta.org.mx\/wp-content\/uploads\/2018\/03\/14524434_1106112876131411_958039263622046936_o.jpg?resize=525%2C300&ssl=1 1.5x, https:\/\/i0.wp.com\/www.grieta.org.mx\/wp-content\/uploads\/2018\/03\/14524434_1106112876131411_958039263622046936_o.jpg?resize=700%2C400&ssl=1 2x"},"classes":[]},{"id":4399,"url":"https:\/\/www.grieta.org.mx\/index.php\/2015\/03\/22\/marcha-de-todas-las-indignaciones-recorre-las-calles-de-monterrey\/","url_meta":{"origin":15590,"position":3},"title":"\u201cMarcha de todas las indignaciones\u201d recorre las calles de Monterrey","author":"grieta","date":"22 marzo, 2015","format":false,"excerpt":"Sin Embargo Ciudad de M\u00e9xico, 22 de marzo (SinEmbargo).- Una marcha de alrededor de 600 personas protest\u00f3 en las calles de Monterrey en contra de los atropellos a los Derechos Humanos que acontecen en Nuevo Le\u00f3n. La llamada \u201cMarcha de todas las indignaciones\u201d record\u00f3 el cumplimiento de los cinco a\u00f1os\u2026","rel":"","context":"En &quot;CINTILLO&quot;","block_context":{"text":"CINTILLO","link":"https:\/\/www.grieta.org.mx\/index.php\/category\/cintillo\/"},"img":{"alt_text":"","src":"https:\/\/i0.wp.com\/www.grieta.org.mx\/wp-content\/uploads\/2018\/03\/14524434_1106112876131411_958039263622046936_o.jpg?resize=350%2C200&ssl=1","width":350,"height":200,"srcset":"https:\/\/i0.wp.com\/www.grieta.org.mx\/wp-content\/uploads\/2018\/03\/14524434_1106112876131411_958039263622046936_o.jpg?resize=350%2C200&ssl=1 1x, https:\/\/i0.wp.com\/www.grieta.org.mx\/wp-content\/uploads\/2018\/03\/14524434_1106112876131411_958039263622046936_o.jpg?resize=525%2C300&ssl=1 1.5x, https:\/\/i0.wp.com\/www.grieta.org.mx\/wp-content\/uploads\/2018\/03\/14524434_1106112876131411_958039263622046936_o.jpg?resize=700%2C400&ssl=1 2x"},"classes":[]},{"id":17285,"url":"https:\/\/www.grieta.org.mx\/index.php\/2016\/07\/19\/hacen-maestros-mini-marcha-nl\/","url_meta":{"origin":15590,"position":4},"title":"Hacen maestros mini marcha (NL)","author":"grieta","date":"19 julio, 2016","format":false,"excerpt":"Orlando Maldonado Rodr\u00edguez Alrededor de 30 docentes partieron por la calle Zaragoza al filo de las 19:20. Una treintena de maestros realiz\u00f3 una mini marcha en apoyo al movimiento nacional por la abrogaci\u00f3n de la reforma educativa.Los docentes partieron por la calle Zaragoza al filo de las 19:20.El colectivo Maestros\u2026","rel":"","context":"En &quot;CINTILLO&quot;","block_context":{"text":"CINTILLO","link":"https:\/\/www.grieta.org.mx\/index.php\/category\/cintillo\/"},"img":{"alt_text":"","src":"https:\/\/i0.wp.com\/www.grieta.org.mx\/wp-content\/uploads\/2018\/03\/14524434_1106112876131411_958039263622046936_o.jpg?resize=350%2C200&ssl=1","width":350,"height":200,"srcset":"https:\/\/i0.wp.com\/www.grieta.org.mx\/wp-content\/uploads\/2018\/03\/14524434_1106112876131411_958039263622046936_o.jpg?resize=350%2C200&ssl=1 1x, https:\/\/i0.wp.com\/www.grieta.org.mx\/wp-content\/uploads\/2018\/03\/14524434_1106112876131411_958039263622046936_o.jpg?resize=525%2C300&ssl=1 1.5x, https:\/\/i0.wp.com\/www.grieta.org.mx\/wp-content\/uploads\/2018\/03\/14524434_1106112876131411_958039263622046936_o.jpg?resize=700%2C400&ssl=1 2x"},"classes":[]},{"id":4392,"url":"https:\/\/www.grieta.org.mx\/index.php\/2015\/02\/08\/colocan-ilustraciones-de-los-43-normalistas-en-monterrey\/","url_meta":{"origin":15590,"position":5},"title":"Colocan ilustraciones de los 43 normalistas en Monterrey","author":"grieta","date":"8 febrero, 2015","format":false,"excerpt":"La Jornada Por Erick Mu\u00f1iz Los rostros de los 43 estudiantes desaparecidos fueron colocados la tarde de este domingo frente al Palacio de Gobierno de Nuevo Le\u00f3n. Foto Erick Mu\u00f1iz Monterrey, Nvo Le\u00f3n. Los rostros de los 43 estudiantes de la normal de Ayotzinapa, desaparecidos y asesinados -seg\u00fan la versi\u00f3n\u2026","rel":"","context":"En &quot;CINTILLO&quot;","block_context":{"text":"CINTILLO","link":"https:\/\/www.grieta.org.mx\/index.php\/category\/cintillo\/"},"img":{"alt_text":"","src":"https:\/\/i0.wp.com\/www.grieta.org.mx\/wp-content\/uploads\/2018\/03\/14524434_1106112876131411_958039263622046936_o.jpg?resize=350%2C200&ssl=1","width":350,"height":200,"srcset":"https:\/\/i0.wp.com\/www.grieta.org.mx\/wp-content\/uploads\/2018\/03\/14524434_1106112876131411_958039263622046936_o.jpg?resize=350%2C200&ssl=1 1x, https:\/\/i0.wp.com\/www.grieta.org.mx\/wp-content\/uploads\/2018\/03\/14524434_1106112876131411_958039263622046936_o.jpg?resize=525%2C300&ssl=1 1.5x, https:\/\/i0.wp.com\/www.grieta.org.mx\/wp-content\/uploads\/2018\/03\/14524434_1106112876131411_958039263622046936_o.jpg?resize=700%2C400&ssl=1 2x"},"classes":[]}],"_links":{"self":[{"href":"https:\/\/www.grieta.org.mx\/index.php\/wp-json\/wp\/v2\/posts\/15590","targetHints":{"allow":["GET"]}}],"collection":[{"href":"https:\/\/www.grieta.org.mx\/index.php\/wp-json\/wp\/v2\/posts"}],"about":[{"href":"https:\/\/www.grieta.org.mx\/index.php\/wp-json\/wp\/v2\/types\/post"}],"author":[{"embeddable":true,"href":"https:\/\/www.grieta.org.mx\/index.php\/wp-json\/wp\/v2\/users\/2"}],"replies":[{"embeddable":true,"href":"https:\/\/www.grieta.org.mx\/index.php\/wp-json\/wp\/v2\/comments?post=15590"}],"version-history":[{"count":1,"href":"https:\/\/www.grieta.org.mx\/index.php\/wp-json\/wp\/v2\/posts\/15590\/revisions"}],"predecessor-version":[{"id":15592,"href":"https:\/\/www.grieta.org.mx\/index.php\/wp-json\/wp\/v2\/posts\/15590\/revisions\/15592"}],"wp:featuredmedia":[{"embeddable":true,"href":"https:\/\/www.grieta.org.mx\/index.php\/wp-json\/wp\/v2\/media\/21928"}],"wp:attachment":[{"href":"https:\/\/www.grieta.org.mx\/index.php\/wp-json\/wp\/v2\/media?parent=15590"}],"wp:term":[{"taxonomy":"category","embeddable":true,"href":"https:\/\/www.grieta.org.mx\/index.php\/wp-json\/wp\/v2\/categories?post=15590"},{"taxonomy":"post_tag","embeddable":true,"href":"https:\/\/www.grieta.org.mx\/index.php\/wp-json\/wp\/v2\/tags?post=15590"}],"curies":[{"name":"wp","href":"https:\/\/api.w.org\/{rel}","templated":true}]}}