{"id":15586,"date":"2016-06-21T22:55:40","date_gmt":"2016-06-21T22:55:40","guid":{"rendered":"http:\/\/www.grieta.org.mx\/?p=15586"},"modified":"2016-06-30T02:58:10","modified_gmt":"2016-06-30T02:58:10","slug":"encapuchados-bloquean-insurgentes-sur-por-caso-nochixtlan","status":"publish","type":"post","link":"https:\/\/www.grieta.org.mx\/index.php\/2016\/06\/21\/encapuchados-bloquean-insurgentes-sur-por-caso-nochixtlan\/","title":{"rendered":"Encapuchados bloquean Insurgentes Sur por caso Nochixtl\u00e1n"},"content":{"rendered":"<p>Mirna Serv\u00edn<\/p>\n<p><img decoding=\"async\" data-attachment-id=\"15587\" data-permalink=\"https:\/\/www.grieta.org.mx\/index.php\/2016\/06\/21\/encapuchados-bloquean-insurgentes-sur-por-caso-nochixtlan\/piedras\/\" data-orig-file=\"https:\/\/www.grieta.org.mx\/wp-content\/uploads\/2016\/06\/piedras.jpg\" data-orig-size=\"1024,681\" data-comments-opened=\"0\" data-image-meta=\"{&quot;aperture&quot;:&quot;0&quot;,&quot;credit&quot;:&quot;&quot;,&quot;camera&quot;:&quot;&quot;,&quot;caption&quot;:&quot;&quot;,&quot;created_timestamp&quot;:&quot;0&quot;,&quot;copyright&quot;:&quot;&quot;,&quot;focal_length&quot;:&quot;0&quot;,&quot;iso&quot;:&quot;0&quot;,&quot;shutter_speed&quot;:&quot;0&quot;,&quot;title&quot;:&quot;&quot;,&quot;orientation&quot;:&quot;0&quot;}\" data-image-title=\"piedras\" data-image-description=\"\" data-image-caption=\"\" data-medium-file=\"https:\/\/www.grieta.org.mx\/wp-content\/uploads\/2016\/06\/piedras-300x200.jpg\" data-large-file=\"https:\/\/www.grieta.org.mx\/wp-content\/uploads\/2016\/06\/piedras-1024x681.jpg\" src=\"http:\/\/www.grieta.org.mx\/wp-content\/uploads\/2016\/06\/piedras-300x200.jpg\" alt=\"piedras\" width=\"100%\" class=\"aligncenter size-medium wp-image-15587\" srcset=\"https:\/\/www.grieta.org.mx\/wp-content\/uploads\/2016\/06\/piedras-300x200.jpg 300w, https:\/\/www.grieta.org.mx\/wp-content\/uploads\/2016\/06\/piedras-768x511.jpg 768w, https:\/\/www.grieta.org.mx\/wp-content\/uploads\/2016\/06\/piedras.jpg 1024w\" sizes=\"(max-width: 300px) 100vw, 300px\" \/><\/p>\n<p><img decoding=\"async\" data-attachment-id=\"15588\" data-permalink=\"https:\/\/www.grieta.org.mx\/index.php\/2016\/06\/21\/encapuchados-bloquean-insurgentes-sur-por-caso-nochixtlan\/img-20160621-wa0011\/\" data-orig-file=\"https:\/\/www.grieta.org.mx\/wp-content\/uploads\/2016\/06\/IMG-20160621-WA0011.jpg\" data-orig-size=\"1024,681\" data-comments-opened=\"0\" data-image-meta=\"{&quot;aperture&quot;:&quot;0&quot;,&quot;credit&quot;:&quot;&quot;,&quot;camera&quot;:&quot;&quot;,&quot;caption&quot;:&quot;&quot;,&quot;created_timestamp&quot;:&quot;0&quot;,&quot;copyright&quot;:&quot;&quot;,&quot;focal_length&quot;:&quot;0&quot;,&quot;iso&quot;:&quot;0&quot;,&quot;shutter_speed&quot;:&quot;0&quot;,&quot;title&quot;:&quot;&quot;,&quot;orientation&quot;:&quot;0&quot;}\" data-image-title=\"IMG-20160621-WA0011\" data-image-description=\"\" data-image-caption=\"\" data-medium-file=\"https:\/\/www.grieta.org.mx\/wp-content\/uploads\/2016\/06\/IMG-20160621-WA0011-300x200.jpg\" data-large-file=\"https:\/\/www.grieta.org.mx\/wp-content\/uploads\/2016\/06\/IMG-20160621-WA0011-1024x681.jpg\" src=\"http:\/\/www.grieta.org.mx\/wp-content\/uploads\/2016\/06\/IMG-20160621-WA0011-300x200.jpg\" alt=\"IMG-20160621-WA0011\" width=\"100%\" class=\"aligncenter size-medium wp-image-15588\" srcset=\"https:\/\/www.grieta.org.mx\/wp-content\/uploads\/2016\/06\/IMG-20160621-WA0011-300x200.jpg 300w, https:\/\/www.grieta.org.mx\/wp-content\/uploads\/2016\/06\/IMG-20160621-WA0011-768x511.jpg 768w, https:\/\/www.grieta.org.mx\/wp-content\/uploads\/2016\/06\/IMG-20160621-WA0011.jpg 1024w\" sizes=\"(max-width: 300px) 100vw, 300px\" \/><\/p>\n<p>Ciudad de M\u00e9xico. Alrededor de 30 personas con el rostro de cubierto bloquearon avenida Insurgentes, a la altura de Ciudad Universitaria, en ambos sentidos a la circulaci\u00f3n, en protesta por los hechos ocurridos recientemente en Oaxaca.<\/p>\n<p>Poco despu\u00e9s de las 17 horas, los inconformes utilizaron cajas de madera, botellas de vidrio e incluso un cami\u00f3n para bloquear la vialidad. Asimismo, saquearon un cami\u00f3n de refrescos que pasaba por el lugar.<\/p>\n<p>Los manifestantes tambi\u00e9n quemaron partes de una estaci\u00f3n del Metrob\u00fas, quitaron luces y pantallas, y utilizaron los envases de refresco para aventarlos contra fot\u00f3grafos, camar\u00f3grafos y medios de comunicaci\u00f3n.<\/p>\n<p>Alrededor de 500 granaderos llegaron a Eje 10 y avenida Insurgentes. Hasta las 16:20 horas no han caminado hac\u00eda el punto donde se encuentran los encapuchados.<\/p>\n<p>De acuerdo con algunos uniformados se espera la llegada de otro grupo de manifestantes, por lo que est\u00e1n a la orden para abrir la vialidad.<\/p>\n<p><a href=\"http:\/\/www.jornada.unam.mx\/ultimas\/2016\/06\/21\/encapuchados-bloquean-insurgentes-sur-por-nochixtlan\" target=\"_blank\">http:\/\/www.jornada.unam.mx\/ultimas\/2016\/06\/21\/encapuchados-bloquean-insurgentes-sur-por-nochixtlan<\/a><\/p>\n","protected":false},"excerpt":{"rendered":"<p>Mirna Serv\u00edn Ciudad de M\u00e9xico. Alrededor de 30 personas con el rostro de cubierto bloquearon avenida Insurgentes, a la altura de Ciudad Universitaria, en ambos sentidos a la circulaci\u00f3n, en &hellip; <a href=\"https:\/\/www.grieta.org.mx\/index.php\/2016\/06\/21\/encapuchados-bloquean-insurgentes-sur-por-caso-nochixtlan\/\" class=\"more-link\">Leer m\u00e1s<\/a><\/p>\n","protected":false},"author":2,"featured_media":21928,"comment_status":"closed","ping_status":"closed","sticky":false,"template":"","format":"standard","meta":{"ngg_post_thumbnail":0,"_jetpack_newsletter_access":"","_jetpack_dont_email_post_to_subs":false,"_jetpack_newsletter_tier_id":0,"_jetpack_memberships_contains_paywalled_content":false,"_jetpack_memberships_contains_paid_content":false,"footnotes":""},"categories":[598,80],"tags":[354,144],"class_list":["post-15586","post","type-post","status-publish","format-standard","has-post-thumbnail","hentry","category-cdmx","category-cintillo","tag-bloqueo","tag-unam","entry"],"jetpack_featured_media_url":"https:\/\/www.grieta.org.mx\/wp-content\/uploads\/2018\/03\/14524434_1106112876131411_958039263622046936_o.jpg","jetpack_sharing_enabled":true,"jetpack_shortlink":"https:\/\/wp.me\/p7ZJR4-43o","jetpack_likes_enabled":false,"jetpack-related-posts":[{"id":40137,"url":"https:\/\/www.grieta.org.mx\/index.php\/2019\/10\/11\/alumnos-de-la-unam-marchan-contra-violencia-de-genero-y-porros-ciudad-de-mexico\/","url_meta":{"origin":15586,"position":0},"title":"Alumnos de la UNAM marchan contra violencia de g\u00e9nero y porros (Ciudad de M\u00e9xico)","author":"grieta","date":"11 octubre, 2019","format":false,"excerpt":"El Heraldo de M\u00e9xico La movilizaci\u00f3n de estudiantes recorri\u00f3 algunas de las facultades de la Universidad Nacional, para posteriormente desplazarse sobre avenida Insurgentes Sur Estudiantes de la Facultad de Ciencias Pol\u00edticas y Sociales de la Universidad Nacional Aut\u00f3noma de M\u00e9xico (UNAM) realizaron este viernes una marcha en contra de la\u2026","rel":"","context":"En &quot;CINTILLO&quot;","block_context":{"text":"CINTILLO","link":"https:\/\/www.grieta.org.mx\/index.php\/category\/cintillo\/"},"img":{"alt_text":"","src":"https:\/\/i0.wp.com\/www.grieta.org.mx\/wp-content\/uploads\/2019\/10\/Alumnos-de-la-UNAM-marchan-contra-violencia-de-g%C3%A9nero-y-porros-oct-cdmx.jpg?resize=350%2C200&ssl=1","width":350,"height":200,"srcset":"https:\/\/i0.wp.com\/www.grieta.org.mx\/wp-content\/uploads\/2019\/10\/Alumnos-de-la-UNAM-marchan-contra-violencia-de-g%C3%A9nero-y-porros-oct-cdmx.jpg?resize=350%2C200&ssl=1 1x, https:\/\/i0.wp.com\/www.grieta.org.mx\/wp-content\/uploads\/2019\/10\/Alumnos-de-la-UNAM-marchan-contra-violencia-de-g%C3%A9nero-y-porros-oct-cdmx.jpg?resize=525%2C300&ssl=1 1.5x"},"classes":[]},{"id":40969,"url":"https:\/\/www.grieta.org.mx\/index.php\/2019\/11\/06\/padres-de-ninos-con-cancer-exigen-certeza-sobre-medicamentos-con-desaparicion-del-seguro-popular-ciudad-de-mexico\/","url_meta":{"origin":15586,"position":1},"title":"Padres de ni\u00f1os con c\u00e1ncer exigen certeza sobre medicamentos con desaparici\u00f3n del Seguro Popular (Ciudad de M\u00e9xico)","author":"grieta","date":"6 noviembre, 2019","format":false,"excerpt":"\u00a0 Animal Pol\u00edtico Una denuncia de los padres es que en el Hospital Infantil de M\u00e9xico les dijeron que algunos medicamentos para quimioterapias los tendr\u00e1n que comprar por su propia cuenta, y ya no ser\u00e1n gratuitos, con la desaparici\u00f3n del Seguro Popular. Padres de ni\u00f1os con c\u00e1ncer hicieron este mi\u00e9rcoles\u2026","rel":"","context":"En &quot;CINTILLO&quot;","block_context":{"text":"CINTILLO","link":"https:\/\/www.grieta.org.mx\/index.php\/category\/cintillo\/"},"img":{"alt_text":"","src":"https:\/\/i0.wp.com\/www.grieta.org.mx\/wp-content\/uploads\/2019\/11\/Padres-de-ni%C3%B1os-con-c%C3%A1ncer-exigen-certeza-sobre-medicamentos-con-desaparici%C3%B3n-del-Seguro-Popular-cdmx-nov.jpg?resize=350%2C200&ssl=1","width":350,"height":200,"srcset":"https:\/\/i0.wp.com\/www.grieta.org.mx\/wp-content\/uploads\/2019\/11\/Padres-de-ni%C3%B1os-con-c%C3%A1ncer-exigen-certeza-sobre-medicamentos-con-desaparici%C3%B3n-del-Seguro-Popular-cdmx-nov.jpg?resize=350%2C200&ssl=1 1x, https:\/\/i0.wp.com\/www.grieta.org.mx\/wp-content\/uploads\/2019\/11\/Padres-de-ni%C3%B1os-con-c%C3%A1ncer-exigen-certeza-sobre-medicamentos-con-desaparici%C3%B3n-del-Seguro-Popular-cdmx-nov.jpg?resize=525%2C300&ssl=1 1.5x, https:\/\/i0.wp.com\/www.grieta.org.mx\/wp-content\/uploads\/2019\/11\/Padres-de-ni%C3%B1os-con-c%C3%A1ncer-exigen-certeza-sobre-medicamentos-con-desaparici%C3%B3n-del-Seguro-Popular-cdmx-nov.jpg?resize=700%2C400&ssl=1 2x"},"classes":[]},{"id":21394,"url":"https:\/\/www.grieta.org.mx\/index.php\/2016\/09\/12\/el-gobierno-federal-planea-talar-1683-arboles-para-imponer-a-cdmx-un-viaducto-y-de-cuota-vecinos\/","url_meta":{"origin":15586,"position":2},"title":"El Gobierno federal planea talar 1,683 \u00e1rboles para imponer a CdMx un viaducto, y de cuota: vecinos","author":"grieta","date":"12 septiembre, 2016","format":false,"excerpt":"Ivette Lira La Uni\u00f3n de Vecinos por el \u00danico Corredor Verde de Insurgentes Norte, en la Ciudad de M\u00e9xico, denunci\u00f3 que la construcci\u00f3n del viaducto de cuota La Raza\u2013Indios Verdes\u2013Santa Clara representa la tala de mil 683 \u00e1rboles a lo largo de 15 colonias. De acuerdo con los integrantes de\u2026","rel":"","context":"En &quot;CINTILLO&quot;","block_context":{"text":"CINTILLO","link":"https:\/\/www.grieta.org.mx\/index.php\/category\/cintillo\/"},"img":{"alt_text":"","src":"https:\/\/i0.wp.com\/www.grieta.org.mx\/wp-content\/uploads\/2018\/03\/14524434_1106112876131411_958039263622046936_o.jpg?resize=350%2C200&ssl=1","width":350,"height":200,"srcset":"https:\/\/i0.wp.com\/www.grieta.org.mx\/wp-content\/uploads\/2018\/03\/14524434_1106112876131411_958039263622046936_o.jpg?resize=350%2C200&ssl=1 1x, https:\/\/i0.wp.com\/www.grieta.org.mx\/wp-content\/uploads\/2018\/03\/14524434_1106112876131411_958039263622046936_o.jpg?resize=525%2C300&ssl=1 1.5x, https:\/\/i0.wp.com\/www.grieta.org.mx\/wp-content\/uploads\/2018\/03\/14524434_1106112876131411_958039263622046936_o.jpg?resize=700%2C400&ssl=1 2x"},"classes":[]},{"id":41113,"url":"https:\/\/www.grieta.org.mx\/index.php\/2019\/11\/13\/prepa-9-continua-en-paro-regresarian-a-clases-el-viernes-ciudad-de-mexico\/","url_meta":{"origin":15586,"position":3},"title":"Prepa 9 contin\u00faa en paro, regresar\u00edan a clases el viernes (Ciudad de M\u00e9xico)","author":"grieta","date":"13 noviembre, 2019","format":false,"excerpt":"Foto tomada de @Comunidad_UNAM Excelsior Por segundo d\u00eda consecutivo, un grupo de estudiantes mantiene cerrado el plantel ubicado en Insurgentes Norte 1698, colonia Lindavista CIUDAD DE M\u00c9XICO Alumnos de la Escuela Nacional Preparatoria n\u00famero 9 contin\u00faan este mi\u00e9rcoles el paro estudiantil para exigir que termine la violencia de g\u00e9nero en\u2026","rel":"","context":"En &quot;CINTILLO&quot;","block_context":{"text":"CINTILLO","link":"https:\/\/www.grieta.org.mx\/index.php\/category\/cintillo\/"},"img":{"alt_text":"","src":"https:\/\/i0.wp.com\/www.grieta.org.mx\/wp-content\/uploads\/2019\/11\/Prepa-9-contin%C3%BAa-en-paro-regresar%C3%ADan-a-clases-el-viernes-cdmx-nov.jpg?resize=350%2C200&ssl=1","width":350,"height":200,"srcset":"https:\/\/i0.wp.com\/www.grieta.org.mx\/wp-content\/uploads\/2019\/11\/Prepa-9-contin%C3%BAa-en-paro-regresar%C3%ADan-a-clases-el-viernes-cdmx-nov.jpg?resize=350%2C200&ssl=1 1x, https:\/\/i0.wp.com\/www.grieta.org.mx\/wp-content\/uploads\/2019\/11\/Prepa-9-contin%C3%BAa-en-paro-regresar%C3%ADan-a-clases-el-viernes-cdmx-nov.jpg?resize=525%2C300&ssl=1 1.5x"},"classes":[]},{"id":38007,"url":"https:\/\/www.grieta.org.mx\/index.php\/2019\/08\/17\/yo-lo-hice-fuimos-todas\/","url_meta":{"origin":15586,"position":4},"title":"\u201c\u00a1Yo lo hice; fuimos todas!\u201d","author":"grieta","date":"17 agosto, 2019","format":false,"excerpt":"Texto: Mar\u00eda Ruiz; Fotos: Mar\u00eda Ruiz y Ximena Natera\/ PIE DE P\u00c1GINA Una marea colorida y furiosa le dio vuelta a la Glorieta de los Insurgentes, el centro neur\u00e1lgico de la vialidad en la capital del pa\u00eds. Eran cientos, quiz\u00e1 un millar de mujeres, hartas de habitar en un pa\u00eds\u2026","rel":"","context":"En &quot;CINTILLO&quot;","block_context":{"text":"CINTILLO","link":"https:\/\/www.grieta.org.mx\/index.php\/category\/cintillo\/"},"img":{"alt_text":"","src":"https:\/\/i0.wp.com\/www.grieta.org.mx\/wp-content\/uploads\/2019\/08\/5PdP_PROTESTAMUJERES_160819_MFR1-1140x570.jpg?resize=350%2C200&ssl=1","width":350,"height":200,"srcset":"https:\/\/i0.wp.com\/www.grieta.org.mx\/wp-content\/uploads\/2019\/08\/5PdP_PROTESTAMUJERES_160819_MFR1-1140x570.jpg?resize=350%2C200&ssl=1 1x, https:\/\/i0.wp.com\/www.grieta.org.mx\/wp-content\/uploads\/2019\/08\/5PdP_PROTESTAMUJERES_160819_MFR1-1140x570.jpg?resize=525%2C300&ssl=1 1.5x, https:\/\/i0.wp.com\/www.grieta.org.mx\/wp-content\/uploads\/2019\/08\/5PdP_PROTESTAMUJERES_160819_MFR1-1140x570.jpg?resize=700%2C400&ssl=1 2x, https:\/\/i0.wp.com\/www.grieta.org.mx\/wp-content\/uploads\/2019\/08\/5PdP_PROTESTAMUJERES_160819_MFR1-1140x570.jpg?resize=1050%2C600&ssl=1 3x"},"classes":[]},{"id":36907,"url":"https:\/\/www.grieta.org.mx\/index.php\/2019\/07\/22\/damnificados-del-sismo-acusan-a-constructora-de-venderles-la-reconstruccion-con-sobreprecio\/","url_meta":{"origin":15586,"position":5},"title":"Damnificados del sismo acusan a constructora de venderles la reconstrucci\u00f3n con sobreprecio","author":"grieta","date":"22 julio, 2019","format":false,"excerpt":"Dulce Olvera\/SinEmbargo Grupo Darmi, constructora encargada de la reconstrucci\u00f3n de Uxmal 443 (Benito Ju\u00e1rez), Insurgentes Norte 476 (Cuauht\u00e9moc) y Rinc\u00f3n del Sur 15 (Xochimilco), es se\u00f1alada por damnificados de \u201clucrar con la tragedia\u201d por cobrarles sobreprecios para materiales de 166 por ciento en interiores y 337 por ciento en impermeabilizantes.\u2026","rel":"","context":"En &quot;CINTILLO&quot;","block_context":{"text":"CINTILLO","link":"https:\/\/www.grieta.org.mx\/index.php\/category\/cintillo\/"},"img":{"alt_text":"","src":"https:\/\/i0.wp.com\/www.grieta.org.mx\/wp-content\/uploads\/2019\/07\/depas_damni.jpg?resize=350%2C200&ssl=1","width":350,"height":200,"srcset":"https:\/\/i0.wp.com\/www.grieta.org.mx\/wp-content\/uploads\/2019\/07\/depas_damni.jpg?resize=350%2C200&ssl=1 1x, https:\/\/i0.wp.com\/www.grieta.org.mx\/wp-content\/uploads\/2019\/07\/depas_damni.jpg?resize=525%2C300&ssl=1 1.5x, https:\/\/i0.wp.com\/www.grieta.org.mx\/wp-content\/uploads\/2019\/07\/depas_damni.jpg?resize=700%2C400&ssl=1 2x, https:\/\/i0.wp.com\/www.grieta.org.mx\/wp-content\/uploads\/2019\/07\/depas_damni.jpg?resize=1050%2C600&ssl=1 3x"},"classes":[]}],"_links":{"self":[{"href":"https:\/\/www.grieta.org.mx\/index.php\/wp-json\/wp\/v2\/posts\/15586","targetHints":{"allow":["GET"]}}],"collection":[{"href":"https:\/\/www.grieta.org.mx\/index.php\/wp-json\/wp\/v2\/posts"}],"about":[{"href":"https:\/\/www.grieta.org.mx\/index.php\/wp-json\/wp\/v2\/types\/post"}],"author":[{"embeddable":true,"href":"https:\/\/www.grieta.org.mx\/index.php\/wp-json\/wp\/v2\/users\/2"}],"replies":[{"embeddable":true,"href":"https:\/\/www.grieta.org.mx\/index.php\/wp-json\/wp\/v2\/comments?post=15586"}],"version-history":[{"count":1,"href":"https:\/\/www.grieta.org.mx\/index.php\/wp-json\/wp\/v2\/posts\/15586\/revisions"}],"predecessor-version":[{"id":15589,"href":"https:\/\/www.grieta.org.mx\/index.php\/wp-json\/wp\/v2\/posts\/15586\/revisions\/15589"}],"wp:featuredmedia":[{"embeddable":true,"href":"https:\/\/www.grieta.org.mx\/index.php\/wp-json\/wp\/v2\/media\/21928"}],"wp:attachment":[{"href":"https:\/\/www.grieta.org.mx\/index.php\/wp-json\/wp\/v2\/media?parent=15586"}],"wp:term":[{"taxonomy":"category","embeddable":true,"href":"https:\/\/www.grieta.org.mx\/index.php\/wp-json\/wp\/v2\/categories?post=15586"},{"taxonomy":"post_tag","embeddable":true,"href":"https:\/\/www.grieta.org.mx\/index.php\/wp-json\/wp\/v2\/tags?post=15586"}],"curies":[{"name":"wp","href":"https:\/\/api.w.org\/{rel}","templated":true}]}}