{"id":15574,"date":"2016-08-17T18:40:05","date_gmt":"2016-08-17T23:40:05","guid":{"rendered":"http:\/\/www.grieta.org.mx\/?p=15574"},"modified":"2016-08-21T18:35:51","modified_gmt":"2016-08-21T23:35:51","slug":"manifestaciones-en-solidaridad-con-el-magisterio-en-la-ciudad-de-mexico","status":"publish","type":"post","link":"https:\/\/www.grieta.org.mx\/index.php\/2016\/08\/17\/manifestaciones-en-solidaridad-con-el-magisterio-en-la-ciudad-de-mexico\/","title":{"rendered":"Manifestaciones en solidaridad con el magisterio en la Ciudad de M\u00e9xico"},"content":{"rendered":"<p><strong>16\/08\/16. <\/strong><a href=\"http:\/\/www.grieta.org.mx\/index.php\/2016\/08\/16\/escuela-secundaria-diurna-no-36-entra-en-paro-indefinido-hasta-que-caiga-la-reforma-educativa-cdmx\/\" target=\"_blank\">Escuela Secundaria Diurna No. 36 entra en paro indefinido; \u201chasta que caiga la reforma educativa\u201d (CDMX)<\/a><br \/><em>Ruptura Colectiva<\/em><br  \/><\/p>\n<p><strong>14\/07\/16. <\/strong><a href=\"http:\/\/www.grieta.org.mx\/index.php\/2016\/07\/14\/brigada-informativa-en-el-pedregal-de-santo-domingo\/\" target=\"_blank\">Brigada informativa en el pedregal de Santo Domingo<\/a><br \/><em>Ke Huelga Radio<\/em><br  \/><\/p>\n<p><strong>07\/07\/16. <\/strong><a href=\"http:\/\/www.grieta.org.mx\/index.php\/2016\/07\/07\/con-4-marchas-y-mas-de-30-bloqueos-la-cdmx-dice-no-a-la-reforma-educativa\/\" target=\"_blank\">Con 4 marchas y m\u00e1s de 30 bloqueos la CdMx dice no a la Reforma Educativa<\/a><br \/><em>Apia Virtual<\/em><br  \/><\/p>\n<p><strong>07\/07\/16. <\/strong><a href=\"http:\/\/www.grieta.org.mx\/index.php\/2016\/07\/07\/por-tercer-dia-consecutivo-maestros-y-simpatizantes-de-la-cnte-mantienen-al-menos-7-bloqueos-en-la-cdmx\/\" target=\"_blank\">Por tercer d\u00eda consecutivo, maestros y simpatizantes de la CNTE mantienen al menos 7 bloqueos en la CdMx<\/a><br \/><em>Apia Virtual<\/em><br  \/><\/p>\n<p><strong>06\/07\/16. <\/strong><a href=\"http:\/\/www.grieta.org.mx\/index.php\/2016\/07\/06\/los-pedregales-de-coyoacan-se-oponen-a-la-reforma-educativa\/\" target=\"_blank\">Los Pedregales de Coyoac\u00e1n se oponen a la reforma educativa<\/a><br \/><em>Ke Huelga Radio<\/em><br  \/><\/p>\n<p><strong>06\/07\/16. <\/strong><a href=\"http:\/\/www.grieta.org.mx\/index.php\/2016\/07\/06\/estudiantes-de-unam-e-ipn-toman-caseta-en-apoyo-a-maestros\/\" target=\"_blank\">Estudiantes de UNAM e IPN toman caseta en apoyo a maestros<\/a><br \/><em>Regeneraci\u00f3n<\/em><br  \/><\/p>\n<p><strong>05\/07\/16. <\/strong><a href=\"http:\/\/www.grieta.org.mx\/index.php\/2016\/07\/05\/jornada-de-lucha-del-magisterio-democratico-en-ciudad-monstruo\/\" target=\"_blank\">Jornada de lucha del magisterio democr\u00e1tico en Ciudad Monstruo<\/a><br \/><em>Ke Huelga Radio<\/em><br  \/><\/p>\n<p><strong>05\/07\/16. <\/strong><a href=\"http:\/\/www.grieta.org.mx\/index.php\/2016\/07\/05\/padres-de-familia-respaldan-la-lucha-magisterial-en-cdmx\/\" target=\"_blank\">Padres de familia respaldan la lucha magisterial en CDMX<\/a><br \/><em>Somos el medio<\/em><br  \/><\/p>\n<p><strong>05\/07\/16. <\/strong><a href=\"La CNTE hace suya a la CDMX con 67 movilizaciones\" target=\"_blank\">La CNTE hace suya a la CDMX con 67 movilizaciones<\/a><br \/><em>El Universal<\/em><br  \/><\/p>\n<p><strong>22\/06\/16. <\/strong><a href=\"http:\/\/www.grieta.org.mx\/index.php\/2016\/06\/22\/mega-asamblea-en-ciudad-universitaria-en-apoyo-a-la-cnte\/\" target=\"_blank\">Mega asamblea en Ciudad Universitaria en apoyo a la CNTE<\/a><br \/><em>Somos el medio<\/em><br  \/><\/p>\n<p><strong>21\/06\/16. <\/strong><a href=\"http:\/\/www.grieta.org.mx\/index.php\/2016\/06\/21\/represion-en-la-ciudad-de-mexico-por-manifestarse-en-solidaridad-al-magisterio\/\" target=\"_blank\">Represi\u00f3n en la Ciudad de M\u00e9xico por manifestarse en solidaridad al magisterio<\/a><br \/><em>Somos el medio<\/em><br  \/><\/p>\n","protected":false},"excerpt":{"rendered":"<p>16\/08\/16. Escuela Secundaria Diurna No. 36 entra en paro indefinido; \u201chasta que caiga la reforma educativa\u201d (CDMX)Ruptura Colectiva 14\/07\/16. Brigada informativa en el pedregal de Santo DomingoKe Huelga Radio 07\/07\/16. &hellip; <a href=\"https:\/\/www.grieta.org.mx\/index.php\/2016\/08\/17\/manifestaciones-en-solidaridad-con-el-magisterio-en-la-ciudad-de-mexico\/\" class=\"more-link\">Leer m\u00e1s<\/a><\/p>\n","protected":false},"author":2,"featured_media":21928,"comment_status":"closed","ping_status":"closed","sticky":false,"template":"","format":"standard","meta":{"ngg_post_thumbnail":0,"_jetpack_newsletter_access":"","_jetpack_dont_email_post_to_subs":false,"_jetpack_newsletter_tier_id":0,"_jetpack_memberships_contains_paywalled_content":false,"_jetpack_memberships_contains_paid_content":false,"footnotes":""},"categories":[14,2],"tags":[],"class_list":["post-15574","post","type-post","status-publish","format-standard","has-post-thumbnail","hentry","category-ciudad-de-mexico","category-noticias-nacionales","entry"],"jetpack_featured_media_url":"https:\/\/www.grieta.org.mx\/wp-content\/uploads\/2018\/03\/14524434_1106112876131411_958039263622046936_o.jpg","jetpack_sharing_enabled":true,"jetpack_shortlink":"https:\/\/wp.me\/p7ZJR4-43c","jetpack_likes_enabled":false,"jetpack-related-posts":[{"id":71967,"url":"https:\/\/www.grieta.org.mx\/index.php\/2025\/07\/08\/trabajadores-de-la-salud-bloquean-paseo-de-la-reforma-denuncian-irregularidades-ciudad-de-mexico\/","url_meta":{"origin":15574,"position":0},"title":"Trabajadores de la salud bloquean Paseo de la Reforma; denuncian irregularidades (Ciudad de M\u00e9xico)","author":"grieta","date":"8 julio, 2025","format":false,"excerpt":"Natalia Estrada Garc\u00eda \/ Enfoque noticias CDMX.- Trabajadoras y trabajadores pertenecientes al sector salud fueron agredidos tras mantener un bloqueo sobre carriles laterales del Perif\u00e9rico y avenida Paseo de la Reforma en la colonia Bosques de Chapultepec, Miguel Hidalgo. Laura Quintero delegada estatal de Ciudad de M\u00e9xico de la Fuerza\u2026","rel":"","context":"En &quot;Abuso policiaco y tortura en la Ciudad de M\u00e9xico&quot;","block_context":{"text":"Abuso policiaco y tortura en la Ciudad de M\u00e9xico","link":"https:\/\/www.grieta.org.mx\/index.php\/category\/noticias-nacionales\/ciudad-de-mexico\/abuso-policiaco-y-tortura-en-la-ciudad-de-mexico\/"},"img":{"alt_text":"","src":"https:\/\/i0.wp.com\/www.grieta.org.mx\/wp-content\/uploads\/2025\/07\/Captura-de-pantalla-2025-07-08-233604.png?resize=350%2C200&ssl=1","width":350,"height":200,"srcset":"https:\/\/i0.wp.com\/www.grieta.org.mx\/wp-content\/uploads\/2025\/07\/Captura-de-pantalla-2025-07-08-233604.png?resize=350%2C200&ssl=1 1x, https:\/\/i0.wp.com\/www.grieta.org.mx\/wp-content\/uploads\/2025\/07\/Captura-de-pantalla-2025-07-08-233604.png?resize=525%2C300&ssl=1 1.5x, https:\/\/i0.wp.com\/www.grieta.org.mx\/wp-content\/uploads\/2025\/07\/Captura-de-pantalla-2025-07-08-233604.png?resize=700%2C400&ssl=1 2x"},"classes":[]},{"id":58107,"url":"https:\/\/www.grieta.org.mx\/index.php\/2021\/04\/02\/mujeres-marchan-en-cdmx-para-exigir-justicia-por-feminicidios-en-qroo\/","url_meta":{"origin":15574,"position":1},"title":"Mujeres marchan en CDMX para exigir justicia por feminicidios en QRoo","author":"grieta","date":"2 abril, 2021","format":false,"excerpt":"\u00a0 Foto: Brigada Marabunta Animal Pol\u00edtico Las manifestantes protestaron durante unos minutos en la Representaci\u00f3n de Q Roo en la CDMX y luego caminaron hasta llegar al Z\u00f3calo capitalino. Mujeres feministas marchan este viernes en la Ciudad de M\u00e9xico para exigir justicia por los feminicidios registrados en los \u00faltimos d\u00edas,\u2026","rel":"","context":"En &quot;CINTILLO&quot;","block_context":{"text":"CINTILLO","link":"https:\/\/www.grieta.org.mx\/index.php\/category\/cintillo\/"},"img":{"alt_text":"","src":"https:\/\/i0.wp.com\/www.grieta.org.mx\/wp-content\/uploads\/2021\/04\/Mujeres-marchan-en-CDMX-para-exigir-justicia-por-feminicidios-en-QRoo-cdmx-abr.jpg?resize=350%2C200&ssl=1","width":350,"height":200,"srcset":"https:\/\/i0.wp.com\/www.grieta.org.mx\/wp-content\/uploads\/2021\/04\/Mujeres-marchan-en-CDMX-para-exigir-justicia-por-feminicidios-en-QRoo-cdmx-abr.jpg?resize=350%2C200&ssl=1 1x, https:\/\/i0.wp.com\/www.grieta.org.mx\/wp-content\/uploads\/2021\/04\/Mujeres-marchan-en-CDMX-para-exigir-justicia-por-feminicidios-en-QRoo-cdmx-abr.jpg?resize=525%2C300&ssl=1 1.5x, https:\/\/i0.wp.com\/www.grieta.org.mx\/wp-content\/uploads\/2021\/04\/Mujeres-marchan-en-CDMX-para-exigir-justicia-por-feminicidios-en-QRoo-cdmx-abr.jpg?resize=700%2C400&ssl=1 2x"},"classes":[]},{"id":16060,"url":"https:\/\/www.grieta.org.mx\/index.php\/2016\/07\/07\/con-4-marchas-y-mas-de-30-bloqueos-la-cdmx-dice-no-a-la-reforma-educativa\/","url_meta":{"origin":15574,"position":2},"title":"Con 4 marchas y m\u00e1s de 30 bloqueos la CdMx dice no a la Reforma Educativa","author":"grieta","date":"7 julio, 2016","format":false,"excerpt":"Ciudad de M\u00e9xico.- M\u00e1s de 30 bloqueos en principales avenidas, al menos cuatro marchas, concentraciones, toma de escuelas por madres y padres de familia, concentraciones, brigadeo informativo en sem\u00e1foros y el paro indefinido de labores en 267 escuelas, fueron parte de las expresiones de apoyo que la ciudadan\u00eda dio ayer\u2026","rel":"","context":"En &quot;cdmx&quot;","block_context":{"text":"cdmx","link":"https:\/\/www.grieta.org.mx\/index.php\/category\/cdmx\/"},"img":{"alt_text":"","src":"https:\/\/i0.wp.com\/www.grieta.org.mx\/wp-content\/uploads\/2018\/03\/14524434_1106112876131411_958039263622046936_o.jpg?resize=350%2C200&ssl=1","width":350,"height":200,"srcset":"https:\/\/i0.wp.com\/www.grieta.org.mx\/wp-content\/uploads\/2018\/03\/14524434_1106112876131411_958039263622046936_o.jpg?resize=350%2C200&ssl=1 1x, https:\/\/i0.wp.com\/www.grieta.org.mx\/wp-content\/uploads\/2018\/03\/14524434_1106112876131411_958039263622046936_o.jpg?resize=525%2C300&ssl=1 1.5x, https:\/\/i0.wp.com\/www.grieta.org.mx\/wp-content\/uploads\/2018\/03\/14524434_1106112876131411_958039263622046936_o.jpg?resize=700%2C400&ssl=1 2x"},"classes":[]},{"id":38460,"url":"https:\/\/www.grieta.org.mx\/index.php\/2019\/08\/21\/con-marcha-en-cdmx-exigen-un-alto-al-asesinato-de-periodistas\/","url_meta":{"origin":15574,"position":3},"title":"Con marcha en CdMx, exigen un alto al asesinato de periodistas","author":"grieta","date":"21 agosto, 2019","format":false,"excerpt":"Jorge Becerril\/Milenio Un grupo de 15 periodistas se concentraron en el \u00c1ngel de la Independencia para marchar con direcci\u00f3n al Senado, para protestar por los 153 muertos y m\u00e1s de 20 comunicadores desaparecidos en el pa\u00eds. \u201c\u00a1Queremos periodistas vivos, ni uno m\u00e1s!\u201d, son las consignas que usaron los integrantes de\u2026","rel":"","context":"En &quot;CINTILLO&quot;","block_context":{"text":"CINTILLO","link":"https:\/\/www.grieta.org.mx\/index.php\/category\/cintillo\/"},"img":{"alt_text":"","src":"https:\/\/i0.wp.com\/www.grieta.org.mx\/wp-content\/uploads\/2019\/08\/comunicadores-protestan-cdmx-asesinato-colegas.jpeg?resize=350%2C200&ssl=1","width":350,"height":200,"srcset":"https:\/\/i0.wp.com\/www.grieta.org.mx\/wp-content\/uploads\/2019\/08\/comunicadores-protestan-cdmx-asesinato-colegas.jpeg?resize=350%2C200&ssl=1 1x, https:\/\/i0.wp.com\/www.grieta.org.mx\/wp-content\/uploads\/2019\/08\/comunicadores-protestan-cdmx-asesinato-colegas.jpeg?resize=525%2C300&ssl=1 1.5x, https:\/\/i0.wp.com\/www.grieta.org.mx\/wp-content\/uploads\/2019\/08\/comunicadores-protestan-cdmx-asesinato-colegas.jpeg?resize=700%2C400&ssl=1 2x"},"classes":[]},{"id":16057,"url":"https:\/\/www.grieta.org.mx\/index.php\/2016\/07\/07\/por-tercer-dia-consecutivo-maestros-y-simpatizantes-de-la-cnte-mantienen-al-menos-7-bloqueos-en-la-cdmx\/","url_meta":{"origin":15574,"position":4},"title":"Por tercer d\u00eda consecutivo, maestros y simpatizantes de la CNTE mantienen al menos 7 bloqueos en la CdMx","author":"grieta","date":"7 julio, 2016","format":false,"excerpt":"Las movilizaciones en la capital del pa\u00eds iniciaron a las 9:00 horas haciendo cortes viales en Reforma, en Perif\u00e9rico a la altura de Le\u00f3n de los Aldama, en la Calzada Ermita Iztapalapa y en la calle Isabel la Cat\u00f3lica en el Centro Hist\u00f3rico. Desde el pasado martes, maestros y padres\u2026","rel":"","context":"En &quot;cdmx&quot;","block_context":{"text":"cdmx","link":"https:\/\/www.grieta.org.mx\/index.php\/category\/cdmx\/"},"img":{"alt_text":"","src":"https:\/\/i0.wp.com\/www.grieta.org.mx\/wp-content\/uploads\/2018\/03\/14524434_1106112876131411_958039263622046936_o.jpg?resize=350%2C200&ssl=1","width":350,"height":200,"srcset":"https:\/\/i0.wp.com\/www.grieta.org.mx\/wp-content\/uploads\/2018\/03\/14524434_1106112876131411_958039263622046936_o.jpg?resize=350%2C200&ssl=1 1x, https:\/\/i0.wp.com\/www.grieta.org.mx\/wp-content\/uploads\/2018\/03\/14524434_1106112876131411_958039263622046936_o.jpg?resize=525%2C300&ssl=1 1.5x, https:\/\/i0.wp.com\/www.grieta.org.mx\/wp-content\/uploads\/2018\/03\/14524434_1106112876131411_958039263622046936_o.jpg?resize=700%2C400&ssl=1 2x"},"classes":[]},{"id":17194,"url":"https:\/\/www.grieta.org.mx\/index.php\/2016\/07\/17\/la-caravana-de-los-pueblos-por-nochixtlan-parte-a-la-cdmx-llegaran-el-proximo-martes\/","url_meta":{"origin":15574,"position":5},"title":"La caravana de los pueblos por Nochixtl\u00e1n (Oaxaca) parte a la CdMx; llegar\u00e1n el pr\u00f3ximo martes","author":"grieta","date":"17 julio, 2016","format":false,"excerpt":"Redacci\u00f3n Sin Embargo. Ciudad de M\u00e9xico, 17 de julio (SinEmbargo).- La caravana motorizada de los pueblos por Oaxaca, conformada por maestros de la secci\u00f3n 22 de la Coordinadora Nacional de Trabajadores de la Educaci\u00f3n (CNTE), y autoridades municipales, partieron hoy rumbo a la Ciudad de M\u00e9xico donde exigir\u00e1n justicia por\u2026","rel":"","context":"En &quot;CINTILLO&quot;","block_context":{"text":"CINTILLO","link":"https:\/\/www.grieta.org.mx\/index.php\/category\/cintillo\/"},"img":{"alt_text":"","src":"https:\/\/i0.wp.com\/www.grieta.org.mx\/wp-content\/uploads\/2018\/03\/14524434_1106112876131411_958039263622046936_o.jpg?resize=350%2C200&ssl=1","width":350,"height":200,"srcset":"https:\/\/i0.wp.com\/www.grieta.org.mx\/wp-content\/uploads\/2018\/03\/14524434_1106112876131411_958039263622046936_o.jpg?resize=350%2C200&ssl=1 1x, https:\/\/i0.wp.com\/www.grieta.org.mx\/wp-content\/uploads\/2018\/03\/14524434_1106112876131411_958039263622046936_o.jpg?resize=525%2C300&ssl=1 1.5x, https:\/\/i0.wp.com\/www.grieta.org.mx\/wp-content\/uploads\/2018\/03\/14524434_1106112876131411_958039263622046936_o.jpg?resize=700%2C400&ssl=1 2x"},"classes":[]}],"_links":{"self":[{"href":"https:\/\/www.grieta.org.mx\/index.php\/wp-json\/wp\/v2\/posts\/15574","targetHints":{"allow":["GET"]}}],"collection":[{"href":"https:\/\/www.grieta.org.mx\/index.php\/wp-json\/wp\/v2\/posts"}],"about":[{"href":"https:\/\/www.grieta.org.mx\/index.php\/wp-json\/wp\/v2\/types\/post"}],"author":[{"embeddable":true,"href":"https:\/\/www.grieta.org.mx\/index.php\/wp-json\/wp\/v2\/users\/2"}],"replies":[{"embeddable":true,"href":"https:\/\/www.grieta.org.mx\/index.php\/wp-json\/wp\/v2\/comments?post=15574"}],"version-history":[{"count":1,"href":"https:\/\/www.grieta.org.mx\/index.php\/wp-json\/wp\/v2\/posts\/15574\/revisions"}],"predecessor-version":[{"id":20166,"href":"https:\/\/www.grieta.org.mx\/index.php\/wp-json\/wp\/v2\/posts\/15574\/revisions\/20166"}],"wp:featuredmedia":[{"embeddable":true,"href":"https:\/\/www.grieta.org.mx\/index.php\/wp-json\/wp\/v2\/media\/21928"}],"wp:attachment":[{"href":"https:\/\/www.grieta.org.mx\/index.php\/wp-json\/wp\/v2\/media?parent=15574"}],"wp:term":[{"taxonomy":"category","embeddable":true,"href":"https:\/\/www.grieta.org.mx\/index.php\/wp-json\/wp\/v2\/categories?post=15574"},{"taxonomy":"post_tag","embeddable":true,"href":"https:\/\/www.grieta.org.mx\/index.php\/wp-json\/wp\/v2\/tags?post=15574"}],"curies":[{"name":"wp","href":"https:\/\/api.w.org\/{rel}","templated":true}]}}