{"id":15542,"date":"2016-08-05T21:17:25","date_gmt":"2016-08-06T02:17:25","guid":{"rendered":"http:\/\/www.grieta.org.mx\/?p=15542"},"modified":"2016-08-07T18:32:49","modified_gmt":"2016-08-07T23:32:49","slug":"movilizaciones-del-sector-salud-en-ciudad-de-mexico","status":"publish","type":"post","link":"https:\/\/www.grieta.org.mx\/index.php\/2016\/08\/05\/movilizaciones-del-sector-salud-en-ciudad-de-mexico\/","title":{"rendered":"Movilizaciones del sector salud en Ciudad de M\u00e9xico"},"content":{"rendered":"<p><strong>02\/08\/16. <\/strong><a href=\"http:\/\/www.grieta.org.mx\/index.php\/2016\/08\/02\/nueva-protesta-contra-la-privatizacion-de-la-salud-publica\/\" target=\"_blank\">Nueva protesta contra la privatizaci\u00f3n de la Salud p\u00fablica (CDMX)<\/a><br \/><em>Desinform\u00e9monos<\/em><br  \/><\/p>\n<p><strong>26\/06\/16. <\/strong><a href=\"http:\/\/www.grieta.org.mx\/?p=15561&amp;preview=true\" target=\"_blank\">M\u00e9dicxs y enfemerxs por la vida (CDMX)<\/a><br \/>\n<em>Subversiones<\/em><\/p>\n<p><strong>22\/06\/16. <\/strong><a href=\"http:\/\/www.grieta.org.mx\/index.php\/2016\/06\/22\/sector-salud-se-une-a-la-protesta-popular-cdmx\/\" target=\"_blank\">Sector salud se une a la protesta popular (CDMX)<\/a><br \/>\n<em>Somos el medio<\/em><\/p>\n","protected":false},"excerpt":{"rendered":"<p>02\/08\/16. Nueva protesta contra la privatizaci\u00f3n de la Salud p\u00fablica (CDMX)Desinform\u00e9monos 26\/06\/16. M\u00e9dicxs y enfemerxs por la vida (CDMX) Subversiones 22\/06\/16. Sector salud se une a la protesta popular (CDMX) &hellip; <a href=\"https:\/\/www.grieta.org.mx\/index.php\/2016\/08\/05\/movilizaciones-del-sector-salud-en-ciudad-de-mexico\/\" class=\"more-link\">Leer m\u00e1s<\/a><\/p>\n","protected":false},"author":2,"featured_media":21928,"comment_status":"closed","ping_status":"closed","sticky":false,"template":"","format":"standard","meta":{"ngg_post_thumbnail":0,"_jetpack_newsletter_access":"","_jetpack_dont_email_post_to_subs":false,"_jetpack_newsletter_tier_id":0,"_jetpack_memberships_contains_paywalled_content":false,"_jetpack_memberships_contains_paid_content":false,"footnotes":""},"categories":[14,2],"tags":[],"class_list":["post-15542","post","type-post","status-publish","format-standard","has-post-thumbnail","hentry","category-ciudad-de-mexico","category-noticias-nacionales","entry"],"jetpack_featured_media_url":"https:\/\/www.grieta.org.mx\/wp-content\/uploads\/2018\/03\/14524434_1106112876131411_958039263622046936_o.jpg","jetpack_sharing_enabled":true,"jetpack_shortlink":"https:\/\/wp.me\/p7ZJR4-42G","jetpack_likes_enabled":false,"jetpack-related-posts":[{"id":15541,"url":"https:\/\/www.grieta.org.mx\/index.php\/2016\/06\/22\/sector-salud-se-une-a-la-protesta-popular-cdmx\/","url_meta":{"origin":15542,"position":0},"title":"Sector salud se une a la protesta popular (CDMX)","author":"grieta","date":"22 junio, 2016","format":false,"excerpt":"Alejandra Pe\u00f1a Arturo Lara Eduardo Blas Protestan contra la reforma a la ley de salud y exigen mejores condiciones laborales CDMX, 22 junio 2016.- M\u00e9dicos y enfermeras se manifiestaron en la Ciudad de M\u00e9xico en rechazo a la posible aprobaci\u00f3n a la Reforma a la Ley General de Salud. La\u2026","rel":"","context":"En &quot;cdmx&quot;","block_context":{"text":"cdmx","link":"https:\/\/www.grieta.org.mx\/index.php\/category\/cdmx\/"},"img":{"alt_text":"","src":"https:\/\/i0.wp.com\/www.grieta.org.mx\/wp-content\/uploads\/2018\/03\/14524434_1106112876131411_958039263622046936_o.jpg?resize=350%2C200&ssl=1","width":350,"height":200,"srcset":"https:\/\/i0.wp.com\/www.grieta.org.mx\/wp-content\/uploads\/2018\/03\/14524434_1106112876131411_958039263622046936_o.jpg?resize=350%2C200&ssl=1 1x, https:\/\/i0.wp.com\/www.grieta.org.mx\/wp-content\/uploads\/2018\/03\/14524434_1106112876131411_958039263622046936_o.jpg?resize=525%2C300&ssl=1 1.5x, https:\/\/i0.wp.com\/www.grieta.org.mx\/wp-content\/uploads\/2018\/03\/14524434_1106112876131411_958039263622046936_o.jpg?resize=700%2C400&ssl=1 2x"},"classes":[]},{"id":56457,"url":"https:\/\/www.grieta.org.mx\/index.php\/2021\/01\/24\/mueren-383-barrenderos-de-la-cdmx-por-covid-19\/","url_meta":{"origin":15542,"position":1},"title":"Mueren 383 barrenderos de la CDMX por COVID-19","author":"grieta","date":"24 enero, 2021","format":false,"excerpt":"Barrenderos muertos por COVID-19 en la CDMX. Foto: Cuartoscuro David Rodr\u00edguez \/ Plumas At\u00f3micas Los trabajadores de la limpieza y la recolecci\u00f3n de basura suplican a la poblaci\u00f3n que marque los residuos de las personas contagiadas El\u00a0COVID-19 provoc\u00f3 la muerte a 383 barrenderos de la Ciudad de M\u00e9xico, inform\u00f3 La\u2026","rel":"","context":"En &quot;CINTILLO&quot;","block_context":{"text":"CINTILLO","link":"https:\/\/www.grieta.org.mx\/index.php\/category\/cintillo\/"},"img":{"alt_text":"","src":"https:\/\/i0.wp.com\/www.grieta.org.mx\/wp-content\/uploads\/2021\/01\/Mueren-383-barrenderos-de-la-CDMX-por-COVID-19-cdmx-ene.jpeg?resize=350%2C200&ssl=1","width":350,"height":200,"srcset":"https:\/\/i0.wp.com\/www.grieta.org.mx\/wp-content\/uploads\/2021\/01\/Mueren-383-barrenderos-de-la-CDMX-por-COVID-19-cdmx-ene.jpeg?resize=350%2C200&ssl=1 1x, https:\/\/i0.wp.com\/www.grieta.org.mx\/wp-content\/uploads\/2021\/01\/Mueren-383-barrenderos-de-la-CDMX-por-COVID-19-cdmx-ene.jpeg?resize=525%2C300&ssl=1 1.5x, https:\/\/i0.wp.com\/www.grieta.org.mx\/wp-content\/uploads\/2021\/01\/Mueren-383-barrenderos-de-la-CDMX-por-COVID-19-cdmx-ene.jpeg?resize=700%2C400&ssl=1 2x, https:\/\/i0.wp.com\/www.grieta.org.mx\/wp-content\/uploads\/2021\/01\/Mueren-383-barrenderos-de-la-CDMX-por-COVID-19-cdmx-ene.jpeg?resize=1050%2C600&ssl=1 3x"},"classes":[]},{"id":71967,"url":"https:\/\/www.grieta.org.mx\/index.php\/2025\/07\/08\/trabajadores-de-la-salud-bloquean-paseo-de-la-reforma-denuncian-irregularidades-ciudad-de-mexico\/","url_meta":{"origin":15542,"position":2},"title":"Trabajadores de la salud bloquean Paseo de la Reforma; denuncian irregularidades (Ciudad de M\u00e9xico)","author":"grieta","date":"8 julio, 2025","format":false,"excerpt":"Natalia Estrada Garc\u00eda \/ Enfoque noticias CDMX.- Trabajadoras y trabajadores pertenecientes al sector salud fueron agredidos tras mantener un bloqueo sobre carriles laterales del Perif\u00e9rico y avenida Paseo de la Reforma en la colonia Bosques de Chapultepec, Miguel Hidalgo. Laura Quintero delegada estatal de Ciudad de M\u00e9xico de la Fuerza\u2026","rel":"","context":"En &quot;Abuso policiaco y tortura en la Ciudad de M\u00e9xico&quot;","block_context":{"text":"Abuso policiaco y tortura en la Ciudad de M\u00e9xico","link":"https:\/\/www.grieta.org.mx\/index.php\/category\/noticias-nacionales\/ciudad-de-mexico\/abuso-policiaco-y-tortura-en-la-ciudad-de-mexico\/"},"img":{"alt_text":"","src":"https:\/\/i0.wp.com\/www.grieta.org.mx\/wp-content\/uploads\/2025\/07\/Captura-de-pantalla-2025-07-08-233604.png?resize=350%2C200&ssl=1","width":350,"height":200,"srcset":"https:\/\/i0.wp.com\/www.grieta.org.mx\/wp-content\/uploads\/2025\/07\/Captura-de-pantalla-2025-07-08-233604.png?resize=350%2C200&ssl=1 1x, https:\/\/i0.wp.com\/www.grieta.org.mx\/wp-content\/uploads\/2025\/07\/Captura-de-pantalla-2025-07-08-233604.png?resize=525%2C300&ssl=1 1.5x, https:\/\/i0.wp.com\/www.grieta.org.mx\/wp-content\/uploads\/2025\/07\/Captura-de-pantalla-2025-07-08-233604.png?resize=700%2C400&ssl=1 2x"},"classes":[]},{"id":50278,"url":"https:\/\/www.grieta.org.mx\/index.php\/2020\/05\/29\/empleados-de-laboratorios-chopo-en-la-cdmx-denuncian-que-hay-10-contagiados-de-covid-y-abusos-en-descuento-de-salarios\/","url_meta":{"origin":15542,"position":3},"title":"Empleados de laboratorios Chopo en la CDMX denuncian que hay 10 contagiados de COVID y abusos en descuento de salarios","author":"grieta","date":"29 mayo, 2020","format":false,"excerpt":"Imagen tomada de: plumaslibres.com.mx Plumas Libres Empleados de laboratorios Chopo de CDMX piden la intervenci\u00f3n de funcionarios de la Secretaria del trabajo, Secretaria de Salud y COFEPRIS Y CNDH. Hay 10 empleados contagiados y los mantienen trabajando. Cdmx.- Desde la CDMX empleados de Grupo Diagn\u00f3stico M\u00e9dico PROA SA DE CV\u2026","rel":"","context":"En &quot;CINTILLO&quot;","block_context":{"text":"CINTILLO","link":"https:\/\/www.grieta.org.mx\/index.php\/category\/cintillo\/"},"img":{"alt_text":"","src":"https:\/\/i0.wp.com\/www.grieta.org.mx\/wp-content\/uploads\/2020\/06\/Empleados-de-laboratorios-Chopo-en-la-CDMX-denuncian-que-hay-10-contagiados-de-COVID-y-abusos-en-descuento-de-salarios-cdmx-jun.jpg?resize=350%2C200&ssl=1","width":350,"height":200,"srcset":"https:\/\/i0.wp.com\/www.grieta.org.mx\/wp-content\/uploads\/2020\/06\/Empleados-de-laboratorios-Chopo-en-la-CDMX-denuncian-que-hay-10-contagiados-de-COVID-y-abusos-en-descuento-de-salarios-cdmx-jun.jpg?resize=350%2C200&ssl=1 1x, https:\/\/i0.wp.com\/www.grieta.org.mx\/wp-content\/uploads\/2020\/06\/Empleados-de-laboratorios-Chopo-en-la-CDMX-denuncian-que-hay-10-contagiados-de-COVID-y-abusos-en-descuento-de-salarios-cdmx-jun.jpg?resize=525%2C300&ssl=1 1.5x"},"classes":[]},{"id":47947,"url":"https:\/\/www.grieta.org.mx\/index.php\/2020\/04\/14\/fase-3-fuerzas-armadas-en-calles-de-la-cdmx-guardia-nacional-en-hospitales\/","url_meta":{"origin":15542,"position":4},"title":"Fase 3: Fuerzas Armadas en calles de la CDMX, Guardia Nacional en hospitales","author":"grieta","date":"14 abril, 2020","format":false,"excerpt":"Imagen tomada de: www.laizquierdadiario.mx Claudio Escobar \/ La Izquierda Diario Mientras miles de trabajadores de la salud denuncian las precarias condiciones en las que enfrentan el Covid-19, la 4T, en consonancia con los gobiernos anteriores, militarizar\u00e1 la CDMX y los hospitales, cosa que costar\u00e1 millones de pesos. En d\u00edas pasados,\u2026","rel":"","context":"En &quot;CINTILLO&quot;","block_context":{"text":"CINTILLO","link":"https:\/\/www.grieta.org.mx\/index.php\/category\/cintillo\/"},"img":{"alt_text":"","src":"https:\/\/i0.wp.com\/www.grieta.org.mx\/wp-content\/uploads\/2020\/04\/Fase-3-Fuerzas-Armadas-en-calles-de-la-CDMX-Guardia-Nacional-en-hospitales-cdmx-abr.jpg?resize=350%2C200&ssl=1","width":350,"height":200,"srcset":"https:\/\/i0.wp.com\/www.grieta.org.mx\/wp-content\/uploads\/2020\/04\/Fase-3-Fuerzas-Armadas-en-calles-de-la-CDMX-Guardia-Nacional-en-hospitales-cdmx-abr.jpg?resize=350%2C200&ssl=1 1x, https:\/\/i0.wp.com\/www.grieta.org.mx\/wp-content\/uploads\/2020\/04\/Fase-3-Fuerzas-Armadas-en-calles-de-la-CDMX-Guardia-Nacional-en-hospitales-cdmx-abr.jpg?resize=525%2C300&ssl=1 1.5x, https:\/\/i0.wp.com\/www.grieta.org.mx\/wp-content\/uploads\/2020\/04\/Fase-3-Fuerzas-Armadas-en-calles-de-la-CDMX-Guardia-Nacional-en-hospitales-cdmx-abr.jpg?resize=700%2C400&ssl=1 2x"},"classes":[]},{"id":43686,"url":"https:\/\/www.grieta.org.mx\/index.php\/2020\/01\/24\/tras-protesta-de-padres-de-ninos-con-cancer-logran-acuerdo-firmado-para-evitar-escasez-de-medicinas-ciudad-de-mexico\/","url_meta":{"origin":15542,"position":5},"title":"Tras protesta de padres de ni\u00f1os con c\u00e1ncer, logran acuerdo firmado para evitar  escasez de medicinas (Ciudad de M\u00e9xico)","author":"grieta","date":"24 enero, 2020","format":false,"excerpt":"Padres de ni\u00f1os con c\u00e1ncer muestran los acuerdos con autoridades del Hospital General la Raza para evitar escasez de medicamentos oncol\u00f3gicos (Foto: Mariluz Rold\u00e1n) Mariluz Rold\u00e1n \/ La Silla Rota Una comisi\u00f3n de padres de menores ingres\u00f3 al Hospital General La Raza para dialogar con autoridades sobre la falta de\u2026","rel":"","context":"En &quot;CINTILLO&quot;","block_context":{"text":"CINTILLO","link":"https:\/\/www.grieta.org.mx\/index.php\/category\/cintillo\/"},"img":{"alt_text":"","src":"https:\/\/i0.wp.com\/www.grieta.org.mx\/wp-content\/uploads\/2020\/01\/Tras-protesta-de-padres-de-ni%C3%B1os-cdmx-ene.jpg?resize=350%2C200","width":350,"height":200},"classes":[]}],"_links":{"self":[{"href":"https:\/\/www.grieta.org.mx\/index.php\/wp-json\/wp\/v2\/posts\/15542","targetHints":{"allow":["GET"]}}],"collection":[{"href":"https:\/\/www.grieta.org.mx\/index.php\/wp-json\/wp\/v2\/posts"}],"about":[{"href":"https:\/\/www.grieta.org.mx\/index.php\/wp-json\/wp\/v2\/types\/post"}],"author":[{"embeddable":true,"href":"https:\/\/www.grieta.org.mx\/index.php\/wp-json\/wp\/v2\/users\/2"}],"replies":[{"embeddable":true,"href":"https:\/\/www.grieta.org.mx\/index.php\/wp-json\/wp\/v2\/comments?post=15542"}],"version-history":[{"count":1,"href":"https:\/\/www.grieta.org.mx\/index.php\/wp-json\/wp\/v2\/posts\/15542\/revisions"}],"predecessor-version":[{"id":19008,"href":"https:\/\/www.grieta.org.mx\/index.php\/wp-json\/wp\/v2\/posts\/15542\/revisions\/19008"}],"wp:featuredmedia":[{"embeddable":true,"href":"https:\/\/www.grieta.org.mx\/index.php\/wp-json\/wp\/v2\/media\/21928"}],"wp:attachment":[{"href":"https:\/\/www.grieta.org.mx\/index.php\/wp-json\/wp\/v2\/media?parent=15542"}],"wp:term":[{"taxonomy":"category","embeddable":true,"href":"https:\/\/www.grieta.org.mx\/index.php\/wp-json\/wp\/v2\/categories?post=15542"},{"taxonomy":"post_tag","embeddable":true,"href":"https:\/\/www.grieta.org.mx\/index.php\/wp-json\/wp\/v2\/tags?post=15542"}],"curies":[{"name":"wp","href":"https:\/\/api.w.org\/{rel}","templated":true}]}}