{"id":15533,"date":"2016-06-27T23:57:43","date_gmt":"2016-06-27T23:57:43","guid":{"rendered":"http:\/\/www.grieta.org.mx\/?p=15533"},"modified":"2016-06-29T05:12:07","modified_gmt":"2016-06-29T05:12:07","slug":"21-meses-sin-ellos-y-el-oportunismo-beligerante","status":"publish","type":"post","link":"https:\/\/www.grieta.org.mx\/index.php\/2016\/06\/27\/21-meses-sin-ellos-y-el-oportunismo-beligerante\/","title":{"rendered":"21 Meses sin ellos y el oportunismo beligerante"},"content":{"rendered":"<p>26 de Junio del 2016 Ciudad de M\u00e9xico. El d\u00eda de hoy se cumplieron 21 meses de que los 43 normalistas de Ayotzinapa fueron secuestrados por los tres niveles de gobierno,se recordo con una marcha multitudinaria que convoco a amplios sectores de la poblaci\u00f3n en particular de la ciudad de M\u00e9xico junto con maestros de la Coordinadora Nacional de Trabajadores del Estado (CNTE); a pesar que la marcha se pospuso primero hasta la 1 de la tarde para que un evento de tipo proselitista del partido pol\u00edtico Movimiento de Regeneraci\u00f3n Nacional (MORENA) terminara y diera tiempo de realizar el recorrido que se ten\u00eda pensado, no fue hasta casi las 4 de la tarde que el multitudinario contingente avanz\u00f3 por la lateral de Reforma.<\/p>\n<p><img decoding=\"async\" data-attachment-id=\"15537\" data-permalink=\"https:\/\/www.grieta.org.mx\/index.php\/2016\/06\/27\/21-meses-sin-ellos-y-el-oportunismo-beligerante\/dsc07379\/\" data-orig-file=\"https:\/\/www.grieta.org.mx\/wp-content\/uploads\/2016\/06\/dsc07379.jpg\" data-orig-size=\"665,443\" data-comments-opened=\"0\" data-image-meta=\"{&quot;aperture&quot;:&quot;5.6&quot;,&quot;credit&quot;:&quot;&quot;,&quot;camera&quot;:&quot;SLT-A58&quot;,&quot;caption&quot;:&quot;&quot;,&quot;created_timestamp&quot;:&quot;1466819242&quot;,&quot;copyright&quot;:&quot;&quot;,&quot;focal_length&quot;:&quot;18&quot;,&quot;iso&quot;:&quot;100&quot;,&quot;shutter_speed&quot;:&quot;0.008&quot;,&quot;title&quot;:&quot;&quot;,&quot;orientation&quot;:&quot;1&quot;}\" data-image-title=\"dsc07379\" data-image-description=\"\" data-image-caption=\"\" data-medium-file=\"https:\/\/www.grieta.org.mx\/wp-content\/uploads\/2016\/06\/dsc07379-300x200.jpg\" data-large-file=\"https:\/\/www.grieta.org.mx\/wp-content\/uploads\/2016\/06\/dsc07379.jpg\" src=\"http:\/\/www.grieta.org.mx\/wp-content\/uploads\/2016\/06\/dsc07379-300x200.jpg\" alt=\"dsc07379\" width=\"100%\" class=\"aligncenter size-medium wp-image-15537\" srcset=\"https:\/\/www.grieta.org.mx\/wp-content\/uploads\/2016\/06\/dsc07379-300x200.jpg 300w, https:\/\/www.grieta.org.mx\/wp-content\/uploads\/2016\/06\/dsc07379.jpg 665w\" sizes=\"(max-width: 300px) 100vw, 300px\" \/><\/p>\n<p>En la principal avenida se pod\u00eda observar a muchos adultos mayores, que eran llamados en grupos para informarles que sus \u201cproblem\u00e1ticas ya estaban siendo \u201catendidas\u201d en otros puntos; personas con chalecos morados dirig\u00edan grupos grandes de personas humildes a sus transportes, al puro estilo del acarreado, la canci\u00f3n del partido una especie de cumbia sin sentido que lastimaba nuestros t\u00edmpanos salia de unas docena de enormes estructuras que invad\u00edan el centro de la avenida reforma, momentos antes Andr\u00e9s Manuel lanzar\u00eda desde un escenario digno de un pol\u00edtico de su altura una afrenta a Pe\u00f1a Nieto.<\/p>\n<p><img decoding=\"async\" data-attachment-id=\"15536\" data-permalink=\"https:\/\/www.grieta.org.mx\/index.php\/2016\/06\/27\/21-meses-sin-ellos-y-el-oportunismo-beligerante\/dsc07384\/\" data-orig-file=\"https:\/\/www.grieta.org.mx\/wp-content\/uploads\/2016\/06\/dsc07384.jpg\" data-orig-size=\"665,443\" data-comments-opened=\"0\" data-image-meta=\"{&quot;aperture&quot;:&quot;4&quot;,&quot;credit&quot;:&quot;&quot;,&quot;camera&quot;:&quot;SLT-A58&quot;,&quot;caption&quot;:&quot;&quot;,&quot;created_timestamp&quot;:&quot;1466819321&quot;,&quot;copyright&quot;:&quot;&quot;,&quot;focal_length&quot;:&quot;24&quot;,&quot;iso&quot;:&quot;100&quot;,&quot;shutter_speed&quot;:&quot;0.016666666666667&quot;,&quot;title&quot;:&quot;&quot;,&quot;orientation&quot;:&quot;1&quot;}\" data-image-title=\"dsc07384\" data-image-description=\"\" data-image-caption=\"\" data-medium-file=\"https:\/\/www.grieta.org.mx\/wp-content\/uploads\/2016\/06\/dsc07384-300x200.jpg\" data-large-file=\"https:\/\/www.grieta.org.mx\/wp-content\/uploads\/2016\/06\/dsc07384.jpg\" src=\"http:\/\/www.grieta.org.mx\/wp-content\/uploads\/2016\/06\/dsc07384-300x200.jpg\" alt=\"dsc07384\" width=\"100%\" class=\"aligncenter size-medium wp-image-15536\" srcset=\"https:\/\/www.grieta.org.mx\/wp-content\/uploads\/2016\/06\/dsc07384-300x200.jpg 300w, https:\/\/www.grieta.org.mx\/wp-content\/uploads\/2016\/06\/dsc07384.jpg 665w\" sizes=\"(max-width: 300px) 100vw, 300px\" \/><\/p>\n<p>\u00bfQue pensar\u00eda el se\u00f1or L\u00f3pez Obrador? al colgarse de manera tan oportunista y descarada de los profesores y los padres de familia, impedir el libre transito de los miles de mexicanos que salimos de manera desinteresada, consciente y sincera como hemos salido estos \u00faltimos veinti\u00fan meses; el se\u00f1or L\u00f3pez Obrador no ha entendido que sus formas de hacer pol\u00edtiquer\u00eda ya no la aceptamos, ni la queremos; por que la mayor\u00eda de la poblaci\u00f3n ya entendi\u00f3 que los partidos pol\u00edticos son el c\u00e1ncer de nuestra sociedad y que el efecto placebo de la rep\u00fablica de AMLOVE ya caduco.<\/p>\n<p><img decoding=\"async\" data-attachment-id=\"15535\" data-permalink=\"https:\/\/www.grieta.org.mx\/index.php\/2016\/06\/27\/21-meses-sin-ellos-y-el-oportunismo-beligerante\/dsc07410\/\" data-orig-file=\"https:\/\/www.grieta.org.mx\/wp-content\/uploads\/2016\/06\/dsc07410.jpg\" data-orig-size=\"665,443\" data-comments-opened=\"0\" data-image-meta=\"{&quot;aperture&quot;:&quot;4.5&quot;,&quot;credit&quot;:&quot;&quot;,&quot;camera&quot;:&quot;SLT-A58&quot;,&quot;caption&quot;:&quot;&quot;,&quot;created_timestamp&quot;:&quot;1466820834&quot;,&quot;copyright&quot;:&quot;&quot;,&quot;focal_length&quot;:&quot;18&quot;,&quot;iso&quot;:&quot;100&quot;,&quot;shutter_speed&quot;:&quot;0.01&quot;,&quot;title&quot;:&quot;&quot;,&quot;orientation&quot;:&quot;1&quot;}\" data-image-title=\"dsc07410\" data-image-description=\"\" data-image-caption=\"\" data-medium-file=\"https:\/\/www.grieta.org.mx\/wp-content\/uploads\/2016\/06\/dsc07410-300x200.jpg\" data-large-file=\"https:\/\/www.grieta.org.mx\/wp-content\/uploads\/2016\/06\/dsc07410.jpg\" src=\"http:\/\/www.grieta.org.mx\/wp-content\/uploads\/2016\/06\/dsc07410-300x200.jpg\" alt=\"dsc07410\" width=\"100%\" class=\"aligncenter size-medium wp-image-15535\" srcset=\"https:\/\/www.grieta.org.mx\/wp-content\/uploads\/2016\/06\/dsc07410-300x200.jpg 300w, https:\/\/www.grieta.org.mx\/wp-content\/uploads\/2016\/06\/dsc07410.jpg 665w\" sizes=\"(max-width: 300px) 100vw, 300px\" \/><\/p>\n<p>Despu\u00e9s de varios intentos y reclamos por parte de los partidistas de MORENA el contingente avanz\u00f3 digno y decidido, las batucadas robaban las miradas de los acarreados y acallo el sonido local que gritaba ordenes y avisos hac\u00eda las diferentes fuerzas pol\u00edticas transportadas de algunos estados del pa\u00eds; mientras como buenos t\u00edteres miraban extra\u00f1os a los dignos, a los que han dejado de creer en los partidos y en sus promesas, pues son una elite extra\u00f1a y alejada de los que resisten, de las luchas de la gente humilde, alejada de nuestra realidad.<\/p>\n<p><img decoding=\"async\" data-attachment-id=\"15534\" data-permalink=\"https:\/\/www.grieta.org.mx\/index.php\/2016\/06\/27\/21-meses-sin-ellos-y-el-oportunismo-beligerante\/dsc07439\/\" data-orig-file=\"https:\/\/www.grieta.org.mx\/wp-content\/uploads\/2016\/06\/dsc07439.jpg\" data-orig-size=\"665,443\" data-comments-opened=\"0\" data-image-meta=\"{&quot;aperture&quot;:&quot;4&quot;,&quot;credit&quot;:&quot;&quot;,&quot;camera&quot;:&quot;SLT-A58&quot;,&quot;caption&quot;:&quot;&quot;,&quot;created_timestamp&quot;:&quot;1466823961&quot;,&quot;copyright&quot;:&quot;&quot;,&quot;focal_length&quot;:&quot;20&quot;,&quot;iso&quot;:&quot;125&quot;,&quot;shutter_speed&quot;:&quot;0.016666666666667&quot;,&quot;title&quot;:&quot;&quot;,&quot;orientation&quot;:&quot;1&quot;}\" data-image-title=\"dsc07439\" data-image-description=\"\" data-image-caption=\"\" data-medium-file=\"https:\/\/www.grieta.org.mx\/wp-content\/uploads\/2016\/06\/dsc07439-300x200.jpg\" data-large-file=\"https:\/\/www.grieta.org.mx\/wp-content\/uploads\/2016\/06\/dsc07439.jpg\" src=\"http:\/\/www.grieta.org.mx\/wp-content\/uploads\/2016\/06\/dsc07439-300x200.jpg\" alt=\"dsc07439\" width=\"100%\" class=\"aligncenter size-medium wp-image-15534\" srcset=\"https:\/\/www.grieta.org.mx\/wp-content\/uploads\/2016\/06\/dsc07439-300x200.jpg 300w, https:\/\/www.grieta.org.mx\/wp-content\/uploads\/2016\/06\/dsc07439.jpg 665w\" sizes=\"(max-width: 300px) 100vw, 300px\" \/><\/p>\n<p>En el mitin improvisado afuera de la Procuradur\u00eda General de la Rep\u00fablica d\u00f3nde un lazo separaba a los padres de los normalistas desaparecidos y a decenas de periodistas a ras de suelo y de escenario un edificio que regularmente esta lleno de criminales, los padres llamaron a no dejarlos solos, a exigir la presentaci\u00f3n con vida de los cuarenta y tres ni\u00f1os desaparecidos, y aseguraron que la lucha de los normalistas es una lucha que ha englobado el reclamo generalizado de justicia, a igual diferentes organizaciones mostraron su apoyo incondicional al movimiento. Los padres y madres recordaron los temibles hechos del pasado domingo y llamaron a no dejarse vencer por el miedo.<\/p>\n<p><a href=\"https:\/\/radiozapote.wordpress.com\/2016\/06\/27\/21-meses-sin-ellos-y-el-oportunismo-beligerante\/\" target=\"_blank\">https:\/\/radiozapote.wordpress.com\/2016\/06\/27\/21-meses-sin-ellos-y-el-oportunismo-beligerante\/<\/a><\/p>\n","protected":false},"excerpt":{"rendered":"<p>26 de Junio del 2016 Ciudad de M\u00e9xico. El d\u00eda de hoy se cumplieron 21 meses de que los 43 normalistas de Ayotzinapa fueron secuestrados por los tres niveles de &hellip; <a href=\"https:\/\/www.grieta.org.mx\/index.php\/2016\/06\/27\/21-meses-sin-ellos-y-el-oportunismo-beligerante\/\" class=\"more-link\">Leer m\u00e1s<\/a><\/p>\n","protected":false},"author":2,"featured_media":21928,"comment_status":"closed","ping_status":"closed","sticky":false,"template":"","format":"standard","meta":{"ngg_post_thumbnail":0,"_jetpack_newsletter_access":"","_jetpack_dont_email_post_to_subs":false,"_jetpack_newsletter_tier_id":0,"_jetpack_memberships_contains_paywalled_content":false,"_jetpack_memberships_contains_paid_content":false,"footnotes":""},"categories":[598,80],"tags":[229],"class_list":["post-15533","post","type-post","status-publish","format-standard","has-post-thumbnail","hentry","category-cdmx","category-cintillo","tag-solidaridad-con-ayotzinapa","entry"],"jetpack_featured_media_url":"https:\/\/www.grieta.org.mx\/wp-content\/uploads\/2018\/03\/14524434_1106112876131411_958039263622046936_o.jpg","jetpack_sharing_enabled":true,"jetpack_shortlink":"https:\/\/wp.me\/p7ZJR4-42x","jetpack_likes_enabled":false,"jetpack-related-posts":[{"id":9694,"url":"https:\/\/www.grieta.org.mx\/index.php\/2016\/07\/31\/movilizaciones-por-ayotzinapa-en-la-ciudad-de-mexico\/","url_meta":{"origin":15533,"position":0},"title":"Movilizaciones por Ayotzinapa en la Ciudad de M\u00e9xico","author":"grieta","date":"31 julio, 2016","format":false,"excerpt":"27\/07\/16. 22 meses de exigir justicia para Ayotzinapa (CDMX)Ke Huelga Radio 07\/07\/16. Padres y madres de los normalistas instalan plant\u00f3n frente a la SRESomos el medio 27\/06\/16. 21 Meses sin ellos y el oportunismo beligeranteRadio Zapote 26\/04\/16. \u00a1GIEI, s\u00ed! \u00a1Pe\u00f1a, no!.. La exigencia a 19 meses de AyotzinapaM\u00e1s de 131\u2026","rel":"","context":"En &quot;Ciudad de M\u00e9xico&quot;","block_context":{"text":"Ciudad de M\u00e9xico","link":"https:\/\/www.grieta.org.mx\/index.php\/category\/noticias-nacionales\/ciudad-de-mexico\/"},"img":{"alt_text":"","src":"https:\/\/i0.wp.com\/www.grieta.org.mx\/wp-content\/uploads\/2018\/03\/14524434_1106112876131411_958039263622046936_o.jpg?resize=350%2C200&ssl=1","width":350,"height":200,"srcset":"https:\/\/i0.wp.com\/www.grieta.org.mx\/wp-content\/uploads\/2018\/03\/14524434_1106112876131411_958039263622046936_o.jpg?resize=350%2C200&ssl=1 1x, https:\/\/i0.wp.com\/www.grieta.org.mx\/wp-content\/uploads\/2018\/03\/14524434_1106112876131411_958039263622046936_o.jpg?resize=525%2C300&ssl=1 1.5x, https:\/\/i0.wp.com\/www.grieta.org.mx\/wp-content\/uploads\/2018\/03\/14524434_1106112876131411_958039263622046936_o.jpg?resize=700%2C400&ssl=1 2x"},"classes":[]},{"id":8151,"url":"https:\/\/www.grieta.org.mx\/index.php\/2015\/09\/26\/1er-aniversario-de-la-desaparicion-de-estudiantes-de-ayotzinapa\/","url_meta":{"origin":15533,"position":1},"title":"1er Aniversario de la desaparici\u00f3n de estudiantes de Ayotzinapa","author":"grieta","date":"26 septiembre, 2015","format":false,"excerpt":". Ensenada, B.C \u00c9ste d\u00eda se realiz\u00f3 una marcha conmemorando el Primer aniversario de la desaparici\u00f3n de los 43 estudiantes Normalistas en Ayotzinapa. Decenas de personas se reunieron en el monumento a L\u00e1zaro C\u00e1rdenas de donde sali\u00f3 la marcha con rumbo a la Plaza de la Patria (3 Cabezas). Organizada\u2026","rel":"","context":"En &quot;CINTILLO&quot;","block_context":{"text":"CINTILLO","link":"https:\/\/www.grieta.org.mx\/index.php\/category\/cintillo\/"},"img":{"alt_text":"","src":"https:\/\/i0.wp.com\/www.grieta.org.mx\/wp-content\/uploads\/2018\/03\/14524434_1106112876131411_958039263622046936_o.jpg?resize=350%2C200&ssl=1","width":350,"height":200,"srcset":"https:\/\/i0.wp.com\/www.grieta.org.mx\/wp-content\/uploads\/2018\/03\/14524434_1106112876131411_958039263622046936_o.jpg?resize=350%2C200&ssl=1 1x, https:\/\/i0.wp.com\/www.grieta.org.mx\/wp-content\/uploads\/2018\/03\/14524434_1106112876131411_958039263622046936_o.jpg?resize=525%2C300&ssl=1 1.5x, https:\/\/i0.wp.com\/www.grieta.org.mx\/wp-content\/uploads\/2018\/03\/14524434_1106112876131411_958039263622046936_o.jpg?resize=700%2C400&ssl=1 2x"},"classes":[]},{"id":50030,"url":"https:\/\/www.grieta.org.mx\/index.php\/2020\/05\/26\/exigen-justicia-para-los-43-normalistas-a-68-meses-de-su-desaparicion-ciudad-de-mexico\/","url_meta":{"origin":15533,"position":2},"title":"Exigen justicia para los 43 normalistas a 68 meses de su desaparici\u00f3n (Ciudad de M\u00e9xico)","author":"grieta","date":"26 mayo, 2020","format":false,"excerpt":"Foto: David Deolarte \/ La Prensa Andrea P\u00e9rez \/ La Prensa Con pintas conmemorativas y carteles con las fotos de los 43, padres de familia protestaron en el antimonumento A 68 meses de la desaparici\u00f3n de los 43 estudiantes de la Normal de Ayotzinapa, un grupo de activistas y familiares\u2026","rel":"","context":"En &quot;CINTILLO&quot;","block_context":{"text":"CINTILLO","link":"https:\/\/www.grieta.org.mx\/index.php\/category\/cintillo\/"},"img":{"alt_text":"","src":"https:\/\/i0.wp.com\/www.grieta.org.mx\/wp-content\/uploads\/2020\/05\/Exigen-justicia-para-los-43-normalistas-a-68-meses-de-su-desaparici%C3%B3n-cdmx-may.jpg?resize=350%2C200&ssl=1","width":350,"height":200,"srcset":"https:\/\/i0.wp.com\/www.grieta.org.mx\/wp-content\/uploads\/2020\/05\/Exigen-justicia-para-los-43-normalistas-a-68-meses-de-su-desaparici%C3%B3n-cdmx-may.jpg?resize=350%2C200&ssl=1 1x, https:\/\/i0.wp.com\/www.grieta.org.mx\/wp-content\/uploads\/2020\/05\/Exigen-justicia-para-los-43-normalistas-a-68-meses-de-su-desaparici%C3%B3n-cdmx-may.jpg?resize=525%2C300&ssl=1 1.5x, https:\/\/i0.wp.com\/www.grieta.org.mx\/wp-content\/uploads\/2020\/05\/Exigen-justicia-para-los-43-normalistas-a-68-meses-de-su-desaparici%C3%B3n-cdmx-may.jpg?resize=700%2C400&ssl=1 2x"},"classes":[]},{"id":11370,"url":"https:\/\/www.grieta.org.mx\/index.php\/2016\/04\/26\/ayotzinapa-19-meses-sin-justicia\/","url_meta":{"origin":15533,"position":3},"title":"Ayotzinapa 19 meses sin justicia","author":"grieta","date":"26 abril, 2016","format":false,"excerpt":"Mario Marlo Arturo Lara Los padres y madres de los estudiantes denunciaron la estrategia que ha implementado el gobierno para dividirlos Ciudad de M\u00e9xico 26 de abril 2016.- M\u00e1s de tres mil personas se dieron cita en el \u00c1ngel de la Independencia para acompa\u00f1ar a los padres y madres de\u2026","rel":"","context":"En &quot;cdmx&quot;","block_context":{"text":"cdmx","link":"https:\/\/www.grieta.org.mx\/index.php\/category\/cdmx\/"},"img":{"alt_text":"","src":"https:\/\/i0.wp.com\/www.grieta.org.mx\/wp-content\/uploads\/2018\/03\/14524434_1106112876131411_958039263622046936_o.jpg?resize=350%2C200&ssl=1","width":350,"height":200,"srcset":"https:\/\/i0.wp.com\/www.grieta.org.mx\/wp-content\/uploads\/2018\/03\/14524434_1106112876131411_958039263622046936_o.jpg?resize=350%2C200&ssl=1 1x, https:\/\/i0.wp.com\/www.grieta.org.mx\/wp-content\/uploads\/2018\/03\/14524434_1106112876131411_958039263622046936_o.jpg?resize=525%2C300&ssl=1 1.5x, https:\/\/i0.wp.com\/www.grieta.org.mx\/wp-content\/uploads\/2018\/03\/14524434_1106112876131411_958039263622046936_o.jpg?resize=700%2C400&ssl=1 2x"},"classes":[]},{"id":42522,"url":"https:\/\/www.grieta.org.mx\/index.php\/2019\/12\/26\/marchan-padres-de-los-43-en-la-basilica-ciudad-de-mexico\/","url_meta":{"origin":15533,"position":4},"title":"Marchan padres de los 43 en la Bas\u00edlica (Ciudad de M\u00e9xico)","author":"grieta","date":"26 diciembre, 2019","format":false,"excerpt":"Foto: Isael Rosales \/ Tlachinollan Vania Pigeonutt \/ Pie de P\u00e1gina \u00a0 CIUDAD DE M\u00c9XICO.- Madres y padres de los 43 estudiantes desaparecidos de Ayotzinapa realizaron una marcha- peregrinaci\u00f3n hacia la Bas\u00edlica de Guadalupe como parte de las actividades de la 63 acci\u00f3n global por Ayotzinapa. Primero, realizaron varios encuentros\u2026","rel":"","context":"En &quot;CINTILLO&quot;","block_context":{"text":"CINTILLO","link":"https:\/\/www.grieta.org.mx\/index.php\/category\/cintillo\/"},"img":{"alt_text":"","src":"https:\/\/i0.wp.com\/www.grieta.org.mx\/wp-content\/uploads\/2019\/12\/Marchan-padres-de-los-43-en-la-Bas%C3%ADlica-cdmx-dic.jpg?resize=350%2C200&ssl=1","width":350,"height":200,"srcset":"https:\/\/i0.wp.com\/www.grieta.org.mx\/wp-content\/uploads\/2019\/12\/Marchan-padres-de-los-43-en-la-Bas%C3%ADlica-cdmx-dic.jpg?resize=350%2C200&ssl=1 1x, https:\/\/i0.wp.com\/www.grieta.org.mx\/wp-content\/uploads\/2019\/12\/Marchan-padres-de-los-43-en-la-Bas%C3%ADlica-cdmx-dic.jpg?resize=525%2C300&ssl=1 1.5x, https:\/\/i0.wp.com\/www.grieta.org.mx\/wp-content\/uploads\/2019\/12\/Marchan-padres-de-los-43-en-la-Bas%C3%ADlica-cdmx-dic.jpg?resize=700%2C400&ssl=1 2x, https:\/\/i0.wp.com\/www.grieta.org.mx\/wp-content\/uploads\/2019\/12\/Marchan-padres-de-los-43-en-la-Bas%C3%ADlica-cdmx-dic.jpg?resize=1050%2C600&ssl=1 3x"},"classes":[]},{"id":8945,"url":"https:\/\/www.grieta.org.mx\/index.php\/2015\/02\/26\/marcharan-hoy-trabajadores-del-imss-a-5-meses-del-caso-ayotzinapa\/","url_meta":{"origin":15533,"position":5},"title":"Marchar\u00e1n hoy trabajadores del IMSS, a 5 meses del caso Ayotzinapa","author":"Admin","date":"26 febrero, 2015","format":false,"excerpt":"A cinco meses de la desaparici\u00f3n de los 43 normalistas de Ayotzinapa, se prev\u00e9 una manifestaci\u00f3n en la Ciudad de M\u00e9xico denominada \u201c\u2019Acci\u00f3n Global por Ayotzinapa\u201d, en la que se espera la participaci\u00f3n de algunos de los padres, organizaciones civiles y estudiantes. Antes, a las 14:30 horas, un grupo de\u2026","rel":"","context":"En &quot;CINTILLO&quot;","block_context":{"text":"CINTILLO","link":"https:\/\/www.grieta.org.mx\/index.php\/category\/cintillo\/"},"img":{"alt_text":"","src":"https:\/\/i0.wp.com\/www.grieta.org.mx\/wp-content\/uploads\/2018\/03\/14524434_1106112876131411_958039263622046936_o.jpg?resize=350%2C200&ssl=1","width":350,"height":200,"srcset":"https:\/\/i0.wp.com\/www.grieta.org.mx\/wp-content\/uploads\/2018\/03\/14524434_1106112876131411_958039263622046936_o.jpg?resize=350%2C200&ssl=1 1x, https:\/\/i0.wp.com\/www.grieta.org.mx\/wp-content\/uploads\/2018\/03\/14524434_1106112876131411_958039263622046936_o.jpg?resize=525%2C300&ssl=1 1.5x, https:\/\/i0.wp.com\/www.grieta.org.mx\/wp-content\/uploads\/2018\/03\/14524434_1106112876131411_958039263622046936_o.jpg?resize=700%2C400&ssl=1 2x"},"classes":[]}],"_links":{"self":[{"href":"https:\/\/www.grieta.org.mx\/index.php\/wp-json\/wp\/v2\/posts\/15533","targetHints":{"allow":["GET"]}}],"collection":[{"href":"https:\/\/www.grieta.org.mx\/index.php\/wp-json\/wp\/v2\/posts"}],"about":[{"href":"https:\/\/www.grieta.org.mx\/index.php\/wp-json\/wp\/v2\/types\/post"}],"author":[{"embeddable":true,"href":"https:\/\/www.grieta.org.mx\/index.php\/wp-json\/wp\/v2\/users\/2"}],"replies":[{"embeddable":true,"href":"https:\/\/www.grieta.org.mx\/index.php\/wp-json\/wp\/v2\/comments?post=15533"}],"version-history":[{"count":1,"href":"https:\/\/www.grieta.org.mx\/index.php\/wp-json\/wp\/v2\/posts\/15533\/revisions"}],"predecessor-version":[{"id":15539,"href":"https:\/\/www.grieta.org.mx\/index.php\/wp-json\/wp\/v2\/posts\/15533\/revisions\/15539"}],"wp:featuredmedia":[{"embeddable":true,"href":"https:\/\/www.grieta.org.mx\/index.php\/wp-json\/wp\/v2\/media\/21928"}],"wp:attachment":[{"href":"https:\/\/www.grieta.org.mx\/index.php\/wp-json\/wp\/v2\/media?parent=15533"}],"wp:term":[{"taxonomy":"category","embeddable":true,"href":"https:\/\/www.grieta.org.mx\/index.php\/wp-json\/wp\/v2\/categories?post=15533"},{"taxonomy":"post_tag","embeddable":true,"href":"https:\/\/www.grieta.org.mx\/index.php\/wp-json\/wp\/v2\/tags?post=15533"}],"curies":[{"name":"wp","href":"https:\/\/api.w.org\/{rel}","templated":true}]}}