{"id":15523,"date":"2016-06-22T18:50:21","date_gmt":"2016-06-22T18:50:21","guid":{"rendered":"http:\/\/www.grieta.org.mx\/?p=15523"},"modified":"2016-06-28T18:54:01","modified_gmt":"2016-06-28T18:54:01","slug":"denuncian-medicos-que-hospitales-mexiquenses-carecen-de-insumos-medicinas-y-equipo","status":"publish","type":"post","link":"https:\/\/www.grieta.org.mx\/index.php\/2016\/06\/22\/denuncian-medicos-que-hospitales-mexiquenses-carecen-de-insumos-medicinas-y-equipo\/","title":{"rendered":"Denuncian m\u00e9dicos que hospitales mexiquenses carecen de insumos, medicinas y equipo"},"content":{"rendered":"<p>TOLUCA, M\u00e9xico, 22 de Junio.- M\u00e9dicos de diferentes hospitales del sector Salud del Estado de M\u00e9xico salieron a las calles a manifestarse en contra de lo que calificaron como \u201csistem\u00e1tica persecuci\u00f3n\u201d a quienes ejercen esa profesi\u00f3n, y posteriormente se manifestaron ante el Palacio de Gobierno estatal para reclamar mejor infraestructura, insumos y medicinas para estar en condiciones de atender adecuadamente a los pacientes.<\/p>\n<p><img loading=\"lazy\" decoding=\"async\" src=\"http:\/\/mvt.com.mx\/wp-content\/uploads\/2016\/06\/m%C3%A9dicos-1-256x180.jpg\" width=\"256\" height=\"180\" class=\"alignnone\" \/><br \/>\nRoberto Garc\u00eda, a nombre de los manifestantes, se\u00f1al\u00f3 que se trata del movimiento autodenominado \u201cSoy 17\u201d, mediante el cual los profesionales de la medicina exigen descriminalizar al acto m\u00e9dico. \u201cCon las limitaciones a las que estamos sujetos, hacemos lo que podemos, pero cuando alguien pierde la vida, se persigue y criminaliza al m\u00e9dico\u201d, afirm\u00f3.<\/p>\n<p>Extern\u00f3 el apoyo de los participantes en esta manifestaci\u00f3n a dos m\u00e9dicos que recientemente en el estado de Veracruz fueron aprehendidos por polic\u00edas federales, quienes, sin ni siquiera comprobar su presunta responsabilidad en la muerte de un paciente con un cuadro de choque s\u00e9ptico, los expusieron p\u00fablicamente y los enviaron a prisi\u00f3n.<\/p>\n<p><img loading=\"lazy\" decoding=\"async\" src=\"http:\/\/mvt.com.mx\/wp-content\/uploads\/2016\/06\/m%C3%A9dicos-2.jpg\" width=\"800\" height=\"534\" class=\"alignnone\" \/><br \/>\nFOTO: Agencia MVT\/Crisanta Espinosa<br \/>\n\u201cSi nosotros no tenemos camillas en los hospitales, si no tenemos insumos, no somos los responsables de una mala atenci\u00f3n a los pacientes\u201d, aclar\u00f3, y dijo que \u201choy los profesionales de la medicina, en el sector salud federal y estatal, hacen lo que pueden con lo que tienen.<\/p>\n<p>Tambi\u00e9n advirti\u00f3 que los m\u00e9dicos enfrentan un alto grado de riesgo en el desempe\u00f1o de su profesi\u00f3n, y como ejemplo cit\u00f3 que el a\u00f1o pasado hubo 80 m\u00e9dicos agredidos en comunidades dispersas y apartadas cuando prestaban servicio social, de los cuales murieron dos.<\/p>\n<p><img loading=\"lazy\" decoding=\"async\" src=\"http:\/\/mvt.com.mx\/wp-content\/uploads\/2016\/06\/m%C3%A9dicos-3.jpg\" width=\"800\" height=\"534\" class=\"alignnone\" \/><br \/>\nFOTO: Agencia MVT\/Crisanta Espinosa<br \/>\n\u201cDemandamos tambi\u00e9n mejores prestaciones, condiciones de seguridad y respaldo econ\u00f3mico para que los m\u00e9dicos residentes y prestadores de servicio social puedan desplazarse hasta los lugares a donde los mandan a trabajar\u201d, se\u00f1al\u00f3.<\/p>\n<p>Por \u00faltimo, llam\u00f3 a la autoridad estatal a revisar las condiciones en que operan los hospitales p\u00fablicos de la entidad, donde dijo que se registran muertes que pudieran evitarse si se contara con instrumental, insumos, medicamentos y equipo adecuado.<\/p>\n<p><a href=\"http:\/\/mvt.com.mx\/denuncian-medicos-que-hospitales-mexiquenses-carecen-de-insumos-medicinas-y-equipo\/\" target=\"_blank\">http:\/\/mvt.com.mx\/denuncian-medicos-que-hospitales-mexiquenses-carecen-de-insumos-medicinas-y-equipo\/<\/a><\/p>\n","protected":false},"excerpt":{"rendered":"<p>TOLUCA, M\u00e9xico, 22 de Junio.- M\u00e9dicos de diferentes hospitales del sector Salud del Estado de M\u00e9xico salieron a las calles a manifestarse en contra de lo que calificaron como \u201csistem\u00e1tica &hellip; <a href=\"https:\/\/www.grieta.org.mx\/index.php\/2016\/06\/22\/denuncian-medicos-que-hospitales-mexiquenses-carecen-de-insumos-medicinas-y-equipo\/\" class=\"more-link\">Leer m\u00e1s<\/a><\/p>\n","protected":false},"author":2,"featured_media":21928,"comment_status":"closed","ping_status":"closed","sticky":false,"template":"","format":"standard","meta":{"ngg_post_thumbnail":0,"_jetpack_newsletter_access":"","_jetpack_dont_email_post_to_subs":false,"_jetpack_newsletter_tier_id":0,"_jetpack_memberships_contains_paywalled_content":false,"_jetpack_memberships_contains_paid_content":false,"footnotes":""},"categories":[80],"tags":[92,738],"class_list":["post-15523","post","type-post","status-publish","format-standard","has-post-thumbnail","hentry","category-cintillo","tag-estado-de-mexico","tag-reforma-salud","entry"],"jetpack_featured_media_url":"https:\/\/www.grieta.org.mx\/wp-content\/uploads\/2018\/03\/14524434_1106112876131411_958039263622046936_o.jpg","jetpack_sharing_enabled":true,"jetpack_shortlink":"https:\/\/wp.me\/p7ZJR4-42n","jetpack_likes_enabled":false,"jetpack-related-posts":[{"id":47564,"url":"https:\/\/www.grieta.org.mx\/index.php\/2020\/03\/30\/protestan-medicos-de-hospitales-de-naucalpan-atizapan-y-coacalco-por-falta-de-insumos-estado-de-mexico\/","url_meta":{"origin":15523,"position":0},"title":"Protestan m\u00e9dicos de hospitales de Naucalpan, Atizap\u00e1n y Coacalco por falta de insumos (Estado de M\u00e9xico)","author":"grieta","date":"30 marzo, 2020","format":false,"excerpt":"Foto: Patricia Venegas \/ El Sol de Toluca Patricia Venegas \/ El Sol de Toluca Temen personal del sector salud infectarse por el COVID-19 M\u00e9dicos y enfermeras de los Hospitales Generales Salvador Gonz\u00e1lez Herrejon de Atizap\u00e1n, Maximiliano Ruiz Casta\u00f1eda de Naucalpan y del Centro de Salud de Coacalco realizaron protestas\u2026","rel":"","context":"En &quot;CINTILLO&quot;","block_context":{"text":"CINTILLO","link":"https:\/\/www.grieta.org.mx\/index.php\/category\/cintillo\/"},"img":{"alt_text":"","src":"https:\/\/i0.wp.com\/www.grieta.org.mx\/wp-content\/uploads\/2020\/04\/Protestan-m%C3%A9dicos-de-hospitales-de-Naucalpan-Atizap%C3%A1n-y-Coacalco-por-falta-de-insumos-edomex-abr.jpg?resize=350%2C200&ssl=1","width":350,"height":200,"srcset":"https:\/\/i0.wp.com\/www.grieta.org.mx\/wp-content\/uploads\/2020\/04\/Protestan-m%C3%A9dicos-de-hospitales-de-Naucalpan-Atizap%C3%A1n-y-Coacalco-por-falta-de-insumos-edomex-abr.jpg?resize=350%2C200&ssl=1 1x, https:\/\/i0.wp.com\/www.grieta.org.mx\/wp-content\/uploads\/2020\/04\/Protestan-m%C3%A9dicos-de-hospitales-de-Naucalpan-Atizap%C3%A1n-y-Coacalco-por-falta-de-insumos-edomex-abr.jpg?resize=525%2C300&ssl=1 1.5x, https:\/\/i0.wp.com\/www.grieta.org.mx\/wp-content\/uploads\/2020\/04\/Protestan-m%C3%A9dicos-de-hospitales-de-Naucalpan-Atizap%C3%A1n-y-Coacalco-por-falta-de-insumos-edomex-abr.jpg?resize=700%2C400&ssl=1 2x"},"classes":[]},{"id":15522,"url":"https:\/\/www.grieta.org.mx\/index.php\/2016\/06\/22\/movilizaciones-contra-la-reforma-al-sector-salud-en-el-estado-de-mexico\/","url_meta":{"origin":15523,"position":1},"title":"Movilizaciones del sector salud en el Estado de M\u00e9xico","author":"grieta","date":"22 junio, 2016","format":false,"excerpt":"22\/06\/16. Denuncian m\u00e9dicos que hospitales mexiquenses carecen de insumos, medicinas y equipoMVT Noticias","rel":"","context":"En &quot;Estado de M\u00e9xico&quot;","block_context":{"text":"Estado de M\u00e9xico","link":"https:\/\/www.grieta.org.mx\/index.php\/category\/noticias-nacionales\/estado-de-mexico\/"},"img":{"alt_text":"","src":"https:\/\/i0.wp.com\/www.grieta.org.mx\/wp-content\/uploads\/2018\/03\/14524434_1106112876131411_958039263622046936_o.jpg?resize=350%2C200&ssl=1","width":350,"height":200,"srcset":"https:\/\/i0.wp.com\/www.grieta.org.mx\/wp-content\/uploads\/2018\/03\/14524434_1106112876131411_958039263622046936_o.jpg?resize=350%2C200&ssl=1 1x, https:\/\/i0.wp.com\/www.grieta.org.mx\/wp-content\/uploads\/2018\/03\/14524434_1106112876131411_958039263622046936_o.jpg?resize=525%2C300&ssl=1 1.5x, https:\/\/i0.wp.com\/www.grieta.org.mx\/wp-content\/uploads\/2018\/03\/14524434_1106112876131411_958039263622046936_o.jpg?resize=700%2C400&ssl=1 2x"},"classes":[]},{"id":48327,"url":"https:\/\/www.grieta.org.mx\/index.php\/2020\/04\/27\/personal-medico-bloquea-ermita-iztapalapa-por-falta-de-insumos-ciudad-de-mexico\/","url_meta":{"origin":15523,"position":2},"title":"Personal m\u00e9dico bloquea Ermita Iztapalapa por falta de insumos (Ciudad de M\u00e9xico)","author":"grieta","date":"27 abril, 2020","format":false,"excerpt":"Foto: @GRAWPEREZ Diario de M\u00e9xico Ciudad de M\u00e9xico. -M\u00e9dicos, enfermeras y personal de salud que trabaja en el Hospital Pedi\u00e1trico de Iztapalapa, mantienen bloqueada la circulaci\u00f3n en la Avenida Ermita Iztapalapa, entre Eje 3 Oriente y La Viga. El personal m\u00e9dico asegura que no tienen los materiales necesarios, como cubrebocas\u2026","rel":"","context":"En &quot;CINTILLO&quot;","block_context":{"text":"CINTILLO","link":"https:\/\/www.grieta.org.mx\/index.php\/category\/cintillo\/"},"img":{"alt_text":"","src":"https:\/\/i0.wp.com\/www.grieta.org.mx\/wp-content\/uploads\/2020\/04\/Personal-m%C3%A9dico-bloquea-Ermita-Iztapalapa-por-falta-de-insumos-cdmx-abr.jpg?resize=350%2C200&ssl=1","width":350,"height":200,"srcset":"https:\/\/i0.wp.com\/www.grieta.org.mx\/wp-content\/uploads\/2020\/04\/Personal-m%C3%A9dico-bloquea-Ermita-Iztapalapa-por-falta-de-insumos-cdmx-abr.jpg?resize=350%2C200&ssl=1 1x, https:\/\/i0.wp.com\/www.grieta.org.mx\/wp-content\/uploads\/2020\/04\/Personal-m%C3%A9dico-bloquea-Ermita-Iztapalapa-por-falta-de-insumos-cdmx-abr.jpg?resize=525%2C300&ssl=1 1.5x, https:\/\/i0.wp.com\/www.grieta.org.mx\/wp-content\/uploads\/2020\/04\/Personal-m%C3%A9dico-bloquea-Ermita-Iztapalapa-por-falta-de-insumos-cdmx-abr.jpg?resize=700%2C400&ssl=1 2x, https:\/\/i0.wp.com\/www.grieta.org.mx\/wp-content\/uploads\/2020\/04\/Personal-m%C3%A9dico-bloquea-Ermita-Iztapalapa-por-falta-de-insumos-cdmx-abr.jpg?resize=1050%2C600&ssl=1 3x"},"classes":[]},{"id":50945,"url":"https:\/\/www.grieta.org.mx\/index.php\/2020\/05\/13\/ganan-amparo-33-medicos-que-serian-reubicados-en-hospitales-covid-19-del-estado-de-mexico\/","url_meta":{"origin":15523,"position":3},"title":"Ganan amparo 33 m\u00e9dicos que ser\u00edan reubicados en hospitales covid-19 del Estado de M\u00e9xico","author":"grieta","date":"13 mayo, 2020","format":false,"excerpt":"Veneranda Mendoza \/ Proceso TOLUCA, Edomex (apro).- El Juzgado Quinto de Distrito en Materias de Amparo y Juicios Federales con sede en Nezahualc\u00f3yotl otorg\u00f3 la protecci\u00f3n de la justicia a 33 trabajadores del hospital municipal de Tec\u00e1mac \u201cC\u00e9sar Camacho Quiroz\u201d, de manera que no deber\u00e1n ser reubicados en dos hospitales\u2026","rel":"","context":"En &quot;CINTILLO&quot;","block_context":{"text":"CINTILLO","link":"https:\/\/www.grieta.org.mx\/index.php\/category\/cintillo\/"},"img":{"alt_text":"","src":"https:\/\/i0.wp.com\/www.grieta.org.mx\/wp-content\/uploads\/2020\/06\/Ganan-amparo-33-m%C3%A9dicos-que-ser%C3%ADan-reubicados-en-hospitales-covid-19-del-Estado-de-M%C3%A9xico-jun.jpg?resize=350%2C200&ssl=1","width":350,"height":200,"srcset":"https:\/\/i0.wp.com\/www.grieta.org.mx\/wp-content\/uploads\/2020\/06\/Ganan-amparo-33-m%C3%A9dicos-que-ser%C3%ADan-reubicados-en-hospitales-covid-19-del-Estado-de-M%C3%A9xico-jun.jpg?resize=350%2C200&ssl=1 1x, https:\/\/i0.wp.com\/www.grieta.org.mx\/wp-content\/uploads\/2020\/06\/Ganan-amparo-33-m%C3%A9dicos-que-ser%C3%ADan-reubicados-en-hospitales-covid-19-del-Estado-de-M%C3%A9xico-jun.jpg?resize=525%2C300&ssl=1 1.5x, https:\/\/i0.wp.com\/www.grieta.org.mx\/wp-content\/uploads\/2020\/06\/Ganan-amparo-33-m%C3%A9dicos-que-ser%C3%ADan-reubicados-en-hospitales-covid-19-del-Estado-de-M%C3%A9xico-jun.jpg?resize=700%2C400&ssl=1 2x"},"classes":[]},{"id":47560,"url":"https:\/\/www.grieta.org.mx\/index.php\/2020\/04\/06\/medicos-y-enfermeros-protestan-ante-la-falta-de-insumos-en-la-clinica-76-del-imss-estado-de-mexico\/","url_meta":{"origin":15523,"position":4},"title":"M\u00e9dicos y enfermeros protestan ante la falta de insumos en la cl\u00ednica 76 del IMSS (Estado de M\u00e9xico)","author":"grieta","date":"6 abril, 2020","format":false,"excerpt":"Fotos: Osvaldo Muller Orlando Salinas \/ El Sol de Toluca Ubicada en el municipio de Ecatepec Trabajadores del Hospital General #76 del Instituto Mexicano del Seguro Social (IMSS), ubicado en el municipio de Ecatepec, protestan por la falta de insumos para tratar casos sospechosos de COVID-19. Por segunda ocasi\u00f3n, un\u2026","rel":"","context":"En &quot;CINTILLO&quot;","block_context":{"text":"CINTILLO","link":"https:\/\/www.grieta.org.mx\/index.php\/category\/cintillo\/"},"img":{"alt_text":"","src":"https:\/\/i0.wp.com\/www.grieta.org.mx\/wp-content\/uploads\/2020\/04\/M%C3%A9dicos-y-enfermeros-protestan-ante-la-falta-de-insumos-en-la-cl%C3%ADnica-76-del-IMSS-edomex-abr.jpg?resize=350%2C200&ssl=1","width":350,"height":200,"srcset":"https:\/\/i0.wp.com\/www.grieta.org.mx\/wp-content\/uploads\/2020\/04\/M%C3%A9dicos-y-enfermeros-protestan-ante-la-falta-de-insumos-en-la-cl%C3%ADnica-76-del-IMSS-edomex-abr.jpg?resize=350%2C200&ssl=1 1x, https:\/\/i0.wp.com\/www.grieta.org.mx\/wp-content\/uploads\/2020\/04\/M%C3%A9dicos-y-enfermeros-protestan-ante-la-falta-de-insumos-en-la-cl%C3%ADnica-76-del-IMSS-edomex-abr.jpg?resize=525%2C300&ssl=1 1.5x, https:\/\/i0.wp.com\/www.grieta.org.mx\/wp-content\/uploads\/2020\/04\/M%C3%A9dicos-y-enfermeros-protestan-ante-la-falta-de-insumos-en-la-cl%C3%ADnica-76-del-IMSS-edomex-abr.jpg?resize=700%2C400&ssl=1 2x"},"classes":[]},{"id":71555,"url":"https:\/\/www.grieta.org.mx\/index.php\/2025\/04\/04\/sin-insumos-ni-personal-medico-asi-labora-hospital-imss-bienestar-en-santa-catarina-juquila-oaxaca\/","url_meta":{"origin":15523,"position":5},"title":"Sin insumos ni personal m\u00e9dico, as\u00ed labora Hospital IMSS Bienestar en Santa Catarina Juquila, Oaxaca","author":"grieta","date":"4 abril, 2025","format":false,"excerpt":"Imagen: Istmo Press Diana Manzo \/ Istmo Press Oaxaca, Oax.-Trabajadores no sindicalizados del Hospital IMSS Bienestar de Santa Catarina Juquila, Oaxaca -antes hospital b\u00e1sico comunitario-denunciaron la crisis de salud que enfrenta esta unidad m\u00e9dica, por la falta de insumos y medicinas, pero tambi\u00e9n temen un despido masivo de personal no\u2026","rel":"","context":"En &quot;CINTILLO&quot;","block_context":{"text":"CINTILLO","link":"https:\/\/www.grieta.org.mx\/index.php\/category\/cintillo\/"},"img":{"alt_text":"","src":"https:\/\/i0.wp.com\/www.grieta.org.mx\/wp-content\/uploads\/2025\/04\/37af5b9d-7462-4e43-9a6b-b321ae7909ee-1.jpeg?resize=350%2C200&ssl=1","width":350,"height":200,"srcset":"https:\/\/i0.wp.com\/www.grieta.org.mx\/wp-content\/uploads\/2025\/04\/37af5b9d-7462-4e43-9a6b-b321ae7909ee-1.jpeg?resize=350%2C200&ssl=1 1x, https:\/\/i0.wp.com\/www.grieta.org.mx\/wp-content\/uploads\/2025\/04\/37af5b9d-7462-4e43-9a6b-b321ae7909ee-1.jpeg?resize=525%2C300&ssl=1 1.5x, https:\/\/i0.wp.com\/www.grieta.org.mx\/wp-content\/uploads\/2025\/04\/37af5b9d-7462-4e43-9a6b-b321ae7909ee-1.jpeg?resize=700%2C400&ssl=1 2x, https:\/\/i0.wp.com\/www.grieta.org.mx\/wp-content\/uploads\/2025\/04\/37af5b9d-7462-4e43-9a6b-b321ae7909ee-1.jpeg?resize=1050%2C600&ssl=1 3x"},"classes":[]}],"_links":{"self":[{"href":"https:\/\/www.grieta.org.mx\/index.php\/wp-json\/wp\/v2\/posts\/15523","targetHints":{"allow":["GET"]}}],"collection":[{"href":"https:\/\/www.grieta.org.mx\/index.php\/wp-json\/wp\/v2\/posts"}],"about":[{"href":"https:\/\/www.grieta.org.mx\/index.php\/wp-json\/wp\/v2\/types\/post"}],"author":[{"embeddable":true,"href":"https:\/\/www.grieta.org.mx\/index.php\/wp-json\/wp\/v2\/users\/2"}],"replies":[{"embeddable":true,"href":"https:\/\/www.grieta.org.mx\/index.php\/wp-json\/wp\/v2\/comments?post=15523"}],"version-history":[{"count":1,"href":"https:\/\/www.grieta.org.mx\/index.php\/wp-json\/wp\/v2\/posts\/15523\/revisions"}],"predecessor-version":[{"id":15524,"href":"https:\/\/www.grieta.org.mx\/index.php\/wp-json\/wp\/v2\/posts\/15523\/revisions\/15524"}],"wp:featuredmedia":[{"embeddable":true,"href":"https:\/\/www.grieta.org.mx\/index.php\/wp-json\/wp\/v2\/media\/21928"}],"wp:attachment":[{"href":"https:\/\/www.grieta.org.mx\/index.php\/wp-json\/wp\/v2\/media?parent=15523"}],"wp:term":[{"taxonomy":"category","embeddable":true,"href":"https:\/\/www.grieta.org.mx\/index.php\/wp-json\/wp\/v2\/categories?post=15523"},{"taxonomy":"post_tag","embeddable":true,"href":"https:\/\/www.grieta.org.mx\/index.php\/wp-json\/wp\/v2\/tags?post=15523"}],"curies":[{"name":"wp","href":"https:\/\/api.w.org\/{rel}","templated":true}]}}