{"id":15522,"date":"2016-06-22T18:48:09","date_gmt":"2016-06-22T18:48:09","guid":{"rendered":"http:\/\/www.grieta.org.mx\/?p=15522"},"modified":"2016-06-28T18:56:11","modified_gmt":"2016-06-28T18:56:11","slug":"movilizaciones-contra-la-reforma-al-sector-salud-en-el-estado-de-mexico","status":"publish","type":"post","link":"https:\/\/www.grieta.org.mx\/index.php\/2016\/06\/22\/movilizaciones-contra-la-reforma-al-sector-salud-en-el-estado-de-mexico\/","title":{"rendered":"Movilizaciones del sector salud en el Estado de M\u00e9xico"},"content":{"rendered":"<p><strong>22\/06\/16. <\/strong><a href=\"http:\/\/www.grieta.org.mx\/index.php\/2016\/06\/22\/denuncian-medicos-que-hospitales-mexiquenses-carecen-de-insumos-medicinas-y-equipo\/\">Denuncian m\u00e9dicos que hospitales mexiquenses carecen de insumos, medicinas y equipo<\/a><br  \/><em>MVT Noticias<\/em><br  \/><\/p>\n","protected":false},"excerpt":{"rendered":"<p>22\/06\/16. Denuncian m\u00e9dicos que hospitales mexiquenses carecen de insumos, medicinas y equipoMVT Noticias<\/p>\n","protected":false},"author":2,"featured_media":21928,"comment_status":"closed","ping_status":"closed","sticky":false,"template":"","format":"standard","meta":{"ngg_post_thumbnail":0,"_jetpack_newsletter_access":"","_jetpack_dont_email_post_to_subs":false,"_jetpack_newsletter_tier_id":0,"_jetpack_memberships_contains_paywalled_content":false,"_jetpack_memberships_contains_paid_content":false,"footnotes":""},"categories":[16,2],"tags":[],"class_list":["post-15522","post","type-post","status-publish","format-standard","has-post-thumbnail","hentry","category-estado-de-mexico","category-noticias-nacionales","entry"],"jetpack_featured_media_url":"https:\/\/www.grieta.org.mx\/wp-content\/uploads\/2018\/03\/14524434_1106112876131411_958039263622046936_o.jpg","jetpack_sharing_enabled":true,"jetpack_shortlink":"https:\/\/wp.me\/p7ZJR4-42m","jetpack_likes_enabled":false,"jetpack-related-posts":[{"id":11278,"url":"https:\/\/www.grieta.org.mx\/index.php\/2016\/04\/25\/movilizacion-contra-la-violencia-hacia-las-mujeres-en-el-estado-de-mexico\/","url_meta":{"origin":15522,"position":0},"title":"Movilizaci\u00f3n contra la violencia hacia las mujeres en el Estado de M\u00e9xico","author":"grieta","date":"25 abril, 2016","format":false,"excerpt":"25\/04\/16. Con Marcha en Toluca, Exigen Seguridad Para las MujeresEl Valle","rel":"","context":"En &quot;Estado de M\u00e9xico&quot;","block_context":{"text":"Estado de M\u00e9xico","link":"https:\/\/www.grieta.org.mx\/index.php\/category\/noticias-nacionales\/estado-de-mexico\/"},"img":{"alt_text":"","src":"https:\/\/i0.wp.com\/www.grieta.org.mx\/wp-content\/uploads\/2018\/03\/14524434_1106112876131411_958039263622046936_o.jpg?resize=350%2C200&ssl=1","width":350,"height":200,"srcset":"https:\/\/i0.wp.com\/www.grieta.org.mx\/wp-content\/uploads\/2018\/03\/14524434_1106112876131411_958039263622046936_o.jpg?resize=350%2C200&ssl=1 1x, https:\/\/i0.wp.com\/www.grieta.org.mx\/wp-content\/uploads\/2018\/03\/14524434_1106112876131411_958039263622046936_o.jpg?resize=525%2C300&ssl=1 1.5x, https:\/\/i0.wp.com\/www.grieta.org.mx\/wp-content\/uploads\/2018\/03\/14524434_1106112876131411_958039263622046936_o.jpg?resize=700%2C400&ssl=1 2x"},"classes":[]},{"id":12332,"url":"https:\/\/www.grieta.org.mx\/index.php\/2016\/05\/16\/conflictos-con-la-cfe-en-el-estado-de-mexico\/","url_meta":{"origin":15522,"position":1},"title":"Conflictos con la CFE en el Estado de M\u00e9xico","author":"grieta","date":"16 mayo, 2016","format":false,"excerpt":"16\/05\/16. Integrantes de la ANUEE protestan en las instalaciones de CFE por abuso y cobros excesivos400 Voces 13\/05\/16. Vecinos bloquean acceso a oficinas de la CFE en TexcocoReporteros en Movimiento","rel":"","context":"En &quot;Estado de M\u00e9xico&quot;","block_context":{"text":"Estado de M\u00e9xico","link":"https:\/\/www.grieta.org.mx\/index.php\/category\/noticias-nacionales\/estado-de-mexico\/"},"img":{"alt_text":"","src":"https:\/\/i0.wp.com\/www.grieta.org.mx\/wp-content\/uploads\/2018\/03\/14524434_1106112876131411_958039263622046936_o.jpg?resize=350%2C200&ssl=1","width":350,"height":200,"srcset":"https:\/\/i0.wp.com\/www.grieta.org.mx\/wp-content\/uploads\/2018\/03\/14524434_1106112876131411_958039263622046936_o.jpg?resize=350%2C200&ssl=1 1x, https:\/\/i0.wp.com\/www.grieta.org.mx\/wp-content\/uploads\/2018\/03\/14524434_1106112876131411_958039263622046936_o.jpg?resize=525%2C300&ssl=1 1.5x, https:\/\/i0.wp.com\/www.grieta.org.mx\/wp-content\/uploads\/2018\/03\/14524434_1106112876131411_958039263622046936_o.jpg?resize=700%2C400&ssl=1 2x"},"classes":[]},{"id":40284,"url":"https:\/\/www.grieta.org.mx\/index.php\/2019\/10\/14\/protestan-en-metepec-por-donacion-de-predio-a-la-guardia-nacional-estado-de-mexico\/","url_meta":{"origin":15522,"position":2},"title":"Protestan en Metepec por donaci\u00f3n de predio a la Guardia Nacional (Estado de M\u00e9xico)","author":"grieta","date":"14 octubre, 2019","format":false,"excerpt":"Juan Gabriel Gonz\u00e1lez \/ MVS Noticias El ayuntamiento de Morena en Metepec acusa que detr\u00e1s de los vecinos inconformes hay grupos pol\u00edticos infiltrados. La donaci\u00f3n \u2013v\u00eda comodato- de un predio del Parque \u201cLa Pilita\u201d para instalar un cuartel de la Guardia Nacional, propici\u00f3 el desencuentro entre vecinos y autoridades de\u2026","rel":"","context":"En &quot;Abuso policiaco y tortura en el Estado de M\u00e9xico&quot;","block_context":{"text":"Abuso policiaco y tortura en el Estado de M\u00e9xico","link":"https:\/\/www.grieta.org.mx\/index.php\/category\/noticias-nacionales\/estado-de-mexico\/abuso-policiaco-y-tortura-en-el-estado-de-mexico\/"},"img":{"alt_text":"","src":"https:\/\/i0.wp.com\/www.grieta.org.mx\/wp-content\/uploads\/2019\/10\/Protestan-en-Metepec-por-donaci%C3%B3n-de-predio-a-la-Guardia-Nacional-edomex-oct.jpeg?resize=350%2C200&ssl=1","width":350,"height":200,"srcset":"https:\/\/i0.wp.com\/www.grieta.org.mx\/wp-content\/uploads\/2019\/10\/Protestan-en-Metepec-por-donaci%C3%B3n-de-predio-a-la-Guardia-Nacional-edomex-oct.jpeg?resize=350%2C200&ssl=1 1x, https:\/\/i0.wp.com\/www.grieta.org.mx\/wp-content\/uploads\/2019\/10\/Protestan-en-Metepec-por-donaci%C3%B3n-de-predio-a-la-Guardia-Nacional-edomex-oct.jpeg?resize=525%2C300&ssl=1 1.5x, https:\/\/i0.wp.com\/www.grieta.org.mx\/wp-content\/uploads\/2019\/10\/Protestan-en-Metepec-por-donaci%C3%B3n-de-predio-a-la-Guardia-Nacional-edomex-oct.jpeg?resize=700%2C400&ssl=1 2x"},"classes":[]},{"id":48072,"url":"https:\/\/www.grieta.org.mx\/index.php\/2020\/04\/22\/bloquean-comerciantes-avenida-central-en-nezahualcoyotl-estado-de-mexico\/","url_meta":{"origin":15522,"position":3},"title":"Bloquean comerciantes avenida Central en Nezahualc\u00f3yotl  (Estado de M\u00e9xico)","author":"grieta","date":"22 abril, 2020","format":false,"excerpt":"Imagen tomada de: edomex.quadratin.com.mx Iv\u00e1n Ju\u00e1rez \/ Quadratin NEZAHUALC\u00d3YOTL, Edomex.-22 abril 2020.-Para protestar por el retiro de los puestos que est\u00e1n considerados como no esenciales, comerciantes de la colonia La Impulsora mantienen bloqueada la avenida Central, piden apoyos y que los dejen trabajar. Los manifestantes llegaron al cruce de la\u2026","rel":"","context":"En &quot;CINTILLO&quot;","block_context":{"text":"CINTILLO","link":"https:\/\/www.grieta.org.mx\/index.php\/category\/cintillo\/"},"img":{"alt_text":"","src":"https:\/\/i0.wp.com\/www.grieta.org.mx\/wp-content\/uploads\/2020\/04\/Bloquean-comerciantes-avenida-Central-en-Nezahualc%C3%B3yotl-edomex-abr.jpeg?resize=350%2C200&ssl=1","width":350,"height":200,"srcset":"https:\/\/i0.wp.com\/www.grieta.org.mx\/wp-content\/uploads\/2020\/04\/Bloquean-comerciantes-avenida-Central-en-Nezahualc%C3%B3yotl-edomex-abr.jpeg?resize=350%2C200&ssl=1 1x, https:\/\/i0.wp.com\/www.grieta.org.mx\/wp-content\/uploads\/2020\/04\/Bloquean-comerciantes-avenida-Central-en-Nezahualc%C3%B3yotl-edomex-abr.jpeg?resize=525%2C300&ssl=1 1.5x, https:\/\/i0.wp.com\/www.grieta.org.mx\/wp-content\/uploads\/2020\/04\/Bloquean-comerciantes-avenida-Central-en-Nezahualc%C3%B3yotl-edomex-abr.jpeg?resize=700%2C400&ssl=1 2x, https:\/\/i0.wp.com\/www.grieta.org.mx\/wp-content\/uploads\/2020\/04\/Bloquean-comerciantes-avenida-Central-en-Nezahualc%C3%B3yotl-edomex-abr.jpeg?resize=1050%2C600&ssl=1 3x"},"classes":[]},{"id":43667,"url":"https:\/\/www.grieta.org.mx\/index.php\/2020\/01\/28\/padres-de-ninos-con-cancer-exigiran-informacion-de-compra-de-medicamentos-ciudad-de-mexico\/","url_meta":{"origin":15522,"position":4},"title":"Padres de ni\u00f1os con c\u00e1ncer exigir\u00e1n informaci\u00f3n de compra de medicamentos (Ciudad de M\u00e9xico)","author":"grieta","date":"28 enero, 2020","format":false,"excerpt":"Padres de ni\u00f1os enfermos de c\u00e1ncer, anunciaron que presentar\u00e1 un pliego petitorio a la Secretar\u00eda de Gobernaci\u00f3n \/ Foto Especial Nora Bucio \/ MVS Noticias Los padres incluyeron en su pliego petitorio la solicitud de fechas exactas de llegada del medicamento y saber la calidad del mencionado. Padres de ni\u00f1os\u2026","rel":"","context":"En &quot;CINTILLO&quot;","block_context":{"text":"CINTILLO","link":"https:\/\/www.grieta.org.mx\/index.php\/category\/cintillo\/"},"img":{"alt_text":"","src":"https:\/\/i0.wp.com\/www.grieta.org.mx\/wp-content\/uploads\/2020\/01\/Padres-de-ni%C3%B1os-con-c%C3%A1ncer-exigir%C3%A1n-informaci%C3%B3n-de-compra-de-medicamentos-cdmx-ene.jpeg?resize=350%2C200&ssl=1","width":350,"height":200,"srcset":"https:\/\/i0.wp.com\/www.grieta.org.mx\/wp-content\/uploads\/2020\/01\/Padres-de-ni%C3%B1os-con-c%C3%A1ncer-exigir%C3%A1n-informaci%C3%B3n-de-compra-de-medicamentos-cdmx-ene.jpeg?resize=350%2C200&ssl=1 1x, https:\/\/i0.wp.com\/www.grieta.org.mx\/wp-content\/uploads\/2020\/01\/Padres-de-ni%C3%B1os-con-c%C3%A1ncer-exigir%C3%A1n-informaci%C3%B3n-de-compra-de-medicamentos-cdmx-ene.jpeg?resize=525%2C300&ssl=1 1.5x, https:\/\/i0.wp.com\/www.grieta.org.mx\/wp-content\/uploads\/2020\/01\/Padres-de-ni%C3%B1os-con-c%C3%A1ncer-exigir%C3%A1n-informaci%C3%B3n-de-compra-de-medicamentos-cdmx-ene.jpeg?resize=700%2C400&ssl=1 2x"},"classes":[]},{"id":55453,"url":"https:\/\/www.grieta.org.mx\/index.php\/2020\/11\/22\/colectivos-protestan-colgando-mantas-en-toluca-ante-el-aumento-de-femenicidios-estado-de-mexico\/","url_meta":{"origin":15522,"position":5},"title":"Colectivos protestan colgando mantas en Toluca ante el aumento de femenicidios (Estado de M\u00e9xico)","author":"grieta","date":"22 noviembre, 2020","format":false,"excerpt":"Foto tomada de: ADNoticias V\u00edctor Castillo \/ ADNoticias Hasta octubre en el Estado de M\u00e9xico se han contabilizado 119 casos de feminicidio Integrantes de colectivos feministas colocaron este s\u00e1bado mantas sobre un puente peatonal en Paseo Tollocan, en protesta por los feminicidios en el Estado de M\u00e9xico. Esto se suma\u2026","rel":"","context":"En &quot;CINTILLO&quot;","block_context":{"text":"CINTILLO","link":"https:\/\/www.grieta.org.mx\/index.php\/category\/cintillo\/"},"img":{"alt_text":"","src":"https:\/\/i0.wp.com\/www.grieta.org.mx\/wp-content\/uploads\/2020\/11\/Colectivos-protestan-colgando-mantas-en-Toluca-ante-el-aumento-de-femenicidios-edomex-nov.jpg?resize=350%2C200&ssl=1","width":350,"height":200,"srcset":"https:\/\/i0.wp.com\/www.grieta.org.mx\/wp-content\/uploads\/2020\/11\/Colectivos-protestan-colgando-mantas-en-Toluca-ante-el-aumento-de-femenicidios-edomex-nov.jpg?resize=350%2C200&ssl=1 1x, https:\/\/i0.wp.com\/www.grieta.org.mx\/wp-content\/uploads\/2020\/11\/Colectivos-protestan-colgando-mantas-en-Toluca-ante-el-aumento-de-femenicidios-edomex-nov.jpg?resize=525%2C300&ssl=1 1.5x, https:\/\/i0.wp.com\/www.grieta.org.mx\/wp-content\/uploads\/2020\/11\/Colectivos-protestan-colgando-mantas-en-Toluca-ante-el-aumento-de-femenicidios-edomex-nov.jpg?resize=700%2C400&ssl=1 2x"},"classes":[]}],"_links":{"self":[{"href":"https:\/\/www.grieta.org.mx\/index.php\/wp-json\/wp\/v2\/posts\/15522","targetHints":{"allow":["GET"]}}],"collection":[{"href":"https:\/\/www.grieta.org.mx\/index.php\/wp-json\/wp\/v2\/posts"}],"about":[{"href":"https:\/\/www.grieta.org.mx\/index.php\/wp-json\/wp\/v2\/types\/post"}],"author":[{"embeddable":true,"href":"https:\/\/www.grieta.org.mx\/index.php\/wp-json\/wp\/v2\/users\/2"}],"replies":[{"embeddable":true,"href":"https:\/\/www.grieta.org.mx\/index.php\/wp-json\/wp\/v2\/comments?post=15522"}],"version-history":[{"count":1,"href":"https:\/\/www.grieta.org.mx\/index.php\/wp-json\/wp\/v2\/posts\/15522\/revisions"}],"predecessor-version":[{"id":15527,"href":"https:\/\/www.grieta.org.mx\/index.php\/wp-json\/wp\/v2\/posts\/15522\/revisions\/15527"}],"wp:featuredmedia":[{"embeddable":true,"href":"https:\/\/www.grieta.org.mx\/index.php\/wp-json\/wp\/v2\/media\/21928"}],"wp:attachment":[{"href":"https:\/\/www.grieta.org.mx\/index.php\/wp-json\/wp\/v2\/media?parent=15522"}],"wp:term":[{"taxonomy":"category","embeddable":true,"href":"https:\/\/www.grieta.org.mx\/index.php\/wp-json\/wp\/v2\/categories?post=15522"},{"taxonomy":"post_tag","embeddable":true,"href":"https:\/\/www.grieta.org.mx\/index.php\/wp-json\/wp\/v2\/tags?post=15522"}],"curies":[{"name":"wp","href":"https:\/\/api.w.org\/{rel}","templated":true}]}}