{"id":15422,"date":"2016-06-22T21:34:08","date_gmt":"2016-06-22T21:34:08","guid":{"rendered":"http:\/\/www.grieta.org.mx\/?p=15422"},"modified":"2016-06-27T21:43:06","modified_gmt":"2016-06-27T21:43:06","slug":"docentes-de-izamal-yucatan-se-solidarizan-con-movimiento-magisterial-de-oaxaca","status":"publish","type":"post","link":"https:\/\/www.grieta.org.mx\/index.php\/2016\/06\/22\/docentes-de-izamal-yucatan-se-solidarizan-con-movimiento-magisterial-de-oaxaca\/","title":{"rendered":"Docentes de Izamal [Yucat\u00e1n] se solidarizan con movimiento magisterial de Oaxaca"},"content":{"rendered":"<p><img loading=\"lazy\" decoding=\"async\" data-attachment-id=\"15424\" data-permalink=\"https:\/\/www.grieta.org.mx\/index.php\/2016\/06\/22\/docentes-de-izamal-yucatan-se-solidarizan-con-movimiento-magisterial-de-oaxaca\/maestros-2-1\/\" data-orig-file=\"https:\/\/www.grieta.org.mx\/wp-content\/uploads\/2016\/06\/maestros-2-1.jpg\" data-orig-size=\"640,427\" data-comments-opened=\"0\" data-image-meta=\"{&quot;aperture&quot;:&quot;0&quot;,&quot;credit&quot;:&quot;&quot;,&quot;camera&quot;:&quot;&quot;,&quot;caption&quot;:&quot;&quot;,&quot;created_timestamp&quot;:&quot;0&quot;,&quot;copyright&quot;:&quot;&quot;,&quot;focal_length&quot;:&quot;0&quot;,&quot;iso&quot;:&quot;0&quot;,&quot;shutter_speed&quot;:&quot;0&quot;,&quot;title&quot;:&quot;&quot;,&quot;orientation&quot;:&quot;0&quot;}\" data-image-title=\"maestros-2-1\" data-image-description=\"\" data-image-caption=\"\" data-medium-file=\"https:\/\/www.grieta.org.mx\/wp-content\/uploads\/2016\/06\/maestros-2-1-300x200.jpg\" data-large-file=\"https:\/\/www.grieta.org.mx\/wp-content\/uploads\/2016\/06\/maestros-2-1.jpg\" src=\"http:\/\/www.grieta.org.mx\/wp-content\/uploads\/2016\/06\/maestros-2-1-300x200.jpg\" alt=\"maestros-2-1\" width=\"300\" height=\"200\" class=\"aligncenter size-medium wp-image-15424\" srcset=\"https:\/\/www.grieta.org.mx\/wp-content\/uploads\/2016\/06\/maestros-2-1-300x200.jpg 300w, https:\/\/www.grieta.org.mx\/wp-content\/uploads\/2016\/06\/maestros-2-1.jpg 640w\" sizes=\"auto, (max-width: 300px) 100vw, 300px\" \/><\/p>\n<p>Izamal, Yuc., a 22 de junio de 2016 (ACOM).- La indignaci\u00f3n por los lamentables hechos violentos en el Estado de Oaxaca en contra del movimiento magisterial que se oponen a la reforma educativa lleg\u00f3 a la ciudad de Izamal, un grupo de maestros de la Secundaria t\u00e9cnica No 7 realizaron un plant\u00f3n frente las instalaciones de dicho centro de ense\u00f1anza.<br \/>\nLos manifestantes llevaban lazos negros puestos en las mangas de sus vestimentas en se\u00f1al de luto en memoria de compa\u00f1eros ca\u00eddos por su lucha en contra de la reforma educativa.<br \/>\nAsimismo portaban diversos carteles en las que exhortaban a las autoridades educativas a dialogar con el movimiento magisterial as\u00ed como a poner un alto a la violencia ejercida en su contra entre otras leyendas.<br \/>\nLa vocera del movimiento de la secundaria t\u00e9cnica No 7 Profra. Fidelia Estrella Ju\u00e1rez manifest\u00f3 que los docentes I\u00bfizamale\u00f1os decidieron sumarse a la inconformidad de los maestros de Oaxaca porque consideran justa la demanda que a nivel nacional viene realizando para revisar la reforma educativa que afecta laboralmente sus derechos sindicales.<\/p>\n<p>Precis\u00f3 no estar en contra de elevar la calidad educativa a trav\u00e9s de la evaluaci\u00f3n de los conocimientos acad\u00e9micos de los maestros, pero que dentro del paquete de reformas se habla de posibles despidos cuando este no cubra de manera satisfactoria las evaluaciones que se aplicar\u00e1n cada 4 a\u00f1os.<br \/>\nSubray\u00f3 que el grado de violencia ejercida en contra de maestros fue de manera desmedida y fuera de lugar por lo que piden a las autoridades mantener el di\u00e1logo con el magisterio en general.<br \/>\nLament\u00f3 que sus dirigentes sindicales no hayan estado para apoyar su movimiento.<br \/>\nEn la puerta de la escuela quedaron pegados los carteles que elaboraron los docentes y un enorme list\u00f3n negro en se\u00f1al de duelo.<\/p>\n<p><a href=\"http:\/\/reporteroshoy.mx\/wp\/docentes-izamal-se-solidarizan-movimiento-megisterial-oaxaca.html?utm_source=feedburner&#038;utm_medium=feed&#038;utm_campaign=Feed%3A+reporteroshoy+%28Reporteros+Hoy%29\" target=\"_blank\">http:\/\/reporteroshoy.mx\/wp\/docentes-izamal-se-solidarizan-movimiento-megisterial-oaxaca.html?utm_source=feedburner&#038;utm_medium=feed&#038;utm_campaign=Feed%3A+reporteroshoy+%28Reporteros+Hoy%29<\/a><\/p>\n","protected":false},"excerpt":{"rendered":"<p>Izamal, Yuc., a 22 de junio de 2016 (ACOM).- La indignaci\u00f3n por los lamentables hechos violentos en el Estado de Oaxaca en contra del movimiento magisterial que se oponen a &hellip; <a href=\"https:\/\/www.grieta.org.mx\/index.php\/2016\/06\/22\/docentes-de-izamal-yucatan-se-solidarizan-con-movimiento-magisterial-de-oaxaca\/\" class=\"more-link\">Leer m\u00e1s<\/a><\/p>\n","protected":false},"author":2,"featured_media":21928,"comment_status":"closed","ping_status":"closed","sticky":false,"template":"","format":"standard","meta":{"ngg_post_thumbnail":0,"_jetpack_newsletter_access":"","_jetpack_dont_email_post_to_subs":false,"_jetpack_newsletter_tier_id":0,"_jetpack_memberships_contains_paywalled_content":false,"_jetpack_memberships_contains_paid_content":false,"footnotes":""},"categories":[80,153],"tags":[674,135],"class_list":["post-15422","post","type-post","status-publish","format-standard","has-post-thumbnail","hentry","category-cintillo","category-yucatan","tag-movilizaciones-maestros","tag-reforma-educativa","entry"],"jetpack_featured_media_url":"https:\/\/www.grieta.org.mx\/wp-content\/uploads\/2018\/03\/14524434_1106112876131411_958039263622046936_o.jpg","jetpack_sharing_enabled":true,"jetpack_shortlink":"https:\/\/wp.me\/p7ZJR4-40K","jetpack_likes_enabled":false,"jetpack-related-posts":[{"id":10386,"url":"https:\/\/www.grieta.org.mx\/index.php\/2016\/07\/21\/reforma-educativa-y-evaluacion-al-desempeno-en-yucatan\/","url_meta":{"origin":15422,"position":0},"title":"Movilizaciones contra la Reforma Educativa y la evaluaci\u00f3n magisterial  en Yucat\u00e1n","author":"grieta","date":"21 julio, 2016","format":false,"excerpt":"021\/07\/16. Profesores siguen en la lucha (Yucat\u00e1n) Diario de Yucat\u00e1n 15\/07\/16. Agudizan maestros protestas en Yucat\u00e1n ReporterosHoy 09\/07\/16. Intensifican marcha de maestros este s\u00e1bado en M\u00e9rida Desde el Balc\u00f3n 08\/07\/16. Maestros en las calles (Yucat\u00e1n) Diario de Yucat\u00e1n 07\/07\/16. Polic\u00eda impide que maestros entren a M\u00e9rida ReporterosHoy 05\/07\/16. Arrecia molestia\u2026","rel":"","context":"En &quot;NOTICIAS NACIONALES&quot;","block_context":{"text":"NOTICIAS NACIONALES","link":"https:\/\/www.grieta.org.mx\/index.php\/category\/noticias-nacionales\/"},"img":{"alt_text":"","src":"https:\/\/i0.wp.com\/www.grieta.org.mx\/wp-content\/uploads\/2018\/03\/14524434_1106112876131411_958039263622046936_o.jpg?resize=350%2C200&ssl=1","width":350,"height":200,"srcset":"https:\/\/i0.wp.com\/www.grieta.org.mx\/wp-content\/uploads\/2018\/03\/14524434_1106112876131411_958039263622046936_o.jpg?resize=350%2C200&ssl=1 1x, https:\/\/i0.wp.com\/www.grieta.org.mx\/wp-content\/uploads\/2018\/03\/14524434_1106112876131411_958039263622046936_o.jpg?resize=525%2C300&ssl=1 1.5x, https:\/\/i0.wp.com\/www.grieta.org.mx\/wp-content\/uploads\/2018\/03\/14524434_1106112876131411_958039263622046936_o.jpg?resize=700%2C400&ssl=1 2x"},"classes":[]},{"id":15785,"url":"https:\/\/www.grieta.org.mx\/index.php\/2016\/06\/26\/maestros-marchan-en-nava-contra-reforma-educativa-y-en-apoyo-a-oaxaca\/","url_meta":{"origin":15422,"position":1},"title":"Maestros marchan en Nava contra Reforma Educativa y en apoyo a Oaxaca","author":"grieta","date":"26 junio, 2016","format":false,"excerpt":"Decenas de profesores pertenecientes a las secciones 5 y 38 del SNTE, se manifestaron pac\u00edficamente con la realizaci\u00f3n de una marcha, mostrando su rechazo a la Reforma Educativa y en apoyo al movimiento magisterial de Oaxaca. Al grito de: \u201cOaxaca aguanta, Nava se levanta\u201d, el grupo de maestros fustigaron al\u2026","rel":"","context":"En &quot;CINTILLO&quot;","block_context":{"text":"CINTILLO","link":"https:\/\/www.grieta.org.mx\/index.php\/category\/cintillo\/"},"img":{"alt_text":"","src":"https:\/\/i0.wp.com\/www.grieta.org.mx\/wp-content\/uploads\/2018\/03\/14524434_1106112876131411_958039263622046936_o.jpg?resize=350%2C200&ssl=1","width":350,"height":200,"srcset":"https:\/\/i0.wp.com\/www.grieta.org.mx\/wp-content\/uploads\/2018\/03\/14524434_1106112876131411_958039263622046936_o.jpg?resize=350%2C200&ssl=1 1x, https:\/\/i0.wp.com\/www.grieta.org.mx\/wp-content\/uploads\/2018\/03\/14524434_1106112876131411_958039263622046936_o.jpg?resize=525%2C300&ssl=1 1.5x, https:\/\/i0.wp.com\/www.grieta.org.mx\/wp-content\/uploads\/2018\/03\/14524434_1106112876131411_958039263622046936_o.jpg?resize=700%2C400&ssl=1 2x"},"classes":[]},{"id":14982,"url":"https:\/\/www.grieta.org.mx\/index.php\/2016\/06\/13\/protestan-contra-reforma-educativa-en-nuevo-leon\/","url_meta":{"origin":15422,"position":2},"title":"Protestan contra Reforma Educativa en Nuevo Le\u00f3n","author":"grieta","date":"13 junio, 2016","format":false,"excerpt":"Aracely Garza El evento comenz\u00f3 a las 19:00 horas y en la misma participaron integrantes de Magisterio Unido, Coalici\u00f3n de Maestros y Movimiento Magisterial Un contingente integrado por unos 300 maestros se reuni\u00f3 en la Explanada de los H\u00e9roes para protestar en contra de la Reforma Educativa y tambi\u00e9n en\u2026","rel":"","context":"En &quot;CINTILLO&quot;","block_context":{"text":"CINTILLO","link":"https:\/\/www.grieta.org.mx\/index.php\/category\/cintillo\/"},"img":{"alt_text":"","src":"https:\/\/i0.wp.com\/www.grieta.org.mx\/wp-content\/uploads\/2018\/03\/14524434_1106112876131411_958039263622046936_o.jpg?resize=350%2C200&ssl=1","width":350,"height":200,"srcset":"https:\/\/i0.wp.com\/www.grieta.org.mx\/wp-content\/uploads\/2018\/03\/14524434_1106112876131411_958039263622046936_o.jpg?resize=350%2C200&ssl=1 1x, https:\/\/i0.wp.com\/www.grieta.org.mx\/wp-content\/uploads\/2018\/03\/14524434_1106112876131411_958039263622046936_o.jpg?resize=525%2C300&ssl=1 1.5x, https:\/\/i0.wp.com\/www.grieta.org.mx\/wp-content\/uploads\/2018\/03\/14524434_1106112876131411_958039263622046936_o.jpg?resize=700%2C400&ssl=1 2x"},"classes":[]},{"id":14736,"url":"https:\/\/www.grieta.org.mx\/index.php\/2016\/06\/20\/marcha-la-cnte-en-tlaxcala-por-violencia-en-oaxaca\/","url_meta":{"origin":15422,"position":3},"title":"Marcha la CNTE en Tlaxcala por violencia en Oaxaca","author":"grieta","date":"20 junio, 2016","format":false,"excerpt":"Se manifiestan integrantes de la CNTE en repudio a los hechos violentos ocurridos en Oaxaca este domingo que dejaron como saldo seis muertos, los manifestantes, en su mayor\u00eda mujeres, causan problemas de circulaci\u00f3n vehicular en el Centro Hist\u00f3rico de Tlaxcala. La CNTE y los integrantes del Movimiento Magisterial Tlaxcalteca y\u2026","rel":"","context":"En &quot;CINTILLO&quot;","block_context":{"text":"CINTILLO","link":"https:\/\/www.grieta.org.mx\/index.php\/category\/cintillo\/"},"img":{"alt_text":"","src":"https:\/\/i0.wp.com\/www.grieta.org.mx\/wp-content\/uploads\/2018\/03\/14524434_1106112876131411_958039263622046936_o.jpg?resize=350%2C200&ssl=1","width":350,"height":200,"srcset":"https:\/\/i0.wp.com\/www.grieta.org.mx\/wp-content\/uploads\/2018\/03\/14524434_1106112876131411_958039263622046936_o.jpg?resize=350%2C200&ssl=1 1x, https:\/\/i0.wp.com\/www.grieta.org.mx\/wp-content\/uploads\/2018\/03\/14524434_1106112876131411_958039263622046936_o.jpg?resize=525%2C300&ssl=1 1.5x, https:\/\/i0.wp.com\/www.grieta.org.mx\/wp-content\/uploads\/2018\/03\/14524434_1106112876131411_958039263622046936_o.jpg?resize=700%2C400&ssl=1 2x"},"classes":[]},{"id":3171,"url":"https:\/\/www.grieta.org.mx\/index.php\/2016\/08\/23\/movilizaciones-contra-la-reforma-educativa-y-la-evaluacion-magisterial-en-jalisco\/","url_meta":{"origin":15422,"position":4},"title":"Movilizaciones contra la Reforma educativa y evaluaci\u00f3n magisterial en Jalisco","author":"grieta","date":"23 agosto, 2016","format":false,"excerpt":"23\/08\/16. Maestros se manifestaron en el Aeropuerto Internacional de Guadalajara contra la Reforma Educativa Canal 44 23\/08\/16. Maestros en la regi\u00f3n de Los Altos trabajan bajo protesta (Video)Canal 44 27\/07\/16. Bloquean maestros casetasAM Lagos de Moreno 17\/07\/16. Frente Magisterial advierte accionesNtr Guadalajara 04\/07\/16. Abuchean a Aurelio Nu\u00f1o en JaliscoProceso 23\/06\/16.\u2026","rel":"","context":"En &quot;Jalisco&quot;","block_context":{"text":"Jalisco","link":"https:\/\/www.grieta.org.mx\/index.php\/category\/noticias-nacionales\/jalisco\/"},"img":{"alt_text":"","src":"https:\/\/i0.wp.com\/www.grieta.org.mx\/wp-content\/uploads\/2018\/03\/14524434_1106112876131411_958039263622046936_o.jpg?resize=350%2C200&ssl=1","width":350,"height":200,"srcset":"https:\/\/i0.wp.com\/www.grieta.org.mx\/wp-content\/uploads\/2018\/03\/14524434_1106112876131411_958039263622046936_o.jpg?resize=350%2C200&ssl=1 1x, https:\/\/i0.wp.com\/www.grieta.org.mx\/wp-content\/uploads\/2018\/03\/14524434_1106112876131411_958039263622046936_o.jpg?resize=525%2C300&ssl=1 1.5x, https:\/\/i0.wp.com\/www.grieta.org.mx\/wp-content\/uploads\/2018\/03\/14524434_1106112876131411_958039263622046936_o.jpg?resize=700%2C400&ssl=1 2x"},"classes":[]},{"id":15416,"url":"https:\/\/www.grieta.org.mx\/index.php\/2016\/06\/23\/resurge-movimiento-magisterial-en-calkini-campeche\/","url_meta":{"origin":15422,"position":5},"title":"Resurge movimiento magisterial en Calkin\u00ed (Campeche)","author":"grieta","date":"23 junio, 2016","format":false,"excerpt":"CALKINI, Cam. 23 de junio del 2016.- Cientos de maestros, padres de familia, estudiantes y ciudadanos salieron a las calles de esta ciudad a protestar por la represi\u00f3n brutal ejercida por el gobierno federal contra los docentes en Nochixtl\u00e1n, Oaxaca, el domingo pasado. Convocados por el Movimiento Magisterial Campechano, los\u2026","rel":"","context":"En &quot;campeche&quot;","block_context":{"text":"campeche","link":"https:\/\/www.grieta.org.mx\/index.php\/category\/campeche\/"},"img":{"alt_text":"","src":"https:\/\/i0.wp.com\/www.grieta.org.mx\/wp-content\/uploads\/2018\/03\/14524434_1106112876131411_958039263622046936_o.jpg?resize=350%2C200&ssl=1","width":350,"height":200,"srcset":"https:\/\/i0.wp.com\/www.grieta.org.mx\/wp-content\/uploads\/2018\/03\/14524434_1106112876131411_958039263622046936_o.jpg?resize=350%2C200&ssl=1 1x, https:\/\/i0.wp.com\/www.grieta.org.mx\/wp-content\/uploads\/2018\/03\/14524434_1106112876131411_958039263622046936_o.jpg?resize=525%2C300&ssl=1 1.5x, https:\/\/i0.wp.com\/www.grieta.org.mx\/wp-content\/uploads\/2018\/03\/14524434_1106112876131411_958039263622046936_o.jpg?resize=700%2C400&ssl=1 2x"},"classes":[]}],"_links":{"self":[{"href":"https:\/\/www.grieta.org.mx\/index.php\/wp-json\/wp\/v2\/posts\/15422","targetHints":{"allow":["GET"]}}],"collection":[{"href":"https:\/\/www.grieta.org.mx\/index.php\/wp-json\/wp\/v2\/posts"}],"about":[{"href":"https:\/\/www.grieta.org.mx\/index.php\/wp-json\/wp\/v2\/types\/post"}],"author":[{"embeddable":true,"href":"https:\/\/www.grieta.org.mx\/index.php\/wp-json\/wp\/v2\/users\/2"}],"replies":[{"embeddable":true,"href":"https:\/\/www.grieta.org.mx\/index.php\/wp-json\/wp\/v2\/comments?post=15422"}],"version-history":[{"count":1,"href":"https:\/\/www.grieta.org.mx\/index.php\/wp-json\/wp\/v2\/posts\/15422\/revisions"}],"predecessor-version":[{"id":15426,"href":"https:\/\/www.grieta.org.mx\/index.php\/wp-json\/wp\/v2\/posts\/15422\/revisions\/15426"}],"wp:featuredmedia":[{"embeddable":true,"href":"https:\/\/www.grieta.org.mx\/index.php\/wp-json\/wp\/v2\/media\/21928"}],"wp:attachment":[{"href":"https:\/\/www.grieta.org.mx\/index.php\/wp-json\/wp\/v2\/media?parent=15422"}],"wp:term":[{"taxonomy":"category","embeddable":true,"href":"https:\/\/www.grieta.org.mx\/index.php\/wp-json\/wp\/v2\/categories?post=15422"},{"taxonomy":"post_tag","embeddable":true,"href":"https:\/\/www.grieta.org.mx\/index.php\/wp-json\/wp\/v2\/tags?post=15422"}],"curies":[{"name":"wp","href":"https:\/\/api.w.org\/{rel}","templated":true}]}}