{"id":15317,"date":"2016-06-23T03:54:24","date_gmt":"2016-06-23T03:54:24","guid":{"rendered":"http:\/\/www.grieta.org.mx\/?p=15317"},"modified":"2016-06-27T03:55:58","modified_gmt":"2016-06-27T03:55:58","slug":"movilizan-asesinatos-a-medicos-en-culiacan","status":"publish","type":"post","link":"https:\/\/www.grieta.org.mx\/index.php\/2016\/06\/23\/movilizan-asesinatos-a-medicos-en-culiacan\/","title":{"rendered":"Movilizan asesinatos a m\u00e9dicos en Culiac\u00e1n"},"content":{"rendered":"<p>Jos\u00e9 Abraham Sanz, Sinaloa.<\/p>\n<p>Al menos medio millar de trabajadores de la salud salieron ayer a marchar por la avenida \u00c1lvaro Obreg\u00f3n, desde las escalinatas del Templo de La Lomita hasta Catedral, para exigir un alto a la violencia en contra de m\u00e9dicos.<br \/>\nEl grupo tambi\u00e9n exigi\u00f3 detener una ley de violencia obst\u00e9trica que los criminaliza, desde su punto de vista, de manera exagerada, por la falta de condiciones y equipamiento para laborar, hostigamiento de los superiores y l\u00edderes sindicales, y para manifestarse en contra de un Sistema Nacional de Salud que se pretende aplicar, sin haber sido conocido por el gremio.<br \/>\nEl llamado de los m\u00e9dicos en Culiac\u00e1n se uni\u00f3 al que se hizo en otras 22 ciudades del pa\u00eds y coincidi\u00f3 en la exigencia por el asesinato del cuarto m\u00e9dico en el a\u00f1o, en Culiac\u00e1n.<br \/>\nLa marcha comenz\u00f3 al mediod\u00eda; se reunieron m\u00e9dicos, enfermeros, trabajadores de otras \u00e1reas de los sistemas de salud p\u00fablicos y privados y estudiantes, para tomar los dos carriles de la izquierda de la Obreg\u00f3n.<br \/>\nEl avance de la marcha blanca fue custodiada por unidades de Tr\u00e1nsito Municipal, que escalonaron con el ritmo, bloqueos moment\u00e1neos de la avenida por el peligro que corrieron al avanzar en sentido contrario.<br \/>\n\u201cTrabajadores de la salud nos solidarizamos al paro nacional contra la violencia hacia el gremio m\u00e9dico\u201d, se pudo leer en una de las mantas que encabez\u00f3 el grupo, soportada por una decena de personas.<br \/>\n\u201cColegio M\u00e9dico de Sinaloa. Alto a la violencia y a la impunidad, no m\u00e1s m\u00e9dicos asesinados; exigimos resultados\u201d, imprimieron en otra lona.<br \/>\nA los m\u00e9dicos los esper\u00f3 una peque\u00f1a comitiva del Comit\u00e9 Municipal del partido Morena, con un tendedor de consignas impresas en cartulinas y pegadas en la cara frontal de la macetera de Catedral.<br \/>\nTras de s\u00ed, al menos 300 maestros de la Coalici\u00f3n Magisterial Sinaloense los escoltaron y aprovecharon para exigir justicia por su movimiento contra la Reforma Educativa y la reinstalaci\u00f3n de maestros cesados por la aplicaci\u00f3n de ex\u00e1menes de evaluaci\u00f3n.<br \/>\n\u201cTodos estos acontecimientos nos han orillado a exigir a las autoridades que necesitamos que no haya impunidad, necesitamos tener seguridad, tranquilidad en nuestros consultorios\u201d, se\u00f1al\u00f3 Gilberto Casta\u00f1eda Hern\u00e1ndez, presidente del Colegio M\u00e9dico de Sinaloa.<br \/>\n\u201cQue no exista la impunidad, porque esta gente mata a uno y se va, como saben que no los van a agarrar\u201d.<br \/>\nEn lo que va del a\u00f1o, en Culiac\u00e1n, al menos cuatro m\u00e9dicos han sido asesinados; los dos \u00faltimos en este mismo mes y en situaciones parecidas: atacados en su propio consultorio.<br \/>\n\u201cExigimos a la autoridad que nos den informaci\u00f3n sobre el seguimneitno de los m\u00e9dicos que han matado\u201d, agreg\u00f3 Casta\u00f1eda Hern\u00e1ndez.<\/p>\n<p>Tienen m\u00e9dicos pliego petitorio<\/p>\n<p>\u00d3scar Arturo Lagunas Uriarte, presidente del Colegio Sinaloense de Cardiolog\u00eda, se\u00f1al\u00f3 que adem\u00e1s de la exigencia a la violencia que han sufrido los m\u00e9dicos en Sinaloa, tambi\u00e9n es parte del movimiento nacional.<br \/>\n\u201cEste movimiento pretende dignificar al gremio de la salud, en pro de los derechos de los m\u00e9dicos y del personal de todo M\u00e9xico\u201d, dijo Lagunas Uriarte.<br \/>\nEste movimiento, seg\u00fan los m\u00e9dicos, exige que se deje de criminizar el acto m\u00e9dico, como busca la Ley con la violencia obst\u00e9trica.<br \/>\nTambi\u00e9n, agreg\u00f3, hay violencia institucional, por falta de insumos para atender a personas, falta de equipos m\u00e9dicos, cobertura insuficiente, con poco personal y enfermer\u00eda y hostigamiento.<\/p>\n<p><a href=\"http:\/\/beta.noroeste.com.mx\/publicaciones\/view\/movilizan-asesinatos-a-mdicos-en-culiacn-1032841\" target=\"_blank\">http:\/\/beta.noroeste.com.mx\/publicaciones\/view\/movilizan-asesinatos-a-mdicos-en-culiacn-1032841<\/a><\/p>\n","protected":false},"excerpt":{"rendered":"<p>Jos\u00e9 Abraham Sanz, Sinaloa. Al menos medio millar de trabajadores de la salud salieron ayer a marchar por la avenida \u00c1lvaro Obreg\u00f3n, desde las escalinatas del Templo de La Lomita &hellip; <a href=\"https:\/\/www.grieta.org.mx\/index.php\/2016\/06\/23\/movilizan-asesinatos-a-medicos-en-culiacan\/\" class=\"more-link\">Leer m\u00e1s<\/a><\/p>\n","protected":false},"author":2,"featured_media":21928,"comment_status":"closed","ping_status":"closed","sticky":false,"template":"","format":"standard","meta":{"ngg_post_thumbnail":0,"_jetpack_newsletter_access":"","_jetpack_dont_email_post_to_subs":false,"_jetpack_newsletter_tier_id":0,"_jetpack_memberships_contains_paywalled_content":false,"_jetpack_memberships_contains_paid_content":false,"footnotes":""},"categories":[80,164],"tags":[99,180,738,149],"class_list":["post-15317","post","type-post","status-publish","format-standard","has-post-thumbnail","hentry","category-cintillo","category-sinaloa","tag-inseguridad","tag-protesta","tag-reforma-salud","tag-salud","entry"],"jetpack_featured_media_url":"https:\/\/www.grieta.org.mx\/wp-content\/uploads\/2018\/03\/14524434_1106112876131411_958039263622046936_o.jpg","jetpack_sharing_enabled":true,"jetpack_shortlink":"https:\/\/wp.me\/p7ZJR4-3Z3","jetpack_likes_enabled":false,"jetpack-related-posts":[{"id":15284,"url":"https:\/\/www.grieta.org.mx\/index.php\/2016\/09\/05\/movilizaciones-del-sector-salud-en-sinaloa\/","url_meta":{"origin":15317,"position":0},"title":"Movilizaciones del sector salud en Sinaloa","author":"grieta","date":"5 septiembre, 2016","format":false,"excerpt":"Movilizaciones en contra de la inseguridad y la violencia en la profesi\u00f3n 05\/09\/16. Sinaloa, la impunidad en asesinatos de m\u00e9dicos no tiene cura La Silla Rota 14\/08\/16. Piden en Sinaloa atender a heridos de bala en hospitales militares El Universal 23\/06\/16. Movilizan asesinatos a m\u00e9dicos en Culiac\u00e1n Noroeste 23\/06\/16. \"Exigimos\u2026","rel":"","context":"En &quot;NOTICIAS NACIONALES&quot;","block_context":{"text":"NOTICIAS NACIONALES","link":"https:\/\/www.grieta.org.mx\/index.php\/category\/noticias-nacionales\/"},"img":{"alt_text":"","src":"https:\/\/i0.wp.com\/www.grieta.org.mx\/wp-content\/uploads\/2018\/03\/14524434_1106112876131411_958039263622046936_o.jpg?resize=350%2C200&ssl=1","width":350,"height":200,"srcset":"https:\/\/i0.wp.com\/www.grieta.org.mx\/wp-content\/uploads\/2018\/03\/14524434_1106112876131411_958039263622046936_o.jpg?resize=350%2C200&ssl=1 1x, https:\/\/i0.wp.com\/www.grieta.org.mx\/wp-content\/uploads\/2018\/03\/14524434_1106112876131411_958039263622046936_o.jpg?resize=525%2C300&ssl=1 1.5x, https:\/\/i0.wp.com\/www.grieta.org.mx\/wp-content\/uploads\/2018\/03\/14524434_1106112876131411_958039263622046936_o.jpg?resize=700%2C400&ssl=1 2x"},"classes":[]},{"id":38806,"url":"https:\/\/www.grieta.org.mx\/index.php\/2019\/09\/02\/denuncian-pesimo-servicio-en-centro-de-salud-del-sector-pemex-culiacan-sinaloa\/","url_meta":{"origin":15317,"position":1},"title":"Denuncian p\u00e9simo servicio en Centro de Salud del sector Pemex, Culiac\u00e1n (Sinaloa)","author":"grieta","date":"2 septiembre, 2019","format":false,"excerpt":"Foto: El Debate A veces no hay m\u00e9dicos y en otras ocasiones no tienen medicamentos, denuncian pacientes del Centro de Salud unidad Pemex Mar\u00eda Elizalde \/ El Debate Culiac\u00e1n, Sinaloa.- Gran inconformidad entre los usuarios que asisten al Centro de Salud unidad Pemex debido a que hay estudiantes que desde\u2026","rel":"","context":"En &quot;CINTILLO&quot;","block_context":{"text":"CINTILLO","link":"https:\/\/www.grieta.org.mx\/index.php\/category\/cintillo\/"},"img":{"alt_text":"","src":"https:\/\/i0.wp.com\/www.grieta.org.mx\/wp-content\/uploads\/2019\/09\/denuncian_pxsimo_servicio_en_centro_de_salud_del_sector_pemexx_culiacxn.jpeg_219914347.jpeg?resize=350%2C200&ssl=1","width":350,"height":200,"srcset":"https:\/\/i0.wp.com\/www.grieta.org.mx\/wp-content\/uploads\/2019\/09\/denuncian_pxsimo_servicio_en_centro_de_salud_del_sector_pemexx_culiacxn.jpeg_219914347.jpeg?resize=350%2C200&ssl=1 1x, https:\/\/i0.wp.com\/www.grieta.org.mx\/wp-content\/uploads\/2019\/09\/denuncian_pxsimo_servicio_en_centro_de_salud_del_sector_pemexx_culiacxn.jpeg_219914347.jpeg?resize=525%2C300&ssl=1 1.5x, https:\/\/i0.wp.com\/www.grieta.org.mx\/wp-content\/uploads\/2019\/09\/denuncian_pxsimo_servicio_en_centro_de_salud_del_sector_pemexx_culiacxn.jpeg_219914347.jpeg?resize=700%2C400&ssl=1 2x"},"classes":[]},{"id":38164,"url":"https:\/\/www.grieta.org.mx\/index.php\/2019\/08\/20\/protestan-por-falta-de-especialista-en-la-clinica-1-del-imss-culiacan-sinaloa\/","url_meta":{"origin":15317,"position":2},"title":"Protestan por falta de especialista en la Cl\u00ednica 1 del IMSS Culiac\u00e1n (Sinaloa)","author":"grieta","date":"20 agosto, 2019","format":false,"excerpt":"Foto: Luis Gerardo Maga\u00f1a\/ El Debate Pacientes del especialista en reumatolog\u00eda protestaron luego de que este faltara el d\u00eda de hoy por enfermedad y que no les dieran respuesta Angelina Corral \/ El Debate Culiac\u00e1n, Sinaloa.- Derechohabientes del IMSS tronaron contra el director del Hospital Regional N\u00famero 1 (seguro viejo)\u2026","rel":"","context":"En &quot;CINTILLO&quot;","block_context":{"text":"CINTILLO","link":"https:\/\/www.grieta.org.mx\/index.php\/category\/cintillo\/"},"img":{"alt_text":"","src":"https:\/\/i0.wp.com\/www.grieta.org.mx\/wp-content\/uploads\/2019\/08\/protestan_por_falta_de_especialista_en_la_clxnica_1_del_imss_culiacxn_x3x.jpeg_219914347.jpeg?resize=350%2C200&ssl=1","width":350,"height":200,"srcset":"https:\/\/i0.wp.com\/www.grieta.org.mx\/wp-content\/uploads\/2019\/08\/protestan_por_falta_de_especialista_en_la_clxnica_1_del_imss_culiacxn_x3x.jpeg_219914347.jpeg?resize=350%2C200&ssl=1 1x, https:\/\/i0.wp.com\/www.grieta.org.mx\/wp-content\/uploads\/2019\/08\/protestan_por_falta_de_especialista_en_la_clxnica_1_del_imss_culiacxn_x3x.jpeg_219914347.jpeg?resize=525%2C300&ssl=1 1.5x, https:\/\/i0.wp.com\/www.grieta.org.mx\/wp-content\/uploads\/2019\/08\/protestan_por_falta_de_especialista_en_la_clxnica_1_del_imss_culiacxn_x3x.jpeg_219914347.jpeg?resize=700%2C400&ssl=1 2x"},"classes":[]},{"id":15304,"url":"https:\/\/www.grieta.org.mx\/index.php\/2016\/06\/23\/exigimos-justicia-somos-medicos-no-criminales\/","url_meta":{"origin":15317,"position":3},"title":"&#8220;Exigimos justicia \u00a1somos m\u00e9dicos, no criminales!&#8221; (Sinaloa)","author":"grieta","date":"23 junio, 2016","format":false,"excerpt":"Redacci\u00f3n El Debate, Sinaloa. Culiac\u00e1n, Sinaloa.- Cientos de profesionales de la salud, distinguibles por sus batas blancas, tomaron ayer al mediod\u00eda la avenida Obreg\u00f3n para exigir el cese a la violencia que recibe el gremio m\u00e9dico. El evento es parte del movimiento Yo Soy 17, el cual representa al gremio\u2026","rel":"","context":"En &quot;CINTILLO&quot;","block_context":{"text":"CINTILLO","link":"https:\/\/www.grieta.org.mx\/index.php\/category\/cintillo\/"},"img":{"alt_text":"","src":"https:\/\/i0.wp.com\/www.grieta.org.mx\/wp-content\/uploads\/2018\/03\/14524434_1106112876131411_958039263622046936_o.jpg?resize=350%2C200&ssl=1","width":350,"height":200,"srcset":"https:\/\/i0.wp.com\/www.grieta.org.mx\/wp-content\/uploads\/2018\/03\/14524434_1106112876131411_958039263622046936_o.jpg?resize=350%2C200&ssl=1 1x, https:\/\/i0.wp.com\/www.grieta.org.mx\/wp-content\/uploads\/2018\/03\/14524434_1106112876131411_958039263622046936_o.jpg?resize=525%2C300&ssl=1 1.5x, https:\/\/i0.wp.com\/www.grieta.org.mx\/wp-content\/uploads\/2018\/03\/14524434_1106112876131411_958039263622046936_o.jpg?resize=700%2C400&ssl=1 2x"},"classes":[]},{"id":34715,"url":"https:\/\/www.grieta.org.mx\/index.php\/2019\/06\/11\/la-secretaria-de-salud-sin-vacunas-contra-el-sarampion-sinaloa\/","url_meta":{"origin":15317,"position":4},"title":"La Secretar\u00eda de Salud, sin vacunas contra el sarampi\u00f3n (Sinaloa)","author":"grieta","date":"11 junio, 2019","format":false,"excerpt":"El biol\u00f3gico que se aplica a ni\u00f1os de uno y seis a\u00f1os no se tiene desde finales de mayo Julissa F\u00e9lix \/ El Debate Guasave, Sinaloa.-\u00a0Desde finales de mayo de este a\u00f1o el personal de Enfermer\u00eda de la Secretar\u00eda de Salud dej\u00f3 de aplicar el biol\u00f3gico contra el sarampi\u00f3n porque\u2026","rel":"","context":"En &quot;CINTILLO&quot;","block_context":{"text":"CINTILLO","link":"https:\/\/www.grieta.org.mx\/index.php\/category\/cintillo\/"},"img":{"alt_text":"","src":"https:\/\/i0.wp.com\/www.grieta.org.mx\/wp-content\/uploads\/2019\/06\/la_secretarxa_de_saludx_sin_vacunas_contra_el_sarampixn_crop1560288334493.jpg_1727466156.jpg?resize=350%2C200&ssl=1","width":350,"height":200,"srcset":"https:\/\/i0.wp.com\/www.grieta.org.mx\/wp-content\/uploads\/2019\/06\/la_secretarxa_de_saludx_sin_vacunas_contra_el_sarampixn_crop1560288334493.jpg_1727466156.jpg?resize=350%2C200&ssl=1 1x, https:\/\/i0.wp.com\/www.grieta.org.mx\/wp-content\/uploads\/2019\/06\/la_secretarxa_de_saludx_sin_vacunas_contra_el_sarampixn_crop1560288334493.jpg_1727466156.jpg?resize=525%2C300&ssl=1 1.5x, https:\/\/i0.wp.com\/www.grieta.org.mx\/wp-content\/uploads\/2019\/06\/la_secretarxa_de_saludx_sin_vacunas_contra_el_sarampixn_crop1560288334493.jpg_1727466156.jpg?resize=700%2C400&ssl=1 2x"},"classes":[]},{"id":33832,"url":"https:\/\/www.grieta.org.mx\/index.php\/2019\/05\/21\/mas-de-cien-trabajadores-del-sector-quedan-fuera-del-aumento-en-sinaloa\/","url_meta":{"origin":15317,"position":5},"title":"M\u00e1s de cien trabajadores del sector quedan fuera del aumento en Sinaloa","author":"grieta","date":"21 mayo, 2019","format":false,"excerpt":"Estefan\u00eda L\u00f3pez Corral \/ El Debate Culiac\u00e1n, Sinaloa.- Poco m\u00e1s de 100 trabajadores del sector de la salud quedaron fuera del incremento salarial pagado el pasado 15 de mayo con la reasignaci\u00f3n de 200 millones de pesos en el Presupuesto de Egresos 2019, por lo que se hicieron presentes en\u2026","rel":"","context":"En &quot;CINTILLO&quot;","block_context":{"text":"CINTILLO","link":"https:\/\/www.grieta.org.mx\/index.php\/category\/cintillo\/"},"img":{"alt_text":"","src":"https:\/\/i0.wp.com\/www.grieta.org.mx\/wp-content\/uploads\/2019\/05\/mxs_de_cien_trabajadores_quedan_fuera_del_aumento_en_sinaloa.jpg_219914347.jpg?resize=350%2C200&ssl=1","width":350,"height":200,"srcset":"https:\/\/i0.wp.com\/www.grieta.org.mx\/wp-content\/uploads\/2019\/05\/mxs_de_cien_trabajadores_quedan_fuera_del_aumento_en_sinaloa.jpg_219914347.jpg?resize=350%2C200&ssl=1 1x, https:\/\/i0.wp.com\/www.grieta.org.mx\/wp-content\/uploads\/2019\/05\/mxs_de_cien_trabajadores_quedan_fuera_del_aumento_en_sinaloa.jpg_219914347.jpg?resize=525%2C300&ssl=1 1.5x, https:\/\/i0.wp.com\/www.grieta.org.mx\/wp-content\/uploads\/2019\/05\/mxs_de_cien_trabajadores_quedan_fuera_del_aumento_en_sinaloa.jpg_219914347.jpg?resize=700%2C400&ssl=1 2x"},"classes":[]}],"_links":{"self":[{"href":"https:\/\/www.grieta.org.mx\/index.php\/wp-json\/wp\/v2\/posts\/15317","targetHints":{"allow":["GET"]}}],"collection":[{"href":"https:\/\/www.grieta.org.mx\/index.php\/wp-json\/wp\/v2\/posts"}],"about":[{"href":"https:\/\/www.grieta.org.mx\/index.php\/wp-json\/wp\/v2\/types\/post"}],"author":[{"embeddable":true,"href":"https:\/\/www.grieta.org.mx\/index.php\/wp-json\/wp\/v2\/users\/2"}],"replies":[{"embeddable":true,"href":"https:\/\/www.grieta.org.mx\/index.php\/wp-json\/wp\/v2\/comments?post=15317"}],"version-history":[{"count":1,"href":"https:\/\/www.grieta.org.mx\/index.php\/wp-json\/wp\/v2\/posts\/15317\/revisions"}],"predecessor-version":[{"id":15318,"href":"https:\/\/www.grieta.org.mx\/index.php\/wp-json\/wp\/v2\/posts\/15317\/revisions\/15318"}],"wp:featuredmedia":[{"embeddable":true,"href":"https:\/\/www.grieta.org.mx\/index.php\/wp-json\/wp\/v2\/media\/21928"}],"wp:attachment":[{"href":"https:\/\/www.grieta.org.mx\/index.php\/wp-json\/wp\/v2\/media?parent=15317"}],"wp:term":[{"taxonomy":"category","embeddable":true,"href":"https:\/\/www.grieta.org.mx\/index.php\/wp-json\/wp\/v2\/categories?post=15317"},{"taxonomy":"post_tag","embeddable":true,"href":"https:\/\/www.grieta.org.mx\/index.php\/wp-json\/wp\/v2\/tags?post=15317"}],"curies":[{"name":"wp","href":"https:\/\/api.w.org\/{rel}","templated":true}]}}