{"id":15304,"date":"2016-06-23T03:39:57","date_gmt":"2016-06-23T03:39:57","guid":{"rendered":"http:\/\/www.grieta.org.mx\/?p=15304"},"modified":"2016-06-27T03:46:52","modified_gmt":"2016-06-27T03:46:52","slug":"exigimos-justicia-somos-medicos-no-criminales","status":"publish","type":"post","link":"https:\/\/www.grieta.org.mx\/index.php\/2016\/06\/23\/exigimos-justicia-somos-medicos-no-criminales\/","title":{"rendered":"&#8220;Exigimos justicia \u00a1somos m\u00e9dicos, no criminales!&#8221; (Sinaloa)"},"content":{"rendered":"<p>Redacci\u00f3n El Debate, Sinaloa.<\/p>\n<p>Culiac\u00e1n, Sinaloa.- Cientos de profesionales de la salud, distinguibles por sus batas blancas, tomaron ayer al mediod\u00eda la avenida Obreg\u00f3n para exigir el cese a la violencia que recibe el gremio m\u00e9dico.<br \/>\nEl evento es parte del movimiento Yo Soy 17, el cual representa al gremio de los prestadores de servicios de salud que se reunieron para esta marcha en demanda de seguridad, por ser criminalizados y ser v\u00edctimas de actos delictivos y hasta dolosos.<br \/>\nReuni\u00e9ndose al pie de La Lomita, m\u00e9dicos y dem\u00e1s profesionales de la salud fueron llegando desde  antes de las 12:00 horas para partir puntuales y con una clara organizaci\u00f3n al punto del mediod\u00eda.<br \/>\nAl llegar a Catedral, el grupo se reuni\u00f3 en la escalinata para con un altavoz exponer los puntos base del pliego petitorio que el movimiento Yo Soy 17 ha definido para dar a conocer sus circunstancias.<br \/>\nPeticiones<br \/>\nEn el pliego petitorio que se redact\u00f3, los m\u00e9dicos se\u00f1alan que as\u00ed como la sociedad est\u00e1 hastiada del insuficiente e ineficiente servicio de salud que se presta en el pa\u00eds, los profesionales de la salud est\u00e1n cansados de trabajar muchas veces con menos de lo indispensable, con un sistema de salud que abandona al profesional, acarre\u00e1ndole al m\u00e9dico castigos a nivel personal.<br \/>\nLos puntos principales de dicho pliego resaltan la necesidad de no criminalizar al prestador de los servicios de salud y el rechazo absoluto a la Ley Conamed, (llamada as\u00ed por la Comisi\u00f3n Nacional de Arbitraje M\u00e9dico), que, dicen, es extorsi\u00f3n disfrazada de legalidad en la que al m\u00e9dico se le presiona para pagar por una reparaci\u00f3n del da\u00f1o sin determinarse antes la existencia de irregularidades.<br \/>\nEl documento califica de rid\u00edculo y lamentable que se pretenda establecer un Sistema Nacional de Salud, cuando no se puede atender a los derechohabientes actuales, y los prestadores de servicios, en algunos casos, trabajan 36 horas continuas.<br \/>\nSe\u00f1ala el documento que \u201cel m\u00e9dico no puede ser culpable por las omisiones e irresponsabilidades del Estado\u201d.<br \/>\nEl presidente del Colegio M\u00e9dico de Sinaloa, Gilberto Casta\u00f1eda Hern\u00e1ndez, comenta que hay muchas cosas que no deben ser y que viven a diario m\u00e9dicos de Sinaloa y todo el pa\u00eds, pues son gente buena y profesionales muy \u00fatiles para la sociedad.<br \/>\nA los profesionales de la medicina les es altamente preocupante el aumento de la violencia hacia colegas, especialmente al notar que no se toman las medidas pertinentes para que hechos dolosos dejen de presentarse.<br \/>\nEs por ello que expresan un absoluto rechazo a la violencia y se solidarizan con el duelo de familiares y amigos de miembros del gremio que han perdido la vida mientras cumplen su labor de velar por la salud y salvar vidas.<br \/>\nProblema<br \/>\nDescribe el caso, como un ejemplo, como la violencia obst\u00e9trica, que es una ley en la que se puede generar un conflicto si el m\u00e9dico toca a una paciente para evaluarla, situaci\u00f3n en la que se le dan muchas armas al paciente, y se deja desprotegido al m\u00e9dico.<br \/>\nViene la reforma de globalizaci\u00f3n de la salud, por lo que el m\u00e9dico Gilberto Casta\u00f1eda Hern\u00e1ndez se\u00f1ala que se pide a las autoridades que tomen en cuenta al gremio m\u00e9dico, que se le de su espacio, pues entre este hay expertos que pueden ayudar a mejorar la salud en M\u00e9xico.<br \/>\n\u201cLa manifestaci\u00f3n viene siendo tambi\u00e9n por un compa\u00f1ero que fue ultimado a balazos antier (lunes), [&#8230;] y tenemos que pedir que no exista la impunidad\u201d. Eso ya que si bien algunos casos se han resuelto, son bastantes los que quedan sin resolver.<br \/>\nEl profesional de la salud hace \u00e9nfasis en pedir a nombre de su gremio una disculpa por lo que ocasionan a la vialidad a causa de la marcha pac\u00edfica que realizaron.<br \/>\nLa manifestaci\u00f3n estaba abierta a la participaci\u00f3n popular, a quien deseara unirse, y por lo mismo se esperaba que se sumasen, aparte de los colegas de profesi\u00f3n y diversos grupos de enfermer\u00eda, grupos de activistas de derechos humanos, as\u00ed como personas, pacientes e incluso gente que ha visto salvada su vida gracias a esos miembros especializados de la sociedad que dedican sus vidas a  curar, y quienes, cada vez  m\u00e1s com\u00fan, pierden la vida por ello.<br \/>\nEs por eso que el gremio une sus filas para con esta marcha dejar en claro a la sociedad el profundo rechazo con el que lamentan los actos que lastiman a su comunidad. <\/p>\n<p><a href=\"http:\/\/www.debate.com.mx\/culiacan\/Exigimos-justicia-somos-medicos-no-criminales-20160623-0011.html\" target=\"_blank\">http:\/\/www.debate.com.mx\/culiacan\/Exigimos-justicia-somos-medicos-no-criminales-20160623-0011.html<\/a><\/p>\n","protected":false},"excerpt":{"rendered":"<p>Redacci\u00f3n El Debate, Sinaloa. Culiac\u00e1n, Sinaloa.- Cientos de profesionales de la salud, distinguibles por sus batas blancas, tomaron ayer al mediod\u00eda la avenida Obreg\u00f3n para exigir el cese a la &hellip; <a href=\"https:\/\/www.grieta.org.mx\/index.php\/2016\/06\/23\/exigimos-justicia-somos-medicos-no-criminales\/\" class=\"more-link\">Leer m\u00e1s<\/a><\/p>\n","protected":false},"author":2,"featured_media":21928,"comment_status":"closed","ping_status":"closed","sticky":false,"template":"","format":"standard","meta":{"ngg_post_thumbnail":0,"_jetpack_newsletter_access":"","_jetpack_dont_email_post_to_subs":false,"_jetpack_newsletter_tier_id":0,"_jetpack_memberships_contains_paywalled_content":false,"_jetpack_memberships_contains_paid_content":false,"footnotes":""},"categories":[80,164],"tags":[99,180,738,149,754],"class_list":["post-15304","post","type-post","status-publish","format-standard","has-post-thumbnail","hentry","category-cintillo","category-sinaloa","tag-inseguridad","tag-protesta","tag-reforma-salud","tag-salud","tag-violencia-hacia-medicos","entry"],"jetpack_featured_media_url":"https:\/\/www.grieta.org.mx\/wp-content\/uploads\/2018\/03\/14524434_1106112876131411_958039263622046936_o.jpg","jetpack_sharing_enabled":true,"jetpack_shortlink":"https:\/\/wp.me\/p7ZJR4-3YQ","jetpack_likes_enabled":false,"jetpack-related-posts":[{"id":15284,"url":"https:\/\/www.grieta.org.mx\/index.php\/2016\/09\/05\/movilizaciones-del-sector-salud-en-sinaloa\/","url_meta":{"origin":15304,"position":0},"title":"Movilizaciones del sector salud en Sinaloa","author":"grieta","date":"5 septiembre, 2016","format":false,"excerpt":"Movilizaciones en contra de la inseguridad y la violencia en la profesi\u00f3n 05\/09\/16. Sinaloa, la impunidad en asesinatos de m\u00e9dicos no tiene cura La Silla Rota 14\/08\/16. Piden en Sinaloa atender a heridos de bala en hospitales militares El Universal 23\/06\/16. Movilizan asesinatos a m\u00e9dicos en Culiac\u00e1n Noroeste 23\/06\/16. \"Exigimos\u2026","rel":"","context":"En &quot;NOTICIAS NACIONALES&quot;","block_context":{"text":"NOTICIAS NACIONALES","link":"https:\/\/www.grieta.org.mx\/index.php\/category\/noticias-nacionales\/"},"img":{"alt_text":"","src":"https:\/\/i0.wp.com\/www.grieta.org.mx\/wp-content\/uploads\/2018\/03\/14524434_1106112876131411_958039263622046936_o.jpg?resize=350%2C200&ssl=1","width":350,"height":200,"srcset":"https:\/\/i0.wp.com\/www.grieta.org.mx\/wp-content\/uploads\/2018\/03\/14524434_1106112876131411_958039263622046936_o.jpg?resize=350%2C200&ssl=1 1x, https:\/\/i0.wp.com\/www.grieta.org.mx\/wp-content\/uploads\/2018\/03\/14524434_1106112876131411_958039263622046936_o.jpg?resize=525%2C300&ssl=1 1.5x, https:\/\/i0.wp.com\/www.grieta.org.mx\/wp-content\/uploads\/2018\/03\/14524434_1106112876131411_958039263622046936_o.jpg?resize=700%2C400&ssl=1 2x"},"classes":[]},{"id":15317,"url":"https:\/\/www.grieta.org.mx\/index.php\/2016\/06\/23\/movilizan-asesinatos-a-medicos-en-culiacan\/","url_meta":{"origin":15304,"position":1},"title":"Movilizan asesinatos a m\u00e9dicos en Culiac\u00e1n","author":"grieta","date":"23 junio, 2016","format":false,"excerpt":"Jos\u00e9 Abraham Sanz, Sinaloa. Al menos medio millar de trabajadores de la salud salieron ayer a marchar por la avenida \u00c1lvaro Obreg\u00f3n, desde las escalinatas del Templo de La Lomita hasta Catedral, para exigir un alto a la violencia en contra de m\u00e9dicos. El grupo tambi\u00e9n exigi\u00f3 detener una ley\u2026","rel":"","context":"En &quot;CINTILLO&quot;","block_context":{"text":"CINTILLO","link":"https:\/\/www.grieta.org.mx\/index.php\/category\/cintillo\/"},"img":{"alt_text":"","src":"https:\/\/i0.wp.com\/www.grieta.org.mx\/wp-content\/uploads\/2018\/03\/14524434_1106112876131411_958039263622046936_o.jpg?resize=350%2C200&ssl=1","width":350,"height":200,"srcset":"https:\/\/i0.wp.com\/www.grieta.org.mx\/wp-content\/uploads\/2018\/03\/14524434_1106112876131411_958039263622046936_o.jpg?resize=350%2C200&ssl=1 1x, https:\/\/i0.wp.com\/www.grieta.org.mx\/wp-content\/uploads\/2018\/03\/14524434_1106112876131411_958039263622046936_o.jpg?resize=525%2C300&ssl=1 1.5x, https:\/\/i0.wp.com\/www.grieta.org.mx\/wp-content\/uploads\/2018\/03\/14524434_1106112876131411_958039263622046936_o.jpg?resize=700%2C400&ssl=1 2x"},"classes":[]},{"id":33966,"url":"https:\/\/www.grieta.org.mx\/index.php\/2019\/03\/15\/se-manifiestan-trabajadores-de-pemex-en-base-topolobampo-sinaloa\/","url_meta":{"origin":15304,"position":2},"title":"Se manifiestan trabajadores de Pemex en base Topolobampo (Sinaloa)","author":"grieta","date":"15 marzo, 2019","format":false,"excerpt":"Trabajan bajo protesta por falta de los servicios m\u00e9dicos; solicitan una soluci\u00f3n inmediata Adrian L\u00f3pez \/ El debate Los Mochis, Sinaloa.- Los trabajadores de Pemex de la base Topolobampo se manifestaron\u00a0de manera pac\u00edfica por la falta de servicios m\u00e9dicos. Los inconformes expusieron que desde hace 15 d\u00edas les suspendieron el\u2026","rel":"","context":"En &quot;CINTILLO&quot;","block_context":{"text":"CINTILLO","link":"https:\/\/www.grieta.org.mx\/index.php\/category\/cintillo\/"},"img":{"alt_text":"","src":"https:\/\/i0.wp.com\/www.grieta.org.mx\/wp-content\/uploads\/2019\/05\/imagen_imagen_protesta_pacifica_de_trabajadores_de_pemex_topolobampo.jpg_219914347.jpg?resize=350%2C200&ssl=1","width":350,"height":200,"srcset":"https:\/\/i0.wp.com\/www.grieta.org.mx\/wp-content\/uploads\/2019\/05\/imagen_imagen_protesta_pacifica_de_trabajadores_de_pemex_topolobampo.jpg_219914347.jpg?resize=350%2C200&ssl=1 1x, https:\/\/i0.wp.com\/www.grieta.org.mx\/wp-content\/uploads\/2019\/05\/imagen_imagen_protesta_pacifica_de_trabajadores_de_pemex_topolobampo.jpg_219914347.jpg?resize=525%2C300&ssl=1 1.5x, https:\/\/i0.wp.com\/www.grieta.org.mx\/wp-content\/uploads\/2019\/05\/imagen_imagen_protesta_pacifica_de_trabajadores_de_pemex_topolobampo.jpg_219914347.jpg?resize=700%2C400&ssl=1 2x"},"classes":[]},{"id":38806,"url":"https:\/\/www.grieta.org.mx\/index.php\/2019\/09\/02\/denuncian-pesimo-servicio-en-centro-de-salud-del-sector-pemex-culiacan-sinaloa\/","url_meta":{"origin":15304,"position":3},"title":"Denuncian p\u00e9simo servicio en Centro de Salud del sector Pemex, Culiac\u00e1n (Sinaloa)","author":"grieta","date":"2 septiembre, 2019","format":false,"excerpt":"Foto: El Debate A veces no hay m\u00e9dicos y en otras ocasiones no tienen medicamentos, denuncian pacientes del Centro de Salud unidad Pemex Mar\u00eda Elizalde \/ El Debate Culiac\u00e1n, Sinaloa.- Gran inconformidad entre los usuarios que asisten al Centro de Salud unidad Pemex debido a que hay estudiantes que desde\u2026","rel":"","context":"En &quot;CINTILLO&quot;","block_context":{"text":"CINTILLO","link":"https:\/\/www.grieta.org.mx\/index.php\/category\/cintillo\/"},"img":{"alt_text":"","src":"https:\/\/i0.wp.com\/www.grieta.org.mx\/wp-content\/uploads\/2019\/09\/denuncian_pxsimo_servicio_en_centro_de_salud_del_sector_pemexx_culiacxn.jpeg_219914347.jpeg?resize=350%2C200&ssl=1","width":350,"height":200,"srcset":"https:\/\/i0.wp.com\/www.grieta.org.mx\/wp-content\/uploads\/2019\/09\/denuncian_pxsimo_servicio_en_centro_de_salud_del_sector_pemexx_culiacxn.jpeg_219914347.jpeg?resize=350%2C200&ssl=1 1x, https:\/\/i0.wp.com\/www.grieta.org.mx\/wp-content\/uploads\/2019\/09\/denuncian_pxsimo_servicio_en_centro_de_salud_del_sector_pemexx_culiacxn.jpeg_219914347.jpeg?resize=525%2C300&ssl=1 1.5x, https:\/\/i0.wp.com\/www.grieta.org.mx\/wp-content\/uploads\/2019\/09\/denuncian_pxsimo_servicio_en_centro_de_salud_del_sector_pemexx_culiacxn.jpeg_219914347.jpeg?resize=700%2C400&ssl=1 2x"},"classes":[]},{"id":15286,"url":"https:\/\/www.grieta.org.mx\/index.php\/2016\/06\/22\/maestros-y-medicos-unen-voces-en-mazatlan\/","url_meta":{"origin":15304,"position":4},"title":"Maestros y m\u00e9dicos unen voces en Mazatl\u00e1n","author":"grieta","date":"22 junio, 2016","format":false,"excerpt":"Luis Zatarain, Sinaloa. Mazatl\u00e1n, Sinaloa.- Integrantes del gremio magisterial y del \u00e1rea de la salud coincidieron en el malec\u00f3n, cuando profesores y m\u00e9dicos encabezaban manifestaciones para defender su trabajo y las condiciones en que lo realizan. Ambas marchas pr\u00e1cticamente paralizaron el tr\u00e1fico vial al tomar la avenida Del Mar, pues\u2026","rel":"","context":"En &quot;CINTILLO&quot;","block_context":{"text":"CINTILLO","link":"https:\/\/www.grieta.org.mx\/index.php\/category\/cintillo\/"},"img":{"alt_text":"","src":"https:\/\/i0.wp.com\/www.grieta.org.mx\/wp-content\/uploads\/2018\/03\/14524434_1106112876131411_958039263622046936_o.jpg?resize=350%2C200&ssl=1","width":350,"height":200,"srcset":"https:\/\/i0.wp.com\/www.grieta.org.mx\/wp-content\/uploads\/2018\/03\/14524434_1106112876131411_958039263622046936_o.jpg?resize=350%2C200&ssl=1 1x, https:\/\/i0.wp.com\/www.grieta.org.mx\/wp-content\/uploads\/2018\/03\/14524434_1106112876131411_958039263622046936_o.jpg?resize=525%2C300&ssl=1 1.5x, https:\/\/i0.wp.com\/www.grieta.org.mx\/wp-content\/uploads\/2018\/03\/14524434_1106112876131411_958039263622046936_o.jpg?resize=700%2C400&ssl=1 2x"},"classes":[]},{"id":15313,"url":"https:\/\/www.grieta.org.mx\/index.php\/2016\/06\/22\/medico-profesion-de-alto-riesgo-en-sinaloa-gilberto-castaneda\/","url_meta":{"origin":15304,"position":5},"title":"M\u00e9dico, profesi\u00f3n de alto riesgo en Sinaloa: Gilberto Casta\u00f1eda","author":"grieta","date":"22 junio, 2016","format":false,"excerpt":"\u00c1ngeles Jacobo Alternativo.mx\/ Concentr\u00e1ndose al pie de las escaleras del templo de la \u201cLomita\u201d, cientos de m\u00e9dicos y enfermeras de la ciudad partieron rumbo a la \u201cCatedral\u201d para manifestarse de manera tranquila para exigir sean esclarecidas la muerte de dos galenos que han sido asesinados durante este mes. Gilberto Casta\u00f1eda\u2026","rel":"","context":"En &quot;CINTILLO&quot;","block_context":{"text":"CINTILLO","link":"https:\/\/www.grieta.org.mx\/index.php\/category\/cintillo\/"},"img":{"alt_text":"","src":"https:\/\/i0.wp.com\/www.grieta.org.mx\/wp-content\/uploads\/2018\/03\/14524434_1106112876131411_958039263622046936_o.jpg?resize=350%2C200&ssl=1","width":350,"height":200,"srcset":"https:\/\/i0.wp.com\/www.grieta.org.mx\/wp-content\/uploads\/2018\/03\/14524434_1106112876131411_958039263622046936_o.jpg?resize=350%2C200&ssl=1 1x, https:\/\/i0.wp.com\/www.grieta.org.mx\/wp-content\/uploads\/2018\/03\/14524434_1106112876131411_958039263622046936_o.jpg?resize=525%2C300&ssl=1 1.5x, https:\/\/i0.wp.com\/www.grieta.org.mx\/wp-content\/uploads\/2018\/03\/14524434_1106112876131411_958039263622046936_o.jpg?resize=700%2C400&ssl=1 2x"},"classes":[]}],"_links":{"self":[{"href":"https:\/\/www.grieta.org.mx\/index.php\/wp-json\/wp\/v2\/posts\/15304","targetHints":{"allow":["GET"]}}],"collection":[{"href":"https:\/\/www.grieta.org.mx\/index.php\/wp-json\/wp\/v2\/posts"}],"about":[{"href":"https:\/\/www.grieta.org.mx\/index.php\/wp-json\/wp\/v2\/types\/post"}],"author":[{"embeddable":true,"href":"https:\/\/www.grieta.org.mx\/index.php\/wp-json\/wp\/v2\/users\/2"}],"replies":[{"embeddable":true,"href":"https:\/\/www.grieta.org.mx\/index.php\/wp-json\/wp\/v2\/comments?post=15304"}],"version-history":[{"count":1,"href":"https:\/\/www.grieta.org.mx\/index.php\/wp-json\/wp\/v2\/posts\/15304\/revisions"}],"predecessor-version":[{"id":15307,"href":"https:\/\/www.grieta.org.mx\/index.php\/wp-json\/wp\/v2\/posts\/15304\/revisions\/15307"}],"wp:featuredmedia":[{"embeddable":true,"href":"https:\/\/www.grieta.org.mx\/index.php\/wp-json\/wp\/v2\/media\/21928"}],"wp:attachment":[{"href":"https:\/\/www.grieta.org.mx\/index.php\/wp-json\/wp\/v2\/media?parent=15304"}],"wp:term":[{"taxonomy":"category","embeddable":true,"href":"https:\/\/www.grieta.org.mx\/index.php\/wp-json\/wp\/v2\/categories?post=15304"},{"taxonomy":"post_tag","embeddable":true,"href":"https:\/\/www.grieta.org.mx\/index.php\/wp-json\/wp\/v2\/tags?post=15304"}],"curies":[{"name":"wp","href":"https:\/\/api.w.org\/{rel}","templated":true}]}}