{"id":15241,"date":"2016-06-22T01:49:43","date_gmt":"2016-06-22T01:49:43","guid":{"rendered":"http:\/\/www.grieta.org.mx\/?p=15241"},"modified":"2019-02-23T19:55:47","modified_gmt":"2019-02-24T01:55:47","slug":"personal-de-salud-se-manifiesta-en-hidalgo","status":"publish","type":"post","link":"https:\/\/www.grieta.org.mx\/index.php\/2016\/06\/22\/personal-de-salud-se-manifiesta-en-hidalgo\/","title":{"rendered":"Personal de salud se manifiesta en Hidalgo"},"content":{"rendered":"<p>Dinorath Mota<\/p>\n<p>Medio centenar de m\u00e9dicos de diversas cl\u00ednicas privadas y particulares se manifestaron en plaza Ju\u00e1rez, de Hidalgo, como parte de la jornada nacional para evitar la criminalizaci\u00f3n de la pr\u00e1ctica m\u00e9dica y exigir que pare la violencia hacia los pasantes.<\/p>\n<p>Los manifestante adheridos al movimiento #YoSoy17, denunciaron que existe una falta de insumos para atender a los enfermos, adem\u00e1s de que son criminalizados, sin una investigaci\u00f3n. &#8220;No es de nosotros el desbasto, no es por nosotros que est\u00e9n retrasando citas, sino por la falta de infraestructura y si les mandas a comprar un medicamento ya te est\u00e1n demandando&#8221;.<\/p>\n<p>&#8220;El mensaje es para la sociedad que entiendan que no somos sus enemigos, no somos criminales, que podemos errar s\u00ed, porque somos humanos, no somos dioses y entender que hay destinos, que no todas las muertes son culpa de un m\u00e9dico&#8221;. <\/p>\n<p>Los manifestantes dijeron estar en contra de la universalizaci\u00f3n de la salud que se pretende a partir de la reforma que promueve el gobierno, ya que aseveraron est\u00e1 se encuentra encaminada a la privatizaci\u00f3n de la salud y no s\u00f3lo afectar\u00e1 a los pacientes que tendr\u00e1n que pagar sus estudios, sino tambi\u00e9n a los m\u00e9dicos ya que el sector colapsar\u00e1. <\/p>\n<p>Sin dar una cifra exacta, acusaron que en Hidalgo es alta la criminalizaci\u00f3n que se hace a la pr\u00e1ctica m\u00e9dica, las leyes para este sector destacaron son &#8220;exageradamente duras&#8221;. Adem\u00e1s de que denunciaron que con la universalizaci\u00f3n no habr\u00e1 una mejora sino de manera contraria el sector va a colapsar lo que obligar\u00e1 a los pacientes a buscar en los servicios privados.<\/p>\n<p>As\u00ed tambi\u00e9n demandaron que haya m\u00e1s insumos para poder ejercer su profesi\u00f3n ya que una de las pr\u00e1cticas que ha hecho le gobierno es el recorte del presupuesto, para que el sector carezca de lo necesario para atender a los pacientes y estos aprueben la universalizaci\u00f3n de la salud considerando que es la soluci\u00f3n. <\/p>\n<p><a href=\"http:\/\/www.eluniversal.com.mx\/articulo\/estados\/2016\/06\/22\/personal-de-salud-se-manifiesta-en-hidalgo\" target=\"_blank\">http:\/\/www.eluniversal.com.mx\/articulo\/estados\/2016\/06\/22\/personal-de-salud-se-manifiesta-en-hidalgo<\/a><\/p>\n","protected":false},"excerpt":{"rendered":"<p>Dinorath Mota Medio centenar de m\u00e9dicos de diversas cl\u00ednicas privadas y particulares se manifestaron en plaza Ju\u00e1rez, de Hidalgo, como parte de la jornada nacional para evitar la criminalizaci\u00f3n de &hellip; <a href=\"https:\/\/www.grieta.org.mx\/index.php\/2016\/06\/22\/personal-de-salud-se-manifiesta-en-hidalgo\/\" class=\"more-link\">Leer m\u00e1s<\/a><\/p>\n","protected":false},"author":2,"featured_media":21928,"comment_status":"closed","ping_status":"closed","sticky":false,"template":"","format":"standard","meta":{"ngg_post_thumbnail":0,"_jetpack_newsletter_access":"","_jetpack_dont_email_post_to_subs":false,"_jetpack_newsletter_tier_id":0,"_jetpack_memberships_contains_paywalled_content":false,"_jetpack_memberships_contains_paid_content":false,"footnotes":""},"categories":[80,19,2163],"tags":[1459,738,831],"class_list":["post-15241","post","type-post","status-publish","format-standard","has-post-thumbnail","hentry","category-cintillo","category-hidalgo","category-movilizaciones-del-sector-salud-en-hidalgo","tag-crisis-sector-salud","tag-reforma-salud","tag-sector-salud","entry"],"jetpack_featured_media_url":"https:\/\/www.grieta.org.mx\/wp-content\/uploads\/2018\/03\/14524434_1106112876131411_958039263622046936_o.jpg","jetpack_sharing_enabled":true,"jetpack_shortlink":"https:\/\/wp.me\/p7ZJR4-3XP","jetpack_likes_enabled":false,"jetpack-related-posts":[{"id":15256,"url":"https:\/\/www.grieta.org.mx\/index.php\/2016\/06\/24\/medicos-de-hidalgo-realizan-paro-contra-las-reformas-al-sector-salud\/","url_meta":{"origin":15241,"position":0},"title":"M\u00e9dicos de Hidalgo realizan paro contra las reformas al sector salud","author":"grieta","date":"24 junio, 2016","format":false,"excerpt":"Pachuca, Hgo.- M\u00e9dicos y enfermeras de distintos centros hospitalarios y cl\u00ednicas de salud de Pachuca se solidarizaron con el paro nacional contra la reforma legal del sector, propuesta por la administraci\u00f3n Federal. M\u00e1s de un centenar de especialistas se manifestaron en la Plaza Ju\u00e1rez de Pachuca donde mostraron pancartas y\u2026","rel":"","context":"En &quot;CINTILLO&quot;","block_context":{"text":"CINTILLO","link":"https:\/\/www.grieta.org.mx\/index.php\/category\/cintillo\/"},"img":{"alt_text":"","src":"https:\/\/i0.wp.com\/www.grieta.org.mx\/wp-content\/uploads\/2018\/03\/14524434_1106112876131411_958039263622046936_o.jpg?resize=350%2C200&ssl=1","width":350,"height":200,"srcset":"https:\/\/i0.wp.com\/www.grieta.org.mx\/wp-content\/uploads\/2018\/03\/14524434_1106112876131411_958039263622046936_o.jpg?resize=350%2C200&ssl=1 1x, https:\/\/i0.wp.com\/www.grieta.org.mx\/wp-content\/uploads\/2018\/03\/14524434_1106112876131411_958039263622046936_o.jpg?resize=525%2C300&ssl=1 1.5x, https:\/\/i0.wp.com\/www.grieta.org.mx\/wp-content\/uploads\/2018\/03\/14524434_1106112876131411_958039263622046936_o.jpg?resize=700%2C400&ssl=1 2x"},"classes":[]},{"id":15252,"url":"https:\/\/www.grieta.org.mx\/index.php\/2016\/06\/24\/movilizaciones-contra-la-reforma-al-sector-salud-en-hidalgo\/","url_meta":{"origin":15241,"position":1},"title":"Movilizaciones del sector salud en Hidalgo","author":"grieta","date":"24 junio, 2016","format":false,"excerpt":"24\/06\/16. M\u00e9dicos de Hidalgo realizan paro contra las reformas al sector saludLa Regi\u00f3n 22\/06\/16. Personal de salud se manifiesta en HidalgoEl Universal","rel":"","context":"En &quot;Hidalgo&quot;","block_context":{"text":"Hidalgo","link":"https:\/\/www.grieta.org.mx\/index.php\/category\/noticias-nacionales\/hidalgo\/"},"img":{"alt_text":"","src":"https:\/\/i0.wp.com\/www.grieta.org.mx\/wp-content\/uploads\/2018\/03\/14524434_1106112876131411_958039263622046936_o.jpg?resize=350%2C200&ssl=1","width":350,"height":200,"srcset":"https:\/\/i0.wp.com\/www.grieta.org.mx\/wp-content\/uploads\/2018\/03\/14524434_1106112876131411_958039263622046936_o.jpg?resize=350%2C200&ssl=1 1x, https:\/\/i0.wp.com\/www.grieta.org.mx\/wp-content\/uploads\/2018\/03\/14524434_1106112876131411_958039263622046936_o.jpg?resize=525%2C300&ssl=1 1.5x, https:\/\/i0.wp.com\/www.grieta.org.mx\/wp-content\/uploads\/2018\/03\/14524434_1106112876131411_958039263622046936_o.jpg?resize=700%2C400&ssl=1 2x"},"classes":[]},{"id":38634,"url":"https:\/\/www.grieta.org.mx\/index.php\/2019\/08\/02\/protestan-por-reduccion-de-becas-en-sector-salud-hidalgo\/","url_meta":{"origin":15241,"position":2},"title":"Protestan por reducci\u00f3n de becas en sector salud (Hidalgo)","author":"Admin","date":"2 agosto, 2019","format":false,"excerpt":"Ignacio Garc\u00eda \/ El Sol de Hidalgo Alrededor de 50 m\u00e9dicos pasantes de diferentes instituciones educativas de Hidalgo se manifestaron en la explanada de Plaza Ju\u00e1rez para protestar por la reducci\u00f3n de las becas que les otorgan, as\u00ed como de las mismas plazas en un 20 por ciento, por lo\u2026","rel":"","context":"En &quot;CINTILLO&quot;","block_context":{"text":"CINTILLO","link":"https:\/\/www.grieta.org.mx\/index.php\/category\/cintillo\/"},"img":{"alt_text":"","src":"https:\/\/i0.wp.com\/www.grieta.org.mx\/wp-content\/uploads\/2019\/09\/Captura-de-pantalla-2019-09-01-01.03.50.png?resize=350%2C200&ssl=1","width":350,"height":200,"srcset":"https:\/\/i0.wp.com\/www.grieta.org.mx\/wp-content\/uploads\/2019\/09\/Captura-de-pantalla-2019-09-01-01.03.50.png?resize=350%2C200&ssl=1 1x, https:\/\/i0.wp.com\/www.grieta.org.mx\/wp-content\/uploads\/2019\/09\/Captura-de-pantalla-2019-09-01-01.03.50.png?resize=525%2C300&ssl=1 1.5x, https:\/\/i0.wp.com\/www.grieta.org.mx\/wp-content\/uploads\/2019\/09\/Captura-de-pantalla-2019-09-01-01.03.50.png?resize=700%2C400&ssl=1 2x"},"classes":[]},{"id":36505,"url":"https:\/\/www.grieta.org.mx\/index.php\/2019\/06\/26\/falta-material-y-equipo-en-um-del-imss-hidalgo\/","url_meta":{"origin":15241,"position":3},"title":"Falta material y equipo en UM del IMSS (Hidalgo)","author":"grieta","date":"26 junio, 2019","format":false,"excerpt":"Rub\u00e9n Ju\u00e1rez \/ El sol de Hidalgo No hay jeringas, agujas, bolsas recolectoras ni sondas, acusan usuarios Huejutla, Hgo.- Familiares de pacientes de la cl\u00ednica 21 del Instituto Mexicano del Seguro Social (IMSS) de este municipio, lamentaron que han tenido que comprar material ante la falta de jeringas, agujas, bolsas\u2026","rel":"","context":"En &quot;CINTILLO&quot;","block_context":{"text":"CINTILLO","link":"https:\/\/www.grieta.org.mx\/index.php\/category\/cintillo\/"},"img":{"alt_text":"","src":"https:\/\/i0.wp.com\/www.grieta.org.mx\/wp-content\/uploads\/2019\/07\/SIN-EQUIPO.jpeg?resize=350%2C200&ssl=1","width":350,"height":200,"srcset":"https:\/\/i0.wp.com\/www.grieta.org.mx\/wp-content\/uploads\/2019\/07\/SIN-EQUIPO.jpeg?resize=350%2C200&ssl=1 1x, https:\/\/i0.wp.com\/www.grieta.org.mx\/wp-content\/uploads\/2019\/07\/SIN-EQUIPO.jpeg?resize=525%2C300&ssl=1 1.5x, https:\/\/i0.wp.com\/www.grieta.org.mx\/wp-content\/uploads\/2019\/07\/SIN-EQUIPO.jpeg?resize=700%2C400&ssl=1 2x"},"classes":[]},{"id":32894,"url":"https:\/\/www.grieta.org.mx\/index.php\/2019\/05\/02\/los-sindicalistas-incomodos-arman-desfile-del-dia-del-trabajo-en-la-calle-hidalgo-tamaulipas\/","url_meta":{"origin":15241,"position":4},"title":"Los sindicalistas \u2018inc\u00f3modos\u2019 arman desfile del D\u00eda del Trabajo en la calle Hidalgo (Tamaulipas)","author":"grieta","date":"2 mayo, 2019","format":false,"excerpt":"Jos\u00e9 Gregorio Aguilar \/ Gaceta Ciudad Victoria, Tamaulipas.- Para conmemorar el D\u00eda del Trabajo, decenas de telefonistas, empleados y enfermeras del Hospital Civil de Victoria desfilaron por la calle Hidalgo de esta capital. Durante el recorrido de alrededor de 20 minutos, los trabajadores sindicalizados gritaron consignas en contra de las\u2026","rel":"","context":"En &quot;CINTILLO&quot;","block_context":{"text":"CINTILLO","link":"https:\/\/www.grieta.org.mx\/index.php\/category\/cintillo\/"},"img":{"alt_text":"","src":"https:\/\/i0.wp.com\/www.grieta.org.mx\/wp-content\/uploads\/2019\/05\/Los-sindicalistas-%E2%80%98inc%C3%B3modos%E2%80%99-arman-desfile-del-D%C3%ADa-del-Trabajo-en-la-calle-Hidalgo-tama-may.jpg?resize=350%2C200","width":350,"height":200},"classes":[]},{"id":47620,"url":"https:\/\/www.grieta.org.mx\/index.php\/2020\/04\/03\/se-manifiestan-medicos-y-enfermeras-en-la-clinica-1-del-imss-pachuca-hidalgo\/","url_meta":{"origin":15241,"position":5},"title":"Se manifiestan m\u00e9dicos y enfermeras en la cl\u00ednica 1 del IMSS Pachuca (Hidalgo)","author":"Admin","date":"3 abril, 2020","format":false,"excerpt":"Redacci\u00f3n \/ Criterio Hidalgo Personal m\u00e9dico adscrito al Instituto Mexicano del Seguro Social (IMSS) Hidalgo demandaron a las autoridades suministrar material de protecci\u00f3n necesario y suficiente para hacer frente a la pandemia por coronavirus (Covid-19) en el estado. Ataviados con su habitual bata blanca, m\u00e9dicos y enfermeras demandaron los insumos\u2026","rel":"","context":"En &quot;CINTILLO&quot;","block_context":{"text":"CINTILLO","link":"https:\/\/www.grieta.org.mx\/index.php\/category\/cintillo\/"},"img":{"alt_text":"","src":"https:\/\/i0.wp.com\/www.grieta.org.mx\/wp-content\/uploads\/2020\/04\/Captura-de-pantalla-2020-04-10-a-las-1.23.27-a.m..png?resize=350%2C200&ssl=1","width":350,"height":200,"srcset":"https:\/\/i0.wp.com\/www.grieta.org.mx\/wp-content\/uploads\/2020\/04\/Captura-de-pantalla-2020-04-10-a-las-1.23.27-a.m..png?resize=350%2C200&ssl=1 1x, https:\/\/i0.wp.com\/www.grieta.org.mx\/wp-content\/uploads\/2020\/04\/Captura-de-pantalla-2020-04-10-a-las-1.23.27-a.m..png?resize=525%2C300&ssl=1 1.5x"},"classes":[]}],"_links":{"self":[{"href":"https:\/\/www.grieta.org.mx\/index.php\/wp-json\/wp\/v2\/posts\/15241","targetHints":{"allow":["GET"]}}],"collection":[{"href":"https:\/\/www.grieta.org.mx\/index.php\/wp-json\/wp\/v2\/posts"}],"about":[{"href":"https:\/\/www.grieta.org.mx\/index.php\/wp-json\/wp\/v2\/types\/post"}],"author":[{"embeddable":true,"href":"https:\/\/www.grieta.org.mx\/index.php\/wp-json\/wp\/v2\/users\/2"}],"replies":[{"embeddable":true,"href":"https:\/\/www.grieta.org.mx\/index.php\/wp-json\/wp\/v2\/comments?post=15241"}],"version-history":[{"count":1,"href":"https:\/\/www.grieta.org.mx\/index.php\/wp-json\/wp\/v2\/posts\/15241\/revisions"}],"predecessor-version":[{"id":15249,"href":"https:\/\/www.grieta.org.mx\/index.php\/wp-json\/wp\/v2\/posts\/15241\/revisions\/15249"}],"wp:featuredmedia":[{"embeddable":true,"href":"https:\/\/www.grieta.org.mx\/index.php\/wp-json\/wp\/v2\/media\/21928"}],"wp:attachment":[{"href":"https:\/\/www.grieta.org.mx\/index.php\/wp-json\/wp\/v2\/media?parent=15241"}],"wp:term":[{"taxonomy":"category","embeddable":true,"href":"https:\/\/www.grieta.org.mx\/index.php\/wp-json\/wp\/v2\/categories?post=15241"},{"taxonomy":"post_tag","embeddable":true,"href":"https:\/\/www.grieta.org.mx\/index.php\/wp-json\/wp\/v2\/tags?post=15241"}],"curies":[{"name":"wp","href":"https:\/\/api.w.org\/{rel}","templated":true}]}}