{"id":15231,"date":"2016-06-23T01:45:03","date_gmt":"2016-06-23T01:45:03","guid":{"rendered":"http:\/\/www.grieta.org.mx\/?p=15231"},"modified":"2018-07-07T00:09:09","modified_gmt":"2018-07-07T05:09:09","slug":"puebla-a-un-paso-de-recibir-la-alerta-de-genero","status":"publish","type":"post","link":"https:\/\/www.grieta.org.mx\/index.php\/2016\/06\/23\/puebla-a-un-paso-de-recibir-la-alerta-de-genero\/","title":{"rendered":"Puebla a un paso de recibir la Alerta de G\u00e9nero"},"content":{"rendered":"<p><img loading=\"lazy\" decoding=\"async\" data-attachment-id=\"15233\" data-permalink=\"https:\/\/www.grieta.org.mx\/index.php\/2016\/06\/23\/puebla-a-un-paso-de-recibir-la-alerta-de-genero\/puebla-a-un-paso-de-recibir-la-alerta-de-genero\/\" data-orig-file=\"https:\/\/www.grieta.org.mx\/wp-content\/uploads\/2016\/06\/puebla-a-un-paso-de-recibir-la-alerta-de-genero.jpg\" data-orig-size=\"600,400\" data-comments-opened=\"0\" data-image-meta=\"{&quot;aperture&quot;:&quot;4.5&quot;,&quot;credit&quot;:&quot;&quot;,&quot;camera&quot;:&quot;Canon EOS 6D&quot;,&quot;caption&quot;:&quot;&quot;,&quot;created_timestamp&quot;:&quot;1456422303&quot;,&quot;copyright&quot;:&quot;&quot;,&quot;focal_length&quot;:&quot;70&quot;,&quot;iso&quot;:&quot;400&quot;,&quot;shutter_speed&quot;:&quot;0.00625&quot;,&quot;title&quot;:&quot;&quot;,&quot;orientation&quot;:&quot;1&quot;}\" data-image-title=\"puebla-a-un-paso-de-recibir-la-alerta-de-genero\" data-image-description=\"\" data-image-caption=\"\" data-medium-file=\"https:\/\/www.grieta.org.mx\/wp-content\/uploads\/2016\/06\/puebla-a-un-paso-de-recibir-la-alerta-de-genero-300x200.jpg\" data-large-file=\"https:\/\/www.grieta.org.mx\/wp-content\/uploads\/2016\/06\/puebla-a-un-paso-de-recibir-la-alerta-de-genero.jpg\" src=\"http:\/\/www.grieta.org.mx\/wp-content\/uploads\/2016\/06\/puebla-a-un-paso-de-recibir-la-alerta-de-genero.jpg\" alt=\"puebla-a-un-paso-de-recibir-la-alerta-de-genero\" width=\"600\" height=\"400\" class=\"aligncenter size-full wp-image-15233\" srcset=\"https:\/\/www.grieta.org.mx\/wp-content\/uploads\/2016\/06\/puebla-a-un-paso-de-recibir-la-alerta-de-genero.jpg 600w, https:\/\/www.grieta.org.mx\/wp-content\/uploads\/2016\/06\/puebla-a-un-paso-de-recibir-la-alerta-de-genero-300x200.jpg 300w\" sizes=\"auto, (max-width: 600px) 100vw, 600px\" \/><\/p>\n<p>Por Jorge Castillo<\/p>\n<p>Puebla est\u00e1 a un paso de recibir la alerta de g\u00e9nero tras una investigaci\u00f3n de la Comisi\u00f3n Nacional para Prevenir y Erradicar la Violencia contra las Mujeres (CONAVIM), que si encontr\u00f3 elementos de riesgo en la entidad.<\/p>\n<p>De acuerdo a Manuel Galv\u00e1n, integrante del Instituto Mexicano de Psicolog\u00eda Jur\u00eddica, la pr\u00f3xima semana se emitir\u00e1 las recomendaciones al gobierno del Estado.<\/p>\n<p>Entonces las autoridades poblanas tendr\u00e1n 15 d\u00edas para aceptar las recomendaciones y seis meses para llevarlas a cabo, en caso contrario el gobierno emitir\u00e1 la Alerta de G\u00e9nero.<\/p>\n<p>El especialista record\u00f3 que desde el pasado 9 de febrero, el organismo que representa solicit\u00f3 al CONAVIM la alerta de G\u00e9nero, luego de la ola de feminicidios en Puebla.<\/p>\n<p>Se\u00f1al\u00f3 que desde entonces la situaci\u00f3n ha empeorado, ya que desde esa fecha ya se han registrado por lo menos 19 muertes que pueden  estar catalogadas como feminicidios.<\/p>\n<p>Por lo tanto, indic\u00f3 que luego de la investigaci\u00f3n del organismo nacional se emitir\u00e1n las recomendaciones que estuvo investigando en Puebla por la situaci\u00f3n de violencia y as\u00ed promover la Alerta de G\u00e9nero.<\/p>\n<p>Es un equipo de trabajo que el gobierno federal constituye con investigadores de distintas \u00e1reas, por ejemplo hubo gente del CONAVI, del Instituto Nacional de las Mujeres, de la UDLAP, detall\u00f3.<\/p>\n<p>Explic\u00f3 que a partir de la investigaci\u00f3n a fondo, donde entrevistaron tanto a integrantes de organismos civiles, v\u00edctimas y hasta autoridades, emitir\u00e1n las recomendaciones al gobierno del Estado.<\/p>\n<p>Obviamente esto es contrario a lo que el gobierno ha declarado de que no hay ning\u00fan problema en torno a los feminicidios, dijo al se\u00f1alar que hay que esperar en qu\u00e9 sentido vienen las mismas.<\/p>\n<p>Generalmente las recomendaciones son aceptadas por los Estados, dijo al confiar que el gobierno tendr\u00e1 seis meses para realizar las acciones sugeridas de intervenci\u00f3n.<\/p>\n<p>Si en esos seis meses no se han realizado adecuadamente, el gobierno federal ya interviene emitiendo la Alerta de Violencia de G\u00e9nero, dijo Manuel Galv\u00e1n.<\/p>\n<p>Me informaron que el d\u00eda martes nos entregan las recomendaciones y luego al Gobierno del Estado, dijo.<\/p>\n<p>El fen\u00f3meno<\/p>\n<p>Detall\u00f3 Manuel Cer\u00f3n, que independientemente de las recomendaciones que se hagan, elInstituto Mexicano de Psicolog\u00eda Jur\u00eddica, tiene otras propuestas e iniciativas sobre el tema para frenar la violencia contra la mujer.<\/p>\n<p>Para nosotros el problema  de los homicidios en general de las mujeres, es en general un fen\u00f3meno social muy complejo y de mucha repercusi\u00f3n. Estamos hablando de cr\u00edmenes, dijo.<\/p>\n<p>Por lo tanto, se\u00f1al\u00f3 que tienen claro que desde el a\u00f1o pasado a la fecha se han registrado 30 muertes que posiblemente se constituyan en feminicidios.<\/p>\n<p>Lo alarmante, dijo, es que desde febrero cuando emitieron la solicitud, han ocurrido 19 casos de asesinatos de mujeres. Muy grav\u00edsimo,  esa situaci\u00f3n para nosotros es muy grave, coment\u00f3.<\/p>\n<p>Las acciones del gobierno Estatal que tendr\u00e1n que ver con las recomendaciones no se van a centrar en el aspecto preventivo, sino interventivo, es decir buscar\u00e1n acciones que ayuden, promuevan que la Fiscal\u00eda haga su labor, dijo.<\/p>\n<p>Por lo tanto, coment\u00f3 que como Instituto, est\u00e1n poniendo el \u00e9nfasis en la parte preventiva, ya asegur\u00f3 que para el gobierno estatal no es de su inter\u00e9s o preocupaci\u00f3n la prevenci\u00f3n.<\/p>\n<p>A\u00f1adi\u00f3 que debe haber un diagn\u00f3stico, ya que algunas de las muertes tienen que ver con que las mujeres estaban embarazadas y en funci\u00f3n de eso, los presuntos asesinos para no hacerse responsables recurrieron al crimen.<\/p>\n<p>Por lo tanto, pidi\u00f3 que solicitar\u00e1n al gobierno Estatal, investigar a fondo cada caso, con la idea de llegar a un diagn\u00f3stico m\u00e1s certero y formular as\u00ed aspectos preventivos.<\/p>\n<p>La investigaci\u00f3n ser\u00eda a nivel escuela, a nivel de la familia, a nivel de los medios de comunicaci\u00f3n, principalmente, dijo al se\u00f1alar que les interesa no solamente los motivos individuales de cada agresor, sino otros factores psicol\u00f3gicos como la misoginia.<\/p>\n<p>Obviamente nos interesa el apoyo del gobierno del estado a trav\u00e9s de la Fiscal\u00eda general, Derechos Humanos y de la reci\u00e9n creada fiscal\u00eda de atenci\u00f3n a los feminicidios, que tengan la apertura de abrir los expedientes, para que quienes nos dedicamos a la investigaci\u00f3n lleguemos a un diagn\u00f3stico lo m\u00e1s certero posible.<\/p>\n<p>Legislaci\u00f3n<\/p>\n<p>Adem\u00e1s el Instituto Mexicano de Psicolog\u00eda Jur\u00eddica, est\u00e1 abocado con las cuestiones jur\u00eddicas, ya que muchas de estas cuestiones de feminicidios tienen tintes pol\u00edticos.<\/p>\n<p>Queremos que todas las iniciativas y preocupaciones se lleven a nivel legislativo, es decir, que las distintas fracciones pol\u00edticas o partidistas hagan eco y pongan atenci\u00f3n en este fen\u00f3meno complejo, coment\u00f3.<\/p>\n<p>Es muy importante que los esfuerzos pol\u00edticos se vayan moviendo hacia los la creaci\u00f3n de leyes adecuadas tanto en el aspecto interventivo como en el preventivo, coment\u00f3.<\/p>\n<p>Explic\u00f3 que no tienen preferencias partidistas, pero est\u00e1n dispuestos a dialogar con las fracciones de cada grupo parlamentario para buscar las soluciones.<\/p>\n<p>Que es la alerta de g\u00e9nero<\/p>\n<p>La Alerta de Genero se trata de una serie de acciones que el Gobierno tendr\u00eda que realizar para hacer frente a la violencia cuando se vuelve exacerbada por feminicidios y violaci\u00f3n a los derechos de las mujeres.<\/p>\n<p>Son acciones emergentes que los Gobiernos deben de tomar, una vez que se ha determinado que existe una situaci\u00f3n de violencia que lo amerita y que hay que hacer m\u00e1s all\u00e1 de lo que actualmente se est\u00e1 haciendo.<\/p>\n<p>La \u00faltima declaraci\u00f3n de Alerta de G\u00e9nero ocurri\u00f3 en agosto pasado para ocho municipios del Estado de Morelos.<\/p>\n<p>En Morelos, durante los \u00faltimos 14 a\u00f1os, las organizaciones no gubernamentales han documentado 633 feminicidios,<\/p>\n<p><a href=\"http:\/\/intoleranciadiario.com\/detalle_noticia\/145200\/ciudad\/puebla-a-un-paso-de-recibir-la-alerta-de-genero\">http:\/\/intoleranciadiario.com\/detalle_noticia\/145200\/ciudad\/puebla-a-un-paso-de-recibir-la-alerta-de-genero<\/a><\/p>\n","protected":false},"excerpt":{"rendered":"<p>Por Jorge Castillo Puebla est\u00e1 a un paso de recibir la alerta de g\u00e9nero tras una investigaci\u00f3n de la Comisi\u00f3n Nacional para Prevenir y Erradicar la Violencia contra las Mujeres &hellip; <a href=\"https:\/\/www.grieta.org.mx\/index.php\/2016\/06\/23\/puebla-a-un-paso-de-recibir-la-alerta-de-genero\/\" class=\"more-link\">Leer m\u00e1s<\/a><\/p>\n","protected":false},"author":2,"featured_media":15233,"comment_status":"closed","ping_status":"closed","sticky":false,"template":"","format":"standard","meta":{"ngg_post_thumbnail":0,"_jetpack_newsletter_access":"","_jetpack_dont_email_post_to_subs":false,"_jetpack_newsletter_tier_id":0,"_jetpack_memberships_contains_paywalled_content":false,"_jetpack_memberships_contains_paid_content":false,"footnotes":""},"categories":[80,1244,2,26,83],"tags":[753],"class_list":["post-15231","post","type-post","status-publish","format-standard","has-post-thumbnail","hentry","category-cintillo","category-feminicidios-en-puebla","category-noticias-nacionales","category-puebla","category-temas-nacionales","tag-feminicidio","entry"],"jetpack_featured_media_url":"https:\/\/www.grieta.org.mx\/wp-content\/uploads\/2016\/06\/puebla-a-un-paso-de-recibir-la-alerta-de-genero.jpg","jetpack_sharing_enabled":true,"jetpack_shortlink":"https:\/\/wp.me\/p7ZJR4-3XF","jetpack_likes_enabled":false,"jetpack-related-posts":[{"id":1494,"url":"https:\/\/www.grieta.org.mx\/index.php\/2016\/09\/04\/feminicidios-en-puebla\/","url_meta":{"origin":15231,"position":0},"title":"Feminicidios en Puebla","author":"grieta","date":"4 septiembre, 2016","format":false,"excerpt":"04\/09\/16. Omisi\u00f3n de personal de Salud es factor en el aumento de muertes de mujeres (Puebla) Lado B 04\/07\/16. Asesinatos contra mujeres: de 2009 a marzo de 2016 se perpetraron 527 (Puebla) La Jornada de Oriente 23\/06\/16. Feminicidios: foco rojo de Puebla Digitall Post 23\/06\/16. Puebla a un paso de\u2026","rel":"","context":"En &quot;Feminicidios&quot;","block_context":{"text":"Feminicidios","link":"https:\/\/www.grieta.org.mx\/index.php\/category\/temas-nacionales\/feminicidios\/"},"img":{"alt_text":"","src":"https:\/\/i0.wp.com\/www.grieta.org.mx\/wp-content\/uploads\/2018\/03\/14524434_1106112876131411_958039263622046936_o.jpg?resize=350%2C200&ssl=1","width":350,"height":200,"srcset":"https:\/\/i0.wp.com\/www.grieta.org.mx\/wp-content\/uploads\/2018\/03\/14524434_1106112876131411_958039263622046936_o.jpg?resize=350%2C200&ssl=1 1x, https:\/\/i0.wp.com\/www.grieta.org.mx\/wp-content\/uploads\/2018\/03\/14524434_1106112876131411_958039263622046936_o.jpg?resize=525%2C300&ssl=1 1.5x, https:\/\/i0.wp.com\/www.grieta.org.mx\/wp-content\/uploads\/2018\/03\/14524434_1106112876131411_958039263622046936_o.jpg?resize=700%2C400&ssl=1 2x"},"classes":[]},{"id":26297,"url":"https:\/\/www.grieta.org.mx\/index.php\/2018\/09\/04\/276-desaparecidas-durante-2017-no-ha-merecido-alerta-de-genero-en-el-pequeno-estado-de-puebla\/","url_meta":{"origin":15231,"position":1},"title":"276 desaparecidas durante 2017 no ha merecido Alerta de G\u00e9nero en el peque\u00f1o estado de Puebla","author":"grieta","date":"4 septiembre, 2018","format":false,"excerpt":"Puebla acumula desapariciones de mujeres y feminicidios a\u00fan as\u00ed no se decreta la Alerta de G\u00e9nero. Entre 2016 y 2017, una solicitud de la medida contra la violencia ya fue rechazada y otra \u2013que agrupa tres peticiones\u2013 est\u00e1 en tr\u00e1mite. Grupos civiles promoventes ya impugnaron la negativa de la primera\u2026","rel":"","context":"En &quot;CINTILLO&quot;","block_context":{"text":"CINTILLO","link":"https:\/\/www.grieta.org.mx\/index.php\/category\/cintillo\/"},"img":{"alt_text":"","src":"https:\/\/i0.wp.com\/www.grieta.org.mx\/wp-content\/uploads\/2018\/09\/violencia-mujeres-puebla.jpg?resize=350%2C200&ssl=1","width":350,"height":200,"srcset":"https:\/\/i0.wp.com\/www.grieta.org.mx\/wp-content\/uploads\/2018\/09\/violencia-mujeres-puebla.jpg?resize=350%2C200&ssl=1 1x, https:\/\/i0.wp.com\/www.grieta.org.mx\/wp-content\/uploads\/2018\/09\/violencia-mujeres-puebla.jpg?resize=525%2C300&ssl=1 1.5x, https:\/\/i0.wp.com\/www.grieta.org.mx\/wp-content\/uploads\/2018\/09\/violencia-mujeres-puebla.jpg?resize=700%2C400&ssl=1 2x"},"classes":[]},{"id":16442,"url":"https:\/\/www.grieta.org.mx\/index.php\/2016\/07\/04\/asesinatos-contra-mujeres-de-2009-a-marzo-de-2016-se-perpetraron-527-puebla\/","url_meta":{"origin":15231,"position":2},"title":"Asesinatos contra mujeres: de 2009 a marzo de 2016 se perpetraron 527 (Puebla)","author":"grieta","date":"4 julio, 2016","format":false,"excerpt":"Por Yadira Llaven Anzures Del 2009 a marzo de 2016 han ocurrido en Puebla 527 asesinatos contra mujeres, de los cuales el gobierno de Rafael Moreno Valle Rosas reconoce 84 casos como feminicidios, de acuerdo con la informaci\u00f3n que report\u00f3 la autoridad a la Comisi\u00f3n Nacional para Prevenir y Erradicar\u2026","rel":"","context":"En &quot;CINTILLO&quot;","block_context":{"text":"CINTILLO","link":"https:\/\/www.grieta.org.mx\/index.php\/category\/cintillo\/"},"img":{"alt_text":"","src":"https:\/\/i0.wp.com\/www.grieta.org.mx\/wp-content\/uploads\/2016\/08\/5130-extra-02a.jpg?resize=350%2C200&ssl=1","width":350,"height":200,"srcset":"https:\/\/i0.wp.com\/www.grieta.org.mx\/wp-content\/uploads\/2016\/08\/5130-extra-02a.jpg?resize=350%2C200&ssl=1 1x, https:\/\/i0.wp.com\/www.grieta.org.mx\/wp-content\/uploads\/2016\/08\/5130-extra-02a.jpg?resize=525%2C300&ssl=1 1.5x"},"classes":[]},{"id":12803,"url":"https:\/\/www.grieta.org.mx\/index.php\/2016\/04\/17\/haran-observaciones-a-resolucion-de-conavim\/","url_meta":{"origin":15231,"position":3},"title":"Har\u00e1n observaciones a resoluci\u00f3n de Conavim","author":"grieta","date":"17 abril, 2016","format":false,"excerpt":"Diego Rodr\u00edguez\/AM Quer\u00e9taro De no ser activada la alerta de g\u00e9nero en los pr\u00f3ximos meses, podr\u00edan acercarse con otras autoridades y organizaciones nacionales e internacionales, en busca de que se aplique la Alerta de G\u00e9nero Activistas locales eval\u00faan las ocho recomendaciones que la Comisi\u00f3n Nacional para Prevenir y Erradicar la\u2026","rel":"","context":"En &quot;CINTILLO&quot;","block_context":{"text":"CINTILLO","link":"https:\/\/www.grieta.org.mx\/index.php\/category\/cintillo\/"},"img":{"alt_text":"","src":"https:\/\/i0.wp.com\/www.grieta.org.mx\/wp-content\/uploads\/2018\/03\/14524434_1106112876131411_958039263622046936_o.jpg?resize=350%2C200&ssl=1","width":350,"height":200,"srcset":"https:\/\/i0.wp.com\/www.grieta.org.mx\/wp-content\/uploads\/2018\/03\/14524434_1106112876131411_958039263622046936_o.jpg?resize=350%2C200&ssl=1 1x, https:\/\/i0.wp.com\/www.grieta.org.mx\/wp-content\/uploads\/2018\/03\/14524434_1106112876131411_958039263622046936_o.jpg?resize=525%2C300&ssl=1 1.5x, https:\/\/i0.wp.com\/www.grieta.org.mx\/wp-content\/uploads\/2018\/03\/14524434_1106112876131411_958039263622046936_o.jpg?resize=700%2C400&ssl=1 2x"},"classes":[]},{"id":1538,"url":"https:\/\/www.grieta.org.mx\/index.php\/2015\/12\/29\/faltan-voluntad-e-informacion-para-alerta-de-genero-en-puebla-ongs\/","url_meta":{"origin":15231,"position":4},"title":"Faltan voluntad e informaci\u00f3n para alerta de g\u00e9nero en Puebla: ONGs","author":"grieta","date":"29 diciembre, 2015","format":false,"excerpt":"diciembre 29, 2015 Samantha P\u00e1ez, Puebla Organizaciones civiles se\u00f1alaron que aunque la alerta de g\u00e9nero es necesaria en Puebla, era previsible que la Comisi\u00f3n de Derechos Humanos (CDH) Puebla no la solicitara debido la actitud que en ocasiones anteriores mostr\u00f3 ante la violencia de g\u00e9nero y a la falta de\u2026","rel":"","context":"En &quot;CINTILLO&quot;","block_context":{"text":"CINTILLO","link":"https:\/\/www.grieta.org.mx\/index.php\/category\/cintillo\/"},"img":{"alt_text":"","src":"https:\/\/i0.wp.com\/www.grieta.org.mx\/wp-content\/uploads\/2018\/03\/14524434_1106112876131411_958039263622046936_o.jpg?resize=350%2C200&ssl=1","width":350,"height":200,"srcset":"https:\/\/i0.wp.com\/www.grieta.org.mx\/wp-content\/uploads\/2018\/03\/14524434_1106112876131411_958039263622046936_o.jpg?resize=350%2C200&ssl=1 1x, https:\/\/i0.wp.com\/www.grieta.org.mx\/wp-content\/uploads\/2018\/03\/14524434_1106112876131411_958039263622046936_o.jpg?resize=525%2C300&ssl=1 1.5x, https:\/\/i0.wp.com\/www.grieta.org.mx\/wp-content\/uploads\/2018\/03\/14524434_1106112876131411_958039263622046936_o.jpg?resize=700%2C400&ssl=1 2x"},"classes":[]},{"id":15137,"url":"https:\/\/www.grieta.org.mx\/index.php\/2016\/06\/23\/feminicidios-foco-rojo-de-puebla\/","url_meta":{"origin":15231,"position":5},"title":"Feminicidios: foco rojo de Puebla","author":"grieta","date":"23 junio, 2016","format":false,"excerpt":"PUEBLA, PUEBLA.- El feminicidio va en aumento en Puebla. A la fecha, son ya 44 los hechos y la cifra ya rebasa los 37 asesinatos de mujeres que se registraron en todo el 2015. Esto, pese a que el estado en los \u00faltimos meses, el gobierno ha lanzado una campa\u00f1a\u2026","rel":"","context":"En &quot;CINTILLO&quot;","block_context":{"text":"CINTILLO","link":"https:\/\/www.grieta.org.mx\/index.php\/category\/cintillo\/"},"img":{"alt_text":"","src":"https:\/\/i0.wp.com\/www.grieta.org.mx\/wp-content\/uploads\/2016\/06\/digitallpost_feminiciosmexico-1024x683.jpg?resize=350%2C200&ssl=1","width":350,"height":200,"srcset":"https:\/\/i0.wp.com\/www.grieta.org.mx\/wp-content\/uploads\/2016\/06\/digitallpost_feminiciosmexico-1024x683.jpg?resize=350%2C200&ssl=1 1x, https:\/\/i0.wp.com\/www.grieta.org.mx\/wp-content\/uploads\/2016\/06\/digitallpost_feminiciosmexico-1024x683.jpg?resize=525%2C300&ssl=1 1.5x, https:\/\/i0.wp.com\/www.grieta.org.mx\/wp-content\/uploads\/2016\/06\/digitallpost_feminiciosmexico-1024x683.jpg?resize=700%2C400&ssl=1 2x"},"classes":[]}],"_links":{"self":[{"href":"https:\/\/www.grieta.org.mx\/index.php\/wp-json\/wp\/v2\/posts\/15231","targetHints":{"allow":["GET"]}}],"collection":[{"href":"https:\/\/www.grieta.org.mx\/index.php\/wp-json\/wp\/v2\/posts"}],"about":[{"href":"https:\/\/www.grieta.org.mx\/index.php\/wp-json\/wp\/v2\/types\/post"}],"author":[{"embeddable":true,"href":"https:\/\/www.grieta.org.mx\/index.php\/wp-json\/wp\/v2\/users\/2"}],"replies":[{"embeddable":true,"href":"https:\/\/www.grieta.org.mx\/index.php\/wp-json\/wp\/v2\/comments?post=15231"}],"version-history":[{"count":1,"href":"https:\/\/www.grieta.org.mx\/index.php\/wp-json\/wp\/v2\/posts\/15231\/revisions"}],"predecessor-version":[{"id":15234,"href":"https:\/\/www.grieta.org.mx\/index.php\/wp-json\/wp\/v2\/posts\/15231\/revisions\/15234"}],"wp:featuredmedia":[{"embeddable":true,"href":"https:\/\/www.grieta.org.mx\/index.php\/wp-json\/wp\/v2\/media\/15233"}],"wp:attachment":[{"href":"https:\/\/www.grieta.org.mx\/index.php\/wp-json\/wp\/v2\/media?parent=15231"}],"wp:term":[{"taxonomy":"category","embeddable":true,"href":"https:\/\/www.grieta.org.mx\/index.php\/wp-json\/wp\/v2\/categories?post=15231"},{"taxonomy":"post_tag","embeddable":true,"href":"https:\/\/www.grieta.org.mx\/index.php\/wp-json\/wp\/v2\/tags?post=15231"}],"curies":[{"name":"wp","href":"https:\/\/api.w.org\/{rel}","templated":true}]}}