{"id":15162,"date":"2016-06-22T00:52:28","date_gmt":"2016-06-22T00:52:28","guid":{"rendered":"http:\/\/www.grieta.org.mx\/?p=15162"},"modified":"2018-07-08T17:59:21","modified_gmt":"2018-07-08T22:59:21","slug":"cerca-de-dos-mil-medicos-y-enfermeras-protestaron-en-puebla","status":"publish","type":"post","link":"https:\/\/www.grieta.org.mx\/index.php\/2016\/06\/22\/cerca-de-dos-mil-medicos-y-enfermeras-protestaron-en-puebla\/","title":{"rendered":"Cerca de dos mil m\u00e9dicos y enfermeras protestaron en Puebla"},"content":{"rendered":"<p><img loading=\"lazy\" decoding=\"async\" data-attachment-id=\"15163\" data-permalink=\"https:\/\/www.grieta.org.mx\/index.php\/2016\/06\/22\/cerca-de-dos-mil-medicos-y-enfermeras-protestaron-en-puebla\/w704-22\/\" data-orig-file=\"https:\/\/www.grieta.org.mx\/wp-content\/uploads\/2016\/06\/w704-11.jpg\" data-orig-size=\"651,400\" data-comments-opened=\"0\" data-image-meta=\"{&quot;aperture&quot;:&quot;0&quot;,&quot;credit&quot;:&quot;&quot;,&quot;camera&quot;:&quot;&quot;,&quot;caption&quot;:&quot;&quot;,&quot;created_timestamp&quot;:&quot;0&quot;,&quot;copyright&quot;:&quot;&quot;,&quot;focal_length&quot;:&quot;0&quot;,&quot;iso&quot;:&quot;0&quot;,&quot;shutter_speed&quot;:&quot;0&quot;,&quot;title&quot;:&quot;&quot;,&quot;orientation&quot;:&quot;0&quot;}\" data-image-title=\"w704\" data-image-description=\"\" data-image-caption=\"\" data-medium-file=\"https:\/\/www.grieta.org.mx\/wp-content\/uploads\/2016\/06\/w704-11-300x184.jpg\" data-large-file=\"https:\/\/www.grieta.org.mx\/wp-content\/uploads\/2016\/06\/w704-11.jpg\" src=\"http:\/\/www.grieta.org.mx\/wp-content\/uploads\/2016\/06\/w704-11.jpg\" alt=\"w704\" width=\"651\" height=\"400\" class=\"aligncenter size-full wp-image-15163\" srcset=\"https:\/\/www.grieta.org.mx\/wp-content\/uploads\/2016\/06\/w704-11.jpg 651w, https:\/\/www.grieta.org.mx\/wp-content\/uploads\/2016\/06\/w704-11-300x184.jpg 300w\" sizes=\"auto, (max-width: 651px) 100vw, 651px\" \/><\/p>\n<p>Por Edgar \u00c1vila <\/p>\n<p>M\u00e9dicos y enfermeras, con el apoyo de estudiantes universitarios afines, marcharon por el centro de la ciudad de Puebla para sumarse a la jornada nacional de protesta.<\/p>\n<p>Cerca de dos mil personas encabezaron la manifestaci\u00f3n que inicio en dos puntos de la ciudad, la primera de ellas del \u00e1rea de la salud de la Benem\u00e9rita Universidad Popular Aut\u00f3noma de Puebla (BUAP) y la segunda del hospital general del IMSS.<br \/>\nLos inconformes se unieron en el z\u00f3calo de la ciudad donde hicieron suya la negativa de la universalizaci\u00f3n de los servicios de salud en tanto no exista cobertura universal para exigir mejoras en las condiciones de trabajo de todo el personal m\u00e9dico en formaci\u00f3n y seguridad garantizada; no a la criminalizaci\u00f3n del personal de salud; y a la certeza de las condiciones laborales, infraestructura, equipamiento para la salud.<br \/>\nEn las marchas y concentraci\u00f3n participaron empleados de instituciones p\u00fablicas y privadas tanto estatales como federales, entre ellas IMSS, ISSSTEP, ISSTE, SSA y del Hospital Universitario.<\/p>\n<p><a href=\"http:\/\/www.eluniversal.com.mx\/articulo\/estados\/2016\/06\/22\/cerca-de-dos-mil-medicos-y-enfermeras-protestaron-en-puebla\">http:\/\/www.eluniversal.com.mx\/articulo\/estados\/2016\/06\/22\/cerca-de-dos-mil-medicos-y-enfermeras-protestaron-en-puebla<\/a><\/p>\n","protected":false},"excerpt":{"rendered":"<p>Por Edgar \u00c1vila M\u00e9dicos y enfermeras, con el apoyo de estudiantes universitarios afines, marcharon por el centro de la ciudad de Puebla para sumarse a la jornada nacional de protesta. &hellip; <a href=\"https:\/\/www.grieta.org.mx\/index.php\/2016\/06\/22\/cerca-de-dos-mil-medicos-y-enfermeras-protestaron-en-puebla\/\" class=\"more-link\">Leer m\u00e1s<\/a><\/p>\n","protected":false},"author":2,"featured_media":15163,"comment_status":"closed","ping_status":"closed","sticky":false,"template":"","format":"standard","meta":{"ngg_post_thumbnail":0,"_jetpack_newsletter_access":"","_jetpack_dont_email_post_to_subs":false,"_jetpack_newsletter_tier_id":0,"_jetpack_memberships_contains_paywalled_content":false,"_jetpack_memberships_contains_paid_content":false,"footnotes":""},"categories":[80,1247,2,26],"tags":[747],"class_list":["post-15162","post","type-post","status-publish","format-standard","has-post-thumbnail","hentry","category-cintillo","category-movilizaciones-contra-reforma-al-sector-y-privatizacion-de-la-salud-en-puebla","category-noticias-nacionales","category-puebla","tag-movilizaciones-medicos","entry"],"jetpack_featured_media_url":"https:\/\/www.grieta.org.mx\/wp-content\/uploads\/2016\/06\/w704-11.jpg","jetpack_sharing_enabled":true,"jetpack_shortlink":"https:\/\/wp.me\/p7ZJR4-3Wy","jetpack_likes_enabled":false,"jetpack-related-posts":[{"id":47434,"url":"https:\/\/www.grieta.org.mx\/index.php\/2020\/03\/23\/trabajadores-del-sector-salud-protestan-en-puebla-y-veracruz\/","url_meta":{"origin":15162,"position":0},"title":"Trabajadores del sector salud protestan en Puebla y Veracruz","author":"Admin","date":"23 marzo, 2020","format":false,"excerpt":"Edgar \u00c1vila \/ El Universal En dos estados trabajadores del sector salud se manifiestan en el marco de la epidemia de coronavirus o Covid-19.Protestan en Puebla Trabajadores del sector salud de Puebla se manifestaron en distintos hospitales y cl\u00ednicas para exigir medidas adecuadas para enfrentar la pandemia del coronavirus. En\u2026","rel":"","context":"En &quot;CINTILLO&quot;","block_context":{"text":"CINTILLO","link":"https:\/\/www.grieta.org.mx\/index.php\/category\/cintillo\/"},"img":{"alt_text":"","src":"https:\/\/i0.wp.com\/www.grieta.org.mx\/wp-content\/uploads\/2020\/04\/Captura-de-pantalla-2020-04-08-a-las-10.55.53-a.m..png?resize=350%2C200&ssl=1","width":350,"height":200,"srcset":"https:\/\/i0.wp.com\/www.grieta.org.mx\/wp-content\/uploads\/2020\/04\/Captura-de-pantalla-2020-04-08-a-las-10.55.53-a.m..png?resize=350%2C200&ssl=1 1x, https:\/\/i0.wp.com\/www.grieta.org.mx\/wp-content\/uploads\/2020\/04\/Captura-de-pantalla-2020-04-08-a-las-10.55.53-a.m..png?resize=525%2C300&ssl=1 1.5x"},"classes":[]},{"id":56824,"url":"https:\/\/www.grieta.org.mx\/index.php\/2021\/01\/29\/soy-trabajador-del-imss-puebla-y-no-me-han-vacunado\/","url_meta":{"origin":15162,"position":1},"title":"&#8220;Soy trabajador del IMSS-Puebla y no me han vacunado&#8221;","author":"Admin","date":"29 enero, 2021","format":false,"excerpt":"Gabriela Hern\u00e1ndez \/ Proceso PUEBLA, Pue. (apro).- Trabajadores del Hospital de Traumatolog\u00eda y Ortopedia de esta capital, as\u00ed como de las cl\u00ednicas 9 y 30 de Tehuac\u00e1n, pertenecientes al Instituto Mexicano del Seguro Social (IMSS), realizaron hoy una manifestaci\u00f3n virtual porque no fueron incluidos en la primera fase de vacunaci\u00f3n\u2026","rel":"","context":"En &quot;CINTILLO&quot;","block_context":{"text":"CINTILLO","link":"https:\/\/www.grieta.org.mx\/index.php\/category\/cintillo\/"},"img":{"alt_text":"","src":"https:\/\/i0.wp.com\/www.grieta.org.mx\/wp-content\/uploads\/2021\/02\/f800x450-129272_180718_5050.jpg?resize=350%2C200&ssl=1","width":350,"height":200,"srcset":"https:\/\/i0.wp.com\/www.grieta.org.mx\/wp-content\/uploads\/2021\/02\/f800x450-129272_180718_5050.jpg?resize=350%2C200&ssl=1 1x, https:\/\/i0.wp.com\/www.grieta.org.mx\/wp-content\/uploads\/2021\/02\/f800x450-129272_180718_5050.jpg?resize=525%2C300&ssl=1 1.5x, https:\/\/i0.wp.com\/www.grieta.org.mx\/wp-content\/uploads\/2021\/02\/f800x450-129272_180718_5050.jpg?resize=700%2C400&ssl=1 2x"},"classes":[]},{"id":15132,"url":"https:\/\/www.grieta.org.mx\/index.php\/2016\/06\/24\/respaldan-medicos-de-tehuacan-protestas-de-homologos-en-puebla\/","url_meta":{"origin":15162,"position":2},"title":"Respaldan m\u00e9dicos de Tehuac\u00e1n protestas de hom\u00f3logos en Puebla","author":"grieta","date":"24 junio, 2016","format":false,"excerpt":"Por Enrique Hern\u00e1ndez Tehuac\u00e1n, Pue.- La Sociedad M\u00e9dica de Tehuac\u00e1n manifest\u00f3 apoyo a sus hom\u00f3logos en Puebla, quienes esta semana realizaron una marcha en la capital del Estado para exigir mejores condiciones laborales, inform\u00f3 el presidente del gremio, Jos\u00e9 Antonio Ponce de la Fuente. Coincidi\u00f3 en que es necesario concientizar\u2026","rel":"","context":"En &quot;CINTILLO&quot;","block_context":{"text":"CINTILLO","link":"https:\/\/www.grieta.org.mx\/index.php\/category\/cintillo\/"},"img":{"alt_text":"","src":"https:\/\/i0.wp.com\/www.grieta.org.mx\/wp-content\/uploads\/2016\/06\/medicos-tehuacan.jpg?resize=350%2C200&ssl=1","width":350,"height":200,"srcset":"https:\/\/i0.wp.com\/www.grieta.org.mx\/wp-content\/uploads\/2016\/06\/medicos-tehuacan.jpg?resize=350%2C200&ssl=1 1x, https:\/\/i0.wp.com\/www.grieta.org.mx\/wp-content\/uploads\/2016\/06\/medicos-tehuacan.jpg?resize=525%2C300&ssl=1 1.5x"},"classes":[]},{"id":47620,"url":"https:\/\/www.grieta.org.mx\/index.php\/2020\/04\/03\/se-manifiestan-medicos-y-enfermeras-en-la-clinica-1-del-imss-pachuca-hidalgo\/","url_meta":{"origin":15162,"position":3},"title":"Se manifiestan m\u00e9dicos y enfermeras en la cl\u00ednica 1 del IMSS Pachuca (Hidalgo)","author":"Admin","date":"3 abril, 2020","format":false,"excerpt":"Redacci\u00f3n \/ Criterio Hidalgo Personal m\u00e9dico adscrito al Instituto Mexicano del Seguro Social (IMSS) Hidalgo demandaron a las autoridades suministrar material de protecci\u00f3n necesario y suficiente para hacer frente a la pandemia por coronavirus (Covid-19) en el estado. Ataviados con su habitual bata blanca, m\u00e9dicos y enfermeras demandaron los insumos\u2026","rel":"","context":"En &quot;CINTILLO&quot;","block_context":{"text":"CINTILLO","link":"https:\/\/www.grieta.org.mx\/index.php\/category\/cintillo\/"},"img":{"alt_text":"","src":"https:\/\/i0.wp.com\/www.grieta.org.mx\/wp-content\/uploads\/2020\/04\/Captura-de-pantalla-2020-04-10-a-las-1.23.27-a.m..png?resize=350%2C200&ssl=1","width":350,"height":200,"srcset":"https:\/\/i0.wp.com\/www.grieta.org.mx\/wp-content\/uploads\/2020\/04\/Captura-de-pantalla-2020-04-10-a-las-1.23.27-a.m..png?resize=350%2C200&ssl=1 1x, https:\/\/i0.wp.com\/www.grieta.org.mx\/wp-content\/uploads\/2020\/04\/Captura-de-pantalla-2020-04-10-a-las-1.23.27-a.m..png?resize=525%2C300&ssl=1 1.5x"},"classes":[]},{"id":36789,"url":"https:\/\/www.grieta.org.mx\/index.php\/2019\/07\/17\/despide-imss-a-741-medicos-y-enfermeras\/","url_meta":{"origin":15162,"position":4},"title":"Despide IMSS a 741 m\u00e9dicos y enfermeras","author":"Admin","date":"17 julio, 2019","format":false,"excerpt":"Redacci\u00f3n \/ Reforma Ciudad de M\u00e9xico\u2014 El Seguro Social prescindi\u00f3 de 741 trabajadores del \u00e1rea m\u00e9dica, 371 m\u00e9dicos y 370 enfermeras, que laboraban bajo el r\u00e9gimen de honorarios en Unidades M\u00e9dicas Urbanas del programa IMSS Bienestar. Este personal de salud ya no fue recontratado debido a que, por la desaparici\u00f3n\u2026","rel":"","context":"En &quot;CINTILLO&quot;","block_context":{"text":"CINTILLO","link":"https:\/\/www.grieta.org.mx\/index.php\/category\/cintillo\/"},"img":{"alt_text":"","src":"https:\/\/i0.wp.com\/www.grieta.org.mx\/wp-content\/uploads\/2019\/07\/20190617030033372-0-1528651.jpg?resize=350%2C200&ssl=1","width":350,"height":200,"srcset":"https:\/\/i0.wp.com\/www.grieta.org.mx\/wp-content\/uploads\/2019\/07\/20190617030033372-0-1528651.jpg?resize=350%2C200&ssl=1 1x, https:\/\/i0.wp.com\/www.grieta.org.mx\/wp-content\/uploads\/2019\/07\/20190617030033372-0-1528651.jpg?resize=525%2C300&ssl=1 1.5x, https:\/\/i0.wp.com\/www.grieta.org.mx\/wp-content\/uploads\/2019\/07\/20190617030033372-0-1528651.jpg?resize=700%2C400&ssl=1 2x"},"classes":[]},{"id":50077,"url":"https:\/\/www.grieta.org.mx\/index.php\/2020\/05\/19\/trabajadores-de-la-salud-uno-de-cada-cinco-contagiados-por-covid-19-en-puebla\/","url_meta":{"origin":15162,"position":5},"title":"Trabajadores de la salud, uno de cada cinco contagiados por covid-19 en Puebla","author":"Admin","date":"19 mayo, 2020","format":false,"excerpt":"Gabriela Hern\u00e1ndez \/ Proceso PUEBLA, Pue. (apro).- Uno de cada cinco contagios registrados en Puebla por covid-19 es de trabajadores del sector salud, report\u00f3 Fernando Huerta Romano, subsecretario de Vigilancia Epidemiol\u00f3gica. El funcionario indic\u00f3 que 18% del total de los mil 474 casos positivos registrados al 18 de mayo en\u2026","rel":"","context":"En &quot;CINTILLO&quot;","block_context":{"text":"CINTILLO","link":"https:\/\/www.grieta.org.mx\/index.php\/category\/cintillo\/"},"img":{"alt_text":"","src":"https:\/\/i0.wp.com\/www.grieta.org.mx\/wp-content\/uploads\/2020\/05\/puebla-870x522.jpg?resize=350%2C200&ssl=1","width":350,"height":200,"srcset":"https:\/\/i0.wp.com\/www.grieta.org.mx\/wp-content\/uploads\/2020\/05\/puebla-870x522.jpg?resize=350%2C200&ssl=1 1x, https:\/\/i0.wp.com\/www.grieta.org.mx\/wp-content\/uploads\/2020\/05\/puebla-870x522.jpg?resize=525%2C300&ssl=1 1.5x, https:\/\/i0.wp.com\/www.grieta.org.mx\/wp-content\/uploads\/2020\/05\/puebla-870x522.jpg?resize=700%2C400&ssl=1 2x"},"classes":[]}],"_links":{"self":[{"href":"https:\/\/www.grieta.org.mx\/index.php\/wp-json\/wp\/v2\/posts\/15162","targetHints":{"allow":["GET"]}}],"collection":[{"href":"https:\/\/www.grieta.org.mx\/index.php\/wp-json\/wp\/v2\/posts"}],"about":[{"href":"https:\/\/www.grieta.org.mx\/index.php\/wp-json\/wp\/v2\/types\/post"}],"author":[{"embeddable":true,"href":"https:\/\/www.grieta.org.mx\/index.php\/wp-json\/wp\/v2\/users\/2"}],"replies":[{"embeddable":true,"href":"https:\/\/www.grieta.org.mx\/index.php\/wp-json\/wp\/v2\/comments?post=15162"}],"version-history":[{"count":1,"href":"https:\/\/www.grieta.org.mx\/index.php\/wp-json\/wp\/v2\/posts\/15162\/revisions"}],"predecessor-version":[{"id":15164,"href":"https:\/\/www.grieta.org.mx\/index.php\/wp-json\/wp\/v2\/posts\/15162\/revisions\/15164"}],"wp:featuredmedia":[{"embeddable":true,"href":"https:\/\/www.grieta.org.mx\/index.php\/wp-json\/wp\/v2\/media\/15163"}],"wp:attachment":[{"href":"https:\/\/www.grieta.org.mx\/index.php\/wp-json\/wp\/v2\/media?parent=15162"}],"wp:term":[{"taxonomy":"category","embeddable":true,"href":"https:\/\/www.grieta.org.mx\/index.php\/wp-json\/wp\/v2\/categories?post=15162"},{"taxonomy":"post_tag","embeddable":true,"href":"https:\/\/www.grieta.org.mx\/index.php\/wp-json\/wp\/v2\/tags?post=15162"}],"curies":[{"name":"wp","href":"https:\/\/api.w.org\/{rel}","templated":true}]}}