{"id":15157,"date":"2016-06-22T00:46:36","date_gmt":"2016-06-22T00:46:36","guid":{"rendered":"http:\/\/www.grieta.org.mx\/?p=15157"},"modified":"2016-06-27T00:50:14","modified_gmt":"2016-06-27T00:50:14","slug":"campesinos-poblanos-denuncian-deforestacion-de-la-malinche","status":"publish","type":"post","link":"https:\/\/www.grieta.org.mx\/index.php\/2016\/06\/22\/campesinos-poblanos-denuncian-deforestacion-de-la-malinche\/","title":{"rendered":"Campesinos poblanos denuncian deforestaci\u00f3n de La Malinche"},"content":{"rendered":"<p><strong>22\/06\/16. <\/strong><a href=\"http:\/\/www.grieta.org.mx\/index.php\/2016\/06\/22\/la-malinche-deforestada-60-en-puebla-dicen-campesinos-de-canoa\/\">La Malinche: deforestada 60% en Puebla, dicen campesinos de Canoa<\/a><br \/>\n<em>La Jornada de Oriente<\/em><\/p>\n","protected":false},"excerpt":{"rendered":"<p>22\/06\/16. La Malinche: deforestada 60% en Puebla, dicen campesinos de Canoa La Jornada de Oriente<\/p>\n","protected":false},"author":2,"featured_media":21928,"comment_status":"closed","ping_status":"closed","sticky":false,"template":"","format":"standard","meta":{"ngg_post_thumbnail":0,"_jetpack_newsletter_access":"","_jetpack_dont_email_post_to_subs":false,"_jetpack_newsletter_tier_id":0,"_jetpack_memberships_contains_paywalled_content":false,"_jetpack_memberships_contains_paid_content":false,"footnotes":""},"categories":[2,26],"tags":[],"class_list":["post-15157","post","type-post","status-publish","format-standard","has-post-thumbnail","hentry","category-noticias-nacionales","category-puebla","entry"],"jetpack_featured_media_url":"https:\/\/www.grieta.org.mx\/wp-content\/uploads\/2018\/03\/14524434_1106112876131411_958039263622046936_o.jpg","jetpack_sharing_enabled":true,"jetpack_shortlink":"https:\/\/wp.me\/p7ZJR4-3Wt","jetpack_likes_enabled":false,"jetpack-related-posts":[{"id":15151,"url":"https:\/\/www.grieta.org.mx\/index.php\/2016\/06\/22\/la-malinche-deforestada-60-en-puebla-dicen-campesinos-de-canoa\/","url_meta":{"origin":15157,"position":0},"title":"La Malinche: deforestada 60% en Puebla, dicen campesinos de Canoa","author":"grieta","date":"22 junio, 2016","format":false,"excerpt":"Por Yadira Llaven Anzures Campesinos de la comunidad de San Miguel Canoa denunciaron que est\u00e1 en riesgo de convertirse en una zona \u00e1rida el volc\u00e1n La Malintzin o La Malinche, en la parte que le pertenece al estado de Puebla, debido a que presenta una deforestaci\u00f3n por arriba del 60\u2026","rel":"","context":"En &quot;CINTILLO&quot;","block_context":{"text":"CINTILLO","link":"https:\/\/www.grieta.org.mx\/index.php\/category\/cintillo\/"},"img":{"alt_text":"","src":"https:\/\/i0.wp.com\/www.grieta.org.mx\/wp-content\/uploads\/2018\/03\/14524434_1106112876131411_958039263622046936_o.jpg?resize=350%2C200&ssl=1","width":350,"height":200,"srcset":"https:\/\/i0.wp.com\/www.grieta.org.mx\/wp-content\/uploads\/2018\/03\/14524434_1106112876131411_958039263622046936_o.jpg?resize=350%2C200&ssl=1 1x, https:\/\/i0.wp.com\/www.grieta.org.mx\/wp-content\/uploads\/2018\/03\/14524434_1106112876131411_958039263622046936_o.jpg?resize=525%2C300&ssl=1 1.5x, https:\/\/i0.wp.com\/www.grieta.org.mx\/wp-content\/uploads\/2018\/03\/14524434_1106112876131411_958039263622046936_o.jpg?resize=700%2C400&ssl=1 2x"},"classes":[]},{"id":25325,"url":"https:\/\/www.grieta.org.mx\/index.php\/2018\/08\/03\/vw-lanza-bombas-antigranizo-para-proteger-sus-vehiculos-y-con-ello-afecta-a-miles-de-campesinos-de-puebla\/","url_meta":{"origin":15157,"position":1},"title":"VW lanza bombas antigranizo para proteger sus veh\u00edculos y con ello afecta a miles de campesinos de Puebla","author":"grieta","date":"3 agosto, 2018","format":false,"excerpt":"Gabriela Hern\u00e1ndez\/ Proceso PUEBLA, Pue. (apro).- Campesinos de las juntas auxiliares de Puebla y Amozoc denunciaron que la planta automotriz Volkswagen ha recurrido al uso de bombas antigranizo para evitar da\u00f1os en los veh\u00edculos que produce, pero con ello ha afectado la producci\u00f3n agr\u00edcola de la regi\u00f3n, de la que\u2026","rel":"","context":"En &quot;CINTILLO&quot;","block_context":{"text":"CINTILLO","link":"https:\/\/www.grieta.org.mx\/index.php\/category\/cintillo\/"},"img":{"alt_text":"","src":"https:\/\/i0.wp.com\/www.grieta.org.mx\/wp-content\/uploads\/2018\/08\/volkswagen-puebla-702x468.jpg?resize=350%2C200&ssl=1","width":350,"height":200,"srcset":"https:\/\/i0.wp.com\/www.grieta.org.mx\/wp-content\/uploads\/2018\/08\/volkswagen-puebla-702x468.jpg?resize=350%2C200&ssl=1 1x, https:\/\/i0.wp.com\/www.grieta.org.mx\/wp-content\/uploads\/2018\/08\/volkswagen-puebla-702x468.jpg?resize=525%2C300&ssl=1 1.5x, https:\/\/i0.wp.com\/www.grieta.org.mx\/wp-content\/uploads\/2018\/08\/volkswagen-puebla-702x468.jpg?resize=700%2C400&ssl=1 2x"},"classes":[]},{"id":19027,"url":"https:\/\/www.grieta.org.mx\/index.php\/2016\/08\/04\/campesinos-bloquean-carretera-federal-puebla-tehuacan\/","url_meta":{"origin":15157,"position":2},"title":"Campesinos bloquean carretera federal Puebla-Tehuac\u00e1n","author":"grieta","date":"4 agosto, 2016","format":false,"excerpt":"Por Karina V\u00e9lez Tecamachalco, Pue.- Campesinos de la regi\u00f3n, integrantes de los 5 m\u00f3dulos de Riego del Distrito 030 de Valsequillo mantienen bloqueada la carretera federal Puebla-Tehuac\u00e1n a la altura del barrio de San Juan Tecamachalco, para exigir que se reabran las compuertas del dren de Valsequillo, ya que cerca\u2026","rel":"","context":"En &quot;CINTILLO&quot;","block_context":{"text":"CINTILLO","link":"https:\/\/www.grieta.org.mx\/index.php\/category\/cintillo\/"},"img":{"alt_text":"","src":"https:\/\/i0.wp.com\/www.grieta.org.mx\/wp-content\/uploads\/2018\/03\/14524434_1106112876131411_958039263622046936_o.jpg?resize=350%2C200&ssl=1","width":350,"height":200,"srcset":"https:\/\/i0.wp.com\/www.grieta.org.mx\/wp-content\/uploads\/2018\/03\/14524434_1106112876131411_958039263622046936_o.jpg?resize=350%2C200&ssl=1 1x, https:\/\/i0.wp.com\/www.grieta.org.mx\/wp-content\/uploads\/2018\/03\/14524434_1106112876131411_958039263622046936_o.jpg?resize=525%2C300&ssl=1 1.5x, https:\/\/i0.wp.com\/www.grieta.org.mx\/wp-content\/uploads\/2018\/03\/14524434_1106112876131411_958039263622046936_o.jpg?resize=700%2C400&ssl=1 2x"},"classes":[]},{"id":19803,"url":"https:\/\/www.grieta.org.mx\/index.php\/2016\/08\/22\/rechazo-al-proyecto-interal-morelos-en-puebla\/","url_meta":{"origin":15157,"position":3},"title":"Rechazo al Proyecto Interal Morelos en Puebla","author":"grieta","date":"22 agosto, 2016","format":false,"excerpt":"22\/08\/16. Campesinos prueban riesgos del gasoducto Morelos a Juzgado Octavo (Puebla) La Jornada de Oriente 18\/07\/16. Ind\u00edgenas ven en el proyecto energ\u00e9tico cercano al volc\u00e1n Popocat\u00e9petl un riesgo para la poblaci\u00f3n Eju TV 08\/07\/16. Gasoducto Morelos violenta Ordenamiento Ecol\u00f3gico del Izta\u2013Popo: Tovar (Puebla) La Jornada de Oriente 23\/10\/14. Logran campesinos\u2026","rel":"","context":"En &quot;NOTICIAS NACIONALES&quot;","block_context":{"text":"NOTICIAS NACIONALES","link":"https:\/\/www.grieta.org.mx\/index.php\/category\/noticias-nacionales\/"},"img":{"alt_text":"","src":"https:\/\/i0.wp.com\/www.grieta.org.mx\/wp-content\/uploads\/2018\/03\/14524434_1106112876131411_958039263622046936_o.jpg?resize=350%2C200&ssl=1","width":350,"height":200,"srcset":"https:\/\/i0.wp.com\/www.grieta.org.mx\/wp-content\/uploads\/2018\/03\/14524434_1106112876131411_958039263622046936_o.jpg?resize=350%2C200&ssl=1 1x, https:\/\/i0.wp.com\/www.grieta.org.mx\/wp-content\/uploads\/2018\/03\/14524434_1106112876131411_958039263622046936_o.jpg?resize=525%2C300&ssl=1 1.5x, https:\/\/i0.wp.com\/www.grieta.org.mx\/wp-content\/uploads\/2018\/03\/14524434_1106112876131411_958039263622046936_o.jpg?resize=700%2C400&ssl=1 2x"},"classes":[]},{"id":54007,"url":"https:\/\/www.grieta.org.mx\/index.php\/2020\/09\/21\/se-unen-campesinos-de-oaxaca-y-puebla-contra-bombas-antigranizo\/","url_meta":{"origin":15157,"position":4},"title":"Se unen campesinos de Oaxaca y Puebla contra bombas antigranizo","author":"Admin","date":"21 septiembre, 2020","format":false,"excerpt":"Andrea Castillo - e-consulta Campesinos de la Ca\u00f1ada, Mixteca Oaxaque\u00f1a, Mixteca Poblana, Valle y Sierra Negra, se plantaron a las afueras de la empresa PATSA como medida de presi\u00f3n para impedir que las aeronaves que presuntamente utilizan qu\u00edmicos para impedir que llueva, sean sancionadas y reguladas, ya que las p\u00e9rdidas\u2026","rel":"","context":"En &quot;Conflictos por agua en Oaxaca&quot;","block_context":{"text":"Conflictos por agua en Oaxaca","link":"https:\/\/www.grieta.org.mx\/index.php\/category\/noticias-nacionales\/oaxaca\/conflictos-por-agua-en-oaxaca\/"},"img":{"alt_text":"","src":"https:\/\/i0.wp.com\/www.grieta.org.mx\/wp-content\/uploads\/2020\/10\/Captura-de-Pantalla-2020-10-06-a-las-18.41.15.png?resize=350%2C200&ssl=1","width":350,"height":200,"srcset":"https:\/\/i0.wp.com\/www.grieta.org.mx\/wp-content\/uploads\/2020\/10\/Captura-de-Pantalla-2020-10-06-a-las-18.41.15.png?resize=350%2C200&ssl=1 1x, https:\/\/i0.wp.com\/www.grieta.org.mx\/wp-content\/uploads\/2020\/10\/Captura-de-Pantalla-2020-10-06-a-las-18.41.15.png?resize=525%2C300&ssl=1 1.5x, https:\/\/i0.wp.com\/www.grieta.org.mx\/wp-content\/uploads\/2020\/10\/Captura-de-Pantalla-2020-10-06-a-las-18.41.15.png?resize=700%2C400&ssl=1 2x"},"classes":[]},{"id":29992,"url":"https:\/\/www.grieta.org.mx\/index.php\/2019\/03\/01\/acusan-a-marina-y-ejercito-del-asesinato-de-4-campesinos-en-puebla\/","url_meta":{"origin":15157,"position":5},"title":"Acusan a Marina y Ej\u00e9rcito del asesinato de 4 campesinos en Puebla","author":"grieta","date":"1 marzo, 2019","format":false,"excerpt":"Claudia Lemuz \/ La Silla Rota PUEBLA.- Este d\u00eda aparecieron sin vida en el estado de Tlaxcala, cuatro de los ocho campesinos que, a decir de las familias poblanas, fueron detenidos en Santa Rita Tlahuapan, tras un enfrentamiento que tuvo la Marina y el Ej\u00e9rcito Mexicano con habitantes del municipio\u2026","rel":"","context":"En &quot;CINTILLO&quot;","block_context":{"text":"CINTILLO","link":"https:\/\/www.grieta.org.mx\/index.php\/category\/cintillo\/"},"img":{"alt_text":"","src":"https:\/\/i0.wp.com\/www.grieta.org.mx\/wp-content\/uploads\/2019\/03\/ejercito-focus-0-0-480-345.jpg?resize=350%2C200&ssl=1","width":350,"height":200},"classes":[]}],"_links":{"self":[{"href":"https:\/\/www.grieta.org.mx\/index.php\/wp-json\/wp\/v2\/posts\/15157","targetHints":{"allow":["GET"]}}],"collection":[{"href":"https:\/\/www.grieta.org.mx\/index.php\/wp-json\/wp\/v2\/posts"}],"about":[{"href":"https:\/\/www.grieta.org.mx\/index.php\/wp-json\/wp\/v2\/types\/post"}],"author":[{"embeddable":true,"href":"https:\/\/www.grieta.org.mx\/index.php\/wp-json\/wp\/v2\/users\/2"}],"replies":[{"embeddable":true,"href":"https:\/\/www.grieta.org.mx\/index.php\/wp-json\/wp\/v2\/comments?post=15157"}],"version-history":[{"count":1,"href":"https:\/\/www.grieta.org.mx\/index.php\/wp-json\/wp\/v2\/posts\/15157\/revisions"}],"predecessor-version":[{"id":15159,"href":"https:\/\/www.grieta.org.mx\/index.php\/wp-json\/wp\/v2\/posts\/15157\/revisions\/15159"}],"wp:featuredmedia":[{"embeddable":true,"href":"https:\/\/www.grieta.org.mx\/index.php\/wp-json\/wp\/v2\/media\/21928"}],"wp:attachment":[{"href":"https:\/\/www.grieta.org.mx\/index.php\/wp-json\/wp\/v2\/media?parent=15157"}],"wp:term":[{"taxonomy":"category","embeddable":true,"href":"https:\/\/www.grieta.org.mx\/index.php\/wp-json\/wp\/v2\/categories?post=15157"},{"taxonomy":"post_tag","embeddable":true,"href":"https:\/\/www.grieta.org.mx\/index.php\/wp-json\/wp\/v2\/tags?post=15157"}],"curies":[{"name":"wp","href":"https:\/\/api.w.org\/{rel}","templated":true}]}}