{"id":15151,"date":"2016-06-22T00:42:25","date_gmt":"2016-06-22T00:42:25","guid":{"rendered":"http:\/\/www.grieta.org.mx\/?p=15151"},"modified":"2016-06-27T00:49:04","modified_gmt":"2016-06-27T00:49:04","slug":"la-malinche-deforestada-60-en-puebla-dicen-campesinos-de-canoa","status":"publish","type":"post","link":"https:\/\/www.grieta.org.mx\/index.php\/2016\/06\/22\/la-malinche-deforestada-60-en-puebla-dicen-campesinos-de-canoa\/","title":{"rendered":"La Malinche: deforestada 60% en Puebla, dicen campesinos de Canoa"},"content":{"rendered":"<p><img loading=\"lazy\" decoding=\"async\" data-attachment-id=\"15152\" data-permalink=\"https:\/\/www.grieta.org.mx\/index.php\/2016\/06\/22\/la-malinche-deforestada-60-en-puebla-dicen-campesinos-de-canoa\/160508incmalinche5-533x400\/\" data-orig-file=\"https:\/\/www.grieta.org.mx\/wp-content\/uploads\/2016\/06\/160508incmalinche5-533x400.jpg\" data-orig-size=\"533,400\" data-comments-opened=\"0\" data-image-meta=\"{&quot;aperture&quot;:&quot;0&quot;,&quot;credit&quot;:&quot;&quot;,&quot;camera&quot;:&quot;&quot;,&quot;caption&quot;:&quot;&quot;,&quot;created_timestamp&quot;:&quot;0&quot;,&quot;copyright&quot;:&quot;&quot;,&quot;focal_length&quot;:&quot;0&quot;,&quot;iso&quot;:&quot;0&quot;,&quot;shutter_speed&quot;:&quot;0&quot;,&quot;title&quot;:&quot;&quot;,&quot;orientation&quot;:&quot;0&quot;}\" data-image-title=\"160508incmalinche5-533&amp;#215;400\" data-image-description=\"\" data-image-caption=\"\" data-medium-file=\"https:\/\/www.grieta.org.mx\/wp-content\/uploads\/2016\/06\/160508incmalinche5-533x400-300x225.jpg\" data-large-file=\"https:\/\/www.grieta.org.mx\/wp-content\/uploads\/2016\/06\/160508incmalinche5-533x400.jpg\" src=\"http:\/\/www.grieta.org.mx\/wp-content\/uploads\/2016\/06\/160508incmalinche5-533x400.jpg\" alt=\"160508incmalinche5-533x400\" width=\"533\" height=\"400\" class=\"aligncenter size-full wp-image-15152\" srcset=\"https:\/\/www.grieta.org.mx\/wp-content\/uploads\/2016\/06\/160508incmalinche5-533x400.jpg 533w, https:\/\/www.grieta.org.mx\/wp-content\/uploads\/2016\/06\/160508incmalinche5-533x400-300x225.jpg 300w\" sizes=\"auto, (max-width: 533px) 100vw, 533px\" \/><\/p>\n<p>Por Yadira Llaven Anzures<\/p>\n<p>Campesinos de la comunidad de San Miguel Canoa denunciaron que est\u00e1 en riesgo de convertirse en una zona \u00e1rida el volc\u00e1n La Malintzin o La Malinche, en la parte que le pertenece al estado de Puebla, debido a que presenta una deforestaci\u00f3n por arriba del 60 por ciento de su territorio, aunado al desamparo que tuvo en el sexenio morenovallista.<\/p>\n<p>Los ind\u00edgenas de origen n\u00e1huatl \u2013encabezados por V\u00edctor Jes\u00fas Luna Luna- reconocieron que del otro lado del volc\u00e1n, que se ubica en el estado de Tlaxcala, existe un manejo sustentable y permanente del cono volc\u00e1nico por parte de las autoridades.<\/p>\n<p>Puebla mantiene en el olvido a La Malinche, sin ning\u00fan proyecto de reforestaci\u00f3n que tanta falta hace; nos estamos quedando sin agua, sin \u00e1rboles, sin vida para nuestros pueblos, reclam\u00f3 V\u00edctor Luna, l\u00edder social de la comunidad.<\/p>\n<p>En ese sentido, hizo un llamado al gobierno de Rafael Moreno Valle a que no centralice los recursos en la ciudad y saque de la pobreza a las juntas auxiliares que se encuentran conurbadas a la capital.<\/p>\n<p>La Malinche, refugio de especies<\/p>\n<p>El Valle de Puebla-Tlaxcala, que bordea a la Malinche por el suroeste, alberga una de las mayores \u00e1reas metropolitanas de M\u00e9xico. Para proteger el \u00e1rea boscosa que ya se encontraba en franco retroceso, se cre\u00f3 en 1938 el Parque Nacional La Malinche, que supone un refugio para las especies locales como el conejo o el lince.<\/p>\n<p>Adem\u00e1s la Estaci\u00f3n Cient\u00edfica, una colaboraci\u00f3n entre la UNAM y la UAT, realiza trabajos de investigaci\u00f3n, evaluaci\u00f3n, conservaci\u00f3n y educaci\u00f3n ecol\u00f3gica en la regi\u00f3n.<\/p>\n<p>El dirigente campesino expuso que para muchos habitantes de San Miguel Canoa, el volc\u00e1n La Malinche representa m\u00e1s all\u00e1 de la identidad, el sustento de cientos de familias que viven del ma\u00edz y otros productos que cosechan del campo.<\/p>\n<p>Por tal raz\u00f3n, dijo que el llamado al gobierno poblano es que apoyen con la siembra de \u00e1rboles porque la zona boscosa se est\u00e1 extinguiendo sin que puedan frenarlo.<\/p>\n<p>Del lado de Tlaxcala tienen una mejor organizaci\u00f3n, est\u00e1 mucho mejor, tienen un centro vacacional, tienen caseta de vigilancia las 24 horas, ellos recogen madera que ya est\u00e1 tirada y all\u00e1 no puedes talar un \u00e1rbol porque de plano hay multas y hasta c\u00e1rcel, compar\u00f3.<\/p>\n<p>En tanto, del lado poblano, V\u00edctor Jes\u00fas Luna dijo que hay tala clandestina, solapada por las autoridades; y s\u00f3lo las escuelas son las que se organizan y encabezan la siembra de arbolitos.<\/p>\n<p>El hombre manifest\u00f3 que en los recorridos que realizan en el volc\u00e1n es evidente  el olvido es que se encuentra este parque nacional.<\/p>\n<p>Hace cuatro a\u00f1os o m\u00e1s que no recibimos apoyo del gobierno para reforestaci\u00f3n. S\u00f3lo las escuelas est\u00e1n realizando esta labor, pero reciben ayuda \u00fanicamente en tiempo de elecciones, reclam\u00f3.<\/p>\n<p>Al \u00faltimo, Luna Luna reconoci\u00f3 que aunque muchos saben que el volc\u00e1n representa una fuente de desarrollo importante para la comunidad, por el agua, la madera y la cosecha, dijo que no existe un manejo forestal adecuado.<\/p>\n<p>Es muy dif\u00edcil que ayude el gobierno. A veces mandan militares para realizar recorridos en un d\u00eda y causan conflicto entre los pobladores porque los intimidan, concluy\u00f3.<\/p>\n<p><a href=\"http:\/\/www.lajornadadeoriente.com.mx\/2016\/06\/22\/el-60-del-parque-nacional-la-malinche-en-puebla-esta-deforestado-campesinos-de-canoa\/\">http:\/\/www.lajornadadeoriente.com.mx\/2016\/06\/22\/el-60-del-parque-nacional-la-malinche-en-puebla-esta-deforestado-campesinos-de-canoa\/<\/a><\/p>\n","protected":false},"excerpt":{"rendered":"<p>Por Yadira Llaven Anzures Campesinos de la comunidad de San Miguel Canoa denunciaron que est\u00e1 en riesgo de convertirse en una zona \u00e1rida el volc\u00e1n La Malintzin o La Malinche, &hellip; <a href=\"https:\/\/www.grieta.org.mx\/index.php\/2016\/06\/22\/la-malinche-deforestada-60-en-puebla-dicen-campesinos-de-canoa\/\" class=\"more-link\">Leer m\u00e1s<\/a><\/p>\n","protected":false},"author":2,"featured_media":21928,"comment_status":"closed","ping_status":"closed","sticky":false,"template":"","format":"standard","meta":{"ngg_post_thumbnail":0,"_jetpack_newsletter_access":"","_jetpack_dont_email_post_to_subs":false,"_jetpack_newsletter_tier_id":0,"_jetpack_memberships_contains_paywalled_content":false,"_jetpack_memberships_contains_paid_content":false,"footnotes":""},"categories":[80],"tags":[162],"class_list":["post-15151","post","type-post","status-publish","format-standard","has-post-thumbnail","hentry","category-cintillo","tag-deforestacion","entry"],"jetpack_featured_media_url":"https:\/\/www.grieta.org.mx\/wp-content\/uploads\/2018\/03\/14524434_1106112876131411_958039263622046936_o.jpg","jetpack_sharing_enabled":true,"jetpack_shortlink":"https:\/\/wp.me\/p7ZJR4-3Wn","jetpack_likes_enabled":false,"jetpack-related-posts":[{"id":15157,"url":"https:\/\/www.grieta.org.mx\/index.php\/2016\/06\/22\/campesinos-poblanos-denuncian-deforestacion-de-la-malinche\/","url_meta":{"origin":15151,"position":0},"title":"Campesinos poblanos denuncian deforestaci\u00f3n de La Malinche","author":"grieta","date":"22 junio, 2016","format":false,"excerpt":"22\/06\/16. La Malinche: deforestada 60% en Puebla, dicen campesinos de Canoa La Jornada de Oriente","rel":"","context":"En &quot;NOTICIAS NACIONALES&quot;","block_context":{"text":"NOTICIAS NACIONALES","link":"https:\/\/www.grieta.org.mx\/index.php\/category\/noticias-nacionales\/"},"img":{"alt_text":"","src":"https:\/\/i0.wp.com\/www.grieta.org.mx\/wp-content\/uploads\/2018\/03\/14524434_1106112876131411_958039263622046936_o.jpg?resize=350%2C200&ssl=1","width":350,"height":200,"srcset":"https:\/\/i0.wp.com\/www.grieta.org.mx\/wp-content\/uploads\/2018\/03\/14524434_1106112876131411_958039263622046936_o.jpg?resize=350%2C200&ssl=1 1x, https:\/\/i0.wp.com\/www.grieta.org.mx\/wp-content\/uploads\/2018\/03\/14524434_1106112876131411_958039263622046936_o.jpg?resize=525%2C300&ssl=1 1.5x, https:\/\/i0.wp.com\/www.grieta.org.mx\/wp-content\/uploads\/2018\/03\/14524434_1106112876131411_958039263622046936_o.jpg?resize=700%2C400&ssl=1 2x"},"classes":[]},{"id":25325,"url":"https:\/\/www.grieta.org.mx\/index.php\/2018\/08\/03\/vw-lanza-bombas-antigranizo-para-proteger-sus-vehiculos-y-con-ello-afecta-a-miles-de-campesinos-de-puebla\/","url_meta":{"origin":15151,"position":1},"title":"VW lanza bombas antigranizo para proteger sus veh\u00edculos y con ello afecta a miles de campesinos de Puebla","author":"grieta","date":"3 agosto, 2018","format":false,"excerpt":"Gabriela Hern\u00e1ndez\/ Proceso PUEBLA, Pue. (apro).- Campesinos de las juntas auxiliares de Puebla y Amozoc denunciaron que la planta automotriz Volkswagen ha recurrido al uso de bombas antigranizo para evitar da\u00f1os en los veh\u00edculos que produce, pero con ello ha afectado la producci\u00f3n agr\u00edcola de la regi\u00f3n, de la que\u2026","rel":"","context":"En &quot;CINTILLO&quot;","block_context":{"text":"CINTILLO","link":"https:\/\/www.grieta.org.mx\/index.php\/category\/cintillo\/"},"img":{"alt_text":"","src":"https:\/\/i0.wp.com\/www.grieta.org.mx\/wp-content\/uploads\/2018\/08\/volkswagen-puebla-702x468.jpg?resize=350%2C200&ssl=1","width":350,"height":200,"srcset":"https:\/\/i0.wp.com\/www.grieta.org.mx\/wp-content\/uploads\/2018\/08\/volkswagen-puebla-702x468.jpg?resize=350%2C200&ssl=1 1x, https:\/\/i0.wp.com\/www.grieta.org.mx\/wp-content\/uploads\/2018\/08\/volkswagen-puebla-702x468.jpg?resize=525%2C300&ssl=1 1.5x, https:\/\/i0.wp.com\/www.grieta.org.mx\/wp-content\/uploads\/2018\/08\/volkswagen-puebla-702x468.jpg?resize=700%2C400&ssl=1 2x"},"classes":[]},{"id":19803,"url":"https:\/\/www.grieta.org.mx\/index.php\/2016\/08\/22\/rechazo-al-proyecto-interal-morelos-en-puebla\/","url_meta":{"origin":15151,"position":2},"title":"Rechazo al Proyecto Interal Morelos en Puebla","author":"grieta","date":"22 agosto, 2016","format":false,"excerpt":"22\/08\/16. Campesinos prueban riesgos del gasoducto Morelos a Juzgado Octavo (Puebla) La Jornada de Oriente 18\/07\/16. Ind\u00edgenas ven en el proyecto energ\u00e9tico cercano al volc\u00e1n Popocat\u00e9petl un riesgo para la poblaci\u00f3n Eju TV 08\/07\/16. Gasoducto Morelos violenta Ordenamiento Ecol\u00f3gico del Izta\u2013Popo: Tovar (Puebla) La Jornada de Oriente 23\/10\/14. Logran campesinos\u2026","rel":"","context":"En &quot;NOTICIAS NACIONALES&quot;","block_context":{"text":"NOTICIAS NACIONALES","link":"https:\/\/www.grieta.org.mx\/index.php\/category\/noticias-nacionales\/"},"img":{"alt_text":"","src":"https:\/\/i0.wp.com\/www.grieta.org.mx\/wp-content\/uploads\/2018\/03\/14524434_1106112876131411_958039263622046936_o.jpg?resize=350%2C200&ssl=1","width":350,"height":200,"srcset":"https:\/\/i0.wp.com\/www.grieta.org.mx\/wp-content\/uploads\/2018\/03\/14524434_1106112876131411_958039263622046936_o.jpg?resize=350%2C200&ssl=1 1x, https:\/\/i0.wp.com\/www.grieta.org.mx\/wp-content\/uploads\/2018\/03\/14524434_1106112876131411_958039263622046936_o.jpg?resize=525%2C300&ssl=1 1.5x, https:\/\/i0.wp.com\/www.grieta.org.mx\/wp-content\/uploads\/2018\/03\/14524434_1106112876131411_958039263622046936_o.jpg?resize=700%2C400&ssl=1 2x"},"classes":[]},{"id":25387,"url":"https:\/\/www.grieta.org.mx\/index.php\/2018\/08\/15\/campesinos-acusan-a-volkswagen-de-ahuyentar-lluvias-puebla\/","url_meta":{"origin":15151,"position":3},"title":"Campesinos acusan a Volkswagen de ahuyentar lluvias (Puebla)","author":"grieta","date":"15 agosto, 2018","format":false,"excerpt":"Redacci\u00f3n Animal Pol\u00edtico Campesinos de Puebla acusan a la automotriz alemana Volkswagen de afectar sus cosechas por el uso de ca\u00f1ones sonoros antigranizo, pues aseguran que hay 2, 000 hect\u00e1reas que se han secado por la falta de lluvia. Aunque la empresa ha defendido el uso de estos dispositivos, al\u2026","rel":"","context":"En &quot;CINTILLO&quot;","block_context":{"text":"CINTILLO","link":"https:\/\/www.grieta.org.mx\/index.php\/category\/cintillo\/"},"img":{"alt_text":"","src":"https:\/\/i0.wp.com\/www.grieta.org.mx\/wp-content\/uploads\/2018\/08\/direct.jpg?resize=350%2C200&ssl=1","width":350,"height":200,"srcset":"https:\/\/i0.wp.com\/www.grieta.org.mx\/wp-content\/uploads\/2018\/08\/direct.jpg?resize=350%2C200&ssl=1 1x, https:\/\/i0.wp.com\/www.grieta.org.mx\/wp-content\/uploads\/2018\/08\/direct.jpg?resize=525%2C300&ssl=1 1.5x, https:\/\/i0.wp.com\/www.grieta.org.mx\/wp-content\/uploads\/2018\/08\/direct.jpg?resize=700%2C400&ssl=1 2x"},"classes":[]},{"id":19811,"url":"https:\/\/www.grieta.org.mx\/index.php\/2014\/10\/23\/logran-campesinos-de-puebla-cancelar-temporalmente-construccion-de-gasoducto\/","url_meta":{"origin":15151,"position":4},"title":"Logran campesinos de Puebla cancelar temporalmente construcci\u00f3n de gasoducto","author":"grieta","date":"23 octubre, 2014","format":false,"excerpt":"Por Yadira Llaven Anzures Puebla,Pue. Campesinos de los pueblos que habitan en las faldas del volc\u00e1n Popocat\u00e9petl, en el estado de Puebla, lograron la cancelaci\u00f3n temporal de la construcci\u00f3n del gasoducto que forma parte del Proyecto Integral Morelos (PIM). Esto a ra\u00edz del ingreso forzado de maquinaria pesada de la\u2026","rel":"","context":"En &quot;CINTILLO&quot;","block_context":{"text":"CINTILLO","link":"https:\/\/www.grieta.org.mx\/index.php\/category\/cintillo\/"},"img":{"alt_text":"","src":"https:\/\/i0.wp.com\/www.grieta.org.mx\/wp-content\/uploads\/2018\/03\/14524434_1106112876131411_958039263622046936_o.jpg?resize=350%2C200&ssl=1","width":350,"height":200,"srcset":"https:\/\/i0.wp.com\/www.grieta.org.mx\/wp-content\/uploads\/2018\/03\/14524434_1106112876131411_958039263622046936_o.jpg?resize=350%2C200&ssl=1 1x, https:\/\/i0.wp.com\/www.grieta.org.mx\/wp-content\/uploads\/2018\/03\/14524434_1106112876131411_958039263622046936_o.jpg?resize=525%2C300&ssl=1 1.5x, https:\/\/i0.wp.com\/www.grieta.org.mx\/wp-content\/uploads\/2018\/03\/14524434_1106112876131411_958039263622046936_o.jpg?resize=700%2C400&ssl=1 2x"},"classes":[]},{"id":19027,"url":"https:\/\/www.grieta.org.mx\/index.php\/2016\/08\/04\/campesinos-bloquean-carretera-federal-puebla-tehuacan\/","url_meta":{"origin":15151,"position":5},"title":"Campesinos bloquean carretera federal Puebla-Tehuac\u00e1n","author":"grieta","date":"4 agosto, 2016","format":false,"excerpt":"Por Karina V\u00e9lez Tecamachalco, Pue.- Campesinos de la regi\u00f3n, integrantes de los 5 m\u00f3dulos de Riego del Distrito 030 de Valsequillo mantienen bloqueada la carretera federal Puebla-Tehuac\u00e1n a la altura del barrio de San Juan Tecamachalco, para exigir que se reabran las compuertas del dren de Valsequillo, ya que cerca\u2026","rel":"","context":"En &quot;CINTILLO&quot;","block_context":{"text":"CINTILLO","link":"https:\/\/www.grieta.org.mx\/index.php\/category\/cintillo\/"},"img":{"alt_text":"","src":"https:\/\/i0.wp.com\/www.grieta.org.mx\/wp-content\/uploads\/2018\/03\/14524434_1106112876131411_958039263622046936_o.jpg?resize=350%2C200&ssl=1","width":350,"height":200,"srcset":"https:\/\/i0.wp.com\/www.grieta.org.mx\/wp-content\/uploads\/2018\/03\/14524434_1106112876131411_958039263622046936_o.jpg?resize=350%2C200&ssl=1 1x, https:\/\/i0.wp.com\/www.grieta.org.mx\/wp-content\/uploads\/2018\/03\/14524434_1106112876131411_958039263622046936_o.jpg?resize=525%2C300&ssl=1 1.5x, https:\/\/i0.wp.com\/www.grieta.org.mx\/wp-content\/uploads\/2018\/03\/14524434_1106112876131411_958039263622046936_o.jpg?resize=700%2C400&ssl=1 2x"},"classes":[]}],"_links":{"self":[{"href":"https:\/\/www.grieta.org.mx\/index.php\/wp-json\/wp\/v2\/posts\/15151","targetHints":{"allow":["GET"]}}],"collection":[{"href":"https:\/\/www.grieta.org.mx\/index.php\/wp-json\/wp\/v2\/posts"}],"about":[{"href":"https:\/\/www.grieta.org.mx\/index.php\/wp-json\/wp\/v2\/types\/post"}],"author":[{"embeddable":true,"href":"https:\/\/www.grieta.org.mx\/index.php\/wp-json\/wp\/v2\/users\/2"}],"replies":[{"embeddable":true,"href":"https:\/\/www.grieta.org.mx\/index.php\/wp-json\/wp\/v2\/comments?post=15151"}],"version-history":[{"count":1,"href":"https:\/\/www.grieta.org.mx\/index.php\/wp-json\/wp\/v2\/posts\/15151\/revisions"}],"predecessor-version":[{"id":15153,"href":"https:\/\/www.grieta.org.mx\/index.php\/wp-json\/wp\/v2\/posts\/15151\/revisions\/15153"}],"wp:featuredmedia":[{"embeddable":true,"href":"https:\/\/www.grieta.org.mx\/index.php\/wp-json\/wp\/v2\/media\/21928"}],"wp:attachment":[{"href":"https:\/\/www.grieta.org.mx\/index.php\/wp-json\/wp\/v2\/media?parent=15151"}],"wp:term":[{"taxonomy":"category","embeddable":true,"href":"https:\/\/www.grieta.org.mx\/index.php\/wp-json\/wp\/v2\/categories?post=15151"},{"taxonomy":"post_tag","embeddable":true,"href":"https:\/\/www.grieta.org.mx\/index.php\/wp-json\/wp\/v2\/tags?post=15151"}],"curies":[{"name":"wp","href":"https:\/\/api.w.org\/{rel}","templated":true}]}}