{"id":15141,"date":"2016-06-23T00:34:31","date_gmt":"2016-06-23T00:34:31","guid":{"rendered":"http:\/\/www.grieta.org.mx\/?p=15141"},"modified":"2019-01-29T13:17:13","modified_gmt":"2019-01-29T19:17:13","slug":"medicos-alzan-la-voz","status":"publish","type":"post","link":"https:\/\/www.grieta.org.mx\/index.php\/2016\/06\/23\/medicos-alzan-la-voz\/","title":{"rendered":"M\u00e9dicos alzan la voz"},"content":{"rendered":"<p><img loading=\"lazy\" decoding=\"async\" data-attachment-id=\"14951\" data-permalink=\"https:\/\/www.grieta.org.mx\/index.php\/2016\/06\/23\/marchan-contra-la-reforma-de-salud\/marchan-contra-reforma-salud-durango\/\" data-orig-file=\"https:\/\/www.grieta.org.mx\/wp-content\/uploads\/2016\/06\/marchan-contra-reforma-salud-durango.jpeg\" data-orig-size=\"1024,576\" data-comments-opened=\"0\" data-image-meta=\"{&quot;aperture&quot;:&quot;0&quot;,&quot;credit&quot;:&quot;&quot;,&quot;camera&quot;:&quot;&quot;,&quot;caption&quot;:&quot;&quot;,&quot;created_timestamp&quot;:&quot;0&quot;,&quot;copyright&quot;:&quot;&quot;,&quot;focal_length&quot;:&quot;0&quot;,&quot;iso&quot;:&quot;0&quot;,&quot;shutter_speed&quot;:&quot;0&quot;,&quot;title&quot;:&quot;&quot;,&quot;orientation&quot;:&quot;0&quot;}\" data-image-title=\"marchan-contra-reforma-salud-durango\" data-image-description=\"\" data-image-caption=\"&lt;p&gt;Unidos. M\u00e1s de 2,500 personas participaron en la manifestaci\u00f3n en Durango. (El Siglo de Torre\u00f3n)&lt;\/p&gt;\n\" data-medium-file=\"https:\/\/www.grieta.org.mx\/wp-content\/uploads\/2016\/06\/marchan-contra-reforma-salud-durango-300x169.jpeg\" data-large-file=\"https:\/\/www.grieta.org.mx\/wp-content\/uploads\/2016\/06\/marchan-contra-reforma-salud-durango-1024x576.jpeg\" class=\"aligncenter wp-image-14951\" src=\"http:\/\/www.grieta.org.mx\/wp-content\/uploads\/2016\/06\/marchan-contra-reforma-salud-durango.jpeg\" width=\"680\" height=\"383\" srcset=\"https:\/\/www.grieta.org.mx\/wp-content\/uploads\/2016\/06\/marchan-contra-reforma-salud-durango.jpeg 1024w, https:\/\/www.grieta.org.mx\/wp-content\/uploads\/2016\/06\/marchan-contra-reforma-salud-durango-300x169.jpeg 300w, https:\/\/www.grieta.org.mx\/wp-content\/uploads\/2016\/06\/marchan-contra-reforma-salud-durango-768x432.jpeg 768w\" sizes=\"auto, (max-width: 680px) 100vw, 680px\" \/><\/p>\n<p>Al igual que en otras partes del pa\u00eds, m\u00e9dicos duranguenses se unieron a la manifestaci\u00f3n en contra de las agresiones que sufren y en repudio a la universalidad del sistema nacional de salud.<\/p>\n<p>El contingente avanz\u00f3 por la calle 5 de Febrero, partiendo del Jard\u00edn de San Antonio, hasta llegar a la Plaza IV Centenario. A la marcha en defensa de la salud se suman maestros de la CNTE.<\/p>\n<p>Enfermeras, m\u00e9dicos y empleados del sector salud se manifestaron en rechazo al sistema de salud universal que el Gobierno Federal pretende poner en marcha y en apoyo a los maestros.<\/p>\n<p>Adem\u00e1s, exigen a las autoridades seguridad en las plazas laborales de alto riesgo, justicia para la doctora Citlalli Sandoval Duarte, que fue asesinada brutalmente en Ciudad Victoria, Tamaulipas, as\u00ed como no enviar a los m\u00e9dicos pasantes de servicio social a las plazas de alto riesgo.<\/p>\n<p>A trav\u00e9s de esta protesta, los profesionales de la salud reprueban y condenan cualquier acto de violencia.<\/p>\n<p>Tambi\u00e9n, los m\u00e9dicos y profesionales de la salud manifestaron su apoyo solidario a los maestros de Oaxaca.<\/p>\n<p>Durante el trayecto se lanzaron porras y consignas como \u201cFuera Pe\u00f1a Nieto\u201d, \u201cOaxaca aguanta, Durango se levanta\u201d, \u201cLa reforma educativa va a caer\u201d, entre otras.<\/p>\n<p><a href=\"http:\/\/periodicovictoria.mx\/destacadas\/medicos-alzan-la-voz\" target=\"_blank\">http:\/\/periodicovictoria.mx\/destacadas\/medicos-alzan-la-voz<\/a><\/p>\n","protected":false},"excerpt":{"rendered":"<p>Al igual que en otras partes del pa\u00eds, m\u00e9dicos duranguenses se unieron a la manifestaci\u00f3n en contra de las agresiones que sufren y en repudio a la universalidad del sistema &hellip; <a href=\"https:\/\/www.grieta.org.mx\/index.php\/2016\/06\/23\/medicos-alzan-la-voz\/\" class=\"more-link\">Leer m\u00e1s<\/a><\/p>\n","protected":false},"author":2,"featured_media":28649,"comment_status":"closed","ping_status":"closed","sticky":false,"template":"","format":"standard","meta":{"ngg_post_thumbnail":0,"_jetpack_newsletter_access":"","_jetpack_dont_email_post_to_subs":false,"_jetpack_newsletter_tier_id":0,"_jetpack_memberships_contains_paywalled_content":false,"_jetpack_memberships_contains_paid_content":false,"footnotes":""},"categories":[80,15,173,910,1101,1205,2,83],"tags":[183,640,738],"class_list":{"0":"post-15141","1":"post","2":"type-post","3":"status-publish","4":"format-standard","5":"has-post-thumbnail","6":"hentry","7":"category-cintillo","8":"category-durango","10":"category-explotacion-y-precariedad-laboral","11":"category-conflictos-laborales-en-durango","12":"category-movilizaciones-del-sector-salud-en-durango","13":"category-noticias-nacionales","14":"category-temas-nacionales","15":"tag-manifestacion","16":"tag-medicos","17":"tag-reforma-salud","18":"entry"},"jetpack_featured_media_url":"https:\/\/www.grieta.org.mx\/wp-content\/uploads\/2016\/06\/marchan-contra-reforma-salud-durango-1.jpeg","jetpack_sharing_enabled":true,"jetpack_shortlink":"https:\/\/wp.me\/p7ZJR4-3Wd","jetpack_likes_enabled":false,"jetpack-related-posts":[{"id":14956,"url":"https:\/\/www.grieta.org.mx\/index.php\/2016\/06\/23\/se-manifiestan-en-calles-de-gomez\/","url_meta":{"origin":15141,"position":0},"title":"Se manifiestan en calles de G\u00f3mez","author":"grieta","date":"23 junio, 2016","format":false,"excerpt":"G\u00d3MEZ PALACIO, DGO.- M\u00e9dicos de Ciudad Lerdo y G\u00f3mez Palacio marcharon ayer mi\u00e9rcoles por la tarde en contra la criminalizaci\u00f3n del gremio en casos de supuesta negligencia y la privatizaci\u00f3n del servicio de Salud P\u00fablica. Fue a las 18:00 horas que los galenos manifestantes se reunieron en el estacionamiento de\u2026","rel":"","context":"En &quot;CINTILLO&quot;","block_context":{"text":"CINTILLO","link":"https:\/\/www.grieta.org.mx\/index.php\/category\/cintillo\/"},"img":{"alt_text":"","src":"https:\/\/i0.wp.com\/www.grieta.org.mx\/wp-content\/uploads\/2016\/06\/836935.jpeg?resize=350%2C200&ssl=1","width":350,"height":200,"srcset":"https:\/\/i0.wp.com\/www.grieta.org.mx\/wp-content\/uploads\/2016\/06\/836935.jpeg?resize=350%2C200&ssl=1 1x, https:\/\/i0.wp.com\/www.grieta.org.mx\/wp-content\/uploads\/2016\/06\/836935.jpeg?resize=525%2C300&ssl=1 1.5x, https:\/\/i0.wp.com\/www.grieta.org.mx\/wp-content\/uploads\/2016\/06\/836935.jpeg?resize=700%2C400&ssl=1 2x"},"classes":[]},{"id":11753,"url":"https:\/\/www.grieta.org.mx\/index.php\/2016\/05\/04\/exigen-maestros-pagos-de-jubilaciones-y-medicamentos-en-la-laguna-de-durango\/","url_meta":{"origin":15141,"position":1},"title":"Exigen maestros pagos de jubilaciones y medicamentos en La Laguna de Durango","author":"grieta","date":"4 mayo, 2016","format":false,"excerpt":"Mayela Avila G\u00f3mez Palacio, Durango (04\/05\/2016).- Este mi\u00e9rcoles, maestros de la secci\u00f3n 44 del Sindicato Nacional de Trabajadores de la Educaci\u00f3n se manifestaron en las instalaciones de la subsecretar\u00eda de Educaci\u00f3n en la regi\u00f3n Laguna con sede en G\u00f3mez Palacio, en protesta por irregularidades para el pago de finiquitos y\u2026","rel":"","context":"En &quot;CINTILLO&quot;","block_context":{"text":"CINTILLO","link":"https:\/\/www.grieta.org.mx\/index.php\/category\/cintillo\/"},"img":{"alt_text":"","src":"https:\/\/i0.wp.com\/www.grieta.org.mx\/wp-content\/uploads\/2018\/03\/14524434_1106112876131411_958039263622046936_o.jpg?resize=350%2C200&ssl=1","width":350,"height":200,"srcset":"https:\/\/i0.wp.com\/www.grieta.org.mx\/wp-content\/uploads\/2018\/03\/14524434_1106112876131411_958039263622046936_o.jpg?resize=350%2C200&ssl=1 1x, https:\/\/i0.wp.com\/www.grieta.org.mx\/wp-content\/uploads\/2018\/03\/14524434_1106112876131411_958039263622046936_o.jpg?resize=525%2C300&ssl=1 1.5x, https:\/\/i0.wp.com\/www.grieta.org.mx\/wp-content\/uploads\/2018\/03\/14524434_1106112876131411_958039263622046936_o.jpg?resize=700%2C400&ssl=1 2x"},"classes":[]},{"id":14950,"url":"https:\/\/www.grieta.org.mx\/index.php\/2016\/06\/23\/marchan-contra-la-reforma-de-salud\/","url_meta":{"origin":15141,"position":2},"title":"Marchan contra la Reforma de Salud","author":"grieta","date":"23 junio, 2016","format":false,"excerpt":"SALTILLO, COAH.- ACLARAN QUE NO HUBO PARO DE LABORES EN LOS HOSPITALES Un grupo de cincuenta m\u00e9dicos marcharon por las principales calles de Saltillo para manifestarse en contra de la Reforma de Salud, y pedir que se deje de criminalizar. \"Somos m\u00e9dicos, no dioses ni criminales\", indicaron durante la marcha\u2026","rel":"","context":"En &quot;CINTILLO&quot;","block_context":{"text":"CINTILLO","link":"https:\/\/www.grieta.org.mx\/index.php\/category\/cintillo\/"},"img":{"alt_text":"","src":"https:\/\/i0.wp.com\/www.grieta.org.mx\/wp-content\/uploads\/2018\/03\/14524434_1106112876131411_958039263622046936_o.jpg?resize=350%2C200&ssl=1","width":350,"height":200,"srcset":"https:\/\/i0.wp.com\/www.grieta.org.mx\/wp-content\/uploads\/2018\/03\/14524434_1106112876131411_958039263622046936_o.jpg?resize=350%2C200&ssl=1 1x, https:\/\/i0.wp.com\/www.grieta.org.mx\/wp-content\/uploads\/2018\/03\/14524434_1106112876131411_958039263622046936_o.jpg?resize=525%2C300&ssl=1 1.5x, https:\/\/i0.wp.com\/www.grieta.org.mx\/wp-content\/uploads\/2018\/03\/14524434_1106112876131411_958039263622046936_o.jpg?resize=700%2C400&ssl=1 2x"},"classes":[]},{"id":11762,"url":"https:\/\/www.grieta.org.mx\/index.php\/2016\/05\/02\/medicos-de-luto-por-violencia\/","url_meta":{"origin":15141,"position":3},"title":"M\u00e9dicos &#8216;de luto&#8217; por violencia","author":"grieta","date":"2 mayo, 2016","format":false,"excerpt":"EL 50% DE TRABAJADORES NO CUENTA CON PRESTACIONES, ASEGURAN Ataviados con sus batas blancas, los m\u00e9dicos se manifestaron ayer 1 de mayo en contra de la violencia que persiste a nivel nacional y de las violaciones a sus derechos laborales. Desde temprano estuvieron presentes en la Plaza Fundadores donde aseguraron\u2026","rel":"","context":"En &quot;CINTILLO&quot;","block_context":{"text":"CINTILLO","link":"https:\/\/www.grieta.org.mx\/index.php\/category\/cintillo\/"},"img":{"alt_text":"","src":"https:\/\/i0.wp.com\/www.grieta.org.mx\/wp-content\/uploads\/2018\/03\/14524434_1106112876131411_958039263622046936_o.jpg?resize=350%2C200&ssl=1","width":350,"height":200,"srcset":"https:\/\/i0.wp.com\/www.grieta.org.mx\/wp-content\/uploads\/2018\/03\/14524434_1106112876131411_958039263622046936_o.jpg?resize=350%2C200&ssl=1 1x, https:\/\/i0.wp.com\/www.grieta.org.mx\/wp-content\/uploads\/2018\/03\/14524434_1106112876131411_958039263622046936_o.jpg?resize=525%2C300&ssl=1 1.5x, https:\/\/i0.wp.com\/www.grieta.org.mx\/wp-content\/uploads\/2018\/03\/14524434_1106112876131411_958039263622046936_o.jpg?resize=700%2C400&ssl=1 2x"},"classes":[]},{"id":28653,"url":"https:\/\/www.grieta.org.mx\/index.php\/2019\/01\/22\/demandan-maestros-de-ingles-regularizar-su-situacion-laboral-durango\/","url_meta":{"origin":15141,"position":4},"title":"Demandan maestros de Ingl\u00e9s regularizar su situaci\u00f3n laboral (Durango)","author":"grieta","date":"22 enero, 2019","format":false,"excerpt":"Claudia Landeros\/El Siglo de Durango Docentes del Programa Nacional de Ingl\u00e9s (Proni) se manifestaron en la Plaza de Armas de G\u00f3mez Palacio para pedir apoyo a las autoridades que corresponda, a fin de regularizar su situaci\u00f3n laboral ya que de momento est\u00e1n sin empleo. SIN TRABAJO \"Somos maestros que trabajamos\u2026","rel":"","context":"En &quot;CINTILLO&quot;","block_context":{"text":"CINTILLO","link":"https:\/\/www.grieta.org.mx\/index.php\/category\/cintillo\/"},"img":{"alt_text":"","src":"https:\/\/i0.wp.com\/www.grieta.org.mx\/wp-content\/uploads\/2019\/01\/773757.jpeg?resize=350%2C200&ssl=1","width":350,"height":200,"srcset":"https:\/\/i0.wp.com\/www.grieta.org.mx\/wp-content\/uploads\/2019\/01\/773757.jpeg?resize=350%2C200&ssl=1 1x, https:\/\/i0.wp.com\/www.grieta.org.mx\/wp-content\/uploads\/2019\/01\/773757.jpeg?resize=525%2C300&ssl=1 1.5x, https:\/\/i0.wp.com\/www.grieta.org.mx\/wp-content\/uploads\/2019\/01\/773757.jpeg?resize=700%2C400&ssl=1 2x"},"classes":[]},{"id":23022,"url":"https:\/\/www.grieta.org.mx\/index.php\/2018\/03\/17\/continua-desabasto-de-medicamentos-en-durango\/","url_meta":{"origin":15141,"position":5},"title":"Contin\u00faa desabasto de medicamentos en Durango","author":"grieta","date":"17 marzo, 2018","format":false,"excerpt":"Gilberto Lastra Guerrero\/Milenio La organizaci\u00f3n M\u00e9dicos Solidarios denuncia que sigue el desabasto de medicamento en el sistema estatal de salud. El entrevistado coment\u00f3 que se les anunci\u00f3 que en tres d\u00edas el desabasto de medicamento terminar\u00eda, pero se cumpli\u00f3 el plazo y no se logr\u00f3 el entregar los insumos para\u2026","rel":"","context":"En &quot;CINTILLO&quot;","block_context":{"text":"CINTILLO","link":"https:\/\/www.grieta.org.mx\/index.php\/category\/cintillo\/"},"img":{"alt_text":"","src":"https:\/\/i0.wp.com\/www.grieta.org.mx\/wp-content\/uploads\/2018\/05\/d5-2.jpg?resize=350%2C200&ssl=1","width":350,"height":200},"classes":[]}],"_links":{"self":[{"href":"https:\/\/www.grieta.org.mx\/index.php\/wp-json\/wp\/v2\/posts\/15141","targetHints":{"allow":["GET"]}}],"collection":[{"href":"https:\/\/www.grieta.org.mx\/index.php\/wp-json\/wp\/v2\/posts"}],"about":[{"href":"https:\/\/www.grieta.org.mx\/index.php\/wp-json\/wp\/v2\/types\/post"}],"author":[{"embeddable":true,"href":"https:\/\/www.grieta.org.mx\/index.php\/wp-json\/wp\/v2\/users\/2"}],"replies":[{"embeddable":true,"href":"https:\/\/www.grieta.org.mx\/index.php\/wp-json\/wp\/v2\/comments?post=15141"}],"version-history":[{"count":1,"href":"https:\/\/www.grieta.org.mx\/index.php\/wp-json\/wp\/v2\/posts\/15141\/revisions"}],"predecessor-version":[{"id":28647,"href":"https:\/\/www.grieta.org.mx\/index.php\/wp-json\/wp\/v2\/posts\/15141\/revisions\/28647"}],"wp:featuredmedia":[{"embeddable":true,"href":"https:\/\/www.grieta.org.mx\/index.php\/wp-json\/wp\/v2\/media\/28649"}],"wp:attachment":[{"href":"https:\/\/www.grieta.org.mx\/index.php\/wp-json\/wp\/v2\/media?parent=15141"}],"wp:term":[{"taxonomy":"category","embeddable":true,"href":"https:\/\/www.grieta.org.mx\/index.php\/wp-json\/wp\/v2\/categories?post=15141"},{"taxonomy":"post_tag","embeddable":true,"href":"https:\/\/www.grieta.org.mx\/index.php\/wp-json\/wp\/v2\/tags?post=15141"}],"curies":[{"name":"wp","href":"https:\/\/api.w.org\/{rel}","templated":true}]}}