{"id":15132,"date":"2016-06-24T00:25:17","date_gmt":"2016-06-24T00:25:17","guid":{"rendered":"http:\/\/www.grieta.org.mx\/?p=15132"},"modified":"2018-07-08T17:57:11","modified_gmt":"2018-07-08T22:57:11","slug":"respaldan-medicos-de-tehuacan-protestas-de-homologos-en-puebla","status":"publish","type":"post","link":"https:\/\/www.grieta.org.mx\/index.php\/2016\/06\/24\/respaldan-medicos-de-tehuacan-protestas-de-homologos-en-puebla\/","title":{"rendered":"Respaldan m\u00e9dicos de Tehuac\u00e1n protestas de hom\u00f3logos en Puebla"},"content":{"rendered":"<p><img loading=\"lazy\" decoding=\"async\" data-attachment-id=\"15133\" data-permalink=\"https:\/\/www.grieta.org.mx\/index.php\/2016\/06\/24\/respaldan-medicos-de-tehuacan-protestas-de-homologos-en-puebla\/medicos-tehuacan\/\" data-orig-file=\"https:\/\/www.grieta.org.mx\/wp-content\/uploads\/2016\/06\/medicos-tehuacan.jpg\" data-orig-size=\"640,426\" data-comments-opened=\"0\" data-image-meta=\"{&quot;aperture&quot;:&quot;0&quot;,&quot;credit&quot;:&quot;&quot;,&quot;camera&quot;:&quot;&quot;,&quot;caption&quot;:&quot;&quot;,&quot;created_timestamp&quot;:&quot;0&quot;,&quot;copyright&quot;:&quot;&quot;,&quot;focal_length&quot;:&quot;0&quot;,&quot;iso&quot;:&quot;0&quot;,&quot;shutter_speed&quot;:&quot;0&quot;,&quot;title&quot;:&quot;&quot;,&quot;orientation&quot;:&quot;0&quot;}\" data-image-title=\"medicos-tehuacan\" data-image-description=\"\" data-image-caption=\"\" data-medium-file=\"https:\/\/www.grieta.org.mx\/wp-content\/uploads\/2016\/06\/medicos-tehuacan-300x200.jpg\" data-large-file=\"https:\/\/www.grieta.org.mx\/wp-content\/uploads\/2016\/06\/medicos-tehuacan.jpg\" src=\"http:\/\/www.grieta.org.mx\/wp-content\/uploads\/2016\/06\/medicos-tehuacan.jpg\" alt=\"medicos-tehuacan\" width=\"640\" height=\"426\" class=\"aligncenter size-full wp-image-15133\" srcset=\"https:\/\/www.grieta.org.mx\/wp-content\/uploads\/2016\/06\/medicos-tehuacan.jpg 640w, https:\/\/www.grieta.org.mx\/wp-content\/uploads\/2016\/06\/medicos-tehuacan-300x200.jpg 300w\" sizes=\"auto, (max-width: 640px) 100vw, 640px\" \/><\/p>\n<p>Por Enrique Hern\u00e1ndez<\/p>\n<p>Tehuac\u00e1n, Pue.- La Sociedad M\u00e9dica de Tehuac\u00e1n manifest\u00f3 apoyo a sus hom\u00f3logos en Puebla, quienes esta semana realizaron una marcha en la capital del Estado para exigir mejores condiciones laborales, inform\u00f3 el presidente del gremio, Jos\u00e9 Antonio Ponce de la Fuente.<\/p>\n<p>Coincidi\u00f3 en que es necesario concientizar al gobierno sobre la falta de medicamentos, instalaciones y otros bienes necesarios para desarrollar sus actividades en favor de la salud de los pacientes.<\/p>\n<p>Declar\u00f3 que reunir a las \u00e1reas de salud en un solo esquema ocasionar\u00e1 que se saturen los consultorios m\u00e9dicos, por lo que los m\u00e9dicos no tendr\u00edan el tiempo suficiente para estudiar a detalle los padecimientos de sus pacientes.<\/p>\n<p>Adem\u00e1s, dijo, habr\u00e1 reducci\u00f3n de los padecimientos que ser\u00e1n atendidos por el esquema de salud gubernamental, como es el caso de las enfermedades cr\u00f3nico degenerativas como la diabetes, c\u00e1ncer, padecimientos reum\u00e1ticos y otros m\u00e1s.<\/p>\n<p>Por \u00faltimo, coment\u00f3 que el Estado es el encargado de proporcionar gratuitamente los servicios de educaci\u00f3n, transporte, seguridad y salud, sin embargo, en el caso de este \u00faltimo es la reducci\u00f3n del presupuesto lo que causa un decremento de los insumos y por consecuencia calidad en la atenci\u00f3n hospitalaria de los pacientes.<\/p>\n<p><a href=\"http:\/\/municipiospuebla.mx\/nota\/2016-06-24\/tehuac\u00e1n\/respaldan-m\u00e9dicos-de-tehuac\u00e1n-protestas-de-hom\u00f3logos-en-puebla\">http:\/\/municipiospuebla.mx\/nota\/2016-06-24\/tehuac\u00e1n\/respaldan-m\u00e9dicos-de-tehuac\u00e1n-protestas-de-hom\u00f3logos-en-puebla<\/a><\/p>\n","protected":false},"excerpt":{"rendered":"<p>Por Enrique Hern\u00e1ndez Tehuac\u00e1n, Pue.- La Sociedad M\u00e9dica de Tehuac\u00e1n manifest\u00f3 apoyo a sus hom\u00f3logos en Puebla, quienes esta semana realizaron una marcha en la capital del Estado para exigir &hellip; <a href=\"https:\/\/www.grieta.org.mx\/index.php\/2016\/06\/24\/respaldan-medicos-de-tehuacan-protestas-de-homologos-en-puebla\/\" class=\"more-link\">Leer m\u00e1s<\/a><\/p>\n","protected":false},"author":2,"featured_media":15133,"comment_status":"closed","ping_status":"closed","sticky":false,"template":"","format":"standard","meta":{"ngg_post_thumbnail":0,"_jetpack_newsletter_access":"","_jetpack_dont_email_post_to_subs":false,"_jetpack_newsletter_tier_id":0,"_jetpack_memberships_contains_paywalled_content":false,"_jetpack_memberships_contains_paid_content":false,"footnotes":""},"categories":[80,1247,2,26],"tags":[747],"class_list":["post-15132","post","type-post","status-publish","format-standard","has-post-thumbnail","hentry","category-cintillo","category-movilizaciones-contra-reforma-al-sector-y-privatizacion-de-la-salud-en-puebla","category-noticias-nacionales","category-puebla","tag-movilizaciones-medicos","entry"],"jetpack_featured_media_url":"https:\/\/www.grieta.org.mx\/wp-content\/uploads\/2016\/06\/medicos-tehuacan.jpg","jetpack_sharing_enabled":true,"jetpack_shortlink":"https:\/\/wp.me\/p7ZJR4-3W4","jetpack_likes_enabled":false,"jetpack-related-posts":[{"id":32604,"url":"https:\/\/www.grieta.org.mx\/index.php\/2019\/04\/21\/32604\/","url_meta":{"origin":15132,"position":0},"title":"Dejan sin medicamento a pacientes con VIH en Tehuac\u00e1n (Puebla)","author":"grieta","date":"21 abril, 2019","format":false,"excerpt":"Tehuac\u00e1n, Pue.-Pacientes que padecen VIH se encuentran en incertidumbre de cu\u00e1l ser\u00e1 el seguimiento sus tratamientos debido a que desde finales del a\u00f1o pasado no se ha dado las dosis correspondientes a ese programa y existe una situaci\u00f3n de desabasto en medicamentos, lo cual pone en riesgo la vida de\u2026","rel":"","context":"En &quot;CINTILLO&quot;","block_context":{"text":"CINTILLO","link":"https:\/\/www.grieta.org.mx\/index.php\/category\/cintillo\/"},"img":{"alt_text":"","src":"https:\/\/i0.wp.com\/www.grieta.org.mx\/wp-content\/uploads\/2019\/04\/vihveracruz.jpg?resize=350%2C200&ssl=1","width":350,"height":200,"srcset":"https:\/\/i0.wp.com\/www.grieta.org.mx\/wp-content\/uploads\/2019\/04\/vihveracruz.jpg?resize=350%2C200&ssl=1 1x, https:\/\/i0.wp.com\/www.grieta.org.mx\/wp-content\/uploads\/2019\/04\/vihveracruz.jpg?resize=525%2C300&ssl=1 1.5x, https:\/\/i0.wp.com\/www.grieta.org.mx\/wp-content\/uploads\/2019\/04\/vihveracruz.jpg?resize=700%2C400&ssl=1 2x, https:\/\/i0.wp.com\/www.grieta.org.mx\/wp-content\/uploads\/2019\/04\/vihveracruz.jpg?resize=1050%2C600&ssl=1 3x, https:\/\/i0.wp.com\/www.grieta.org.mx\/wp-content\/uploads\/2019\/04\/vihveracruz.jpg?resize=1400%2C800&ssl=1 4x"},"classes":[]},{"id":56824,"url":"https:\/\/www.grieta.org.mx\/index.php\/2021\/01\/29\/soy-trabajador-del-imss-puebla-y-no-me-han-vacunado\/","url_meta":{"origin":15132,"position":1},"title":"&#8220;Soy trabajador del IMSS-Puebla y no me han vacunado&#8221;","author":"Admin","date":"29 enero, 2021","format":false,"excerpt":"Gabriela Hern\u00e1ndez \/ Proceso PUEBLA, Pue. (apro).- Trabajadores del Hospital de Traumatolog\u00eda y Ortopedia de esta capital, as\u00ed como de las cl\u00ednicas 9 y 30 de Tehuac\u00e1n, pertenecientes al Instituto Mexicano del Seguro Social (IMSS), realizaron hoy una manifestaci\u00f3n virtual porque no fueron incluidos en la primera fase de vacunaci\u00f3n\u2026","rel":"","context":"En &quot;CINTILLO&quot;","block_context":{"text":"CINTILLO","link":"https:\/\/www.grieta.org.mx\/index.php\/category\/cintillo\/"},"img":{"alt_text":"","src":"https:\/\/i0.wp.com\/www.grieta.org.mx\/wp-content\/uploads\/2021\/02\/f800x450-129272_180718_5050.jpg?resize=350%2C200&ssl=1","width":350,"height":200,"srcset":"https:\/\/i0.wp.com\/www.grieta.org.mx\/wp-content\/uploads\/2021\/02\/f800x450-129272_180718_5050.jpg?resize=350%2C200&ssl=1 1x, https:\/\/i0.wp.com\/www.grieta.org.mx\/wp-content\/uploads\/2021\/02\/f800x450-129272_180718_5050.jpg?resize=525%2C300&ssl=1 1.5x, https:\/\/i0.wp.com\/www.grieta.org.mx\/wp-content\/uploads\/2021\/02\/f800x450-129272_180718_5050.jpg?resize=700%2C400&ssl=1 2x"},"classes":[]},{"id":19027,"url":"https:\/\/www.grieta.org.mx\/index.php\/2016\/08\/04\/campesinos-bloquean-carretera-federal-puebla-tehuacan\/","url_meta":{"origin":15132,"position":2},"title":"Campesinos bloquean carretera federal Puebla-Tehuac\u00e1n","author":"grieta","date":"4 agosto, 2016","format":false,"excerpt":"Por Karina V\u00e9lez Tecamachalco, Pue.- Campesinos de la regi\u00f3n, integrantes de los 5 m\u00f3dulos de Riego del Distrito 030 de Valsequillo mantienen bloqueada la carretera federal Puebla-Tehuac\u00e1n a la altura del barrio de San Juan Tecamachalco, para exigir que se reabran las compuertas del dren de Valsequillo, ya que cerca\u2026","rel":"","context":"En &quot;CINTILLO&quot;","block_context":{"text":"CINTILLO","link":"https:\/\/www.grieta.org.mx\/index.php\/category\/cintillo\/"},"img":{"alt_text":"","src":"https:\/\/i0.wp.com\/www.grieta.org.mx\/wp-content\/uploads\/2018\/03\/14524434_1106112876131411_958039263622046936_o.jpg?resize=350%2C200&ssl=1","width":350,"height":200,"srcset":"https:\/\/i0.wp.com\/www.grieta.org.mx\/wp-content\/uploads\/2018\/03\/14524434_1106112876131411_958039263622046936_o.jpg?resize=350%2C200&ssl=1 1x, https:\/\/i0.wp.com\/www.grieta.org.mx\/wp-content\/uploads\/2018\/03\/14524434_1106112876131411_958039263622046936_o.jpg?resize=525%2C300&ssl=1 1.5x, https:\/\/i0.wp.com\/www.grieta.org.mx\/wp-content\/uploads\/2018\/03\/14524434_1106112876131411_958039263622046936_o.jpg?resize=700%2C400&ssl=1 2x"},"classes":[]},{"id":28142,"url":"https:\/\/www.grieta.org.mx\/index.php\/2019\/01\/07\/relleno-sanitario-contamina-la-biosfera-tehuacan-cuicatlan-puebla\/","url_meta":{"origin":15132,"position":3},"title":"Relleno sanitario contamina la Bi\u00f3sfera Tehuac\u00e1n-Cuicatl\u00e1n (Puebla)","author":"grieta","date":"7 enero, 2019","format":false,"excerpt":"Municipios Puebla Tehuac\u00e1n, Pue.- Habitantes de Santa Mar\u00eda Coapan se oponen a que el relleno sanitario siga operando por ser un foco de contaminaci\u00f3n, dio a conocer el alcalde subalterno de esta localidad, Miguel \u00c1ngel Flores Albino. Denunci\u00f3 que la ex presidenta municipal, Ernestina Fern\u00e1ndez M\u00e9ndez, extendi\u00f3 a m\u00e1s de\u2026","rel":"","context":"En &quot;CINTILLO&quot;","block_context":{"text":"CINTILLO","link":"https:\/\/www.grieta.org.mx\/index.php\/category\/cintillo\/"},"img":{"alt_text":"","src":"https:\/\/i0.wp.com\/www.grieta.org.mx\/wp-content\/uploads\/2019\/01\/reserva_3.jpg?resize=350%2C200&ssl=1","width":350,"height":200,"srcset":"https:\/\/i0.wp.com\/www.grieta.org.mx\/wp-content\/uploads\/2019\/01\/reserva_3.jpg?resize=350%2C200&ssl=1 1x, https:\/\/i0.wp.com\/www.grieta.org.mx\/wp-content\/uploads\/2019\/01\/reserva_3.jpg?resize=525%2C300&ssl=1 1.5x, https:\/\/i0.wp.com\/www.grieta.org.mx\/wp-content\/uploads\/2019\/01\/reserva_3.jpg?resize=700%2C400&ssl=1 2x"},"classes":[]},{"id":55872,"url":"https:\/\/www.grieta.org.mx\/index.php\/2020\/12\/10\/bloquean-carretera-tehuacan-teotitlan-por-falta-de-respuesta-sobre-avionetas-anti-lluvia-puebla\/","url_meta":{"origin":15132,"position":4},"title":"Bloquean carretera Tehuac\u00e1n-Teotitl\u00e1n por falta de respuesta sobre avionetas anti-lluvia (Puebla)","author":"Admin","date":"10 diciembre, 2020","format":false,"excerpt":"Yomara Pacheco \/ Municipios Puebla Los campesinos aseguran que el sobre vuelo de estas avionetas ha afectado a sus cosechas Bloquean carretera Tehuac\u00e1n-Teotitl\u00e1n por falta de respuesta sobre avionetas anti-lluvia Tehuac\u00e1n, Pue.-M\u00e1s de 200 integrantes del Movimiento de Autogesti\u00f3n Social Campesino Ind\u00edgena Popular (MASCIP), bloquearon por varias horas la carretera\u2026","rel":"","context":"En &quot;CINTILLO&quot;","block_context":{"text":"CINTILLO","link":"https:\/\/www.grieta.org.mx\/index.php\/category\/cintillo\/"},"img":{"alt_text":"","src":"https:\/\/i0.wp.com\/www.grieta.org.mx\/wp-content\/uploads\/2020\/12\/manis.jpg?resize=350%2C200&ssl=1","width":350,"height":200,"srcset":"https:\/\/i0.wp.com\/www.grieta.org.mx\/wp-content\/uploads\/2020\/12\/manis.jpg?resize=350%2C200&ssl=1 1x, https:\/\/i0.wp.com\/www.grieta.org.mx\/wp-content\/uploads\/2020\/12\/manis.jpg?resize=525%2C300&ssl=1 1.5x, https:\/\/i0.wp.com\/www.grieta.org.mx\/wp-content\/uploads\/2020\/12\/manis.jpg?resize=700%2C400&ssl=1 2x"},"classes":[]},{"id":15162,"url":"https:\/\/www.grieta.org.mx\/index.php\/2016\/06\/22\/cerca-de-dos-mil-medicos-y-enfermeras-protestaron-en-puebla\/","url_meta":{"origin":15132,"position":5},"title":"Cerca de dos mil m\u00e9dicos y enfermeras protestaron en Puebla","author":"grieta","date":"22 junio, 2016","format":false,"excerpt":"Por Edgar \u00c1vila M\u00e9dicos y enfermeras, con el apoyo de estudiantes universitarios afines, marcharon por el centro de la ciudad de Puebla para sumarse a la jornada nacional de protesta. Cerca de dos mil personas encabezaron la manifestaci\u00f3n que inicio en dos puntos de la ciudad, la primera de ellas\u2026","rel":"","context":"En &quot;CINTILLO&quot;","block_context":{"text":"CINTILLO","link":"https:\/\/www.grieta.org.mx\/index.php\/category\/cintillo\/"},"img":{"alt_text":"","src":"https:\/\/i0.wp.com\/www.grieta.org.mx\/wp-content\/uploads\/2016\/06\/w704-11.jpg?resize=350%2C200&ssl=1","width":350,"height":200,"srcset":"https:\/\/i0.wp.com\/www.grieta.org.mx\/wp-content\/uploads\/2016\/06\/w704-11.jpg?resize=350%2C200&ssl=1 1x, https:\/\/i0.wp.com\/www.grieta.org.mx\/wp-content\/uploads\/2016\/06\/w704-11.jpg?resize=525%2C300&ssl=1 1.5x"},"classes":[]}],"_links":{"self":[{"href":"https:\/\/www.grieta.org.mx\/index.php\/wp-json\/wp\/v2\/posts\/15132","targetHints":{"allow":["GET"]}}],"collection":[{"href":"https:\/\/www.grieta.org.mx\/index.php\/wp-json\/wp\/v2\/posts"}],"about":[{"href":"https:\/\/www.grieta.org.mx\/index.php\/wp-json\/wp\/v2\/types\/post"}],"author":[{"embeddable":true,"href":"https:\/\/www.grieta.org.mx\/index.php\/wp-json\/wp\/v2\/users\/2"}],"replies":[{"embeddable":true,"href":"https:\/\/www.grieta.org.mx\/index.php\/wp-json\/wp\/v2\/comments?post=15132"}],"version-history":[{"count":1,"href":"https:\/\/www.grieta.org.mx\/index.php\/wp-json\/wp\/v2\/posts\/15132\/revisions"}],"predecessor-version":[{"id":15134,"href":"https:\/\/www.grieta.org.mx\/index.php\/wp-json\/wp\/v2\/posts\/15132\/revisions\/15134"}],"wp:featuredmedia":[{"embeddable":true,"href":"https:\/\/www.grieta.org.mx\/index.php\/wp-json\/wp\/v2\/media\/15133"}],"wp:attachment":[{"href":"https:\/\/www.grieta.org.mx\/index.php\/wp-json\/wp\/v2\/media?parent=15132"}],"wp:term":[{"taxonomy":"category","embeddable":true,"href":"https:\/\/www.grieta.org.mx\/index.php\/wp-json\/wp\/v2\/categories?post=15132"},{"taxonomy":"post_tag","embeddable":true,"href":"https:\/\/www.grieta.org.mx\/index.php\/wp-json\/wp\/v2\/tags?post=15132"}],"curies":[{"name":"wp","href":"https:\/\/api.w.org\/{rel}","templated":true}]}}