{"id":1512,"date":"2016-01-25T21:47:27","date_gmt":"2016-01-25T21:47:27","guid":{"rendered":"http:\/\/50.22.11.12\/~grietaor\/?p=1512"},"modified":"2016-03-07T21:50:05","modified_gmt":"2016-03-07T21:50:05","slug":"sale-de-la-carcel-primer-preso-politico-del-sexenio-de-alito","status":"publish","type":"post","link":"https:\/\/www.grieta.org.mx\/index.php\/2016\/01\/25\/sale-de-la-carcel-primer-preso-politico-del-sexenio-de-alito\/","title":{"rendered":"Sale de la c\u00e1rcel primer preso pol\u00edtico del sexenio de \u201cAlito\u201d"},"content":{"rendered":"<p>El l\u00edder campesino de Lerma, Pedro Celestino May, tuvo que declararse culpable y dar una disculpa p\u00fablica a la compa\u00f1\u00eda que lo demand\u00f3.<\/p>\n<p>Por Daniel S\u00e1nchez<\/p>\n<p>CAMPECHE, Cam. 24 de enero del 2016.- El autodeclarado primer preso pol\u00edtico del sexenio del ileg\u00edtimo y espurio Alejandro Moreno C\u00e1rdenas, Pedro Celestino May Can, fue dejado en libertad, luego de declararse culpable, ser sentenciado, mediante procedimiento abreviado, por el delito de despojo, y obligado a dar una disculpa p\u00fablica a la empresa Campechana de Veh\u00edculos que lo hab\u00eda demandado.<\/p>\n<p>El l\u00edder campesino de Lerma fue sentenciado por el juez de Control a tres a\u00f1os de prisi\u00f3n y al pago de una multa de 100 d\u00edas de salario m\u00ednimo, as\u00ed como la suspensi\u00f3n de sus derechos pol\u00edticos por el tiempo que compurga su condena, a ra\u00edz de la denuncia penal presentada por Rafael Selem Ferrer, pariente de la esposa del amigo y socio de Moreno C\u00e1rdenas, Federico Echeverr\u00eda Lanz.<\/p>\n<p>La Fiscal\u00eda General del Estado, a cargo de Juan Manuel Herrera Campos, se apresur\u00f3 a emitir un comunicado, en el que da a conocer la sentencia a May Can, quien abandon\u00f3 el Centro de Reinserci\u00f3n Social de San Francisco Kob\u00e9n, la tarde del viernes.<\/p>\n<p>La dependencia estatal manifest\u00f3 que \u201cde acuerdo al expediente C.I-2-2015-542, el viernes 22, en la sala \u201cFederaci\u00f3n\u201d del Centro de Reinserci\u00f3n Social ubicado en el poblado de San Francisco Kob\u00e9n, Campeche, se llev\u00f3 a cabo dicha audiencia, donde el imputado admiti\u00f3 la responsabilidad por el delito de despojo, con la agravante de ser dirigente de invasi\u00f3n, y renunci\u00f3 a ser procesado por Juicio Oral\u201d.<\/p>\n<p>\u201cDe igual forma, realiz\u00f3 una disculpa p\u00fablica por los hechos que motivaron este proceso, asimismo se comprometi\u00f3 a no volver a repetir los hechos por los cuales fue acusado, no molestar de ninguna forma f\u00edsica a los representantes de una empresa automotriz, ni mucho menos las propiedad de dicha empresa\u201d, agreg\u00f3.<\/p>\n<p>\u201cEn este contexto, el juez de Control dict\u00f3 el fallo condenatorio a May Can, al considerarlo plenamente responsable del delito de despojo; sin embargo, el hoy sentenciado alcanz\u00f3 el beneficio de condena condicional en libertad, por lo que el viernes abandon\u00f3 el Centro de Reinserci\u00f3n Social de San Francisco Kob\u00e9n\u201d, puntualiz\u00f3.<\/p>\n<p>Pedro Celestino May es el dirigente del Movimiento Tierra y Libertad y encabeza la creaci\u00f3n de un nuevo asentamiento humano en el poblado de Lerma, denominado \u201cTierra y Justicia\u201d, y fue quien mantuvo un litigio con la familia del fallecido ex secretario de Gobernaci\u00f3n, Juan Camilo Mouri\u00f1o Terrazo, por la compra ilegal de las tierras ejidales para construir el complejo residencial tur\u00edstico Campeche Country Club.<\/p>\n<p>El luchador social fue apresado en octubre y a propuesta de la Fiscal\u00eda, fue encarcelado preventivamente durante cuatro meses, por la denuncia de Selem Ferrer, por la acusaci\u00f3n de despojarlo de bien inmueble, espec\u00edficamente de la entrada a la nueva colonia popular.<\/p>\n<p>May Can present\u00f3 una queja ante la Comisi\u00f3n de Derechos Humanos del Estado de Campeche (CDHEC) y ante la Fiscal\u00eda General del Estado, y solicit\u00f3 un amparo contra su reclusi\u00f3n ante la justicia federal, pero hasta ahora, sus denuncias no han procedido.<\/p>\n<p><a href=\"http:\/\/paginabierta.mx\/sitio\/sale-de-la-carcel-primer-preso-politico-del-sexenio-de-alito\/\" target=\"_blank\">http:\/\/paginabierta.mx\/sitio\/sale-de-la-carcel-primer-preso-politico-del-sexenio-de-alito\/<\/a><\/p>\n","protected":false},"excerpt":{"rendered":"<p>El l\u00edder campesino de Lerma, Pedro Celestino May, tuvo que declararse culpable y dar una disculpa p\u00fablica a la compa\u00f1\u00eda que lo demand\u00f3. Por Daniel S\u00e1nchez CAMPECHE, Cam. 24 de &hellip; <a href=\"https:\/\/www.grieta.org.mx\/index.php\/2016\/01\/25\/sale-de-la-carcel-primer-preso-politico-del-sexenio-de-alito\/\" class=\"more-link\">Leer m\u00e1s<\/a><\/p>\n","protected":false},"author":2,"featured_media":21928,"comment_status":"closed","ping_status":"open","sticky":false,"template":"","format":"standard","meta":{"ngg_post_thumbnail":0,"_jetpack_newsletter_access":"","_jetpack_dont_email_post_to_subs":false,"_jetpack_newsletter_tier_id":0,"_jetpack_memberships_contains_paywalled_content":false,"_jetpack_memberships_contains_paid_content":false,"footnotes":""},"categories":[123,80],"tags":[184,131],"class_list":["post-1512","post","type-post","status-publish","format-standard","has-post-thumbnail","hentry","category-campeche","category-cintillo","tag-despojo","tag-presos-politicos","entry"],"jetpack_featured_media_url":"https:\/\/www.grieta.org.mx\/wp-content\/uploads\/2018\/03\/14524434_1106112876131411_958039263622046936_o.jpg","jetpack_sharing_enabled":true,"jetpack_shortlink":"https:\/\/wp.me\/p7ZJR4-oo","jetpack_likes_enabled":false,"jetpack-related-posts":[{"id":1497,"url":"https:\/\/www.grieta.org.mx\/index.php\/2016\/01\/28\/reprimen-a-lider-campesino-por-oponerse-a-proyecto-inmobiliario-en-campeche\/","url_meta":{"origin":1512,"position":0},"title":"Reprimen a l\u00edder campesino por oponerse a proyecto inmobiliario en Campeche","author":"grieta","date":"28 enero, 2016","format":false,"excerpt":"28\/01\/16. \u201cPara la ley, acept\u00f3 ser culpable, pero la verdad hist\u00f3rica es diferente\u201d P\u00e1gin@bierta 25\/01\/16. Sale de la c\u00e1rcel primer preso pol\u00edtico del sexenio de \u201cAlito\u201d P\u00e1gin@bierta 20\/11\/15. \u201cMi encarcelamiento pago de una factura pol\u00edtica a Mouri\u00f1o\u201d: Celestino May Proceso 03\/10\/15. Campeche: arrestan de nuevo a l\u00edder campesino La Jornada\u2026","rel":"","context":"En &quot;Campeche&quot;","block_context":{"text":"Campeche","link":"https:\/\/www.grieta.org.mx\/index.php\/category\/noticias-nacionales\/campeche\/"},"img":{"alt_text":"","src":"https:\/\/i0.wp.com\/www.grieta.org.mx\/wp-content\/uploads\/2018\/03\/14524434_1106112876131411_958039263622046936_o.jpg?resize=350%2C200&ssl=1","width":350,"height":200,"srcset":"https:\/\/i0.wp.com\/www.grieta.org.mx\/wp-content\/uploads\/2018\/03\/14524434_1106112876131411_958039263622046936_o.jpg?resize=350%2C200&ssl=1 1x, https:\/\/i0.wp.com\/www.grieta.org.mx\/wp-content\/uploads\/2018\/03\/14524434_1106112876131411_958039263622046936_o.jpg?resize=525%2C300&ssl=1 1.5x, https:\/\/i0.wp.com\/www.grieta.org.mx\/wp-content\/uploads\/2018\/03\/14524434_1106112876131411_958039263622046936_o.jpg?resize=700%2C400&ssl=1 2x"},"classes":[]},{"id":1498,"url":"https:\/\/www.grieta.org.mx\/index.php\/2015\/11\/20\/mi-encarcelamiento-pago-de-una-factura-politica-a-mourino-celestino-may\/","url_meta":{"origin":1512,"position":1},"title":"\u201cMi encarcelamiento pago de una factura pol\u00edtica a Mouri\u00f1o\u201d: Celestino May","author":"grieta","date":"20 noviembre, 2015","format":false,"excerpt":"Rosa Santana 20 de noviembre de 2015 Proceso CAMPECHE, Camp. (apro).- El l\u00edder campesino Pedro Celestino May Can, recluido desde hace m\u00e1s de un mes en el penal de Kob\u00e9n, acusado de despojo, se declar\u00f3 \u201cpreso pol\u00edtico\u201d y denunci\u00f3 que su encarcelamiento es el pago de una \u201cfactura pol\u00edtica\u201d del\u2026","rel":"","context":"En &quot;campeche&quot;","block_context":{"text":"campeche","link":"https:\/\/www.grieta.org.mx\/index.php\/category\/campeche\/"},"img":{"alt_text":"","src":"https:\/\/i0.wp.com\/www.grieta.org.mx\/wp-content\/uploads\/2018\/03\/14524434_1106112876131411_958039263622046936_o.jpg?resize=350%2C200&ssl=1","width":350,"height":200,"srcset":"https:\/\/i0.wp.com\/www.grieta.org.mx\/wp-content\/uploads\/2018\/03\/14524434_1106112876131411_958039263622046936_o.jpg?resize=350%2C200&ssl=1 1x, https:\/\/i0.wp.com\/www.grieta.org.mx\/wp-content\/uploads\/2018\/03\/14524434_1106112876131411_958039263622046936_o.jpg?resize=525%2C300&ssl=1 1.5x, https:\/\/i0.wp.com\/www.grieta.org.mx\/wp-content\/uploads\/2018\/03\/14524434_1106112876131411_958039263622046936_o.jpg?resize=700%2C400&ssl=1 2x"},"classes":[]},{"id":1518,"url":"https:\/\/www.grieta.org.mx\/index.php\/2016\/01\/28\/para-la-ley-acepto-ser-culpable-pero-la-verdad-historica-es-diferente\/","url_meta":{"origin":1512,"position":2},"title":"\u201cPara la ley, acept\u00f3 ser culpable, pero la verdad hist\u00f3rica es diferente\u201d","author":"grieta","date":"28 enero, 2016","format":false,"excerpt":"Edwin Trejo, abogado del \u201cprimer preso pol\u00edtico\u201d de \u201cAlito\u201d, Pedro Celestino May, revela que la Fiscal\u00eda fue la que propuso el acuerdo para liberarlo, en un intento de redenci\u00f3n p\u00fablica y medi\u00e1tica. Por Ronny Aguilar CAMPECHE, Cam. 27 de enero del 2016.- Edwin Trejo Guti\u00e9rrez, abogado defensor del l\u00edder campesino\u2026","rel":"","context":"En &quot;campeche&quot;","block_context":{"text":"campeche","link":"https:\/\/www.grieta.org.mx\/index.php\/category\/campeche\/"},"img":{"alt_text":"","src":"https:\/\/i0.wp.com\/www.grieta.org.mx\/wp-content\/uploads\/2018\/03\/14524434_1106112876131411_958039263622046936_o.jpg?resize=350%2C200&ssl=1","width":350,"height":200,"srcset":"https:\/\/i0.wp.com\/www.grieta.org.mx\/wp-content\/uploads\/2018\/03\/14524434_1106112876131411_958039263622046936_o.jpg?resize=350%2C200&ssl=1 1x, https:\/\/i0.wp.com\/www.grieta.org.mx\/wp-content\/uploads\/2018\/03\/14524434_1106112876131411_958039263622046936_o.jpg?resize=525%2C300&ssl=1 1.5x, https:\/\/i0.wp.com\/www.grieta.org.mx\/wp-content\/uploads\/2018\/03\/14524434_1106112876131411_958039263622046936_o.jpg?resize=700%2C400&ssl=1 2x"},"classes":[]},{"id":1506,"url":"https:\/\/www.grieta.org.mx\/index.php\/2015\/09\/24\/detienen-a-lider-ejidal-en-campeche-por-presunto-despojo-de-bien-inmueble\/","url_meta":{"origin":1512,"position":3},"title":"Detienen a l\u00edder ejidal en Campeche por presunto \u201cdespojo de bien inmueble\u201d","author":"grieta","date":"24 septiembre, 2015","format":false,"excerpt":"CAMPECHE, Camp., (apro).- El presidente del Movimiento Campesino Tierra y Justicia de Lerma, Pedro Celestino May Can, y tres integrantes de esa agrupaci\u00f3n fueron acusados y detenidos por despojo de bien inmueble. La detenci\u00f3n se dio en el contexto de la disputa por unos terrenos del ejido Lerma, donde se\u2026","rel":"","context":"En &quot;campeche&quot;","block_context":{"text":"campeche","link":"https:\/\/www.grieta.org.mx\/index.php\/category\/campeche\/"},"img":{"alt_text":"","src":"https:\/\/i0.wp.com\/www.grieta.org.mx\/wp-content\/uploads\/2018\/03\/14524434_1106112876131411_958039263622046936_o.jpg?resize=350%2C200&ssl=1","width":350,"height":200,"srcset":"https:\/\/i0.wp.com\/www.grieta.org.mx\/wp-content\/uploads\/2018\/03\/14524434_1106112876131411_958039263622046936_o.jpg?resize=350%2C200&ssl=1 1x, https:\/\/i0.wp.com\/www.grieta.org.mx\/wp-content\/uploads\/2018\/03\/14524434_1106112876131411_958039263622046936_o.jpg?resize=525%2C300&ssl=1 1.5x, https:\/\/i0.wp.com\/www.grieta.org.mx\/wp-content\/uploads\/2018\/03\/14524434_1106112876131411_958039263622046936_o.jpg?resize=700%2C400&ssl=1 2x"},"classes":[]},{"id":1502,"url":"https:\/\/www.grieta.org.mx\/index.php\/2015\/10\/03\/campeche-arrestan-de-nuevo-a-lider-campesino\/","url_meta":{"origin":1512,"position":4},"title":"Campeche: arrestan de nuevo a l\u00edder campesino","author":"grieta","date":"3 octubre, 2015","format":false,"excerpt":"El l\u00edder del Movimiento Campesino Tierra y Justicia, Pedro Celestino May Can, fue detenido por segunda vez en menos de una semana, acusado de despojar un bien inmueble. May Can fue apresado por primera vez el pasado 23 de septiembre pero un juez orden\u00f3 su libertad bajo fianza el d\u00eda\u2026","rel":"","context":"En &quot;campeche&quot;","block_context":{"text":"campeche","link":"https:\/\/www.grieta.org.mx\/index.php\/category\/campeche\/"},"img":{"alt_text":"","src":"https:\/\/i0.wp.com\/www.grieta.org.mx\/wp-content\/uploads\/2018\/03\/14524434_1106112876131411_958039263622046936_o.jpg?resize=350%2C200&ssl=1","width":350,"height":200,"srcset":"https:\/\/i0.wp.com\/www.grieta.org.mx\/wp-content\/uploads\/2018\/03\/14524434_1106112876131411_958039263622046936_o.jpg?resize=350%2C200&ssl=1 1x, https:\/\/i0.wp.com\/www.grieta.org.mx\/wp-content\/uploads\/2018\/03\/14524434_1106112876131411_958039263622046936_o.jpg?resize=525%2C300&ssl=1 1.5x, https:\/\/i0.wp.com\/www.grieta.org.mx\/wp-content\/uploads\/2018\/03\/14524434_1106112876131411_958039263622046936_o.jpg?resize=700%2C400&ssl=1 2x"},"classes":[]},{"id":1504,"url":"https:\/\/www.grieta.org.mx\/index.php\/2015\/09\/25\/liberan-a-lider-campesino-acusado-de-despojar-de-terrenos-a-la-familia-mourino\/","url_meta":{"origin":1512,"position":5},"title":"Liberan a l\u00edder campesino acusado de despojar de terrenos a la familia Mouri\u00f1o","author":"grieta","date":"25 septiembre, 2015","format":false,"excerpt":"CAMPECHE, Camp. (apro).- El Juzgado de Control orden\u00f3 esta tarde la libertad del l\u00edder campesino Celestino May, por considerar que su detenci\u00f3n, el pasado mi\u00e9rcoles 23, fue ilegal. El dirigente del movimiento Tierra y Justicia fue aprehendido junto con Jacqueline Palomo y sus hijos Abner y Pedro Natanael, acusados del\u2026","rel":"","context":"En &quot;campeche&quot;","block_context":{"text":"campeche","link":"https:\/\/www.grieta.org.mx\/index.php\/category\/campeche\/"},"img":{"alt_text":"","src":"https:\/\/i0.wp.com\/www.grieta.org.mx\/wp-content\/uploads\/2018\/03\/14524434_1106112876131411_958039263622046936_o.jpg?resize=350%2C200&ssl=1","width":350,"height":200,"srcset":"https:\/\/i0.wp.com\/www.grieta.org.mx\/wp-content\/uploads\/2018\/03\/14524434_1106112876131411_958039263622046936_o.jpg?resize=350%2C200&ssl=1 1x, https:\/\/i0.wp.com\/www.grieta.org.mx\/wp-content\/uploads\/2018\/03\/14524434_1106112876131411_958039263622046936_o.jpg?resize=525%2C300&ssl=1 1.5x, https:\/\/i0.wp.com\/www.grieta.org.mx\/wp-content\/uploads\/2018\/03\/14524434_1106112876131411_958039263622046936_o.jpg?resize=700%2C400&ssl=1 2x"},"classes":[]}],"_links":{"self":[{"href":"https:\/\/www.grieta.org.mx\/index.php\/wp-json\/wp\/v2\/posts\/1512","targetHints":{"allow":["GET"]}}],"collection":[{"href":"https:\/\/www.grieta.org.mx\/index.php\/wp-json\/wp\/v2\/posts"}],"about":[{"href":"https:\/\/www.grieta.org.mx\/index.php\/wp-json\/wp\/v2\/types\/post"}],"author":[{"embeddable":true,"href":"https:\/\/www.grieta.org.mx\/index.php\/wp-json\/wp\/v2\/users\/2"}],"replies":[{"embeddable":true,"href":"https:\/\/www.grieta.org.mx\/index.php\/wp-json\/wp\/v2\/comments?post=1512"}],"version-history":[{"count":1,"href":"https:\/\/www.grieta.org.mx\/index.php\/wp-json\/wp\/v2\/posts\/1512\/revisions"}],"predecessor-version":[{"id":1514,"href":"https:\/\/www.grieta.org.mx\/index.php\/wp-json\/wp\/v2\/posts\/1512\/revisions\/1514"}],"wp:featuredmedia":[{"embeddable":true,"href":"https:\/\/www.grieta.org.mx\/index.php\/wp-json\/wp\/v2\/media\/21928"}],"wp:attachment":[{"href":"https:\/\/www.grieta.org.mx\/index.php\/wp-json\/wp\/v2\/media?parent=1512"}],"wp:term":[{"taxonomy":"category","embeddable":true,"href":"https:\/\/www.grieta.org.mx\/index.php\/wp-json\/wp\/v2\/categories?post=1512"},{"taxonomy":"post_tag","embeddable":true,"href":"https:\/\/www.grieta.org.mx\/index.php\/wp-json\/wp\/v2\/tags?post=1512"}],"curies":[{"name":"wp","href":"https:\/\/api.w.org\/{rel}","templated":true}]}}