{"id":15083,"date":"2016-06-22T20:32:43","date_gmt":"2016-06-22T20:32:43","guid":{"rendered":"http:\/\/www.grieta.org.mx\/?p=15083"},"modified":"2016-06-26T20:34:45","modified_gmt":"2016-06-26T20:34:45","slug":"desplazados-en-guerrero-viven-en-el-olvido","status":"publish","type":"post","link":"https:\/\/www.grieta.org.mx\/index.php\/2016\/06\/22\/desplazados-en-guerrero-viven-en-el-olvido\/","title":{"rendered":"Desplazados en Guerrero, viven en el olvido"},"content":{"rendered":"<p>Familias desplazadas por la violencia en los \u00faltimos tres a\u00f1os en los municipios de Coyuca de Catal\u00e1n y Zitlala, ubicados en la regi\u00f3n de Tierra Caliente y Centro, est\u00e1n en el abandono por parte del gobierno estatal, lament\u00f3 la Red Guerrerense de Organismos Civiles de Derechos Humanos.<\/p>\n<p>En conferencia de prensa en el municipio de Chilpancingo, el secretario t\u00e9cnico de dicha Organizaci\u00f3n No Gubernamental (ONG), Manuel Olivares Hern\u00e1ndez dijo que a tres a\u00f1os del desplazamiento de m\u00e1s 15 familias de la comunidad de La Laguna, en Coyuca de Catal\u00e1n, a\u00fan no reciben atenci\u00f3n de las autoridades.<\/p>\n<p>Esos desplazados, agreg\u00f3, fueron ubicadas en localidades de Ayutla, municipio de la Costa Chica del estado, pero a\u00fan viven bajo condiciones de carencias<\/p>\n<p>Las familias huyeron de la comunidad de la Laguna por la violencia del crimen organizado, que dej\u00f3 a 30 personas asesinadas del 2005 al 2012.<\/p>\n<p>\u201cLos hechos provocaron que las familias huyeran. A pesar de que el gobierno ofreci\u00f3 apoyos en un inicio para las v\u00edctimas, en la actualidad se encuentran abandonados\u201d, afirm\u00f3 Olivares.<\/p>\n<p>Tambi\u00e9n acus\u00f3 que existe \u201cnegligencia\u201d institucional hac\u00eda los desplazados en la comunidad de Quetzalcoatl\u00e1n, municipio de Zitlala, en donde las familias huyeron tras el asesinato de \u201cvarios\u201d pobladores el 6 de enero de este a\u00f1o<\/p>\n<p>\u201cM\u00e1s de 12 familias que hab\u00edan abandonado el pueblo tuvieron que volver pero no cuentan con servicios de salud y educativos; est\u00e1n abandonados\u201d, reproch\u00f3 el luchador social<\/p>\n<p>En este contexto asegur\u00f3 que contrario a lo dicho por el gobierno estatal, no todas las familias regresaron a sus comunidades, ante el temor que a\u00fan existe por el crimen organizado. Por lo que Manuel Olivares exhort\u00f3 al gobernador, H\u00e9ctor Astudillo Flores a que cumpla con la Ley 487 para Prevenci\u00f3n y Atenci\u00f3n de Desplazamiento Interno en Guerrero.<\/p>\n","protected":false},"excerpt":{"rendered":"<p>Familias desplazadas por la violencia en los \u00faltimos tres a\u00f1os en los municipios de Coyuca de Catal\u00e1n y Zitlala, ubicados en la regi\u00f3n de Tierra Caliente y Centro, est\u00e1n en &hellip; <a href=\"https:\/\/www.grieta.org.mx\/index.php\/2016\/06\/22\/desplazados-en-guerrero-viven-en-el-olvido\/\" class=\"more-link\">Leer m\u00e1s<\/a><\/p>\n","protected":false},"author":2,"featured_media":21928,"comment_status":"closed","ping_status":"closed","sticky":false,"template":"","format":"standard","meta":{"ngg_post_thumbnail":0,"_jetpack_newsletter_access":"","_jetpack_dont_email_post_to_subs":false,"_jetpack_newsletter_tier_id":0,"_jetpack_memberships_contains_paywalled_content":false,"_jetpack_memberships_contains_paid_content":false,"footnotes":""},"categories":[80,320],"tags":[749],"class_list":["post-15083","post","type-post","status-publish","format-standard","has-post-thumbnail","hentry","category-cintillo","category-guerrero","tag-deplazados-por-violencia","entry"],"jetpack_featured_media_url":"https:\/\/www.grieta.org.mx\/wp-content\/uploads\/2018\/03\/14524434_1106112876131411_958039263622046936_o.jpg","jetpack_sharing_enabled":true,"jetpack_shortlink":"https:\/\/wp.me\/p7ZJR4-3Vh","jetpack_likes_enabled":false,"jetpack-related-posts":[{"id":38142,"url":"https:\/\/www.grieta.org.mx\/index.php\/2019\/08\/17\/se-van-15-familias-de-santa-teresa-coyuca-de-catalan-debido-a-la-violenciaguerrero\/","url_meta":{"origin":15083,"position":0},"title":"Se van 15 familias de Santa Teresa, Coyuca de Catal\u00e1n, debido a la violencia(Guerrero)","author":"Admin","date":"17 agosto, 2019","format":false,"excerpt":"Texto y foto: Israel Flores \/ El Sur Ciudad Altamirano, Guerrero, 17 de agosto 2019. Unas 15 familias salieron de la comunidad de Santa Teresa, municipio de Coyuca de Catal\u00e1n por temor a la violencia de la \u00faltima semana, provocada por la confrontaci\u00f3n de dos grupos antag\u00f3nicos de la delincuencia\u2026","rel":"","context":"En &quot;CINTILLO&quot;","block_context":{"text":"CINTILLO","link":"https:\/\/www.grieta.org.mx\/index.php\/category\/cintillo\/"},"img":{"alt_text":"","src":"https:\/\/i0.wp.com\/www.grieta.org.mx\/wp-content\/uploads\/2019\/08\/pic-1708201905081.jpg?resize=350%2C200&ssl=1","width":350,"height":200,"srcset":"https:\/\/i0.wp.com\/www.grieta.org.mx\/wp-content\/uploads\/2019\/08\/pic-1708201905081.jpg?resize=350%2C200&ssl=1 1x, https:\/\/i0.wp.com\/www.grieta.org.mx\/wp-content\/uploads\/2019\/08\/pic-1708201905081.jpg?resize=525%2C300&ssl=1 1.5x, https:\/\/i0.wp.com\/www.grieta.org.mx\/wp-content\/uploads\/2019\/08\/pic-1708201905081.jpg?resize=700%2C400&ssl=1 2x"},"classes":[]},{"id":40208,"url":"https:\/\/www.grieta.org.mx\/index.php\/2019\/10\/11\/del-balsas-a-la-sierra-cientos-lo-dejan-todo-en-coyuca-guerrero-acosados-por-grupos-violentos\/","url_meta":{"origin":15083,"position":1},"title":"Del Balsas a la sierra, cientos lo dejan todo en Coyuca, Guerrero, acosados por grupos violentos","author":"Admin","date":"11 octubre, 2019","format":false,"excerpt":"A pesar de que la Secretar\u00eda de Seguridad P\u00fablica de Guerrero no ha confirmado el \u00e9xodo de familias del municipio de Coyuca de Catal\u00e1n, la Secretar\u00eda de Educaci\u00f3n estatal report\u00f3 un disminuci\u00f3n en la matr\u00edcula de estas localidades, as\u00ed como en la ruta a Zihuatanejo, donde hay escuelas cerradas a\u2026","rel":"","context":"En &quot;CINTILLO&quot;","block_context":{"text":"CINTILLO","link":"https:\/\/www.grieta.org.mx\/index.php\/category\/cintillo\/"},"img":{"alt_text":"","src":"https:\/\/i0.wp.com\/www.grieta.org.mx\/wp-content\/uploads\/2019\/10\/captura-de-pantalla-2019-10-11-a-las-12-13-28.png?resize=350%2C200&ssl=1","width":350,"height":200,"srcset":"https:\/\/i0.wp.com\/www.grieta.org.mx\/wp-content\/uploads\/2019\/10\/captura-de-pantalla-2019-10-11-a-las-12-13-28.png?resize=350%2C200&ssl=1 1x, https:\/\/i0.wp.com\/www.grieta.org.mx\/wp-content\/uploads\/2019\/10\/captura-de-pantalla-2019-10-11-a-las-12-13-28.png?resize=525%2C300&ssl=1 1.5x, https:\/\/i0.wp.com\/www.grieta.org.mx\/wp-content\/uploads\/2019\/10\/captura-de-pantalla-2019-10-11-a-las-12-13-28.png?resize=700%2C400&ssl=1 2x, https:\/\/i0.wp.com\/www.grieta.org.mx\/wp-content\/uploads\/2019\/10\/captura-de-pantalla-2019-10-11-a-las-12-13-28.png?resize=1050%2C600&ssl=1 3x"},"classes":[]},{"id":38646,"url":"https:\/\/www.grieta.org.mx\/index.php\/2019\/08\/23\/guerrero-concentra-el-44-de-desplazados-en-mexico\/","url_meta":{"origin":15083,"position":2},"title":"Guerrero concentra el 44% de desplazados en M\u00e9xico","author":"Admin","date":"23 agosto, 2019","format":false,"excerpt":"Vania Pigeonutt \/ Amapola Periodismo Transgresor \/ Animal Pol\u00edtico El primer desplazamiento masivo ocurri\u00f3 el 21 de abril del 2011. Las familias Santana Villa y otras de la comunidad de La Laguna, Coyuca de Catal\u00e1n, tuvieron que desplazarse a Puerto las Ollas, del mismo municipio en la regi\u00f3n de la\u2026","rel":"","context":"En &quot;CINTILLO&quot;","block_context":{"text":"CINTILLO","link":"https:\/\/www.grieta.org.mx\/index.php\/category\/cintillo\/"},"img":{"alt_text":"","src":"https:\/\/i0.wp.com\/www.grieta.org.mx\/wp-content\/uploads\/2019\/09\/https-_www.animalpolitico.com_wp-content_uploads_2019_08_historias-desplazamiento-forzado-guerrero.jpg?resize=350%2C200&ssl=1","width":350,"height":200,"srcset":"https:\/\/i0.wp.com\/www.grieta.org.mx\/wp-content\/uploads\/2019\/09\/https-_www.animalpolitico.com_wp-content_uploads_2019_08_historias-desplazamiento-forzado-guerrero.jpg?resize=350%2C200&ssl=1 1x, https:\/\/i0.wp.com\/www.grieta.org.mx\/wp-content\/uploads\/2019\/09\/https-_www.animalpolitico.com_wp-content_uploads_2019_08_historias-desplazamiento-forzado-guerrero.jpg?resize=525%2C300&ssl=1 1.5x, https:\/\/i0.wp.com\/www.grieta.org.mx\/wp-content\/uploads\/2019\/09\/https-_www.animalpolitico.com_wp-content_uploads_2019_08_historias-desplazamiento-forzado-guerrero.jpg?resize=700%2C400&ssl=1 2x"},"classes":[]},{"id":9458,"url":"https:\/\/www.grieta.org.mx\/index.php\/2016\/02\/28\/desplazados-por-la-violencia-en-guerrero-sin-agua-ni-comida\/","url_meta":{"origin":15083,"position":3},"title":"Desplazados por la violencia en Guerrero, sin agua ni comida","author":"grieta","date":"28 febrero, 2016","format":false,"excerpt":"La Jornada Sergio Ocampo Aseguran que antes de huir de paramilitares, narcos y talamontes ten\u00edan tierras y ganado Los ni\u00f1os caminan hasta dos kil\u00f3metros a sus escuelas y no los dejan entrar sin zapatos Ayutla de los Libres, Gro. Los primeros desplazados de sus comunidades por la inseguridad y violencia\u2026","rel":"","context":"En &quot;CINTILLO&quot;","block_context":{"text":"CINTILLO","link":"https:\/\/www.grieta.org.mx\/index.php\/category\/cintillo\/"},"img":{"alt_text":"","src":"https:\/\/i0.wp.com\/www.grieta.org.mx\/wp-content\/uploads\/2018\/03\/14524434_1106112876131411_958039263622046936_o.jpg?resize=350%2C200&ssl=1","width":350,"height":200,"srcset":"https:\/\/i0.wp.com\/www.grieta.org.mx\/wp-content\/uploads\/2018\/03\/14524434_1106112876131411_958039263622046936_o.jpg?resize=350%2C200&ssl=1 1x, https:\/\/i0.wp.com\/www.grieta.org.mx\/wp-content\/uploads\/2018\/03\/14524434_1106112876131411_958039263622046936_o.jpg?resize=525%2C300&ssl=1 1.5x, https:\/\/i0.wp.com\/www.grieta.org.mx\/wp-content\/uploads\/2018\/03\/14524434_1106112876131411_958039263622046936_o.jpg?resize=700%2C400&ssl=1 2x"},"classes":[]},{"id":11351,"url":"https:\/\/www.grieta.org.mx\/index.php\/2016\/04\/02\/12-mil-590-desplazados-por-inseguridad-en-guerrero-de-2009-a-2014-inegi\/","url_meta":{"origin":15083,"position":4},"title":"12 mil 590 desplazados por inseguridad en Guerrero de 2009 a 2014: Inegi","author":"grieta","date":"2 abril, 2016","format":false,"excerpt":"El Sur Jacob Morales El 10.7 por ciento de los 117 mil 365 que emigraron de Guerrero a otros estados se mud\u00f3 por esta causa. El estado ocupa el quinto lugar en ese rubro. En el pa\u00eds, un total de 2 millones 894 mil 229 personas se movieron a otros\u2026","rel":"","context":"En &quot;CINTILLO&quot;","block_context":{"text":"CINTILLO","link":"https:\/\/www.grieta.org.mx\/index.php\/category\/cintillo\/"},"img":{"alt_text":"","src":"https:\/\/i0.wp.com\/www.grieta.org.mx\/wp-content\/uploads\/2018\/03\/14524434_1106112876131411_958039263622046936_o.jpg?resize=350%2C200&ssl=1","width":350,"height":200,"srcset":"https:\/\/i0.wp.com\/www.grieta.org.mx\/wp-content\/uploads\/2018\/03\/14524434_1106112876131411_958039263622046936_o.jpg?resize=350%2C200&ssl=1 1x, https:\/\/i0.wp.com\/www.grieta.org.mx\/wp-content\/uploads\/2018\/03\/14524434_1106112876131411_958039263622046936_o.jpg?resize=525%2C300&ssl=1 1.5x, https:\/\/i0.wp.com\/www.grieta.org.mx\/wp-content\/uploads\/2018\/03\/14524434_1106112876131411_958039263622046936_o.jpg?resize=700%2C400&ssl=1 2x"},"classes":[]},{"id":9451,"url":"https:\/\/www.grieta.org.mx\/index.php\/2016\/09\/09\/desplazados-por-la-violencia-en-guerrero\/","url_meta":{"origin":15083,"position":5},"title":"Desplazados por la violencia en Guerrero","author":"grieta","date":"9 septiembre, 2016","format":false,"excerpt":"09\/09\/16. Aumentan desplazados por violencia en Guerrero y Michoac\u00e1nMilenio 08\/08\/16. Huyen familias de Guerrero por crimen organizado Vanguardia 22\/06\/16. Desplazados en Guerrero, viven en el olvido Bajo Palabra 02\/04\/16. 12 mil 590 desplazados por inseguridad en Guerrero de 2009 a 2014: Inegi El Sur 28\/02\/16. Desplazados por la violencia en\u2026","rel":"","context":"En &quot;Guerrero&quot;","block_context":{"text":"Guerrero","link":"https:\/\/www.grieta.org.mx\/index.php\/category\/noticias-nacionales\/guerrero\/"},"img":{"alt_text":"","src":"https:\/\/i0.wp.com\/www.grieta.org.mx\/wp-content\/uploads\/2018\/03\/14524434_1106112876131411_958039263622046936_o.jpg?resize=350%2C200&ssl=1","width":350,"height":200,"srcset":"https:\/\/i0.wp.com\/www.grieta.org.mx\/wp-content\/uploads\/2018\/03\/14524434_1106112876131411_958039263622046936_o.jpg?resize=350%2C200&ssl=1 1x, https:\/\/i0.wp.com\/www.grieta.org.mx\/wp-content\/uploads\/2018\/03\/14524434_1106112876131411_958039263622046936_o.jpg?resize=525%2C300&ssl=1 1.5x, https:\/\/i0.wp.com\/www.grieta.org.mx\/wp-content\/uploads\/2018\/03\/14524434_1106112876131411_958039263622046936_o.jpg?resize=700%2C400&ssl=1 2x"},"classes":[]}],"_links":{"self":[{"href":"https:\/\/www.grieta.org.mx\/index.php\/wp-json\/wp\/v2\/posts\/15083","targetHints":{"allow":["GET"]}}],"collection":[{"href":"https:\/\/www.grieta.org.mx\/index.php\/wp-json\/wp\/v2\/posts"}],"about":[{"href":"https:\/\/www.grieta.org.mx\/index.php\/wp-json\/wp\/v2\/types\/post"}],"author":[{"embeddable":true,"href":"https:\/\/www.grieta.org.mx\/index.php\/wp-json\/wp\/v2\/users\/2"}],"replies":[{"embeddable":true,"href":"https:\/\/www.grieta.org.mx\/index.php\/wp-json\/wp\/v2\/comments?post=15083"}],"version-history":[{"count":1,"href":"https:\/\/www.grieta.org.mx\/index.php\/wp-json\/wp\/v2\/posts\/15083\/revisions"}],"predecessor-version":[{"id":15085,"href":"https:\/\/www.grieta.org.mx\/index.php\/wp-json\/wp\/v2\/posts\/15083\/revisions\/15085"}],"wp:featuredmedia":[{"embeddable":true,"href":"https:\/\/www.grieta.org.mx\/index.php\/wp-json\/wp\/v2\/media\/21928"}],"wp:attachment":[{"href":"https:\/\/www.grieta.org.mx\/index.php\/wp-json\/wp\/v2\/media?parent=15083"}],"wp:term":[{"taxonomy":"category","embeddable":true,"href":"https:\/\/www.grieta.org.mx\/index.php\/wp-json\/wp\/v2\/categories?post=15083"},{"taxonomy":"post_tag","embeddable":true,"href":"https:\/\/www.grieta.org.mx\/index.php\/wp-json\/wp\/v2\/tags?post=15083"}],"curies":[{"name":"wp","href":"https:\/\/api.w.org\/{rel}","templated":true}]}}