{"id":15079,"date":"2016-06-15T20:26:49","date_gmt":"2016-06-15T20:26:49","guid":{"rendered":"http:\/\/www.grieta.org.mx\/?p=15079"},"modified":"2018-07-19T12:49:24","modified_gmt":"2018-07-19T17:49:24","slug":"caso-palula-falsificacion-de-firmas","status":"publish","type":"post","link":"https:\/\/www.grieta.org.mx\/index.php\/2016\/06\/15\/caso-palula-falsificacion-de-firmas\/","title":{"rendered":"Caso Palula: Falsificaci\u00f3n de firmas"},"content":{"rendered":"<p><img decoding=\"async\" data-attachment-id=\"24954\" data-permalink=\"https:\/\/www.grieta.org.mx\/index.php\/2016\/06\/15\/caso-palula-falsificacion-de-firmas\/p7\/\" data-orig-file=\"https:\/\/www.grieta.org.mx\/wp-content\/uploads\/2016\/06\/p7.jpg\" data-orig-size=\"600,360\" data-comments-opened=\"0\" data-image-meta=\"{&quot;aperture&quot;:&quot;0&quot;,&quot;credit&quot;:&quot;&quot;,&quot;camera&quot;:&quot;&quot;,&quot;caption&quot;:&quot;&quot;,&quot;created_timestamp&quot;:&quot;0&quot;,&quot;copyright&quot;:&quot;&quot;,&quot;focal_length&quot;:&quot;0&quot;,&quot;iso&quot;:&quot;0&quot;,&quot;shutter_speed&quot;:&quot;0&quot;,&quot;title&quot;:&quot;&quot;,&quot;orientation&quot;:&quot;0&quot;}\" data-image-title=\"p7\" data-image-description=\"\" data-image-caption=\"\" data-medium-file=\"https:\/\/www.grieta.org.mx\/wp-content\/uploads\/2016\/06\/p7-300x180.jpg\" data-large-file=\"https:\/\/www.grieta.org.mx\/wp-content\/uploads\/2016\/06\/p7.jpg\" src=\"http:\/\/www.grieta.org.mx\/wp-content\/uploads\/2016\/06\/p7-300x180.jpg\" alt=\"\" width=\"100%\" class=\"aligncenter size-medium wp-image-24954\" srcset=\"https:\/\/www.grieta.org.mx\/wp-content\/uploads\/2016\/06\/p7-300x180.jpg 300w, https:\/\/www.grieta.org.mx\/wp-content\/uploads\/2016\/06\/p7.jpg 600w\" sizes=\"(max-width: 300px) 100vw, 300px\" \/><br \/>\nHugo Laussin\/Plano Informativo<\/p>\n<p>Esta ma\u00f1ana, equipo legal y ex funcionarios municipales de Santo Domingo, se apersonaron en las instalaciones de la Procuradur\u00eda General de Justicia del Estado (PGJE), para intentar de nuevo, presentar una denuncia por la presunta falsificaci\u00f3n de firmas en el acta de cabildo en la cual se aprueba el cambio de uso de suelo para la instalaci\u00f3n del confinamiento de desechos t\u00f3xicos en el rancho Palula.<\/p>\n<p>Anteriormente, los ex regidores acudieron a presentar una denuncia por la presunta falsificaci\u00f3n de sus firmas en una sesi\u00f3n de Cabildo que aseguran, nunca se realiz\u00f3, sin embargo, un trabajador de la propia Procuradur\u00eda de apellido Olgu\u00edn, no acept\u00f3 recibir la denuncia aduciendo que desconoc\u00eda si con el inicio del nuevo sistema de justicia penal, el asunto se seguir\u00eda en ese nuevo sistema o en el antiguo.<\/p>\n<p>Ricardo S\u00e1nchez, integrante del equipo legal de los ejidatarios, explic\u00f3 lo anterior y lament\u00f3 que el desconocimiento de los propios empleados de la PGJE, que impide presentar la denuncia.<\/p>\n<p>Asimismo, se\u00f1al\u00f3 que se niegan a que el asunto se lleve en otro lado que no sea en las oficinas de la PGJE en la capital potosina, pues consideran que as\u00ed no habr\u00eda influencias de personas poderosas que afectar\u00e1n el proceso legal contra la instalaci\u00f3n de la empresa.<\/p>\n<p>Por su parte, los ex regidores aseguran que acudieron tambi\u00e9n con el ex alcalde Reynaldo Tenorio Quintero y el ex s\u00edndico Guadalupe Orozco, quienes niegan tambi\u00e9n que las firmas aparecidas en el acta de la presunta reuni\u00f3n de Cabildo sean suyas.<\/p>\n<p>Con ello, pr\u00e1cticamente todas las autoridades municipales del trienio 2009 &#8211; 2012  estar\u00edan negando que se hayan dado permiso para cambio de uso de suelo que permitir\u00eda la instalaci\u00f3n de la empresa CITSU, propietaria del proyecto del confinamiento industrial en el rancho Palula.<\/p>\n<p>El abogado Ricardo S\u00e1nchez, afirma que el asunto de Palula, no afecta solamente a los pobladores de Santo Domingo, sino a todo el estado, pues se trata de la salud de los potosinos.<\/p>\n<p><a href=\"http:\/\/planoinformativo.com\/nota\/id\/464911\/noticia\/caso-palula:falsificacion-de-firmas.html\" rel=\"noopener\" target=\"_blank\">http:\/\/planoinformativo.com\/nota\/id\/464911\/noticia\/caso-palula:falsificacion-de-firmas.html<\/a><\/p>\n","protected":false},"excerpt":{"rendered":"<p>Hugo Laussin\/Plano Informativo Esta ma\u00f1ana, equipo legal y ex funcionarios municipales de Santo Domingo, se apersonaron en las instalaciones de la Procuradur\u00eda General de Justicia del Estado (PGJE), para intentar &hellip; <a href=\"https:\/\/www.grieta.org.mx\/index.php\/2016\/06\/15\/caso-palula-falsificacion-de-firmas\/\" class=\"more-link\">Leer m\u00e1s<\/a><\/p>\n","protected":false},"author":2,"featured_media":21928,"comment_status":"closed","ping_status":"closed","sticky":false,"template":"","format":"standard","meta":{"ngg_post_thumbnail":0,"_jetpack_newsletter_access":"","_jetpack_dont_email_post_to_subs":false,"_jetpack_newsletter_tier_id":0,"_jetpack_memberships_contains_paywalled_content":false,"_jetpack_memberships_contains_paid_content":false,"footnotes":""},"categories":[80,2,29,141,1511,1512,76,139],"tags":[287,184],"class_list":{"0":"post-15079","1":"post","2":"type-post","3":"status-publish","4":"format-standard","5":"has-post-thumbnail","6":"hentry","7":"category-cintillo","8":"category-noticias-nacionales","9":"category-san-luis-potosi","11":"category-tiradero-de-desechos-toxico-en-palula-afecta-poblacion-de-slp-y-zacatecas","12":"category-tiradero-de-desechos-toxico-en-palula-afecta-poblacion-de-slp-y-zacatecas-san-luis-potosi","13":"category-zacatecas","15":"tag-basurero-toxico","16":"tag-despojo","17":"entry"},"jetpack_featured_media_url":"https:\/\/www.grieta.org.mx\/wp-content\/uploads\/2018\/03\/14524434_1106112876131411_958039263622046936_o.jpg","jetpack_sharing_enabled":true,"jetpack_shortlink":"https:\/\/wp.me\/p7ZJR4-3Vd","jetpack_likes_enabled":false,"jetpack-related-posts":[{"id":25287,"url":"https:\/\/www.grieta.org.mx\/index.php\/2018\/07\/11\/suspenden-construccion-de-basurero-toxico-slp-y-zacatecas\/","url_meta":{"origin":15079,"position":0},"title":"Suspenden construcci\u00f3n de basurero t\u00f3xico (SLP y Zacatecas)","author":"grieta","date":"11 julio, 2018","format":false,"excerpt":"redacci\u00f3n\/El Sol de Zacatecas Un amparo definitivo dio marcha atr\u00e1s a un basurero de desechos industriales que se ubicar\u00eda en la zona lim\u00edtrofe de Zacatecas y San Luis Potos\u00ed Zacatecas, Zac.- En un rancho ubicado en el semidesierto que comparten los municipios de Santo Domingo, San Luis Potos\u00ed y Villa\u2026","rel":"","context":"En &quot;NOTICIAS NACIONALES&quot;","block_context":{"text":"NOTICIAS NACIONALES","link":"https:\/\/www.grieta.org.mx\/index.php\/category\/noticias-nacionales\/"},"img":{"alt_text":"","src":"https:\/\/i0.wp.com\/www.grieta.org.mx\/wp-content\/uploads\/2018\/08\/local2018071102.jpg?resize=350%2C200&ssl=1","width":350,"height":200,"srcset":"https:\/\/i0.wp.com\/www.grieta.org.mx\/wp-content\/uploads\/2018\/08\/local2018071102.jpg?resize=350%2C200&ssl=1 1x, https:\/\/i0.wp.com\/www.grieta.org.mx\/wp-content\/uploads\/2018\/08\/local2018071102.jpg?resize=525%2C300&ssl=1 1.5x, https:\/\/i0.wp.com\/www.grieta.org.mx\/wp-content\/uploads\/2018\/08\/local2018071102.jpg?resize=700%2C400&ssl=1 2x"},"classes":[]},{"id":698,"url":"https:\/\/www.grieta.org.mx\/index.php\/2015\/10\/12\/a-espaldas-de-pobladores-semarnat-avala-basurero-en-slp-confinara-185-mil-toneladas-anuales-de-desechos-toxicos\/","url_meta":{"origin":15079,"position":1},"title":"A espaldas de pobladores, Semarnat avala basurero en SLP; confinar\u00e1 185 mil toneladas anuales de desechos t\u00f3xicos","author":"grieta","date":"12 octubre, 2015","format":false,"excerpt":"(12 de Octubre, 2015).- Participantes del foro de \u201cAn\u00e1lisis y Evaluaci\u00f3n del Tiradero de Desechos Industriales T\u00f3xicos\u201d expresaron su rechazo a la instalaci\u00f3n de un dep\u00f3sito t\u00f3xico en el municipio de Santo Domingo, operado por el empresario Jos\u00e9 Cerrillo Chowell y supuestamente asociado con el ex gobernador panista de San\u2026","rel":"","context":"En &quot;CINTILLO&quot;","block_context":{"text":"CINTILLO","link":"https:\/\/www.grieta.org.mx\/index.php\/category\/cintillo\/"},"img":{"alt_text":"","src":"https:\/\/i0.wp.com\/www.grieta.org.mx\/wp-content\/uploads\/2018\/03\/14524434_1106112876131411_958039263622046936_o.jpg?resize=350%2C200&ssl=1","width":350,"height":200,"srcset":"https:\/\/i0.wp.com\/www.grieta.org.mx\/wp-content\/uploads\/2018\/03\/14524434_1106112876131411_958039263622046936_o.jpg?resize=350%2C200&ssl=1 1x, https:\/\/i0.wp.com\/www.grieta.org.mx\/wp-content\/uploads\/2018\/03\/14524434_1106112876131411_958039263622046936_o.jpg?resize=525%2C300&ssl=1 1.5x, https:\/\/i0.wp.com\/www.grieta.org.mx\/wp-content\/uploads\/2018\/03\/14524434_1106112876131411_958039263622046936_o.jpg?resize=700%2C400&ssl=1 2x"},"classes":[]},{"id":17613,"url":"https:\/\/www.grieta.org.mx\/index.php\/2016\/07\/19\/presentan-punto-de-acuerdo-para-evitar-construccion-de-basurero-toxico-en-palula\/","url_meta":{"origin":15079,"position":2},"title":"Presentan punto de acuerdo para evitar construcci\u00f3n de basurero t\u00f3xico en Palula","author":"grieta","date":"19 julio, 2016","format":false,"excerpt":"La Joranda San Luis El tiradero de desechos t\u00f3xicos que se pretende construir en Palula, San Luis Potos\u00ed, causar\u00e1 da\u00f1os irreversibles no s\u00f3lo a las tierras, flora y fauna de dicha regi\u00f3n, sino tambi\u00e9n a la salud de las poblaciones cercanas, incluso de Zacatecas, reclam\u00f3 el diputado Virgilio Caballero Pedraza.\u2026","rel":"","context":"En &quot;CINTILLO&quot;","block_context":{"text":"CINTILLO","link":"https:\/\/www.grieta.org.mx\/index.php\/category\/cintillo\/"},"img":{"alt_text":"","src":"https:\/\/i0.wp.com\/www.grieta.org.mx\/wp-content\/uploads\/2016\/07\/p1.jpg?resize=350%2C200&ssl=1","width":350,"height":200,"srcset":"https:\/\/i0.wp.com\/www.grieta.org.mx\/wp-content\/uploads\/2016\/07\/p1.jpg?resize=350%2C200&ssl=1 1x, https:\/\/i0.wp.com\/www.grieta.org.mx\/wp-content\/uploads\/2016\/07\/p1.jpg?resize=525%2C300&ssl=1 1.5x, https:\/\/i0.wp.com\/www.grieta.org.mx\/wp-content\/uploads\/2016\/07\/p1.jpg?resize=700%2C400&ssl=1 2x"},"classes":[]},{"id":693,"url":"https:\/\/www.grieta.org.mx\/index.php\/2015\/11\/16\/entrega-epn-a-empresario-minero-bosque-semidesertico-unico-en-el-mundo-para-convertirlo-en-basurero-toxico\/","url_meta":{"origin":15079,"position":3},"title":"Entrega EPN a empresario minero bosque semides\u00e9rtico \u00fanico en el mundo, para convertirlo en basurero t\u00f3xico","author":"grieta","date":"16 noviembre, 2015","format":false,"excerpt":"Revoluci\u00f3nTresPuntoCero Redacci\u00f3n Revoluci\u00f3n Un grupo de expertos en impactos ambientales de la Miner\u00eda afirmaron que est\u00e1 en riesgo el bosque semides\u00e9rtico \u00fanico en el mundo situado entre el estado de San Luis Potos\u00ed y Zacatecas por permiso irregular otorgado por el gobierno federal, encabezado por Enrique Pe\u00f1a Nieto al empresario\u2026","rel":"","context":"En &quot;CINTILLO&quot;","block_context":{"text":"CINTILLO","link":"https:\/\/www.grieta.org.mx\/index.php\/category\/cintillo\/"},"img":{"alt_text":"","src":"https:\/\/i0.wp.com\/www.grieta.org.mx\/wp-content\/uploads\/2018\/03\/14524434_1106112876131411_958039263622046936_o.jpg?resize=350%2C200&ssl=1","width":350,"height":200,"srcset":"https:\/\/i0.wp.com\/www.grieta.org.mx\/wp-content\/uploads\/2018\/03\/14524434_1106112876131411_958039263622046936_o.jpg?resize=350%2C200&ssl=1 1x, https:\/\/i0.wp.com\/www.grieta.org.mx\/wp-content\/uploads\/2018\/03\/14524434_1106112876131411_958039263622046936_o.jpg?resize=525%2C300&ssl=1 1.5x, https:\/\/i0.wp.com\/www.grieta.org.mx\/wp-content\/uploads\/2018\/03\/14524434_1106112876131411_958039263622046936_o.jpg?resize=700%2C400&ssl=1 2x"},"classes":[]},{"id":16357,"url":"https:\/\/www.grieta.org.mx\/index.php\/2016\/07\/01\/palula-ahora-enfrenta-a-wirikuta\/","url_meta":{"origin":15079,"position":4},"title":"Palula ahora enfrenta a Wirikuta","author":"grieta","date":"1 julio, 2016","format":false,"excerpt":"Mar\u00eda Moctezuma\/Plano Informativo Todas las corrientes de agua que pasan cerca del tiradero Palula van hacia Wirikuta, por eso estamos haciendo alianza con el pueblo Wixarica, para conservar nuestra tierra, porque la amamos y queremos salvarla del grave peligro en que se encuentra, dijeron Mario V\u00e1zquez Vallejo y Manuel Villanueva,\u2026","rel":"","context":"En &quot;CINTILLO&quot;","block_context":{"text":"CINTILLO","link":"https:\/\/www.grieta.org.mx\/index.php\/category\/cintillo\/"},"img":{"alt_text":"","src":"https:\/\/i0.wp.com\/www.grieta.org.mx\/wp-content\/uploads\/2018\/03\/14524434_1106112876131411_958039263622046936_o.jpg?resize=350%2C200&ssl=1","width":350,"height":200,"srcset":"https:\/\/i0.wp.com\/www.grieta.org.mx\/wp-content\/uploads\/2018\/03\/14524434_1106112876131411_958039263622046936_o.jpg?resize=350%2C200&ssl=1 1x, https:\/\/i0.wp.com\/www.grieta.org.mx\/wp-content\/uploads\/2018\/03\/14524434_1106112876131411_958039263622046936_o.jpg?resize=525%2C300&ssl=1 1.5x, https:\/\/i0.wp.com\/www.grieta.org.mx\/wp-content\/uploads\/2018\/03\/14524434_1106112876131411_958039263622046936_o.jpg?resize=700%2C400&ssl=1 2x"},"classes":[]},{"id":16361,"url":"https:\/\/www.grieta.org.mx\/index.php\/2016\/07\/03\/otorgan-suspension-definitiva-para-palula\/","url_meta":{"origin":15079,"position":5},"title":"Otorgan suspensi\u00f3n definitiva para Palula","author":"grieta","date":"3 julio, 2016","format":false,"excerpt":"Mar\u00eda Gonz\u00e1lez\/Plano Informativo El juez Segundo de Distrito, Francisco Ramos Silva, concedi\u00f3 este jueves la suspensi\u00f3n definitiva de la construcci\u00f3n del confinamiento de desechos industriales proyectado para construirse en un predio del municipio de Santo Domingo, con lo que el Centro de Ingenier\u00eda y Tecnolog\u00eda Sustentable (Citsu) no podr\u00e1 realizar\u2026","rel":"","context":"En &quot;CINTILLO&quot;","block_context":{"text":"CINTILLO","link":"https:\/\/www.grieta.org.mx\/index.php\/category\/cintillo\/"},"img":{"alt_text":"","src":"https:\/\/i0.wp.com\/www.grieta.org.mx\/wp-content\/uploads\/2016\/07\/p2.jpg?resize=350%2C200&ssl=1","width":350,"height":200,"srcset":"https:\/\/i0.wp.com\/www.grieta.org.mx\/wp-content\/uploads\/2016\/07\/p2.jpg?resize=350%2C200&ssl=1 1x, https:\/\/i0.wp.com\/www.grieta.org.mx\/wp-content\/uploads\/2016\/07\/p2.jpg?resize=525%2C300&ssl=1 1.5x, https:\/\/i0.wp.com\/www.grieta.org.mx\/wp-content\/uploads\/2016\/07\/p2.jpg?resize=700%2C400&ssl=1 2x"},"classes":[]}],"_links":{"self":[{"href":"https:\/\/www.grieta.org.mx\/index.php\/wp-json\/wp\/v2\/posts\/15079","targetHints":{"allow":["GET"]}}],"collection":[{"href":"https:\/\/www.grieta.org.mx\/index.php\/wp-json\/wp\/v2\/posts"}],"about":[{"href":"https:\/\/www.grieta.org.mx\/index.php\/wp-json\/wp\/v2\/types\/post"}],"author":[{"embeddable":true,"href":"https:\/\/www.grieta.org.mx\/index.php\/wp-json\/wp\/v2\/users\/2"}],"replies":[{"embeddable":true,"href":"https:\/\/www.grieta.org.mx\/index.php\/wp-json\/wp\/v2\/comments?post=15079"}],"version-history":[{"count":1,"href":"https:\/\/www.grieta.org.mx\/index.php\/wp-json\/wp\/v2\/posts\/15079\/revisions"}],"predecessor-version":[{"id":24955,"href":"https:\/\/www.grieta.org.mx\/index.php\/wp-json\/wp\/v2\/posts\/15079\/revisions\/24955"}],"wp:featuredmedia":[{"embeddable":true,"href":"https:\/\/www.grieta.org.mx\/index.php\/wp-json\/wp\/v2\/media\/21928"}],"wp:attachment":[{"href":"https:\/\/www.grieta.org.mx\/index.php\/wp-json\/wp\/v2\/media?parent=15079"}],"wp:term":[{"taxonomy":"category","embeddable":true,"href":"https:\/\/www.grieta.org.mx\/index.php\/wp-json\/wp\/v2\/categories?post=15079"},{"taxonomy":"post_tag","embeddable":true,"href":"https:\/\/www.grieta.org.mx\/index.php\/wp-json\/wp\/v2\/tags?post=15079"}],"curies":[{"name":"wp","href":"https:\/\/api.w.org\/{rel}","templated":true}]}}