{"id":15060,"date":"2016-08-09T00:05:30","date_gmt":"2016-08-09T05:05:30","guid":{"rendered":"http:\/\/www.grieta.org.mx\/?p=15060"},"modified":"2016-08-12T12:36:28","modified_gmt":"2016-08-12T17:36:28","slug":"movilizaciones-contra-la-reforma-educativa-en-san-luis-potosi","status":"publish","type":"post","link":"https:\/\/www.grieta.org.mx\/index.php\/2016\/08\/09\/movilizaciones-contra-la-reforma-educativa-en-san-luis-potosi\/","title":{"rendered":"Movilizaciones contra la reforma educativa en San Luis Potos\u00ed"},"content":{"rendered":"<p><strong>04\/08\/16. <\/strong><a href=\"http:\/\/www.grieta.org.mx\/index.php\/2016\/08\/04\/se-agrupan-maestros-de-snte-y-cnte-contra-reforma-educativa-en-slp\/\">Se agrupan maestros de SNTE y CNTE contra reforma educativa en SLP<\/a><br  \/><em>La Jornada San Luis<\/em><br  \/><\/p>\n<p><strong>22\/07\/16. <\/strong><a href=\"http:\/\/www.grieta.org.mx\/index.php\/2016\/07\/22\/maestros-se-vuelven-a-manifestar-en-slp\/\">Maestros se vuelven a manifestar en SLP<\/a><br  \/><em>El Sol de San Luis<\/em><br  \/><\/p>\n<p><strong>21\/07\/16. <\/strong><a href=\"http:\/\/www.grieta.org.mx\/index.php\/2016\/07\/21\/cnte-en-slp-entrega-pliego-petitorio-en-congreso-local-de-slp\/\">CNTE en SLP entrega pliego petitorio en Congreso local  de SLP<\/a><br  \/><em>Quadratin<\/em><br  \/><\/p>\n<p><strong>13\/07\/16. <\/strong><a href=\"http:\/\/www.grieta.org.mx\/?p=17131&#038;preview=true\">Marchan maestros en San Luis Potos\u00ed contra la reforma educativa<\/a><br  \/><em>El Financiero<\/em><br  \/><\/p>\n<p><strong>08\/07\/16. <\/strong><a href=\"http:\/\/www.grieta.org.mx\/index.php\/2016\/07\/08\/bloquean-docentes-potosinos-himno-nacional-en-protesta-a-la-reforma-educativa\/\">Bloquean docentes Himno Nacional en protesta a la reforma educativa<\/a><br  \/><em>El Sol de San Luis<\/em><br  \/><\/p>\n<p><strong>30\/06\/16. <\/strong><a href=\"http:\/\/www.grieta.org.mx\/index.php\/2016\/06\/30\/maestros-de-la-huasteca-potosina-marchan-en-ciudad-valles\/\">Maestros de la Huasteca potosina marchan en Ciudad Valles<\/a><br  \/><em>La jornada<\/em><br  \/><\/p>\n<p><strong>20\/06\/16. <\/strong><a href=\"http:\/\/www.grieta.org.mx\/index.php\/2016\/06\/20\/maestros-amenazan-con-paro\/\">Maestros amenazan con paro en SLP<\/a><br  \/><em>El Sol de San Luis<\/em><br  \/><\/p>\n<p>&#8220;<strong>14\/06\/16. <\/strong><a href=\"\"http:\/\/www.grieta.org.mx\/index.php\/2016\/06\/15\/profesores-huastecos-protestan-contra-la-reforma-educativa-oaxaca-aguanta-san-luis-ya-se-levanta-fue-una-de-las-consignas-mas-emotivas\/\"\">Profesores huastecos protestan contra la Reforma Educativa<br \/>\n&#8220;&#8221;Oaxaca aguanta, San Luis ya se levanta&#8221;&#8221;, fue una de las consignas m\u00e1s emotivas<\/a><br  \/><em>El Sol de San Luis<\/em><br  \/>&#8221;<\/p>\n","protected":false},"excerpt":{"rendered":"<p>04\/08\/16. Se agrupan maestros de SNTE y CNTE contra reforma educativa en SLPLa Jornada San Luis 22\/07\/16. Maestros se vuelven a manifestar en SLPEl Sol de San Luis 21\/07\/16. CNTE &hellip; <a href=\"https:\/\/www.grieta.org.mx\/index.php\/2016\/08\/09\/movilizaciones-contra-la-reforma-educativa-en-san-luis-potosi\/\" class=\"more-link\">Leer m\u00e1s<\/a><\/p>\n","protected":false},"author":2,"featured_media":21928,"comment_status":"closed","ping_status":"closed","sticky":false,"template":"","format":"standard","meta":{"ngg_post_thumbnail":0,"_jetpack_newsletter_access":"","_jetpack_dont_email_post_to_subs":false,"_jetpack_newsletter_tier_id":0,"_jetpack_memberships_contains_paywalled_content":false,"_jetpack_memberships_contains_paid_content":false,"footnotes":""},"categories":[29],"tags":[],"class_list":["post-15060","post","type-post","status-publish","format-standard","has-post-thumbnail","hentry","category-san-luis-potosi","entry"],"jetpack_featured_media_url":"https:\/\/www.grieta.org.mx\/wp-content\/uploads\/2018\/03\/14524434_1106112876131411_958039263622046936_o.jpg","jetpack_sharing_enabled":true,"jetpack_shortlink":"https:\/\/wp.me\/p7ZJR4-3UU","jetpack_likes_enabled":false,"jetpack-related-posts":[{"id":17131,"url":"https:\/\/www.grieta.org.mx\/index.php\/2016\/07\/13\/marchan-maestros-en-san-luis-potosi-contra-la-reforma-educativa\/","url_meta":{"origin":15060,"position":0},"title":"Marchan maestros en San Luis Potos\u00ed contra la reforma educativa","author":"grieta","date":"13 julio, 2016","format":false,"excerpt":"Martha Zaragoza \/ El Financiero Con consignas como \u201csi hay que evaluar por Pe\u00f1a hay que empezar\u201d profesores integrantes de la Coordinadora Nacional de Trabajadores de la Educaci\u00f3n (CNTE) y de la Secci\u00f3n 26 del Sindicato Nacional de Trabajadores de la Educaci\u00f3n (SNTE) cerraron un tramo de la carretera 57,\u2026","rel":"","context":"En &quot;CINTILLO&quot;","block_context":{"text":"CINTILLO","link":"https:\/\/www.grieta.org.mx\/index.php\/category\/cintillo\/"},"img":{"alt_text":"","src":"https:\/\/i0.wp.com\/www.grieta.org.mx\/wp-content\/uploads\/2018\/03\/14524434_1106112876131411_958039263622046936_o.jpg?resize=350%2C200&ssl=1","width":350,"height":200,"srcset":"https:\/\/i0.wp.com\/www.grieta.org.mx\/wp-content\/uploads\/2018\/03\/14524434_1106112876131411_958039263622046936_o.jpg?resize=350%2C200&ssl=1 1x, https:\/\/i0.wp.com\/www.grieta.org.mx\/wp-content\/uploads\/2018\/03\/14524434_1106112876131411_958039263622046936_o.jpg?resize=525%2C300&ssl=1 1.5x, https:\/\/i0.wp.com\/www.grieta.org.mx\/wp-content\/uploads\/2018\/03\/14524434_1106112876131411_958039263622046936_o.jpg?resize=700%2C400&ssl=1 2x"},"classes":[]},{"id":15069,"url":"https:\/\/www.grieta.org.mx\/index.php\/2016\/06\/15\/profesores-huastecos-protestan-contra-la-reforma-educativa-oaxaca-aguanta-san-luis-ya-se-levanta-fue-una-de-las-consignas-mas-emotivas\/","url_meta":{"origin":15060,"position":1},"title":"&#8220;Profesores huastecos protestan contra la Reforma Educativa &#8220;&#8221;Oaxaca aguanta, San Luis ya se levanta&#8221;&#8221;, fue una de las consignas m\u00e1s emotivas&#8221; (San Luis Potos\u00ed)","author":"grieta","date":"15 junio, 2016","format":false,"excerpt":"Jos\u00e9 Luis Mart\u00ednez Castro \/ El Sol de San Luis Ciudad Valles, San Luis Potos\u00ed.- A las 9:30 de la ma\u00f1ana ya hab\u00eda aproximadamente 200 docentes en la glorieta, encabezados por los supervisores escolares de zona, Ram\u00f3n Bernal Hern\u00e1ndez y Jos\u00e9 Manuel Anaya Hern\u00e1ndez, iniciaron una marcha pac\u00edfica por el\u2026","rel":"","context":"En &quot;CINTILLO&quot;","block_context":{"text":"CINTILLO","link":"https:\/\/www.grieta.org.mx\/index.php\/category\/cintillo\/"},"img":{"alt_text":"","src":"https:\/\/i0.wp.com\/www.grieta.org.mx\/wp-content\/uploads\/2018\/03\/14524434_1106112876131411_958039263622046936_o.jpg?resize=350%2C200&ssl=1","width":350,"height":200,"srcset":"https:\/\/i0.wp.com\/www.grieta.org.mx\/wp-content\/uploads\/2018\/03\/14524434_1106112876131411_958039263622046936_o.jpg?resize=350%2C200&ssl=1 1x, https:\/\/i0.wp.com\/www.grieta.org.mx\/wp-content\/uploads\/2018\/03\/14524434_1106112876131411_958039263622046936_o.jpg?resize=525%2C300&ssl=1 1.5x, https:\/\/i0.wp.com\/www.grieta.org.mx\/wp-content\/uploads\/2018\/03\/14524434_1106112876131411_958039263622046936_o.jpg?resize=700%2C400&ssl=1 2x"},"classes":[]},{"id":16367,"url":"https:\/\/www.grieta.org.mx\/index.php\/2016\/07\/08\/bloquean-docentes-potosinos-himno-nacional-en-protesta-a-la-reforma-educativa\/","url_meta":{"origin":15060,"position":2},"title":"Bloquean docentes potosinos Himno Nacional en protesta a la reforma educativa (San Luis Potos\u00ed)","author":"grieta","date":"8 julio, 2016","format":false,"excerpt":"El Sol de San Luis San Luis Potos\u00ed.- Docentes potosinos bloquearon las vialidades en la capital potosina la tarde del jueves, cerrando los dos carriles de la Avenida Himno Nacional, justo en frente de la Secci\u00f3n 26 del Sindicato Nacional de Trabajadores de la Educaci\u00f3n. Insisten en que la Reforma\u2026","rel":"","context":"En &quot;CINTILLO&quot;","block_context":{"text":"CINTILLO","link":"https:\/\/www.grieta.org.mx\/index.php\/category\/cintillo\/"},"img":{"alt_text":"","src":"https:\/\/i0.wp.com\/www.grieta.org.mx\/wp-content\/uploads\/2018\/03\/14524434_1106112876131411_958039263622046936_o.jpg?resize=350%2C200&ssl=1","width":350,"height":200,"srcset":"https:\/\/i0.wp.com\/www.grieta.org.mx\/wp-content\/uploads\/2018\/03\/14524434_1106112876131411_958039263622046936_o.jpg?resize=350%2C200&ssl=1 1x, https:\/\/i0.wp.com\/www.grieta.org.mx\/wp-content\/uploads\/2018\/03\/14524434_1106112876131411_958039263622046936_o.jpg?resize=525%2C300&ssl=1 1.5x, https:\/\/i0.wp.com\/www.grieta.org.mx\/wp-content\/uploads\/2018\/03\/14524434_1106112876131411_958039263622046936_o.jpg?resize=700%2C400&ssl=1 2x"},"classes":[]},{"id":19511,"url":"https:\/\/www.grieta.org.mx\/index.php\/2016\/08\/04\/se-agrupan-maestros-de-snte-y-cnte-contra-reforma-educativa-en-slp\/","url_meta":{"origin":15060,"position":3},"title":"Se agrupan maestros de SNTE y CNTE contra reforma educativa en SLP","author":"grieta","date":"4 agosto, 2016","format":false,"excerpt":"La Jornada Jorge Torres Alrededor de 400 maestros de varios municipios del estado marcharon por diversos puntos de la ciudad, terminando con un mitin a las afueras de Palacio de Gobierno. Los profesores decidieron crear el movimiento denominado Fuerza Social Magisterial Potosina, que agrupa a simpatizantes de la Coordinadora Nacional\u2026","rel":"","context":"En &quot;CINTILLO&quot;","block_context":{"text":"CINTILLO","link":"https:\/\/www.grieta.org.mx\/index.php\/category\/cintillo\/"},"img":{"alt_text":"","src":"https:\/\/i0.wp.com\/www.grieta.org.mx\/wp-content\/uploads\/2018\/03\/14524434_1106112876131411_958039263622046936_o.jpg?resize=350%2C200&ssl=1","width":350,"height":200,"srcset":"https:\/\/i0.wp.com\/www.grieta.org.mx\/wp-content\/uploads\/2018\/03\/14524434_1106112876131411_958039263622046936_o.jpg?resize=350%2C200&ssl=1 1x, https:\/\/i0.wp.com\/www.grieta.org.mx\/wp-content\/uploads\/2018\/03\/14524434_1106112876131411_958039263622046936_o.jpg?resize=525%2C300&ssl=1 1.5x, https:\/\/i0.wp.com\/www.grieta.org.mx\/wp-content\/uploads\/2018\/03\/14524434_1106112876131411_958039263622046936_o.jpg?resize=700%2C400&ssl=1 2x"},"classes":[]},{"id":17504,"url":"https:\/\/www.grieta.org.mx\/index.php\/2016\/07\/20\/oman-maestros-caseta-en-la-autopista-del-sol-morelos\/","url_meta":{"origin":15060,"position":4},"title":"Toman maestros caseta en la Autopista del Sol (MORELOS)","author":"grieta","date":"20 julio, 2016","format":false,"excerpt":"Karina Ortega, Morelos Integrantes de la Coordinadora Nacional de Trabajadores de la Educaci\u00f3n (CNTE) tomaron la caseta de cobro de la Autopista del Sol a la altura de Ahuehuetzingo y permiten el libre paso de los automovilistas, como muestra de rechazo a la Reforma Educativa. Por m\u00e1s de dos horas,\u2026","rel":"","context":"En &quot;CINTILLO&quot;","block_context":{"text":"CINTILLO","link":"https:\/\/www.grieta.org.mx\/index.php\/category\/cintillo\/"},"img":{"alt_text":"","src":"https:\/\/i0.wp.com\/www.grieta.org.mx\/wp-content\/uploads\/2018\/03\/14524434_1106112876131411_958039263622046936_o.jpg?resize=350%2C200&ssl=1","width":350,"height":200,"srcset":"https:\/\/i0.wp.com\/www.grieta.org.mx\/wp-content\/uploads\/2018\/03\/14524434_1106112876131411_958039263622046936_o.jpg?resize=350%2C200&ssl=1 1x, https:\/\/i0.wp.com\/www.grieta.org.mx\/wp-content\/uploads\/2018\/03\/14524434_1106112876131411_958039263622046936_o.jpg?resize=525%2C300&ssl=1 1.5x, https:\/\/i0.wp.com\/www.grieta.org.mx\/wp-content\/uploads\/2018\/03\/14524434_1106112876131411_958039263622046936_o.jpg?resize=700%2C400&ssl=1 2x"},"classes":[]},{"id":2280,"url":"https:\/\/www.grieta.org.mx\/index.php\/2015\/07\/23\/durango-se-suma-a-caravana\/","url_meta":{"origin":15060,"position":5},"title":"Durango se suma a caravana","author":"grieta","date":"23 julio, 2015","format":false,"excerpt":"Un grupo de maestros de Durango se incorporar\u00e1 a la caravana \u201cDivisi\u00f3n del Norte, todos somos Oaxaca\u201d, que partir\u00e1 a las 10:00 horas a la Ciudad de M\u00e9xico, con escalas en varias ciudades. El objetivo de dicha movilizaci\u00f3n es apoyar al movimiento magisterial que la Coordinadora Nacional de la Educaci\u00f3n\u2026","rel":"","context":"En &quot;CINTILLO&quot;","block_context":{"text":"CINTILLO","link":"https:\/\/www.grieta.org.mx\/index.php\/category\/cintillo\/"},"img":{"alt_text":"","src":"https:\/\/i0.wp.com\/www.grieta.org.mx\/wp-content\/uploads\/2018\/03\/14524434_1106112876131411_958039263622046936_o.jpg?resize=350%2C200&ssl=1","width":350,"height":200,"srcset":"https:\/\/i0.wp.com\/www.grieta.org.mx\/wp-content\/uploads\/2018\/03\/14524434_1106112876131411_958039263622046936_o.jpg?resize=350%2C200&ssl=1 1x, https:\/\/i0.wp.com\/www.grieta.org.mx\/wp-content\/uploads\/2018\/03\/14524434_1106112876131411_958039263622046936_o.jpg?resize=525%2C300&ssl=1 1.5x, https:\/\/i0.wp.com\/www.grieta.org.mx\/wp-content\/uploads\/2018\/03\/14524434_1106112876131411_958039263622046936_o.jpg?resize=700%2C400&ssl=1 2x"},"classes":[]}],"_links":{"self":[{"href":"https:\/\/www.grieta.org.mx\/index.php\/wp-json\/wp\/v2\/posts\/15060","targetHints":{"allow":["GET"]}}],"collection":[{"href":"https:\/\/www.grieta.org.mx\/index.php\/wp-json\/wp\/v2\/posts"}],"about":[{"href":"https:\/\/www.grieta.org.mx\/index.php\/wp-json\/wp\/v2\/types\/post"}],"author":[{"embeddable":true,"href":"https:\/\/www.grieta.org.mx\/index.php\/wp-json\/wp\/v2\/users\/2"}],"replies":[{"embeddable":true,"href":"https:\/\/www.grieta.org.mx\/index.php\/wp-json\/wp\/v2\/comments?post=15060"}],"version-history":[{"count":1,"href":"https:\/\/www.grieta.org.mx\/index.php\/wp-json\/wp\/v2\/posts\/15060\/revisions"}],"predecessor-version":[{"id":19515,"href":"https:\/\/www.grieta.org.mx\/index.php\/wp-json\/wp\/v2\/posts\/15060\/revisions\/19515"}],"wp:featuredmedia":[{"embeddable":true,"href":"https:\/\/www.grieta.org.mx\/index.php\/wp-json\/wp\/v2\/media\/21928"}],"wp:attachment":[{"href":"https:\/\/www.grieta.org.mx\/index.php\/wp-json\/wp\/v2\/media?parent=15060"}],"wp:term":[{"taxonomy":"category","embeddable":true,"href":"https:\/\/www.grieta.org.mx\/index.php\/wp-json\/wp\/v2\/categories?post=15060"},{"taxonomy":"post_tag","embeddable":true,"href":"https:\/\/www.grieta.org.mx\/index.php\/wp-json\/wp\/v2\/tags?post=15060"}],"curies":[{"name":"wp","href":"https:\/\/api.w.org\/{rel}","templated":true}]}}